{"id":2607,"date":"2024-01-28T16:08:45","date_gmt":"2024-01-28T15:08:45","guid":{"rendered":"https:\/\/snalc.org\/snalc2023\/?p=2607"},"modified":"2024-01-28T16:08:47","modified_gmt":"2024-01-28T15:08:47","slug":"lettre-dinformation-snalc-28-janvier-2024-personnels-biatss","status":"publish","type":"post","link":"https:\/\/snalc.org\/snalc2023\/?p=2607","title":{"rendered":"Lettre d&rsquo;information SNALC &#8211;\u00a028 janvier 2024 personnels BIATSS"},"content":{"rendered":"\n<figure class=\"wp-block-table\"><table><tbody><tr><td>Si vous ne voyez pas ce message correctement,&nbsp;<a href=\"https:\/\/syndicat-snalc.net\/AWURTSJ67\/6DD6161B15304ED5BBF96644BEB29BE8.php#\">consultez-le en ligne<\/a>.<strong>Lettre d&rsquo;information SNALC &#8211;&nbsp;28 janvier 2024<\/strong><br>Personnels BIATSS<img decoding=\"async\" src=\"https:\/\/syndicat-snalc.net\/AWURTSJ67\/editedimg_69d3980ac7.png\" alt=\"\">Syndicat national des lyc\u00e9es, coll\u00e8ges, \u00e9coles et du sup\u00e9rieur<strong>@&nbsp;:&nbsp;<a href=\"https:\/\/snalc.fr\/contact\/\" target=\"_blank\" rel=\"noreferrer noopener\">contact<\/a>&nbsp;&nbsp; &#8211;&nbsp; &nbsp;site&nbsp;:&nbsp;<a href=\"https:\/\/snalc.fr\/\" target=\"_blank\" rel=\"noreferrer noopener\">snalc.fr<\/a>&nbsp;&nbsp;&nbsp;<\/strong>EN ATTENDANT LE RETOUR DU PRINTEMPS<img decoding=\"async\" src=\"https:\/\/syndicat-snalc.net\/AWURTSJ67\/argent_froid_freepik.com_rawf8.com_-scaled_o_9f47da372b.jpg\" alt=\"\">En ce mois de janvier, les raisons de nous r\u00e9jouir pour nos coll\u00e8gues ATSS ne sont pas l\u00e9gion.<br>Les personnels administratifs, qu\u2019ils travaillent en EPLE ou dans les services (centraux ou d\u00e9concentr\u00e9s) ne verront pas leur nombre global augmenter et, suite \u00e0 des red\u00e9ploiements, certaines acad\u00e9mies vont m\u00eame perdre des postes.Les possibilit\u00e9s d\u2019inscription aux tableaux d\u2019avancement de SAENES classe sup\u00e9rieure et classe exceptionnelle par examen professionnel (publi\u00e9es r\u00e9cemment) sont \u00e9galement en baisse notable par rapport \u00e0 l\u2019ann\u00e9e 2023. Nous attendons la publication des contingents concernant les autres corps ATSS, en esp\u00e9rant ne pas avoir de nouvelles mauvaises surprises.Accueillons cependant comme une bonne nouvelle l\u2019apparition, dans les lignes de gestion carri\u00e8re pour les 3 ans qui viennent, d\u2019un rapport de promotion qui devrait permettre aux coll\u00e8gues non promus d\u2019avoir certaines explications et d\u2019apporter de la transparence aux op\u00e9rations de promotion.Un autre motif de satisfaction, s\u2019il se concr\u00e9tise bien s\u00fbr &#8211; et le&nbsp;<strong>SNALC<\/strong>&nbsp;y veillera -, c\u2019est la reprise par le gouvernement, lors de la proc\u00e9dure 49-3 pour le projet de loi de finance 2024, d\u2019un amendement (n\u00b0810) qui permet d\u2019abonder de 22 millions d\u2019\u20ac les cr\u00e9dits allou\u00e9s \u00e0 la m\u00e9decine scolaire en 2024 (action sant\u00e9 scolaire sur le programme 230&nbsp;: \u00ab&nbsp;vie de l\u2019\u00e9l\u00e8ve&nbsp;\u00bb). Cela devrait permettre de r\u00e9parer l\u2019injustice subie par nos INFENES priv\u00e9es de C.T.I. jusqu\u2019\u00e0 pr\u00e9sent. Nous sommes dans l\u2019attente d\u2019annonces de la part du minist\u00e8re, et le&nbsp;<strong>SNALC<\/strong>&nbsp;informera ses adh\u00e9rents d\u00e8s que possible.En attendant le retour du printemps et la tenue des diff\u00e9rents GT minist\u00e9riels dans lesquels le&nbsp;<strong>SNALC<\/strong>&nbsp;ne manquera pas de porter les revendications l\u00e9gitimes de tous les personnels ATSS, nous vous souhaitons le meilleur pour cette nouvelle ann\u00e9e 2024.<strong>Lucien BARBOLOSI,<\/strong>secr\u00e9taire national du SNALC charg\u00e9 des personnels BIATSS<a href=\"https:\/\/oxiforms.com\/?8CrEa\" target=\"_blank\" rel=\"noreferrer noopener\">Contacter le secteur SNALC BIATSS<\/a><img decoding=\"async\" src=\"https:\/\/snalc.fr\/wp-content\/uploads\/voir_istockphoto-skynesher-1255897367.jpg\" alt=\"\"><strong>PROMOTIONS DES ATSS&nbsp;: LA TRANSPARENCE EST-ELLE DE RETOUR&nbsp;?<\/strong>Depuis l\u2019entr\u00e9e en application de la loi de transformation de la fonction publique, les \u00e9lus du personnels ne sont plus consult\u00e9s dans les commissions paritaires pour les op\u00e9rations de promotions. L\u2019opacit\u00e9 r\u00e8gne d\u00e8s lors pour l\u2019\u00e9tablissement des tableaux d\u2019avancement (TA) de grade et l\u2019attribution des promotions de corps par liste d\u2019aptitude (LA).<br><strong>[&#8230;<\/strong><a href=\"https:\/\/snalc.fr\/promotions-des-atss-la-transparence-est-elle-de-retour\/\" target=\"_blank\" rel=\"noreferrer noopener\"><strong>Lire la suite<\/strong><\/a><strong>]<\/strong><img decoding=\"async\" src=\"https:\/\/snalc.fr\/wp-content\/uploads\/secretaire_istockphoto_demaerre-916423726.jpg\" alt=\"\"><strong>PERSONNELS ADMINISTRATIFS&nbsp;: PAS DE RENFORT EN 2024<\/strong><br>Le sch\u00e9ma d\u2019emplois des personnels administratifs pour la rentr\u00e9e 2024 a \u00e9t\u00e9 pr\u00e9sent\u00e9 aux organisations syndicales repr\u00e9sentatives, dont le SNALC, lors du CSA minist\u00e9riel du 21 d\u00e9cembre dernier. Les conditions de travail ne cessent de se d\u00e9grader&#8230;&nbsp;<strong>[&#8230;<a href=\"https:\/\/snalc.fr\/personnels-administratifs-pas-de-renfort-en-2024\/\" target=\"_blank\" rel=\"noreferrer noopener\">Lire la suite<\/a>]<\/strong><img decoding=\"async\" src=\"https:\/\/snalc.fr\/wp-content\/uploads\/echelle_istock_DNY59-1387928668.jpg\" alt=\"\"><strong>RECRUTEMENT, MOBILIT\u00c9, CARRI\u00c8RE DES BIATSS&nbsp;: DU NOUVEAU AU B.O.<\/strong>La note de service du 21 d\u00e9cembre 2023 r\u00e9gissant \u2013 en compl\u00e9ment des LDG et en conformit\u00e9 avec celles-ci \u2013 les op\u00e9rations de recrutement, mobilit\u00e9 et carri\u00e8re (\u00ab&nbsp;RMC&nbsp;\u00bb) des personnels BIATSS titulaires pour 2024, est parue au BOEN num\u00e9ro 1 du 4 janvier 2024.<br><strong>[&#8230;<\/strong><a href=\"https:\/\/snalc.fr\/recrutement-mobilite-carriere-des-biatss-du-nouveau-au-b-o\/\" target=\"_blank\" rel=\"noreferrer noopener\"><strong>Lire la suite<\/strong><\/a><strong>]<\/strong><img decoding=\"async\" src=\"https:\/\/syndicat-snalc.net\/AWURTSJ67\/admin_pexels_andrea-piacquadio-3791242_opt_c50ff03fb3.jpg\" alt=\"\"><strong>EXAMENS PROFESSIONNELS DES SAENES&nbsp;: CONTINGENTS 2024<\/strong><br>Les contingents relatifs \u00e0 certains examens professionnels 2024 de la fili\u00e8re administrative sont d\u00e9sormais connus. Les arr\u00eat\u00e9s du 26 d\u00e9cembre (publi\u00e9s au JORF du 10 janvier 2024) fixent \u00e0 396, les postes pour l\u2019acc\u00e8s au grade de SAENES de classe sup\u00e9rieure<br><strong>[&#8230;<\/strong><a href=\"https:\/\/snalc.fr\/saenes-contingents-2024-examens-professionnels\/\" target=\"_blank\" rel=\"noreferrer noopener\"><strong>Lire la suite<\/strong><\/a><strong>]<\/strong><img decoding=\"async\" src=\"https:\/\/syndicat-snalc.net\/AWURTSJ67\/biblio_freepik_2149396699_opt_b2f0e9ee0b.jpg\" alt=\"\"><strong>FILI\u00c8RE BIBLIOTH\u00c8QUES&nbsp;: CONTINGENTS 2024 EXAMENS PROFESSIONNELS<\/strong><br>Les contingents relatifs aux examens professionnels 2024 de la fili\u00e8re Biblioth\u00e8ques sont parus au JORF du 7 janvier 2024. Les arr\u00eat\u00e9s du 2 janvier fixent \u00e0 16, les postes pour l\u2019acc\u00e8s au grade de biblioth\u00e9caire hors classe<strong>[&#8230;<\/strong><a href=\"https:\/\/snalc.fr\/filiere-bibliotheques-contingents-2024-examens-professionnels\/\" target=\"_blank\" rel=\"noreferrer noopener\"><strong>Lire la suite<\/strong><\/a><strong>]<\/strong><img decoding=\"async\" src=\"https:\/\/snalc.fr\/wp-content\/uploads\/triste_freepik_Drazen-Zigic.jpg\" alt=\"\"><strong>PAUVRES PERSONNELS SOCIAUX&nbsp;DU MINIST\u00c8RE DE L\u2019\u00c9DUCATION NATIONALE<\/strong><br>Les assistants de service social des administrations de l\u2019\u00c9tat (ASSAE) de notre minist\u00e8re ne sont pas trait\u00e9s comme ils devraient l\u2019\u00eatre avec le niveau de qualification pourtant exig\u00e9 et compte tenu de l\u2019exercice de missions de plus en plus nombreuses et p\u00e9nibles. Leurs conditions de travail ne cessent de se d\u00e9grader&#8230;.<br><strong>[&#8230;<a href=\"https:\/\/snalc.fr\/pauvres-personnels-sociaux-du-men\/\" target=\"_blank\" rel=\"noreferrer noopener\">Lire la suite<\/a>]<\/strong><img decoding=\"async\" src=\"https:\/\/syndicat-snalc.net\/AWURTSJ67\/image_10_recommandations_opt_0314f1e827.jpg\" alt=\"\"><strong>LES 10 RECOMMANDATIONS DU SNALC&nbsp;POUR \u00caTRE PLUS FORT AU TRAVAIL<\/strong><br>M\u00eame si \u00abcela n\u2019arrive qu\u2019aux autres&nbsp;\u00bb, nous vous invitons \u00e0 prendre connaissance des 10 recommandations du SNALC&nbsp;: autant d\u2019erreurs \u00e0 ne pas commettre, de conseils \u00e0 appliquer, de pi\u00e8ges \u00e0 rep\u00e9rer&#8230;<br><strong>[&#8230;<a href=\"https:\/\/snalc.fr\/10-recommandations-pour-etre-plus-fort-au-travail\/\" target=\"_blank\" rel=\"noreferrer noopener\">en savoir plus<\/a>]<\/strong>L\u2019ADH\u00c9SION AU SNALC<strong>LE SNALC EST LE SYNDICAT REPR\u00c9SENTATIF<\/strong><strong>LE MOINS CHER DE L\u2019\u00c9DUCATION NATIONALE<\/strong><strong>Nos salaires sont trop bas. Le point d\u2019indice est gel\u00e9.<\/strong><strong>Logiquement, le SNALC n\u2019augmente pas ses tarifs pour la 13\u00e8me ann\u00e9e cons\u00e9cutive.<\/strong><strong>Et mieux encore&nbsp;: le SNALC baisse ses tarifs dans la plupart des cat\u00e9gories&nbsp;!<\/strong><a href=\"https:\/\/snalc.fr\/wp-content\/uploads\/tarifs.pdf\" target=\"_blank\" rel=\"noreferrer noopener\">Consulter les tarifs et r\u00e9ductions<\/a><br><strong>CHOISISSEZ LIBREMENT VOTRE MOYEN DE PAIEMENT, RAPIDE ET S\u00c9CURIS\u00c9<\/strong><br><img decoding=\"async\" src=\"http:\/\/syndicat-snalc.net\/AWURTSJ67\/editedimg_361b042f34.jpg\" alt=\"\"><a href=\"https:\/\/snalc.fr\/adhesion-carte\/\" target=\"_blank\" rel=\"noreferrer noopener\">carte bancaire<\/a><img decoding=\"async\" src=\"http:\/\/syndicat-snalc.net\/AWURTSJ67\/adhesion_prelevements_0703b426ca.JPG\" alt=\"\"><a href=\"https:\/\/snalc.fr\/adhesion\/\" target=\"_blank\" rel=\"noreferrer noopener\">pr\u00e9l\u00e8vements mensuels<\/a><img decoding=\"async\" src=\"https:\/\/syndicat-snalc.net\/AWURTSJ67\/editedimg_c6a21d792d.png\" alt=\"\"><a href=\"https:\/\/snalc.fr\/adhesion-virement\/\" target=\"_blank\" rel=\"noreferrer noopener\">virement<\/a><img decoding=\"async\" src=\"http:\/\/syndicat-snalc.net\/AWURTSJ67\/adhesion_cheque_699976dc59.JPG\" alt=\"\"><a href=\"https:\/\/snalc.fr\/adhesion-cheque\/\" target=\"_blank\" rel=\"noreferrer noopener\">ch\u00e8que<\/a><strong>L&rsquo;adh\u00e9sion comprend<\/strong>&nbsp;:&nbsp;<a href=\"https:\/\/snalc.fr\/gmf-protection-juridique\/\" target=\"_blank\" rel=\"noreferrer noopener\">l&rsquo;assistance et la protection<\/a>&nbsp;juridiques p\u00e9nales aupr\u00e8s de la GMF (agressions, diffamation&#8230;) ;&nbsp;le dispositif exclusif d&rsquo;accompagnement et d&rsquo;aide \u00e0 la mobilit\u00e9&nbsp;:&nbsp;<a href=\"https:\/\/snalc.fr\/mobi-snalc-presentation-et-acces\/\" target=\"_blank\" rel=\"noreferrer noopener\">mobi-SNALC<\/a>&nbsp;; et des tarifs n\u00e9goci\u00e9s aupr\u00e8s de nombreux partenaires&nbsp;:&nbsp;<a href=\"https:\/\/snalc.fr\/avantages-snalc\/\" target=\"_blank\" rel=\"noreferrer noopener\">avantages-SNALC<\/a>.\u00a0\u00bbAdh\u00e9sion \u00e0 z\u00e9ro euro\u00a0\u00bb<br>C&rsquo;est le moment de d\u00e9couvrir le SNALC&nbsp;![<a href=\"https:\/\/snalc.fr\/wp-content\/uploads\/Adhesion_zero_euro.pdf\" target=\"_blank\" rel=\"noreferrer noopener\">en savoir plus<\/a>]<img decoding=\"async\" src=\"https:\/\/syndicat-snalc.net\/AWURTSJ67\/SNALC-_-Estelle-Meunier-Rejoignez-nous_opt_ab9cbb8753.png\" alt=\"\"><a href=\"https:\/\/facebook.com\/SNALC_national\" target=\"_blank\" rel=\"noreferrer noopener\"><\/a><a href=\"https:\/\/twitter.com\/snalc_national\" target=\"_blank\" rel=\"noreferrer noopener\"><\/a><a href=\"https:\/\/snalc.fr\/\" target=\"_blank\" rel=\"noreferrer noopener\"><\/a>cr\u00e9dits&nbsp;: sur las articles en lienCe message du SNALC est achemin\u00e9 vers votre bo\u00eete professionnelle par le minist\u00e8re via une liste aveugle de diffusion de fa\u00e7on conforme et r\u00e8glementaire, selon les termes du Bulletin officiel n\u00b038 du 17 octobre 2019. Aucun syndicat, pas m\u00eame le SNALC, n&rsquo;a la possibilit\u00e9 de d\u00e9sabonner de lui-m\u00eame un agent, m\u00eame \u00e0 sa demande. Seul le minist\u00e8re a acc\u00e8s \u00e0 la gestion des d\u00e9sabonnements. Vous pouvez choisir de vous d\u00e9sabonner des envois des organisations syndicales de votre choix en cliquant sur le lien ci-dessous ins\u00e9r\u00e9 par le minist\u00e8re.<\/td><\/tr><\/tbody><\/table><\/figure>\n\n\n\n<p><\/p>\n","protected":false},"excerpt":{"rendered":"<p>Si vous ne voyez pas ce message correctement,&nbsp;consultez-le en ligne.Lettre d&rsquo;information SNALC &#8211;&nbsp;28 janvier 2024Personnels BIATSSSyndicat national des lyc\u00e9es, coll\u00e8ges, \u00e9coles et du sup\u00e9rieur@&nbsp;:&nbsp;contact&nbsp;&nbsp; &#8211;&nbsp; &nbsp;site&nbsp;:&nbsp;snalc.fr&nbsp;&nbsp;&nbsp;EN ATTENDANT LE RETOUR DU [&hellip;]<\/p>\n","protected":false},"author":1,"featured_media":0,"comment_status":"closed","ping_status":"closed","sticky":false,"template":"","format":"standard","meta":{"_lmt_disableupdate":"","_lmt_disable":"","site-sidebar-layout":"default","site-content-layout":"","ast-site-content-layout":"default","site-content-style":"default","site-sidebar-style":"default","ast-global-header-display":"","ast-banner-title-visibility":"","ast-main-header-display":"","ast-hfb-above-header-display":"","ast-hfb-below-header-display":"","ast-hfb-mobile-header-display":"","site-post-title":"","ast-breadcrumbs-content":"","ast-featured-img":"","footer-sml-layout":"","ast-disable-related-posts":"","theme-transparent-header-meta":"","adv-header-id-meta":"","stick-header-meta":"","header-above-stick-meta":"","header-main-stick-meta":"","header-below-stick-meta":"","astra-migrate-meta-layouts":"set","ast-page-background-enabled":"default","ast-page-background-meta":{"desktop":{"background-color":"var(--ast-global-color-4)","background-image":"","background-repeat":"repeat","background-position":"center center","background-size":"auto","background-attachment":"scroll","background-type":"","background-media":"","overlay-type":"","overlay-color":"","overlay-opacity":"","overlay-gradient":""},"tablet":{"background-color":"","background-image":"","background-repeat":"repeat","background-position":"center center","background-size":"auto","background-attachment":"scroll","background-type":"","background-media":"","overlay-type":"","overlay-color":"","overlay-opacity":"","overlay-gradient":""},"mobile":{"background-color":"","background-image":"","background-repeat":"repeat","background-position":"center center","background-size":"auto","background-attachment":"scroll","background-type":"","background-media":"","overlay-type":"","overlay-color":"","overlay-opacity":"","overlay-gradient":""}},"ast-content-background-meta":{"desktop":{"background-color":"var(--ast-global-color-5)","background-image":"","background-repeat":"repeat","background-position":"center center","background-size":"auto","background-attachment":"scroll","background-type":"","background-media":"","overlay-type":"","overlay-color":"","overlay-opacity":"","overlay-gradient":""},"tablet":{"background-color":"var(--ast-global-color-5)","background-image":"","background-repeat":"repeat","background-position":"center center","background-size":"auto","background-attachment":"scroll","background-type":"","background-media":"","overlay-type":"","overlay-color":"","overlay-opacity":"","overlay-gradient":""},"mobile":{"background-color":"var(--ast-global-color-5)","background-image":"","background-repeat":"repeat","background-position":"center center","background-size":"auto","background-attachment":"scroll","background-type":"","background-media":"","overlay-type":"","overlay-color":"","overlay-opacity":"","overlay-gradient":""}},"footnotes":""},"categories":[38,16],"tags":[],"class_list":["post-2607","post","type-post","status-publish","format-standard","hentry","category-actualites-2023-2024","category-biatss"],"modified_by":"slecourtier","_links":{"self":[{"href":"https:\/\/snalc.org\/snalc2023\/index.php?rest_route=\/wp\/v2\/posts\/2607","targetHints":{"allow":["GET"]}}],"collection":[{"href":"https:\/\/snalc.org\/snalc2023\/index.php?rest_route=\/wp\/v2\/posts"}],"about":[{"href":"https:\/\/snalc.org\/snalc2023\/index.php?rest_route=\/wp\/v2\/types\/post"}],"author":[{"embeddable":true,"href":"https:\/\/snalc.org\/snalc2023\/index.php?rest_route=\/wp\/v2\/users\/1"}],"replies":[{"embeddable":true,"href":"https:\/\/snalc.org\/snalc2023\/index.php?rest_route=%2Fwp%2Fv2%2Fcomments&post=2607"}],"version-history":[{"count":1,"href":"https:\/\/snalc.org\/snalc2023\/index.php?rest_route=\/wp\/v2\/posts\/2607\/revisions"}],"predecessor-version":[{"id":2608,"href":"https:\/\/snalc.org\/snalc2023\/index.php?rest_route=\/wp\/v2\/posts\/2607\/revisions\/2608"}],"wp:attachment":[{"href":"https:\/\/snalc.org\/snalc2023\/index.php?rest_route=%2Fwp%2Fv2%2Fmedia&parent=2607"}],"wp:term":[{"taxonomy":"category","embeddable":true,"href":"https:\/\/snalc.org\/snalc2023\/index.php?rest_route=%2Fwp%2Fv2%2Fcategories&post=2607"},{"taxonomy":"post_tag","embeddable":true,"href":"https:\/\/snalc.org\/snalc2023\/index.php?rest_route=%2Fwp%2Fv2%2Ftags&post=2607"}],"curies":[{"name":"wp","href":"https:\/\/api.w.org\/{rel}","templated":true}]}}