{"id":2621,"date":"2024-02-03T09:53:53","date_gmt":"2024-02-03T08:53:53","guid":{"rendered":"https:\/\/snalc.org\/snalc2023\/?p=2621"},"modified":"2024-02-03T09:54:02","modified_gmt":"2024-02-03T08:54:02","slug":"lettre-dinformation-du-snalc-2-fevrier-2024-secteur-conditions-de-travail-et-climat-scolaire-personnels-de-leducation-nationale","status":"publish","type":"post","link":"https:\/\/snalc.org\/snalc2023\/?p=2621","title":{"rendered":"Lettre d&rsquo;information du SNALC &#8211; 2 f\u00e9vrier 2024 Secteur \u00ab\u00a0Conditions de travail et climat scolaire\u00a0\u00bb Personnels de l&rsquo;Education nationale"},"content":{"rendered":"\n<figure class=\"wp-block-table\"><table><tbody><tr><td><strong>Lettre d&rsquo;information du SNALC &#8211; 2 f\u00e9vrier 2024<\/strong><strong>Secteur \u00ab\u00a0Conditions de travail et climat scolaire\u00a0\u00bb<\/strong><br>Personnels de l&rsquo;Education nationale<\/td><\/tr><\/tbody><\/table><\/figure>\n\n\n\n<figure class=\"wp-block-table\"><table><tbody><tr><td><img decoding=\"async\" src=\"https:\/\/syndicat-snalc.net\/AWURTSJ67\/editedimg_69d3980ac7.png\" alt=\"\"><\/td><\/tr><\/tbody><\/table><\/figure>\n\n\n\n<figure class=\"wp-block-table\"><table><tbody><tr><td>Syndicat national des lyc\u00e9es, coll\u00e8ges, \u00e9coles et du sup\u00e9rieur<\/td><\/tr><\/tbody><\/table><\/figure>\n\n\n\n<figure class=\"wp-block-table\"><table><tbody><tr><td><br><a href=\"mailto:conditionsdetravail@snalc.fr?subject=Lettre%20%C3%A9lectronique&amp;body=Acad%C3%A9mie%20%3A%0D%0ANom%20%3A%0D%0APr%C3%A9nom%20%3A%0D%0AFonction%20%3A%0D%0AMessage%20%3A\">Nous contacter<\/a><\/td><\/tr><\/tbody><\/table><\/figure>\n\n\n\n<figure class=\"wp-block-table\"><table><tbody><tr><td>Bonne ann\u00e9e, et surtout bonne sant\u00e9&nbsp;!<\/td><\/tr><\/tbody><\/table><\/figure>\n\n\n\n<figure class=\"wp-block-table\"><table><tbody><tr><td>En d\u00e9but d\u2019ann\u00e9e, il est de tradition de prendre de bonnes r\u00e9solutions. Et si, en 2024, pour ce qui concerne votre vie professionnelle, c\u2019\u00e9tait \u00e0 votre sant\u00e9 que vous donniez la priorit\u00e9&nbsp;? Rien ne sert de s\u2019\u00e9puiser au travail ou de se dire que \u00e7a ira mieux demain, sauf si vous aimez jouer avec votre sant\u00e9\u2026 Sans que personne ne vous remercie de ce sacrifice, surtout si vous mettez en danger celle des autres&nbsp;!&nbsp; N\u2019oubliez pas que l\u2019\u00c9tat, comme tout employeur, a le devoir de veiller \u00e0 la s\u00e9curit\u00e9 et \u00e0 la protection de la sant\u00e9 des agents plac\u00e9s sous son autorit\u00e9. Le <strong>SNALC<\/strong> ne perd jamais une occasion de le rappeler \u00e0 ses repr\u00e9sentants, que ce soit dans le cadre des instances ou de l\u2019accompagnement individuel des adh\u00e9rents.&nbsp;<br>Cependant, le fatalisme peut parfois prendre le dessus, face \u00e0 une \u00c9ducation nationale qui ressemble plus \u00e0 une machine \u00e0 broyer qu\u2019\u00e0 un employeur pr\u00e9occup\u00e9 du bien-\u00eatre de ses personnels.<br>Or, des dispositifs existent pour vous prot\u00e9ger, ou \u00e0 d\u00e9faut, obtenir r\u00e9paration lorsque votre sant\u00e9 est atteinte dans le cadre de votre travail, et le <strong>SNALC<\/strong> se tient \u00e0 vos c\u00f4t\u00e9s pour vous informer, vous conseiller et vous accompagner. Ce dossier fait ainsi le point sur la m\u00e9decine de pr\u00e9vention, la reconnaissance de la qualit\u00e9 de travailleur handicap\u00e9 (RQTH), ainsi que sur les dispositifs de d\u00e9claration et de reconnaissance des accidents et maladies professionnels. Nous avons souhait\u00e9 \u00e9galement, gr\u00e2ce \u00e0 des adh\u00e9rents que nous remercions ici, vous pr\u00e9senter quelques situations concr\u00e8tes, en lien avec les risques psychosociaux, qui sont la premi\u00e8re cause de maladies professionnelles dans notre minist\u00e8re. Enfin, gr\u00e2ce au dispositif <strong>Mobi-SNALC<\/strong>, unique en son genre, vous d\u00e9couvrirez comment la sophrologie peut vous permettre de passer le cap pour attaquer sans stress 2024&nbsp;!<\/td><\/tr><\/tbody><\/table><\/figure>\n\n\n\n<figure class=\"wp-block-table\"><table><tbody><tr><td><strong>\u00c9lise BOZEC-BARET,<\/strong>Secr\u00e9taire nationale du SNALC charg\u00e9e des conditions de travail et du climat scolaire<br><a href=\"mailto:conditionsdetravail@snalc.fr\">conditionsdetravail@snalc.fr<\/a><\/td><\/tr><\/tbody><\/table><\/figure>\n\n\n\n<figure class=\"wp-block-table\"><table><tbody><tr><td><img decoding=\"async\" src=\"https:\/\/syndicat-snalc.net\/AWURTSJ67\/cri_desert_istockphoto-RichVintage-472108601_6110c16f56.jpg\" alt=\"\"><strong><\/strong><strong>M\u00e9decine de pr\u00e9vention&nbsp;: un cri dans le d\u00e9sert\u2026<\/strong><strong><br><\/strong>Depuis plusieurs ann\u00e9es \u2014 pour ne pas dire d\u00e9cennies, le SNALC interpelle sur ce parent pauvre de l\u2019\u00c9ducation nationale. Il y a aujourd\u2019hui moins de 70 m\u00e9decins du travail pour un million de personnels&nbsp;: il est grand temps de s\u2019interroger sur les causes.<br>[&#8230;<a href=\"https:\/\/snalc.fr\/bonne-annee-et-surtout-bonne-sante\/#medecine\" target=\"_blank\" rel=\"noreferrer noopener\">Lire la suite<\/a>]<\/td><\/tr><\/tbody><\/table><\/figure>\n\n\n\n<figure class=\"wp-block-table\"><table><tbody><tr><td><img decoding=\"async\" src=\"https:\/\/syndicat-snalc.net\/AWURTSJ67\/mal_istockphoto-RollingCamera-1493522246_fb6bd41fca.jpg\" alt=\"\"><strong><\/strong><strong>RQTH&nbsp;: Respect Quand il y a un Trouble de sant\u00e9 invalidant ou un Handicap&nbsp;!<\/strong><strong><br><\/strong>Pour commencer, pr\u00e9cisons qu\u2019est consid\u00e9r\u00e9e comme travailleur handicap\u00e9 toute personne \u00ab&nbsp;dont les possibilit\u00e9s d\u2019obtenir ou de conserver un emploi sont effectivement r\u00e9duites par suite de l\u2019alt\u00e9ration d\u2019une ou plusieurs fonctions physique, sensorielle, mentale ou psychique&nbsp;\u00bb.<br>[&#8230;<a href=\"https:\/\/snalc.fr\/bonne-annee-et-surtout-bonne-sante\/#rqth\" target=\"_blank\" rel=\"noreferrer noopener\">Lire&nbsp;la suite<\/a>]<\/td><\/tr><\/tbody><\/table><\/figure>\n\n\n\n<figure class=\"wp-block-table\"><table><tbody><tr><td><img decoding=\"async\" src=\"https:\/\/syndicat-snalc.net\/AWURTSJ67\/blessure_istockphoto-Pheelings-Media-1296209_e87888b508.jpg\" alt=\"\"><strong><\/strong><strong>Accidents ou maladies en lien avec le travail&nbsp;: l\u2019essentiel \u00e0 savoir<\/strong><strong><br><\/strong>Des droits sp\u00e9cifiques sont reconnus aux victimes d\u2019accidents de travail (de \u00ab&nbsp;service&nbsp;\u00bb pour les fonctionnaires), ou de maladies professionnelles. Les dispositifs existants sont en effet plus avantageux que ceux qui s\u2019appliquent lors des accidents ou maladies hors cadre professionnel. Encore faut-il les conna\u00eetre&nbsp;!<br>[&#8230;<a href=\"https:\/\/snalc.fr\/bonne-annee-et-surtout-bonne-sante\/#accident\" target=\"_blank\" rel=\"noreferrer noopener\">Lire la suite<\/a>]<\/td><\/tr><\/tbody><\/table><\/figure>\n\n\n\n<figure class=\"wp-block-table\"><table><tbody><tr><td><img decoding=\"async\" src=\"https:\/\/syndicat-snalc.net\/AWURTSJ67\/chute_istockphoto-AndreyPopov-924555706_cc85cb1d66.jpg\" alt=\"\"><strong><\/strong><strong>Accident de service&nbsp;: l\u2019\u00e9preuve d\u2019une adh\u00e9rente<\/strong><strong><br><\/strong>Mme X, secr\u00e9taire de direction dans un \u00e9tablissement tranquille, au professionnalisme reconnu de longue date, se retrouve brutalement confront\u00e9e \u00e0 une situation professionnelle tr\u00e8s difficile. En effet, sans raison, elle est mise \u00e0 l\u2019\u00e9cart et d\u00e9nigr\u00e9e. Le rectorat ne nie pas sa souffrance, mais refuse d\u2019en admettre la cause<br>[&#8230;<a href=\"https:\/\/snalc.fr\/bonne-annee-et-surtout-bonne-sante#epreuve\" target=\"_blank\" rel=\"noreferrer noopener\">Lire la suite<\/a>]<\/td><\/tr><\/tbody><\/table><\/figure>\n\n\n\n<figure class=\"wp-block-table\"><table><tbody><tr><td><img decoding=\"async\" src=\"https:\/\/syndicat-snalc.net\/AWURTSJ67\/temps_istockphoto-stockce-629169548_9ca799d9f8.jpg\" alt=\"\"><strong><\/strong><strong>Burn-out&nbsp;: un long parcours<\/strong><strong><br><\/strong>Une enseignante, Madame Y, rencontre des difficult\u00e9s de sant\u00e9 pour lesquelles une RQTH lui a \u00e9t\u00e9 attribu\u00e9e. \u00c0 l\u2019arriv\u00e9e d\u2019un nouveau chef d\u2019\u00e9tablissement, l\u2019ambiance est conflictuelle et des d\u00e9marches collectives sont engag\u00e9es aupr\u00e8s du rectorat. Or, elles n\u2019am\u00e9liorent pas la situation, voire l\u2019empirent. Madame Y subit alors des repr\u00e9sailles sous la forme de remarques d\u00e9stabilisantes<br>[&#8230;<a href=\"https:\/\/snalc.fr\/bonne-annee-et-surtout-bonne-sante\/#burnout\" target=\"_blank\" rel=\"noreferrer noopener\">Lire la suite<\/a>]<\/td><\/tr><\/tbody><\/table><\/figure>\n\n\n\n<figure class=\"wp-block-table\"><table><tbody><tr><td><img decoding=\"async\" src=\"https:\/\/syndicat-snalc.net\/AWURTSJ67\/mains_istockphoto-hulahop-1803449280_51c0615e62.jpg\" alt=\"\"><strong><\/strong><strong>Retour d\u2019exp\u00e9rience<\/strong><strong><br><\/strong>Une adh\u00e9rente t\u00e9moigne de son parcours d\u2019enseignante, qui l\u2019a amen\u00e9e, gr\u00e2ce au SNALC, \u00e0 d\u00e9couvrir dans la sophrologie une \u00ab&nbsp;bulle de bien-\u00eatre&nbsp;\u00bb.<br>[&#8230;<a href=\"https:\/\/snalc.fr\/bonne-annee-et-surtout-bonne-sante\/#retour\" target=\"_blank\" rel=\"noreferrer noopener\">Lire la suite<\/a>]<\/td><\/tr><\/tbody><\/table><\/figure>\n\n\n\n<figure class=\"wp-block-table\"><table><tbody><tr><td><img decoding=\"async\" src=\"https:\/\/syndicat-snalc.net\/AWURTSJ67\/relaxation_istockphoto-fikzes-1227225949_db850a78b7.jpg\" alt=\"\"><strong><\/strong><strong>Besoin de d\u00e9compresser&nbsp;? Essayez la sophrologie&nbsp;!<\/strong><strong><br><\/strong>Tout adh\u00e9rent du SNALC peut b\u00e9n\u00e9ficier d\u2019un suivi gratuit en sophrologie via le dispositif Mobi-SNALC. Mais de quoi s\u2019agit-il exactement&nbsp;?<br>[&#8230;<a href=\"https:\/\/snalc.fr\/bonne-annee-et-surtout-bonne-sante\/#sophrologie\" target=\"_blank\" rel=\"noreferrer noopener\">Lire la suite<\/a>]<\/td><\/tr><\/tbody><\/table><\/figure>\n\n\n\n<figure class=\"wp-block-table\"><table><tbody><tr><td><img decoding=\"async\" src=\"https:\/\/syndicat-snalc.net\/AWURTSJ67\/image_10_recommandations_opt_0314f1e827.jpg\" alt=\"\"><strong>LES 10 RECOMMANDATIONS DU SNALC POUR \u00caTRE PLUS FORT AU TRAVAIL<\/strong><br>M\u00eame si \u00abcela n\u2019arrive qu\u2019aux autres&nbsp;\u00bb, nous vous invitons \u00e0 prendre connaissance des 10 recommandations du SNALC&nbsp;: autant d\u2019erreurs \u00e0 ne pas commettre, de conseils \u00e0 appliquer, de pi\u00e8ges \u00e0 rep\u00e9rer&#8230;<br>[&#8230;<a href=\"https:\/\/snalc.fr\/10-recommandations-pour-etre-plus-fort-au-travail\/\" target=\"_blank\" rel=\"noreferrer noopener\">en savoir plus<\/a>]<\/td><\/tr><\/tbody><\/table><\/figure>\n\n\n\n<figure class=\"wp-block-table\"><table><tbody><tr><td>L\u2019ADH\u00c9SION AU SNALC<\/td><\/tr><\/tbody><\/table><\/figure>\n\n\n\n<figure class=\"wp-block-table\"><table><tbody><tr><td><strong>LE SNALC EST LE SYNDICAT REPR\u00c9SENTATIF<\/strong><strong>LE MOINS CHER DE L\u2019\u00c9DUCATION NATIONALE<\/strong><strong>Nos salaires sont trop bas. Le point d\u2019indice est gel\u00e9.<\/strong><strong>Logiquement, le SNALC n\u2019augmente pas ses tarifs pour la 13\u00e8me ann\u00e9e cons\u00e9cutive.<\/strong><strong>Et mieux encore&nbsp;: le SNALC baisse ses tarifs dans la plupart des cat\u00e9gories&nbsp;!<\/strong><a href=\"https:\/\/snalc.fr\/wp-content\/uploads\/tarifs.pdf\" target=\"_blank\" rel=\"noreferrer noopener\">Consulter les tarifs et r\u00e9ductions<\/a><br><strong>CHOISISSEZ LIBREMENT VOTRE MOYEN DE PAIEMENT, RAPIDE ET S\u00c9CURIS\u00c9<\/strong><\/td><\/tr><\/tbody><\/table><\/figure>\n\n\n\n<figure class=\"wp-block-table\"><table><tbody><tr><td><img decoding=\"async\" src=\"http:\/\/syndicat-snalc.net\/AWURTSJ67\/editedimg_361b042f34.jpg\" alt=\"\"><a href=\"https:\/\/www.snalc.fr\/adhesion-carte\/\" target=\"_blank\" rel=\"noreferrer noopener\">carte bancaire<\/a><img decoding=\"async\" src=\"http:\/\/syndicat-snalc.net\/AWURTSJ67\/adhesion_prelevements_0703b426ca.JPG\" alt=\"\"><a href=\"https:\/\/www.snalc.fr\/adhesion\/\" target=\"_blank\" rel=\"noreferrer noopener\">pr\u00e9l\u00e8vements mensuels<\/a><img decoding=\"async\" src=\"https:\/\/syndicat-snalc.net\/AWURTSJ67\/editedimg_c6a21d792d.png\" alt=\"\"><a href=\"https:\/\/www.snalc.fr\/adhesion-virement\/\" target=\"_blank\" rel=\"noreferrer noopener\">virement<\/a><img decoding=\"async\" src=\"http:\/\/syndicat-snalc.net\/AWURTSJ67\/adhesion_cheque_699976dc59.JPG\" alt=\"\"><a href=\"https:\/\/www.snalc.fr\/uploads\/bulletin.pdf\" target=\"_blank\" rel=\"noreferrer noopener\">ch\u00e8que<\/a><\/td><\/tr><\/tbody><\/table><\/figure>\n\n\n\n<figure class=\"wp-block-table\"><table><tbody><tr><td><strong>L&rsquo;adh\u00e9sion comprend<\/strong>&nbsp;: <a href=\"https:\/\/snalc.fr\/gmf-protection-juridique\/\" target=\"_blank\" rel=\"noreferrer noopener\">l&rsquo;assistance et la protection<\/a> juridiques p\u00e9nales aupr\u00e8s de la GMF (agressions, diffamation&#8230;) ;&nbsp;le dispositif exclusif d&rsquo;accompagnement et d&rsquo;aide \u00e0 la mobilit\u00e9&nbsp;: <a href=\"https:\/\/snalc.fr\/mobi-snalc-presentation-et-acces\/\" target=\"_blank\" rel=\"noreferrer noopener\">mobi-SNALC<\/a>&nbsp;; et des tarifs n\u00e9goci\u00e9s aupr\u00e8s de nombreux partenaires&nbsp;: <a href=\"https:\/\/snalc.fr\/avantages-snalc\/\" target=\"_blank\" rel=\"noreferrer noopener\">avantages-SNALC<\/a>.<\/td><\/tr><\/tbody><\/table><\/figure>\n\n\n\n<figure class=\"wp-block-table\"><table><tbody><tr><td>\u00ab\u00a0Adh\u00e9sion \u00e0 z\u00e9ro euro\u00a0\u00bb<br>C&rsquo;est le moment de d\u00e9couvrir le SNALC&nbsp;![<a href=\"https:\/\/snalc.fr\/wp-content\/uploads\/Adhesion_zero_euro.pdf\" target=\"_blank\" rel=\"noreferrer noopener\">en savoir plus<\/a>]<\/td><\/tr><\/tbody><\/table><\/figure>\n\n\n\n<figure class=\"wp-block-table\"><table><tbody><tr><td><a href=\"https:\/\/snalc.fr\/herissons-nous\/\" target=\"_blank\" rel=\"noreferrer noopener\"><\/a><\/td><\/tr><\/tbody><\/table><\/figure>\n\n\n\n<figure class=\"wp-block-table\"><table><tbody><tr><td><a href=\"https:\/\/snalc.fr\/contact\/\" target=\"_blank\" rel=\"noreferrer noopener\">Toutes les coordonn\u00e9es du SNALC<\/a><\/td><\/tr><\/tbody><\/table><\/figure>\n\n\n\n<figure class=\"wp-block-table\"><table><tbody><tr><td>Cr\u00e9dits images&nbsp; sur les articles en lien<\/td><\/tr><\/tbody><\/table><\/figure>\n","protected":false},"excerpt":{"rendered":"<p>Lettre d&rsquo;information du SNALC &#8211; 2 f\u00e9vrier 2024Secteur \u00ab\u00a0Conditions de travail et climat scolaire\u00a0\u00bbPersonnels de l&rsquo;Education nationale Syndicat national des lyc\u00e9es, coll\u00e8ges, \u00e9coles et du sup\u00e9rieur Nous contacter Bonne ann\u00e9e, [&hellip;]<\/p>\n","protected":false},"author":1,"featured_media":0,"comment_status":"closed","ping_status":"closed","sticky":false,"template":"","format":"standard","meta":{"_lmt_disableupdate":"","_lmt_disable":"","site-sidebar-layout":"default","site-content-layout":"","ast-site-content-layout":"default","site-content-style":"default","site-sidebar-style":"default","ast-global-header-display":"","ast-banner-title-visibility":"","ast-main-header-display":"","ast-hfb-above-header-display":"","ast-hfb-below-header-display":"","ast-hfb-mobile-header-display":"","site-post-title":"","ast-breadcrumbs-content":"","ast-featured-img":"","footer-sml-layout":"","ast-disable-related-posts":"","theme-transparent-header-meta":"","adv-header-id-meta":"","stick-header-meta":"","header-above-stick-meta":"","header-main-stick-meta":"","header-below-stick-meta":"","astra-migrate-meta-layouts":"set","ast-page-background-enabled":"default","ast-page-background-meta":{"desktop":{"background-color":"var(--ast-global-color-4)","background-image":"","background-repeat":"repeat","background-position":"center center","background-size":"auto","background-attachment":"scroll","background-type":"","background-media":"","overlay-type":"","overlay-color":"","overlay-opacity":"","overlay-gradient":""},"tablet":{"background-color":"","background-image":"","background-repeat":"repeat","background-position":"center center","background-size":"auto","background-attachment":"scroll","background-type":"","background-media":"","overlay-type":"","overlay-color":"","overlay-opacity":"","overlay-gradient":""},"mobile":{"background-color":"","background-image":"","background-repeat":"repeat","background-position":"center center","background-size":"auto","background-attachment":"scroll","background-type":"","background-media":"","overlay-type":"","overlay-color":"","overlay-opacity":"","overlay-gradient":""}},"ast-content-background-meta":{"desktop":{"background-color":"var(--ast-global-color-5)","background-image":"","background-repeat":"repeat","background-position":"center center","background-size":"auto","background-attachment":"scroll","background-type":"","background-media":"","overlay-type":"","overlay-color":"","overlay-opacity":"","overlay-gradient":""},"tablet":{"background-color":"var(--ast-global-color-5)","background-image":"","background-repeat":"repeat","background-position":"center center","background-size":"auto","background-attachment":"scroll","background-type":"","background-media":"","overlay-type":"","overlay-color":"","overlay-opacity":"","overlay-gradient":""},"mobile":{"background-color":"var(--ast-global-color-5)","background-image":"","background-repeat":"repeat","background-position":"center center","background-size":"auto","background-attachment":"scroll","background-type":"","background-media":"","overlay-type":"","overlay-color":"","overlay-opacity":"","overlay-gradient":""}},"footnotes":""},"categories":[38,26],"tags":[],"class_list":["post-2621","post","type-post","status-publish","format-standard","hentry","category-actualites-2023-2024","category-conditions-de-travail-sante"],"modified_by":"slecourtier","_links":{"self":[{"href":"https:\/\/snalc.org\/snalc2023\/index.php?rest_route=\/wp\/v2\/posts\/2621","targetHints":{"allow":["GET"]}}],"collection":[{"href":"https:\/\/snalc.org\/snalc2023\/index.php?rest_route=\/wp\/v2\/posts"}],"about":[{"href":"https:\/\/snalc.org\/snalc2023\/index.php?rest_route=\/wp\/v2\/types\/post"}],"author":[{"embeddable":true,"href":"https:\/\/snalc.org\/snalc2023\/index.php?rest_route=\/wp\/v2\/users\/1"}],"replies":[{"embeddable":true,"href":"https:\/\/snalc.org\/snalc2023\/index.php?rest_route=%2Fwp%2Fv2%2Fcomments&post=2621"}],"version-history":[{"count":1,"href":"https:\/\/snalc.org\/snalc2023\/index.php?rest_route=\/wp\/v2\/posts\/2621\/revisions"}],"predecessor-version":[{"id":2622,"href":"https:\/\/snalc.org\/snalc2023\/index.php?rest_route=\/wp\/v2\/posts\/2621\/revisions\/2622"}],"wp:attachment":[{"href":"https:\/\/snalc.org\/snalc2023\/index.php?rest_route=%2Fwp%2Fv2%2Fmedia&parent=2621"}],"wp:term":[{"taxonomy":"category","embeddable":true,"href":"https:\/\/snalc.org\/snalc2023\/index.php?rest_route=%2Fwp%2Fv2%2Fcategories&post=2621"},{"taxonomy":"post_tag","embeddable":true,"href":"https:\/\/snalc.org\/snalc2023\/index.php?rest_route=%2Fwp%2Fv2%2Ftags&post=2621"}],"curies":[{"name":"wp","href":"https:\/\/api.w.org\/{rel}","templated":true}]}}