{"id":2646,"date":"2024-02-05T19:41:26","date_gmt":"2024-02-05T18:41:26","guid":{"rendered":"https:\/\/snalc.org\/snalc2023\/?p=2646"},"modified":"2024-02-05T19:41:32","modified_gmt":"2024-02-05T18:41:32","slug":"appel-a-candidatures-aupres-du-pole-academique-de-lutte-contre-le-harcelement","status":"publish","type":"post","link":"https:\/\/snalc.org\/snalc2023\/?p=2646","title":{"rendered":"Appel \u00e0 candidatures &#8211;  aupr\u00e8s du p\u00f4le acad\u00e9mique de lutte contre le harc\u00e8lement"},"content":{"rendered":"\n<p>Avis :<\/p>\n\n\n\n<ul class=\"wp-block-list\">\n<li><img decoding=\"async\" src=\"https:\/\/bulacad.ac-aix-marseille.fr\/images\/picto_attention.gif\"> Cette circulaire fera l&rsquo;objet d&rsquo;une publication au BA n\u00b0 998 du 12 f\u00e9vrier 2024 <img decoding=\"async\" src=\"https:\/\/bulacad.ac-aix-marseille.fr\/images\/picto_attention.gif\"> Appel \u00e0 candidatures &#8211; Personnel de direction d\u00e9l\u00e9gu\u00e9 aupr\u00e8s du p\u00f4le acad\u00e9mique de lutte contre le harc\u00e8lement<br><a target=\"_blank\" href=\"https:\/\/bulacad.ac-aix-marseille.fr\/uploads\/BA\/BA997\/Avis1.pdf?ts=1707157717\" rel=\"noreferrer noopener\">Avis1.pdf<\/a><\/li>\n\n\n\n<li><img decoding=\"async\" src=\"https:\/\/bulacad.ac-aix-marseille.fr\/images\/picto_attention.gif\"> Cette circulaire fera l&rsquo;objet d&rsquo;une publication au BA n\u00b0 998 du 12 f\u00e9vrier 2024 <img decoding=\"async\" src=\"https:\/\/bulacad.ac-aix-marseille.fr\/images\/picto_attention.gif\"> Appel \u00e0 candidatures &#8211; Conseiller principal d&rsquo;\u00e9ducation d\u00e9l\u00e9gu\u00e9 au p\u00f4le acad\u00e9mique de lutte contre le harc\u00e8lement<br><a target=\"_blank\" href=\"https:\/\/bulacad.ac-aix-marseille.fr\/uploads\/BA\/BA997\/Avis2.pdf?ts=1707157717\" rel=\"noreferrer noopener\">Avis2.pdf<\/a><\/li>\n\n\n\n<li><img decoding=\"async\" src=\"https:\/\/bulacad.ac-aix-marseille.fr\/images\/picto_attention.gif\"> Cette circulaire fera l&rsquo;objet d&rsquo;une publication au BA n\u00b0 998 du 12 f\u00e9vrier 2024 <img decoding=\"async\" src=\"https:\/\/bulacad.ac-aix-marseille.fr\/images\/picto_attention.gif\"> Appel \u00e0 candidatures &#8211; Psychologue de l&rsquo;\u00e9ducation nationale (sp\u00e9cialit\u00e9 EDO) d\u00e9l\u00e9gu\u00e9 au p\u00f4le acad\u00e9mique de lutte contre le harc\u00e8lement<br><a target=\"_blank\" href=\"https:\/\/bulacad.ac-aix-marseille.fr\/uploads\/BA\/BA997\/Avis3.pdf?ts=1707157717\" rel=\"noreferrer noopener\">Avis3.pdf<\/a><\/li>\n\n\n\n<li><img decoding=\"async\" src=\"https:\/\/bulacad.ac-aix-marseille.fr\/images\/picto_attention.gif\"> Cette circulaire fera l&rsquo;objet d&rsquo;une publication au BA n\u00b0 998 du 12 f\u00e9vrier 2024 <img decoding=\"async\" src=\"https:\/\/bulacad.ac-aix-marseille.fr\/images\/picto_attention.gif\"> Appel \u00e0 candidatures &#8211; Directeur d&rsquo;\u00e9cole d\u00e9l\u00e9gu\u00e9 du p\u00f4le acad\u00e9mique de lutte contre le harc\u00e8lement<br><a target=\"_blank\" href=\"https:\/\/bulacad.ac-aix-marseille.fr\/uploads\/BA\/BA997\/Avis4.pdf?ts=1707157717\" rel=\"noreferrer noopener\">Avis4.pdf<\/a><\/li>\n\n\n\n<li><img decoding=\"async\" src=\"https:\/\/bulacad.ac-aix-marseille.fr\/images\/picto_attention.gif\"> Cette circulaire fera l&rsquo;objet d&rsquo;une publication au BA n\u00b0 998 du 12 f\u00e9vrier 2024 <img decoding=\"async\" src=\"https:\/\/bulacad.ac-aix-marseille.fr\/images\/picto_attention.gif\"> Appel \u00e0 candidatures &#8211; Assistant de service social d\u00e9l\u00e9gu\u00e9 du p\u00f4le acad\u00e9mique de lutte contre le harc\u00e8lement<br><a target=\"_blank\" href=\"https:\/\/bulacad.ac-aix-marseille.fr\/uploads\/BA\/BA997\/Avis5.pdf?ts=1707157717\" rel=\"noreferrer noopener\">Avis5.pdf<\/a><\/li>\n\n\n\n<li><img decoding=\"async\" src=\"https:\/\/bulacad.ac-aix-marseille.fr\/images\/picto_attention.gif\"> Cette circulaire fera l&rsquo;objet d&rsquo;une publication au BA n\u00b0 998 du 12 f\u00e9vrier 2024 <img decoding=\"async\" src=\"https:\/\/bulacad.ac-aix-marseille.fr\/images\/picto_attention.gif\"> Appel \u00e0 candidatures &#8211; Agent administratif cat\u00e9gorie B p\u00f4le acad\u00e9mique de lutte contre le harc\u00e8lement<br><a target=\"_blank\" href=\"https:\/\/bulacad.ac-aix-marseille.fr\/uploads\/BA\/BA997\/Avis6.pdf?ts=1707157717\" rel=\"noreferrer noopener\">Avis6.pdf<\/a><\/li>\n<\/ul>\n","protected":false},"excerpt":{"rendered":"<p>Avis :<\/p>\n","protected":false},"author":1,"featured_media":0,"comment_status":"closed","ping_status":"closed","sticky":false,"template":"","format":"standard","meta":{"_lmt_disableupdate":"","_lmt_disable":"","site-sidebar-layout":"default","site-content-layout":"","ast-site-content-layout":"default","site-content-style":"default","site-sidebar-style":"default","ast-global-header-display":"","ast-banner-title-visibility":"","ast-main-header-display":"","ast-hfb-above-header-display":"","ast-hfb-below-header-display":"","ast-hfb-mobile-header-display":"","site-post-title":"","ast-breadcrumbs-content":"","ast-featured-img":"","footer-sml-layout":"","ast-disable-related-posts":"","theme-transparent-header-meta":"","adv-header-id-meta":"","stick-header-meta":"","header-above-stick-meta":"","header-main-stick-meta":"","header-below-stick-meta":"","astra-migrate-meta-layouts":"set","ast-page-background-enabled":"default","ast-page-background-meta":{"desktop":{"background-color":"var(--ast-global-color-4)","background-image":"","background-repeat":"repeat","background-position":"center center","background-size":"auto","background-attachment":"scroll","background-type":"","background-media":"","overlay-type":"","overlay-color":"","overlay-opacity":"","overlay-gradient":""},"tablet":{"background-color":"","background-image":"","background-repeat":"repeat","background-position":"center center","background-size":"auto","background-attachment":"scroll","background-type":"","background-media":"","overlay-type":"","overlay-color":"","overlay-opacity":"","overlay-gradient":""},"mobile":{"background-color":"","background-image":"","background-repeat":"repeat","background-position":"center center","background-size":"auto","background-attachment":"scroll","background-type":"","background-media":"","overlay-type":"","overlay-color":"","overlay-opacity":"","overlay-gradient":""}},"ast-content-background-meta":{"desktop":{"background-color":"var(--ast-global-color-5)","background-image":"","background-repeat":"repeat","background-position":"center center","background-size":"auto","background-attachment":"scroll","background-type":"","background-media":"","overlay-type":"","overlay-color":"","overlay-opacity":"","overlay-gradient":""},"tablet":{"background-color":"var(--ast-global-color-5)","background-image":"","background-repeat":"repeat","background-position":"center center","background-size":"auto","background-attachment":"scroll","background-type":"","background-media":"","overlay-type":"","overlay-color":"","overlay-opacity":"","overlay-gradient":""},"mobile":{"background-color":"var(--ast-global-color-5)","background-image":"","background-repeat":"repeat","background-position":"center center","background-size":"auto","background-attachment":"scroll","background-type":"","background-media":"","overlay-type":"","overlay-color":"","overlay-opacity":"","overlay-gradient":""}},"footnotes":""},"categories":[38,24],"tags":[],"class_list":["post-2646","post","type-post","status-publish","format-standard","hentry","category-actualites-2023-2024","category-parcours-carriere"],"modified_by":"slecourtier","_links":{"self":[{"href":"https:\/\/snalc.org\/snalc2023\/index.php?rest_route=\/wp\/v2\/posts\/2646","targetHints":{"allow":["GET"]}}],"collection":[{"href":"https:\/\/snalc.org\/snalc2023\/index.php?rest_route=\/wp\/v2\/posts"}],"about":[{"href":"https:\/\/snalc.org\/snalc2023\/index.php?rest_route=\/wp\/v2\/types\/post"}],"author":[{"embeddable":true,"href":"https:\/\/snalc.org\/snalc2023\/index.php?rest_route=\/wp\/v2\/users\/1"}],"replies":[{"embeddable":true,"href":"https:\/\/snalc.org\/snalc2023\/index.php?rest_route=%2Fwp%2Fv2%2Fcomments&post=2646"}],"version-history":[{"count":1,"href":"https:\/\/snalc.org\/snalc2023\/index.php?rest_route=\/wp\/v2\/posts\/2646\/revisions"}],"predecessor-version":[{"id":2647,"href":"https:\/\/snalc.org\/snalc2023\/index.php?rest_route=\/wp\/v2\/posts\/2646\/revisions\/2647"}],"wp:attachment":[{"href":"https:\/\/snalc.org\/snalc2023\/index.php?rest_route=%2Fwp%2Fv2%2Fmedia&parent=2646"}],"wp:term":[{"taxonomy":"category","embeddable":true,"href":"https:\/\/snalc.org\/snalc2023\/index.php?rest_route=%2Fwp%2Fv2%2Fcategories&post=2646"},{"taxonomy":"post_tag","embeddable":true,"href":"https:\/\/snalc.org\/snalc2023\/index.php?rest_route=%2Fwp%2Fv2%2Ftags&post=2646"}],"curies":[{"name":"wp","href":"https:\/\/api.w.org\/{rel}","templated":true}]}}