{"id":2664,"date":"2024-02-11T09:00:34","date_gmt":"2024-02-11T08:00:34","guid":{"rendered":"https:\/\/snalc.org\/snalc2023\/?p=2664"},"modified":"2024-02-11T09:00:37","modified_gmt":"2024-02-11T08:00:37","slug":"le-figaro-tv-satisfait-de-la-nomination-de-nicole-belloubet","status":"publish","type":"post","link":"https:\/\/snalc.org\/snalc2023\/?p=2664","title":{"rendered":"Le Figaro TV \u2013 satisfait de la nomination de Nicole Belloubet ?"},"content":{"rendered":"\n<figure class=\"wp-block-image\"><img decoding=\"async\" src=\"https:\/\/snalc.fr\/wp-content\/uploads\/Y-8l46J1_400x400.jpg\" alt=\"\" class=\"wp-image-37800\"\/><\/figure>\n\n\n\n<p>\u00ab D\u00e8s la premi\u00e8re prise de parole, on crache sur l&rsquo;\u00e9cole publique et sa derni\u00e8re prestation \u00e0 l&rsquo;Assembl\u00e9e nationale consistait \u00e0 dire que si on fermait des classes, c&rsquo;\u00e9tait parce qu&rsquo;il n&rsquo;y avait pas assez d&rsquo;\u00e9l\u00e8ves dans les classes, ce qui manquait d&rsquo;\u00e9mulation, et que tous les professeurs \u00e9taient d&rsquo;accord avec \u00e7a. Je pense qu&rsquo;\u00e0 un moment donn\u00e9, il fallait quand m\u00eame arr\u00eater les frais. Ce n&rsquo;\u00e9tait pas s\u00e9rieux. \u00bb<\/p>\n\n\n\n<figure class=\"wp-block-image\"><img decoding=\"async\" src=\"https:\/\/snalc.fr\/wp-content\/uploads\/SNALC-congres-Strasbourg-mai-2023-Photo-Philippe-Sautier-3-e1686317689865.jpg\" alt=\"\" class=\"wp-image-27808\"\/><\/figure>\n\n\n\n<p>Jean-R\u00e9mi Girard<\/p>\n\n\n\n<p>Pr\u00e9sident du SNALC<\/p>\n\n\n\n<p>\u00cates-vous satisfait de la nomination de Nicole Belloubet \u00e0 l\u2019Education nationale?<br>C\u2019est la question du jour du Figaro, au lendemain de la nomination de l\u2019ex ministre de la Justice \u00e0 la place d\u2019Am\u00e9lie Oud\u00e9a-Cast\u00e9ra, rest\u00e9e seulement un mois \u00e0 la t\u00eate du minist\u00e8re de l\u2019\u00c9ducation nationale.<\/p>\n\n\n\n<p><strong>Jean-R\u00e9mi GIRARD, pr\u00e9sident national du SNALC (syndicat national des lyc\u00e9es, coll\u00e8ges, \u00e9coles et du sup\u00e9rieur), r\u00e9agit sur le plateau du <a href=\"https:\/\/video.lefigaro.fr\/figaro\/video\/etes-vous-satisfait-de-la-nomination-de-nicole-belloubet-a-leducation-nationale\/\">Figaro TV<\/a> du vendredi 09 f\u00e9vrier 2024<\/strong><\/p>\n\n\n\n<p><strong>Le Figaro Live \u2013 Thibaut Gauthier<\/strong><\/p>\n\n\n\n<p>Nomination d\u2019une revenante, Nicole Belloubet, notre question du jour porte sur elle. \u00cates-vous satisfait de la nomination de Nicole Belloubet au minist\u00e8re de l\u2019\u00c9ducation nationale ? Jean-R\u00e9mi Girard, bonjour. Merci d\u2019\u00eatre ici, pr\u00e9sident du SNALC, Syndicat National des lyc\u00e9es et coll\u00e8ges, des \u00e9coles et du sup\u00e9rieur. Un mot avant de se plonger dans le dossier Belloubet, Am\u00e9lie Ou\u00e9da-Castera n\u2019a pas r\u00e9sist\u00e9, est-ce de votre faute ?&nbsp;<\/p>\n\n\n\n<p><strong>SNALC \u2013 Jean-R\u00e9mi Girard<\/strong><\/p>\n\n\n\n<p>Je ne crois pas que ce soit uniquement de notre faute. Je pense que c\u2019est quand m\u00eame en grande partie de sa faute \u00e0 elle.<\/p>\n\n\n\n<p><strong>Le Figaro Live \u2013 Thibaut Gauthier<\/strong><\/p>\n\n\n\n<p>Ah oui, vous trouvez ? C\u2019\u00e9tait impossible pour elle de rester ?<\/p>\n\n\n\n<p><strong>SNALC \u2013 Jean-R\u00e9mi Girard<\/strong><\/p>\n\n\n\n<p>C\u2019\u00e9tait compliqu\u00e9. D\u00e8s la premi\u00e8re prise de parole, on crache sur l\u2019\u00e9cole publique et sa derni\u00e8re prestation \u00e0 l\u2019Assembl\u00e9e nationale consistait \u00e0 dire que si on fermait des classes, c\u2019\u00e9tait parce qu\u2019il n\u2019y avait pas assez d\u2019\u00e9l\u00e8ves dans les classes, ce qui manquait d\u2019\u00e9mulation, et que tous les professeurs \u00e9taient d\u2019accord avec \u00e7a. Je pense qu\u2019\u00e0 un moment donn\u00e9, il fallait quand m\u00eame arr\u00eater les frais. Ce n\u2019\u00e9tait pas s\u00e9rieux.<\/p>\n\n\n\n<p><strong>Le Figaro Live \u2013 Thibaut Gauthier<\/strong><\/p>\n\n\n\n<p>Honn\u00eatement, est-ce que, bon, oui, elle a fait des erreurs de communication notamment, mais est-ce qu\u2019elle paye un peu pour la mauvaise foi de tous les c\u00f4t\u00e9s ? On n\u2019a m\u00eame pas pu voir ce qu\u2019elle faisait, Am\u00e9lie Oud\u00e9a-Castera.<\/p>\n\n\n\n<p><strong>SNALC \u2013 Jean-R\u00e9mi Girard<\/strong><\/p>\n\n\n\n<p>Ah ben, nous non plus, d\u2019ailleurs, on n\u2019a pas pu voir ce qu\u2019elle faisait. On n\u2019a pas pu la voir beaucoup.<\/p>\n\n\n\n<p><strong>Le Figaro Live \u2013 Thibaut Gauthier<\/strong><\/p>\n\n\n\n<p>Ah oui, vous ne l\u2019avez pas vue ?<\/p>\n\n\n\n<p><strong>SNALC \u2013 Jean-R\u00e9mi Girard<\/strong><\/p>\n\n\n\n<p>Nous, on l\u2019a vue une fois pendant 50 minutes, Am\u00e9lie Oud\u00e9a-Castera, pendant tout le mois. Donc, voil\u00e0. Apr\u00e8s, on est bien d\u2019accord qu\u2019elle n\u2019\u00e9tait pas forc\u00e9ment dans une situation simple. Elle s\u2019est pris les pieds dans le tapis. Bon, ben, parfois, c\u2019est ce qui se passe en politique. Une fois encore, nous n\u2019avons pas sp\u00e9cifiquement demand\u00e9 sa d\u00e9mission.<\/p>\n\n\n\n<p><strong>Le Figaro Live \u2013 Thibaut Gauthier<\/strong><\/p>\n\n\n\n<p>Est-ce que \u00e7a posait r\u00e9ellement un probl\u00e8me aux professeurs et au monde enseignant que ses enfants, car c\u2019est \u00e7a l\u2019origine, ses enfants soient dans le priv\u00e9 ? Est-ce que c\u2019est un probl\u00e8me qu\u2019un ministre de l\u2019\u00c9ducation nationale ait ses enfants dans le priv\u00e9 ?<\/p>\n\n\n\n<p><strong>SNALC \u2013 Jean-R\u00e9mi Girard<\/strong><\/p>\n\n\n\n<p>Ah non, \u00e7a, tout le monde s\u2019en fiche. Ce n\u2019est pas la premi\u00e8re fois. D\u2019ailleurs, Pap Ndiaye, ses enfants allaient \u00e0 l\u2019\u00e9cole Alsacienne.&nbsp;<\/p>\n\n\n\n<p><strong>Le Figaro Live \u2013 Thibaut Gauthier<\/strong><\/p>\n\n\n\n<p>Oui, alors je ne comprends pas.<\/p>\n\n\n\n<p><strong>Le Figaro Live \u2013 Thibaut Gauthier<\/strong><\/p>\n\n\n\n<p>Ce n\u2019est pas \u00e7a, en fait, du tout le probl\u00e8me. \u00c7a, c\u2019est sa vie personnelle. Elle a ses enfants dans le priv\u00e9. \u00c0 Stanislas, si elle a envie, elle a la chance, elle, de pouvoir le faire. Tant mieux pour elle. Le probl\u00e8me, c\u2019est qu\u2019elle a, en fait, crach\u00e9 sur l\u2019\u00e9cole publique d\u00e8s qu\u2019elle est intervenue. En plus, en disant des choses qui se sont r\u00e9v\u00e9l\u00e9es compl\u00e8tement fausses. Et ensuite, elle a pass\u00e9 son temps \u00e0 s\u2019excuser.<\/p>\n\n\n\n<p><strong>SNALC \u2013 Jean-R\u00e9mi Girard<\/strong><\/p>\n\n\n\n<p>Vous me dites, Jean-R\u00e9mi Girard, que si elle n\u2019avait rien dit \u00e0 l\u2019origine et qu\u2019elle avait seulement expliqu\u00e9 que c\u2019\u00e9tait son choix, point, on n\u2019en serait pas l\u00e0.<\/p>\n\n\n\n<p><strong>SNALC \u2013 Jean-R\u00e9mi Girard<\/strong><\/p>\n\n\n\n<p>Ah oui, mais c\u2019est ce que Pap Ndiaye avait fait. Et Pap Ndiaye, on n\u2019a pas pass\u00e9 un mois sur la scolarit\u00e9 de ses enfants.<\/p>\n\n\n\n<p>\u00ab Mais il y a un point, c&rsquo;est qu&rsquo;effectivement, le fait qu&rsquo;elle soit une ancienne rectrice, elle va pouvoir comprendre beaucoup plus vite les probl\u00e8mes qu&rsquo;on a sur l&rsquo;organisation de la rentr\u00e9e scolaire dans les coll\u00e8ges, par exemple. \u00c7a, on ne va pas avoir besoin de lui expliquer pendant des heures et des heures. Elle va normalement tout de suite piger. Donc, au moins, on pourra peut-\u00eatre faire les constats plus facilement&#8230;. \u00bb<\/p>\n\n\n\n<figure class=\"wp-block-image\"><img decoding=\"async\" src=\"https:\/\/snalc.fr\/wp-content\/uploads\/SNALC-congres-Strasbourg-mai-2023-Photo-Philippe-Sautier-3-e1686317689865.jpg\" alt=\"\" class=\"wp-image-27808\"\/><\/figure>\n\n\n\n<p>Jean-R\u00e9mi Girard<\/p>\n\n\n\n<p>Pr\u00e9sident du SNALC<\/p>\n\n\n\n<p><strong>Le Figaro Live \u2013 Thibaut Gauthier<\/strong><\/p>\n\n\n\n<p>Nicole Belloubet, tiens donc un retour. Alors un retour pour ceux qui suivent la politique. Je ne suis pas certain qu\u2019elle ait marqu\u00e9 de son empreinte l\u2019histoire du minist\u00e8re de la Justice. Mais elle a \u00e9t\u00e9 ministre de la Justice pendant deux ans. Mais finalement, il semblerait que le minist\u00e8re de l\u2019\u00c9ducation lui convienne mieux, puisque c\u2019est son secteur, l\u2019\u00c9ducation nationale.<\/p>\n\n\n\n<p><strong>SNALC \u2013 Jean-R\u00e9mi Girard<\/strong><\/p>\n\n\n\n<p>Ah oui, Nicole Belloubet, c\u2019est quelqu\u2019un que j\u2019ai crois\u00e9 au tout d\u00e9but de ma carri\u00e8re de repr\u00e9sentant syndical. C\u2019est une femme qui a \u00e9t\u00e9 rectrice de deux acad\u00e9mies, qui s\u2019est occup\u00e9e des questions d\u2019\u00e9ducation dans la r\u00e9gion Midi-Pyr\u00e9n\u00e9es, qui \u00e9tait l\u00e0 au tout d\u00e9but de Vincent Peillon sur la refondation de l\u2019\u00e9cole. Moi, j\u2019ai pass\u00e9 80 heures l\u2019\u00e9t\u00e9 2012 avec elle dans des r\u00e9unions. Voil\u00e0, donc c\u2019est quelqu\u2019un qui ma\u00eetrise les dossiers.<\/p>\n\n\n\n<p><strong>Le Figaro Live \u2013 Thibaut Gauthier<\/strong><\/p>\n\n\n\n<p>Vous allez pouvoir nous parler d\u2019elle. Tout d\u2019abord, est-ce que cela vous rassure d\u2019avoir trait\u00e9 avec quelqu\u2019un qui conna\u00eet la maison ? Parce que ce n\u2019\u00e9tait pas le cas d\u2019Am\u00e9lie Oud\u00e9a-Castera, qui n\u2019avait aucun lien a priori avec l\u2019\u00c9ducation nationale. Ce n\u2019\u00e9tait pas non plus le cas de Gabriel Attal ou de Pap Ndiaye. Si, toutefois, ils avaient une certaine connaissance de l\u2019\u00c9ducation nationale. Mais depuis Jean-Michel Blanquer, concr\u00e8tement, vous n\u2019avez pas eu, au minist\u00e8re de l\u2019\u00c9ducation nationale, un professeur, un recteur ou quelqu\u2019un du milieu.<\/p>\n\n\n\n<p><strong>SNALC \u2013 Jean-R\u00e9mi Girard<\/strong><\/p>\n\n\n\n<p>Oui, effectivement.<\/p>\n\n\n\n<p><strong>Le Figaro Live \u2013 Thibaut Gauthier<\/strong><\/p>\n\n\n\n<p>\u00c7a vous rassure, \u00e7a ou pas ?<\/p>\n\n\n\n<p><strong>SNALC \u2013 Jean-R\u00e9mi Girard<\/strong><\/p>\n\n\n\n<p>Pas forc\u00e9ment, parce que ce n\u2019est pas toujours quand ils sont du milieu qu\u2019ils sont les meilleurs. Enfin, Jean-Michel Blanquer, \u00e7a a dur\u00e9 longtemps sur la fin, quand m\u00eame. N\u00e9anmoins, l\u00e0, il y a un point, quoi qu\u2019on puisse penser de Nicole Belloubet, et nous, on a des divergences de fond avec ce qu\u2019elle a pu exprimer sur l\u2019\u00e9ducation quand elle \u00e9tait justement dans le secteur de l\u2019\u00c9ducation nationale. Mais il y a un point, c\u2019est qu\u2019effectivement, le fait qu\u2019elle soit une ancienne rectrice, elle va pouvoir comprendre beaucoup plus vite les probl\u00e8mes qu\u2019on a sur l\u2019organisation de la rentr\u00e9e scolaire dans les coll\u00e8ges, par exemple. \u00c7a, on ne va pas avoir besoin de lui expliquer pendant des heures et des heures. Elle va normalement tout de suite piger. Donc, au moins, on pourra peut-\u00eatre faire les constats plus facilement.<\/p>\n\n\n\n<p><strong>Le Figaro Live \u2013 Thibaut Gauthier<\/strong><\/p>\n\n\n\n<p>\u00cates-vous satisfait de la nomination de Nicole Belloubet \u00e0 l\u2019\u00c9ducation nationale ? C\u2019est notre question du jour. Alors, ce matin, j\u2019ai lu un papier dans le Figaro. Je ne sais pas si vous l\u2019avez lu. C\u2019est un portrait de Nicole Belloubet, Jean-R\u00e9mi Girard. Alors, vous la connaissez mieux que nous, mais je lis certaines choses. C\u2019est une femme de gauche qui arrive tr\u00e8s clairement, avec une vision de l\u2019\u00e9cole qui ne semble pas correspondre \u00e0 celle qu\u2019a pr\u00f4n\u00e9e Gabriel Attal pendant ses 6 mois \u00e0 l\u2019\u00c9ducation nationale et depuis qu\u2019il est Premier ministre. Est-ce que vous aussi, vous avez l\u2019impression qu\u2019il y a une divergence entre les deux ? Vous qui connaissez les deux.&nbsp;<\/p>\n\n\n\n<p><strong>SNALC \u2013 Jean-R\u00e9mi Girard<\/strong><\/p>\n\n\n\n<p>De ce que j\u2019ai connu de Nicole Belloubet, oui, c\u2019est un peu comme si vous demandiez \u00e0 Gandhi de promouvoir la violence, en fait. Nicole Belloubet, c\u2019est quelqu\u2019un qui n\u2019h\u00e9sitait pas \u00e0 affirmer qu\u2019il fallait moins d\u2019heures de cours disciplinaires, moins d\u2019heures de fran\u00e7ais, de maths, d\u2019histoire-g\u00e9o pour faire plus de projets. Nicole Belloubet, elle est oppos\u00e9e au redoublement, tr\u00e8s clairement. Nicole Belloubet d\u00e9teste les uniformes, etc. Donc, c\u2019est vrai qu\u2019il y a un c\u00f4t\u00e9 tr\u00e8s \u00e9tonnant de se dire qu\u2019elle a une feuille de route qui va lui arriver, qui est quand m\u00eame extr\u00eamement oppos\u00e9e \u00e0 ce que moi, je l\u2019ai toujours entendu dire sur le secteur \u00e9ducatif.<\/p>\n\n\n\n<p><strong>Le Figaro Live \u2013 Thibaut Gauthier<\/strong><\/p>\n\n\n\n<p>Est-ce que vous confirmez ? J\u2019ai ce mot qui revient souvent, il est entre guillemets dans ce papier du Figaro, \u201cp\u00e9dagogisme\u201d. C\u2019est une chantre du p\u00e9dagogisme. C\u2019est vrai ou pas ? Et \u00e7a veut dire quoi ?<\/p>\n\n\n\n<p><strong>SNALC \u2013 Jean-R\u00e9mi Girard<\/strong><\/p>\n\n\n\n<p>Si on lance le d\u00e9bat sur ce qu\u2019est le p\u00e9dagogisme\u2026<\/p>\n\n\n\n<p><strong>Le Figaro Live \u2013 Thibaut Gauthier<\/strong><\/p>\n\n\n\n<p>Oui, mais pour que les gens qui nous \u00e9coutent et nous regardent comprennent.<\/p>\n\n\n\n<p><strong>SNALC \u2013 Jean-R\u00e9mi Girard<\/strong><\/p>\n\n\n\n<p>Oui, c\u2019est quelqu\u2019un qui, globalement, voil\u00e0, l\u2019autorit\u00e9, elle s\u2019est oppos\u00e9e aux cours magistraux, m\u00eame si en fait, on ne fait pas de cours magistraux. En coll\u00e8ge et en lyc\u00e9e, on fait des cours dialogu\u00e9s au mieux, quand on y arrive. Mais effectivement, c\u2019est quelqu\u2019un qui va \u00eatre pro-comp\u00e9tences, pro tout \u00e7a. Et je vous dis, elle est contre, moi je l\u2019ai entendu tenir des discours contre l\u2019anglais renforc\u00e9, contre les options qui donnent plus \u00e0 ceux qui en ont d\u00e9j\u00e0 plus, ce genre de choses-l\u00e0. Maintenant, c\u2019\u00e9tait il y a 10-15 ans, m\u00eame 20 ans, pour certaines choses. Elle n\u2019est pas dans le m\u00eame gouvernement. Enfin, la Macronie, elle conna\u00eet aussi, Nicole Belloubet, elle a \u00e9t\u00e9 ministre de la Justice. Donc, \u00e0 voir, elle ne va peut-\u00eatre pas mettre ses convictions personnelles, id\u00e9ologiques, au premier plan non plus. Donc, nous, on attend de voir.<\/p>\n\n\n\n<p><strong>Le Figaro Live \u2013 Thibaut Gauthier<\/strong><\/p>\n\n\n\n<p>Vous aimeriez quoi ? Qu\u2019elle mette ses convictions personnelles au premier plan, comme la plupart des syndicats, ou qu\u2019elle suive la ligne Attal ?<\/p>\n\n\n\n<p><strong>SNALC \u2013 Jean-R\u00e9mi Girard<\/strong><\/p>\n\n\n\n<p>Nous, on aimerait\u2026<\/p>\n\n\n\n<p><strong>Le Figaro Live \u2013 Thibaut Gauthier<\/strong><\/p>\n\n\n\n<p>Un entre-deux, vous allez me dire, je vous vois venir.<\/p>\n\n\n\n<p><strong>SNALC \u2013 Jean-R\u00e9mi Girard<\/strong><\/p>\n\n\n\n<p>Oui, nous, on aimerait que son aspect technique, qu\u2019on lui reconna\u00eet bien volontiers, permette que les mesures qui sont prises n\u2019aillent pas dans le mur, parce qu\u2019elles sont irr\u00e9alisables sur le terrain, en fait.<\/p>\n\n\n\n<p><strong>Le Figaro Live \u2013 Thibaut Gauthier<\/strong><\/p>\n\n\n\n<p>C\u2019est-\u00e0-dire ?<\/p>\n\n\n\n<p><strong>SNALC \u2013 Jean-R\u00e9mi Girard<\/strong><\/p>\n\n\n\n<p>Les groupes de niveau en 6e, 5e, \u00e7a n\u2019a pas \u00e9t\u00e9 travaill\u00e9. Nous, on le dit depuis le d\u00e9but, le calendrier est beaucoup trop rapide. En ce moment m\u00eame, on doit voter les r\u00e9partitions horaires pour la rentr\u00e9e prochaine dans les coll\u00e8ges. Personne ne sait comment \u00e7a marche, personne ne sait combien il doit y avoir de groupes, comment on les organise. C\u2019est le bazar dans tous les coll\u00e8ges, parce que le minist\u00e8re n\u2019a pas fait son boulot.<\/p>\n\n\n\n<p><strong>Le Figaro Live \u2013 Thibaut Gauthier<\/strong><\/p>\n\n\n\n<p>D\u2019accord, mais est-ce qu\u2019\u00e0 terme, vous me dites que rapidement, ce n\u2019est pas possible, mais est-ce qu\u2019\u00e0 terme, c\u2019est une mesure qui peut vous int\u00e9resser ?<\/p>\n\n\n\n<p><strong>SNALC \u2013 Jean-R\u00e9mi Girard<\/strong><\/p>\n\n\n\n<p>Oui, bien s\u00fbr. Alors, probablement pas en 6e, ni en 5e, ni en 4e, ni en 3e, \u00e7a, ce n\u2019est pas tenable, tr\u00e8s clairement, parce que \u00e7a\u2026 Je ne peux pas vous faire toute l\u2019organisation d\u2019un coll\u00e8ge, mais \u00e7a ne marchera pas. Enfin, c\u2019est presque scientifiquement impossible de faire tenir les choses, de mettre les professeurs en barrette, en horizontal, en vertical, en diagonale, etc., avec tous les cours de fran\u00e7ais \u00e0 la m\u00eame heure, au m\u00eame moment.<\/p>\n\n\n\n<p><strong>Le Figaro Live \u2013 Thibaut Gauthier<\/strong><\/p>\n\n\n\n<p>Bon, l\u00e0, je vais bien vous croire, c\u2019est vous qui \u00eates dedans.<\/p>\n\n\n\n<p><strong>SNALC \u2013 Jean-R\u00e9mi Girard<\/strong><\/p>\n\n\n\n<p>Ce n\u2019est absolument pas faisable. En revanche, effectivement, par exemple, en 5e et 4e, que la moiti\u00e9 de l\u2019horaire soit en groupe avec les \u00e9l\u00e8ves les plus en difficult\u00e9, qui soient \u00e0 effectif r\u00e9duit, \u00e7a, c\u2019est tout \u00e0 fait organisable.<\/p>\n\n\n\n<p><strong>Le Figaro Live \u2013 Thibaut Gauthier<\/strong><\/p>\n\n\n\n<p>Est-ce que Nicole Belloubet a envie de faire \u00e7a ? Est-ce qu\u2019elle a envie, par exemple, et vous, est-ce que vous avez envie qu\u2019elle porte cette mesure tr\u00e8s symbolique ? En tout cas, pour l\u2019instant, de l\u2019uniforme.<\/p>\n\n\n\n<p><strong>SNALC \u2013 Jean-R\u00e9mi Girard<\/strong><\/p>\n\n\n\n<p>Je ne sais pas si elle a envie de faire \u00e7a. Il faudra lui demander \u00e0 elle.<\/p>\n\n\n\n<p><strong>Le Figaro Live \u2013 Thibaut Gauthier<\/strong><\/p>\n\n\n\n<p>Est-ce que vous en avez envie ?<\/p>\n\n\n\n<p><strong>SNALC \u2013 Jean-R\u00e9mi Girard<\/strong><\/p>\n\n\n\n<p>On attend qu\u2019on la rencontre la semaine prochaine pour \u00e7a. L\u2019uniforme, c\u2019est la priorit\u00e9 num\u00e9ro 72 chez le personnel de l\u2019\u00c9ducation nationale. Honn\u00eatement, la priorit\u00e9 num\u00e9ro 1, c\u2019est d\u00e9j\u00e0 d\u2019avoir des profs devant \u00e9l\u00e8ve. L\u2019uniforme, ce n\u2019est pas la question du moment pour nous.<\/p>\n\n\n\n<p>\u00ab L&rsquo;uniforme, c&rsquo;est la priorit\u00e9 num\u00e9ro 72 chez le personnel de l&rsquo;\u00c9ducation nationale. Honn\u00eatement, la priorit\u00e9 num\u00e9ro 1, c&rsquo;est d\u00e9j\u00e0 d&rsquo;avoir des profs devant \u00e9l\u00e8ve. L&rsquo;uniforme, ce n&rsquo;est pas la question du moment pour nous. \u00bb<\/p>\n\n\n\n<figure class=\"wp-block-image\"><img decoding=\"async\" src=\"https:\/\/snalc.fr\/wp-content\/uploads\/SNALC-congres-Strasbourg-mai-2023-Photo-Philippe-Sautier-3-e1686317689865.jpg\" alt=\"\" class=\"wp-image-27808\"\/><\/figure>\n\n\n\n<p>Jean-R\u00e9mi Girard<\/p>\n\n\n\n<p>Pr\u00e9sident du SNALC<\/p>\n\n\n\n<p><strong>Le Figaro Live \u2013 Thibaut Gauthier<\/strong><\/p>\n\n\n\n<p>Je vais vous rassurer. Elle avait d\u00e9missionn\u00e9 de son poste sous le gouvernement de Raffarin lorsque celui-ci avait voulu diminuer le nombre d\u2019enseignants. Donc, \u00e7a, visiblement, elle a envie d\u2019augmenter le nombre d\u2019enseignants. \u00c7a, c\u2019est plut\u00f4t une bonne nouvelle. Je voudrais vraiment que vous interrogiez sur la question de l\u2019uniforme. Je sais que ce n\u2019est pas votre priorit\u00e9, mais c\u2019est tr\u00e8s symbolique et \u00e7a parle aux gens. Est-ce que vous, vous \u00eates pour ? Et est-ce que vous pensez que Nicole Belloubet va pousser dans le sens de Gabriel Attal et d\u2019Emmanuel Macron ?<\/p>\n\n\n\n<p><strong>SNALC \u2013 Jean-R\u00e9mi Girard<\/strong><\/p>\n\n\n\n<p>Alors, nous, au SNALC, une fois encore, on s\u2019en fiche de l\u2019uniforme. On ne pense pas que ce soit une marque de totalitarisme ou de\u2026 Voil\u00e0, ce n\u2019est absolument pas vrai. Il y a une tenue unique dans la plupart des \u00e9tablissements en Martinique. \u00c7a existe en France, avant d\u2019aller m\u00eame chercher des exemples au Japon ou je ne sais o\u00f9. On n\u2019a jamais prouv\u00e9 que \u00e7a avait un impact particulier en Martinique ou ailleurs. D\u2019ailleurs, \u00e7a, en revanche, nous, ce que l\u2019on constate dans l\u2019exp\u00e9rimentation qui va \u00eatre mise en \u0153uvre, c\u2019est que \u00e7a co\u00fbte \u00e9norm\u00e9ment d\u2019argent public parce que l\u2019uniforme, ce ne sont pas les parents qui vont les payer. Ce sont les collectivit\u00e9s locales et l\u2019\u00c9tat. Donc l\u00e0, on est en train de mettre plusieurs millions d\u2019euros juste pour 100 \u00e9tablissements. Plusieurs millions d\u2019euros qui vont partir dans des v\u00eatements. Donc, partant de l\u00e0, nous, on pense qu\u2019il y a des priorit\u00e9s \u00e0 avoir en termes budg\u00e9taires. L\u2019\u00c9ducation nationale, ce n\u2019est pas un gouffre sans fond. On ne peut pas le nourrir budg\u00e9tairement jusqu\u2019\u00e0 plus soif. \u00c0 un moment, ce n\u2019est pas de l\u2019argent bien employ\u00e9 actuellement.&nbsp;<\/p>\n\n\n\n<p><strong>Le Figaro Live \u2013 Thibaut Gauthier<\/strong><\/p>\n\n\n\n<p>Jean-R\u00e9mi Girard, pr\u00e9sident du SNALC, qui va r\u00e9pondre \u00e0 cette question du jour. \u00ab \u00cates-vous satisfait de la nomination de Nicole Belloubet \u00e0 l\u2019\u00c9ducation nationale ? \u00bb Je comprends, vous me dites, pour l\u2019instant, on attend de voir. Mais l\u00e0, premi\u00e8re vue, vous \u00eates plut\u00f4t satisfait. Vous vous dites, bon, bah tiens, elle va suivre ce que veut faire Gabriel Attal, ce qui l\u2019a entrepris depuis six mois \u00e0 l\u2019\u00c9ducation nationale. Ou au contraire, elle ne va pas le faire. Et donc, \u00e7a nous emb\u00eate ou \u00e7a nous pla\u00eet ? Qu\u2019est-ce qu\u2019il en est pour vous ?<\/p>\n\n\n\n<p><strong>SNALC \u2013 Jean-R\u00e9mi Girard<\/strong><\/p>\n\n\n\n<p>Moi, je vois mal Nicole Belloubet ne pas essayer d\u2019imprimer un petit peu sa marque quand m\u00eame. Une fois encore, pour l\u2019avoir connue, ce n\u2019est pas\u2026<\/p>\n\n\n\n<p><strong>Le Figaro Live \u2013 Thibaut Gauthier<\/strong><\/p>\n\n\n\n<p>Elle n\u2019est pas l\u00e0 juste pour vous draguer, vous, les syndicats ?<\/p>\n\n\n\n<p><strong>SNALC \u2013 Jean-R\u00e9mi Girard<\/strong><\/p>\n\n\n\n<p>Je pense qu\u2019elle est l\u00e0 pour apaiser les choses, tr\u00e8s clairement. Ensuite, ce n\u2019est peut-\u00eatre pas mon syndicat qu\u2019elle va chercher \u00e0 draguer le premier. \u00c7a, qu\u2019on soit bien d\u2019accord. N\u00e9anmoins, je dirais, l\u00e0, on a \u00e0 tout le moins besoin de quelqu\u2019un d\u2019un peu technique. On a besoin de comp\u00e9tences techniques au minist\u00e8re de l\u2019\u00c9ducation nationale en ce moment. Si au moins, elle peut apporter \u00e7a, et effectivement que sur ses convictions id\u00e9ologiques, \u00e7a passe au second plan, ce ne sera peut-\u00eatre pas la pire ministre. Enfin, je veux dire, la pire ministre, on vient de l\u2019avoir. Donc, je pense que ce ne sera pas pire.<\/p>\n\n\n\n<p><strong>Le Figaro Live \u2013 Thibaut Gauthier<\/strong><\/p>\n\n\n\n<p>Alors, vous me dites que vous \u00eates plut\u00f4t satisfait, visiblement, en tout cas, par rapport \u00e0 Am\u00e9lie Oud\u00e9a-Casterat, si j\u2019ai bien compris.<\/p>\n\n\n\n<p><strong>SNALC \u2013 Jean-R\u00e9mi Girard<\/strong><\/p>\n\n\n\n<p>Honn\u00eatement, en m\u00eame temps, vous me mettez un ficus par rapport \u00e0 Am\u00e9lie Oud\u00e9a-Casterat. Je suis assez satisfait aussi.<\/p>\n\n\n\n<p><strong>Le Figaro Live \u2013 Thibaut Gauthier<\/strong><\/p>\n\n\n\n<p>\u00cates-vous satisfait de la nomination de Nicole Belloubet \u00e0 l\u2019\u00c9ducation nationale ? C\u2019est oui \u00e0 seulement 22% pour les internautes du Figaro. C\u2019est non \u00e0 77,85%. Je pense que cette vision qu\u2019on a pour l\u2019instant de Nicole Belloubet ne pla\u00eet pas aux internautes du Figaro. Elle a eu des positions particuli\u00e8res sur la la\u00efcit\u00e9. Je lis dans le journal de ce matin, \u00e0 nouveau, je m\u2019y r\u00e9f\u00e8re. Elle n\u2019aurait pas interdit les abayas, ass\u00e8ne un syndicaliste.<\/p>\n\n\n\n<p><strong>SNALC \u2013 Jean-R\u00e9mi Girard<\/strong><\/p>\n\n\n\n<p>Ah oui, non, \u00e7a, elle n\u2019aurait pas interdit les abayas, Nicole Belloubet, \u00e7a, je vous le confirme. Enfin, c\u2019est pas du tout, c\u2019est pas du tout, une fois encore, sa ligne id\u00e9ologique, tr\u00e8s tr\u00e8s clairement. Maintenant, elle n\u2019est pas Premier ministre, elle n\u2019est pas pr\u00e9sidente de la R\u00e9publique. Donc, c\u2019est possible qu\u2019elle n\u2019ait pas tout \u00e0 fait son mot \u00e0 dire sur ces choses-l\u00e0. Vous l\u2019imaginez, Gabriel Attal est Premier ministre, Nicole Belloubet disant, ah ben non, finalement, l\u2019interdiction des abayas, on arr\u00eate. \u00c7a n\u2019arrivera pas, \u00e7a n\u2019arrivera clairement pas.<\/p>\n\n\n\n<p><strong>Le Figaro Live \u2013 Thibaut Gauthier<\/strong><\/p>\n\n\n\n<p>Elle a des qualit\u00e9s, j\u2019imagine. Est-ce que sa principale, c\u2019est la n\u00e9gociation ? Est-ce que vous allez la rencontrer, discuter beaucoup, plus qu\u2019avec d\u2019autres ? Comment \u00e7a se passe d\u2019ailleurs, d\u2019acqu\u00e9rir un nouveau ministre, et nommer, ils convoquent tous les syndicats, un par un ou ensemble ?<\/p>\n\n\n\n<p><strong>SNALC \u2013 Jean-R\u00e9mi Girard<\/strong><\/p>\n\n\n\n<p>Un par un, un par un. Il y a des audiences assez habituelles pour faire un peu l\u2019\u00e9tat des lieux, pour pr\u00e9senter ce qu\u2019ils veulent mettre en place, et puis pour \u00e9couter les revendications, les propositions qu\u2019on peut avoir. C\u2019est variable, Gabriel Attal, nous, on l\u2019avait vu \u00e0 peu pr\u00e8s deux heures et demie, Am\u00e9lie Oud\u00e9a-Castera, on l\u2019avait vu 50 minutes. Donc, si Nicole Belloubet peut faire une heure et quart, d\u00e9j\u00e0, ce serait pas mal. On aurait au moins le temps de se parler d\u2019un certain nombre de sujets, parce que des difficult\u00e9s \u00e0 l\u2019\u00c9ducation nationale, il y en a \u00e9norm\u00e9ment. Il n\u2019y a pas que les groupes de niveau en coll\u00e8ge.<\/p>\n\n\n\n<p><strong>Le Figaro Live \u2013 Thibaut Gauthier<\/strong><\/p>\n\n\n\n<p>Je sais que vous avez un avis de prof, ou en tout cas de membre de l\u2019\u00c9ducation nationale.<\/p>\n\n\n\n<p><strong>SNALC \u2013 Jean-R\u00e9mi Girard<\/strong><\/p>\n\n\n\n<p>De prof aussi, j\u2019enseigne toujours.<\/p>\n\n\n\n<p><strong>Le Figaro Live \u2013 Thibaut Gauthier<\/strong><\/p>\n\n\n\n<p>Voil\u00e0, des gens qui sont \u00e0 l\u2019int\u00e9rieur, mais ce qu\u2019avait entrepris Gabriel Attal, \u00e7a plaisait beaucoup aux Fran\u00e7ais, pour preuve, sa propre cote de popularit\u00e9. Pourquoi, selon vous, Emmanuel Macron ne suit pas cette ligne-l\u00e0 avec sa nouvelle ministre de l\u2019\u00e9ducation nationale ? On jugera dans les faits, mais dans son pass\u00e9, dans son histoire, elle ne semble pas \u00eatre dans cette ligne-l\u00e0, alors que ce sont des mesures entreprises par Gabriel Attal qui sont populaires.<\/p>\n\n\n\n<p><strong>SNALC \u2013 Jean-R\u00e9mi Girard<\/strong><\/p>\n\n\n\n<p>Moi, une fois encore, j\u2019attends de voir, parce que Nicole Belloubet, c\u2019est une femme intelligente. Elle a des qualit\u00e9s, elle est intelligente. C\u2019est clair, Nicole Belloubet, c\u2019est quelqu\u2019un d\u2019intelligent. C\u2019est quelqu\u2019un qui a quand m\u00eame une certaine finesse de pens\u00e9e, qui a un sens politique. Moi, je l\u2019ai vue ce matin dans le discours o\u00f9 elle arrivait, o\u00f9 Am\u00e9lie Oud\u00e9a-Cast\u00e9ra partait. Elle a fait un discours qui ressemblait \u00e0 un vrai discours de vrai ministre de l\u2019\u00c9ducation nationale, assez clairement. Donc, moi, j\u2019attends de voir, parce que c\u2019est peut-\u00eatre quelqu\u2019un qui est capable aussi, \u00e0 un moment, de mettre certaines de ses convictions au second plan, de la jouer un peu plus collectif. C\u2019est pour \u00e7a. Moi, j\u2019ai un a priori, parce que je vous dis, je la connais depuis longtemps. N\u00e9anmoins, je ne suis pas certain qu\u2019elle sera exactement l\u00e0 o\u00f9 on l\u2019imagine non plus.<\/p>\n\n\n\n<p><strong>Le Figaro Live \u2013 Thibaut Gauthier<\/strong><\/p>\n\n\n\n<p>Jean-R\u00e9mi Girard du SNALC, deux derni\u00e8res questions. Premi\u00e8re chose, vous allez la rencontrer. Allez, une heure et quart, je vous le souhaite. Vous allez lui demander quoi ? Je suis Nicole Belloubet. Rapidement, vous me dites, OK, on veut travailler sur ces trois sujets. Ce sont lesquels ? Premi\u00e8rement, si j\u2019ai bien compris, le nombre de profs devant les \u00e9l\u00e8ves, c\u2019est \u00e7a ?<\/p>\n\n\n\n<p><strong>SNALC \u2013 Jean-R\u00e9mi Girard<\/strong><\/p>\n\n\n\n<p>L\u2019attractivit\u00e9 du m\u00e9tier d\u2019enseignant. Au-del\u00e0 du m\u00e9tier d\u2019enseignant. \u00c7a, c\u2019est le num\u00e9ro un. On n\u2019arrive plus \u00e0 recruter. \u00c7a, sujet num\u00e9ro un. Deux, l\u2019\u00e9cole inclusive. L\u2019accueil des \u00e9l\u00e8ves en situation de handicap. C\u2019est une source de souffrance chez les \u00e9l\u00e8ves et chez les personnels. C\u2019est la premi\u00e8re, aujourd\u2019hui, je pense, dans les classes, notamment \u00e0 l\u2019\u00e9cole primaire. Et trois, le bien-\u00eatre au travail. On va appeler \u00e7a comme \u00e7a.<\/p>\n\n\n\n<p><strong>Le Figaro Live \u2013 Thibaut Gauthier<\/strong><\/p>\n\n\n\n<p>Pour vous, alors ?<\/p>\n\n\n\n<p><strong>SNALC \u2013 Jean-R\u00e9mi Girard<\/strong><\/p>\n\n\n\n<p>Oui, alors l\u00e0, pour les personnels, moi, je suis un repr\u00e9sentant des personnels. Oui, bien s\u00fbr. En m\u00eame temps, les enqu\u00eates du minist\u00e8re de l\u2019\u00c9ducation nationale, la derni\u00e8re est sortie il y a quelques jours, montrent que c\u2019est encore, c\u2019est toujours une catastrophe. \u00c0 un moment, il faut arriver \u00e0 travailler les questions de m\u00e9decine, les questions du nombre d\u2019\u00e9l\u00e8ves par classe, les questions de soutien hi\u00e9rarchique, d\u2019autorit\u00e9, \u00e9galement. Toutes ces choses-l\u00e0 qui permettent d\u2019accomplir notre m\u00e9tier de mani\u00e8re agr\u00e9able. Aujourd\u2019hui, il y a quand m\u00eame de moins en moins de gens qui veulent devenir professeurs et de plus en plus de professeurs qui veulent partir. Ce n\u2019est pas normal.<\/p>\n\n\n\n<p><strong>Le Figaro Live \u2013 Thibaut Gauthier<\/strong><\/p>\n\n\n\n<p>Quatre ministres en deux ans, un peu de stabilit\u00e9, \u00e7a vous ferait du bien ?<\/p>\n\n\n\n<p><strong>SNALC \u2013 Jean-R\u00e9mi Girard<\/strong><\/p>\n\n\n\n<p>Si la stabilit\u00e9 va avec une politique qui nous va, oui. En m\u00eame temps, la stabilit\u00e9, je vous dis, cinq ans de Jean-Michel Blanquer, on aurait pr\u00e9f\u00e9r\u00e9 cinq mois parce que toute la deuxi\u00e8me partie a \u00e9t\u00e9 quand m\u00eame un petit peu p\u00e9nible. Donc, nous, une fois encore, on ne fait pas de proc\u00e8s d\u2019intention aux gens. On attend de juger sur les actes. S\u2019il n\u2019y a pas un investissement budg\u00e9taire, s\u2019il n\u2019y a pas un moment\u2026 C\u2019est bien gentil de nous parler p\u00e9dagogie, on va faire les meilleures p\u00e9dagogies. S\u2019il n\u2019y a plus de profs pour faire les meilleures p\u00e9dagogies ou m\u00eame des p\u00e9dagogies un peu moins bonnes, il n\u2019y aura plus d\u2019\u00e9cole. \u00c0 terme, c\u2019est vers \u00e7a qu\u2019on va. Je pense qu\u2019\u00e0 un moment, il va y avoir de plus en plus d\u2019absences non remplac\u00e9es, de plus en plus d\u2019\u00e9l\u00e8ves qui n\u2019auront pas de profs devant eux puisque c\u2019est \u00e7a qu\u2019on veut pour notre pays, je ne suis pas certain.<\/p>\n\n\n\n<p><strong>SNALC \u2013 Jean-R\u00e9mi Girard<\/strong><\/p>\n\n\n\n<p>Merci beaucoup Jean-R\u00e9mi G\u00e9rard, pr\u00e9sident du SNALC, le syndicat national des lyc\u00e9es, des \u00e9coles, des coll\u00e8ges, des \u00e9coles et du sup\u00e9rieur. Merci de nous avoir aid\u00e9 \u00e0 r\u00e9pondre \u00e0 cette question du jour. \u00cates-vous satisfait de la nomination de Nicole Belloubet \u00e0 l\u2019\u00c9ducation nationale ?<\/p>\n\n\n\n<p>\u00ab C&rsquo;est bien gentil de nous parler p\u00e9dagogie, on va faire les meilleures p\u00e9dagogies. S&rsquo;il n&rsquo;y a plus de profs pour faire les meilleures p\u00e9dagogies ou m\u00eame des p\u00e9dagogies un peu moins bonnes, il n&rsquo;y aura plus d&rsquo;\u00e9cole.\u00bb<\/p>\n\n\n\n<figure class=\"wp-block-image\"><img decoding=\"async\" src=\"https:\/\/snalc.fr\/wp-content\/uploads\/SNALC-congres-Strasbourg-mai-2023-Photo-Philippe-Sautier-3-e1686317689865.jpg\" alt=\"\" class=\"wp-image-27808\"\/><\/figure>\n\n\n\n<p>Jean-R\u00e9mi Girard<\/p>\n\n\n\n<p>Pr\u00e9sident du SNALC<\/p>\n\n\n\n<figure class=\"wp-block-image\"><img decoding=\"async\" src=\"https:\/\/snalc.fr\/wp-content\/uploads\/Capture-decran-2024-02-09-a-17.35.20.png\" alt=\"\" class=\"wp-image-37802\"\/><\/figure>\n\n\n\n<p><a href=\"https:\/\/www.bfmtv.com\/politique\/pour-maxime-reppert-syndicat-national-des-lycees-et-colleges-les-declarations-et-les-chantiers-inities-par-gabriel-attal-seront-repris-et-poursuivis-par-amelie-oudea-castera_VN-202401120872.html\"><\/a><\/p>\n","protected":false},"excerpt":{"rendered":"<p>\u00ab D\u00e8s la premi\u00e8re prise de parole, on crache sur l&rsquo;\u00e9cole publique et sa derni\u00e8re prestation \u00e0 l&rsquo;Assembl\u00e9e nationale consistait \u00e0 dire que si on fermait des classes, c&rsquo;\u00e9tait parce [&hellip;]<\/p>\n","protected":false},"author":1,"featured_media":0,"comment_status":"closed","ping_status":"closed","sticky":false,"template":"","format":"standard","meta":{"_lmt_disableupdate":"","_lmt_disable":"","site-sidebar-layout":"default","site-content-layout":"","ast-site-content-layout":"default","site-content-style":"default","site-sidebar-style":"default","ast-global-header-display":"","ast-banner-title-visibility":"","ast-main-header-display":"","ast-hfb-above-header-display":"","ast-hfb-below-header-display":"","ast-hfb-mobile-header-display":"","site-post-title":"","ast-breadcrumbs-content":"","ast-featured-img":"","footer-sml-layout":"","ast-disable-related-posts":"","theme-transparent-header-meta":"","adv-header-id-meta":"","stick-header-meta":"","header-above-stick-meta":"","header-main-stick-meta":"","header-below-stick-meta":"","astra-migrate-meta-layouts":"set","ast-page-background-enabled":"default","ast-page-background-meta":{"desktop":{"background-color":"var(--ast-global-color-4)","background-image":"","background-repeat":"repeat","background-position":"center center","background-size":"auto","background-attachment":"scroll","background-type":"","background-media":"","overlay-type":"","overlay-color":"","overlay-opacity":"","overlay-gradient":""},"tablet":{"background-color":"","background-image":"","background-repeat":"repeat","background-position":"center center","background-size":"auto","background-attachment":"scroll","background-type":"","background-media":"","overlay-type":"","overlay-color":"","overlay-opacity":"","overlay-gradient":""},"mobile":{"background-color":"","background-image":"","background-repeat":"repeat","background-position":"center center","background-size":"auto","background-attachment":"scroll","background-type":"","background-media":"","overlay-type":"","overlay-color":"","overlay-opacity":"","overlay-gradient":""}},"ast-content-background-meta":{"desktop":{"background-color":"var(--ast-global-color-5)","background-image":"","background-repeat":"repeat","background-position":"center center","background-size":"auto","background-attachment":"scroll","background-type":"","background-media":"","overlay-type":"","overlay-color":"","overlay-opacity":"","overlay-gradient":""},"tablet":{"background-color":"var(--ast-global-color-5)","background-image":"","background-repeat":"repeat","background-position":"center center","background-size":"auto","background-attachment":"scroll","background-type":"","background-media":"","overlay-type":"","overlay-color":"","overlay-opacity":"","overlay-gradient":""},"mobile":{"background-color":"var(--ast-global-color-5)","background-image":"","background-repeat":"repeat","background-position":"center center","background-size":"auto","background-attachment":"scroll","background-type":"","background-media":"","overlay-type":"","overlay-color":"","overlay-opacity":"","overlay-gradient":""}},"footnotes":""},"categories":[38],"tags":[],"class_list":["post-2664","post","type-post","status-publish","format-standard","hentry","category-actualites-2023-2024"],"modified_by":"slecourtier","_links":{"self":[{"href":"https:\/\/snalc.org\/snalc2023\/index.php?rest_route=\/wp\/v2\/posts\/2664","targetHints":{"allow":["GET"]}}],"collection":[{"href":"https:\/\/snalc.org\/snalc2023\/index.php?rest_route=\/wp\/v2\/posts"}],"about":[{"href":"https:\/\/snalc.org\/snalc2023\/index.php?rest_route=\/wp\/v2\/types\/post"}],"author":[{"embeddable":true,"href":"https:\/\/snalc.org\/snalc2023\/index.php?rest_route=\/wp\/v2\/users\/1"}],"replies":[{"embeddable":true,"href":"https:\/\/snalc.org\/snalc2023\/index.php?rest_route=%2Fwp%2Fv2%2Fcomments&post=2664"}],"version-history":[{"count":1,"href":"https:\/\/snalc.org\/snalc2023\/index.php?rest_route=\/wp\/v2\/posts\/2664\/revisions"}],"predecessor-version":[{"id":2665,"href":"https:\/\/snalc.org\/snalc2023\/index.php?rest_route=\/wp\/v2\/posts\/2664\/revisions\/2665"}],"wp:attachment":[{"href":"https:\/\/snalc.org\/snalc2023\/index.php?rest_route=%2Fwp%2Fv2%2Fmedia&parent=2664"}],"wp:term":[{"taxonomy":"category","embeddable":true,"href":"https:\/\/snalc.org\/snalc2023\/index.php?rest_route=%2Fwp%2Fv2%2Fcategories&post=2664"},{"taxonomy":"post_tag","embeddable":true,"href":"https:\/\/snalc.org\/snalc2023\/index.php?rest_route=%2Fwp%2Fv2%2Ftags&post=2664"}],"curies":[{"name":"wp","href":"https:\/\/api.w.org\/{rel}","templated":true}]}}