{"id":2671,"date":"2024-02-12T20:42:21","date_gmt":"2024-02-12T19:42:21","guid":{"rendered":"https:\/\/snalc.org\/snalc2023\/?p=2671"},"modified":"2024-02-12T20:42:26","modified_gmt":"2024-02-12T19:42:26","slug":"france-bleu-nomination-de-nicole-belloubet-un-soulagement-pour-les-enseignants","status":"publish","type":"post","link":"https:\/\/snalc.org\/snalc2023\/?p=2671","title":{"rendered":"France Bleu : nomination de Nicole Belloubet, un soulagement pour les enseignants ?"},"content":{"rendered":"\n<ul class=\"wp-block-list\">\n<li><a href=\"https:\/\/snalc.fr\/category\/actualites\/\"><\/a><\/li>\n<\/ul>\n\n\n\n<figure class=\"wp-block-image\"><img decoding=\"async\" src=\"https:\/\/snalc.fr\/wp-content\/uploads\/Photo-micro-FB-studio2022.jpg\" alt=\"\" class=\"wp-image-32713\"\/><\/figure>\n\n\n\n<p>\u00ab &#8230;Et effectivement, c&rsquo;est tr\u00e8s compliqu\u00e9, parce que dans les coll\u00e8ges par exemple, personne ne sait comment \u00e7a va se mettre en place toujours. Ces fameux groupes de niveau en sixi\u00e8me et en cinqui\u00e8me, il n&rsquo;y a pas les moyens horaires. Et voil\u00e0, il y a tellement de questions et pour le moment, il n&rsquo;y a tellement pas de r\u00e9ponses. \u00bb<\/p>\n\n\n\n<figure class=\"wp-block-image\"><img decoding=\"async\" src=\"https:\/\/snalc.fr\/wp-content\/uploads\/SNALC-congres-Strasbourg-mai-2023-Photo-Philippe-Sautier-3-e1686317689865.jpg\" alt=\"\" class=\"wp-image-27808\"\/><\/figure>\n\n\n\n<p>Jean-R\u00e9mi Girard<\/p>\n\n\n\n<p>Pr\u00e9sident du SNALC<\/p>\n\n\n\n<p>La nouvelle \u00e9quipe gouvernementale se met au travail avec Nicole Belloubet au minist\u00e8re de l\u2019\u00c9ducation nationale. Un bonne nouvelle pour les enseignants ?<\/p>\n\n\n\n<p><strong>Jean-R\u00e9mi GIRARD, pr\u00e9sident national du SNALC (syndicat national des lyc\u00e9es, coll\u00e8ges, \u00e9coles et du sup\u00e9rieur), r\u00e9agit sur <a href=\"https:\/\/www.francebleu.fr\/emissions\/ma-france\/le-gouvernement-enfin-au-complet-et-le-combat-des-apiculteurs-pour-le-miel-francais-6275709\">France Bleu le vendredi 9 f\u00e9vrier 2024.<\/a><\/strong><\/p>\n\n\n\n<p><strong>France Bleu \u2013 Wendy Bouchard<\/strong><\/p>\n\n\n\n<p>C\u2019est une nouvelle \u00e9quipe gouvernementale qui se met au travail depuis l\u2019annonce du gouvernement compl\u00e9t\u00e9e hier soir. Cela a pris du temps pour choisir les meilleures personnes au bon endroit, comme l\u2019a justifi\u00e9 hier Gabriel Attal sur France 2. Sauf que le casting fait grincer des dents du c\u00f4t\u00e9 de la sant\u00e9 ou du logement, nous allons en parler. En revanche, soulagement du c\u00f4t\u00e9 des enseignants. Vous les repr\u00e9sentez en tant que professeur de fran\u00e7ais et pr\u00e9sident du SNALC, votre syndicat. Bonjour Jean-R\u00e9mi Girard.<\/p>\n\n\n\n<p><strong>SNALC \u2013 Jean-R\u00e9mi Girard<\/strong><\/p>\n\n\n\n<p>Bonjour Wendy Bouchard.<\/p>\n\n\n\n<p><strong>France Bleu \u2013 Wendy Bouchard<\/strong><\/p>\n\n\n\n<p>Am\u00e9lie Oud\u00e9a-Castera perd le portefeuille de l\u2019\u00c9ducation nationale. \u00c9coutons les explications de Gabriel Attal et vos commentaires \u00e0 ce sujet.&nbsp;<\/p>\n\n\n\n<p><strong>Premier ministre \u2013 Gabriel Attal<\/strong><\/p>\n\n\n\n<p>\u00ab <em>Moi, ce qui m\u2019importe le plus, et je sais que c\u2019est ce qui lui importe aussi, c\u2019est qu\u2019on puisse avancer pour l\u2019\u00e9cole, et donc les conditions pour pouvoir avancer pour l\u2019\u00e9cole n\u2019\u00e9taient plus r\u00e9unies dans l\u2019imm\u00e9diat.<\/em> \u00bb<\/p>\n\n\n\n<p><strong>France Bleu \u2013 Wendy Bouchard<\/strong><\/p>\n\n\n\n<p>Et maintenant, Jean-R\u00e9mi Girard, nous avan\u00e7ons ?<\/p>\n\n\n\n<p><strong>SNALC \u2013 Jean-R\u00e9mi Girard<\/strong><\/p>\n\n\n\n<p>Oui, nous avan\u00e7ons lentement puisque toutes les r\u00e9unions qui \u00e9taient pr\u00e9vues sont du coup annul\u00e9es. En fait, nous repartons de z\u00e9ro. Nous avons chang\u00e9 de voiture, fait un petit arr\u00eat au stand et reprenons.<\/p>\n\n\n\n<p><strong>France Bleu \u2013 Wendy Bouchard<\/strong><\/p>\n\n\n\n<p>Cela vous fait sourire parce qu\u2019il y a tellement de gros chantiers qu\u2019\u00e0 un moment donn\u00e9, cela vous para\u00eet risible.<\/p>\n\n\n\n<p><strong>SNALC \u2013 Jean-R\u00e9mi Girard<\/strong><\/p>\n\n\n\n<p>Oui, parce qu\u2019en plus, nous sommes dans la pire p\u00e9riode de l\u2019ann\u00e9e dans l\u2019\u00c9ducation nationale. C\u2019est le moment des dotations horaires dans les coll\u00e8ges et les lyc\u00e9es, o\u00f9 l\u2019on pr\u00e9pare la rentr\u00e9e de septembre, et nous en sommes \u00e0 deux ministres qui viennent de passer. Et effectivement, c\u2019est tr\u00e8s compliqu\u00e9, parce que dans les coll\u00e8ges par exemple, personne ne sait comment \u00e7a va se mettre en place toujours. Ces fameux groupes de niveau en sixi\u00e8me et en cinqui\u00e8me, il n\u2019y a pas les moyens horaires. Et voil\u00e0, il y a tellement de questions et pour le moment, il n\u2019y a tellement pas de r\u00e9ponses.<\/p>\n\n\n\n<p>\u00ab Mais il y a un point, c&rsquo;est qu&rsquo;effectivement, le fait qu&rsquo;elle soit une ancienne rectrice, elle va pouvoir comprendre beaucoup plus vite les probl\u00e8mes qu&rsquo;on a sur l&rsquo;organisation de la rentr\u00e9e scolaire dans les coll\u00e8ges, par exemple. \u00c7a, on ne va pas avoir besoin de lui expliquer pendant des heures et des heures. Elle va normalement tout de suite piger. Donc, au moins, on pourra peut-\u00eatre faire les constats plus facilement&#8230;. \u00bb<\/p>\n\n\n\n<figure class=\"wp-block-image\"><img decoding=\"async\" src=\"https:\/\/snalc.fr\/wp-content\/uploads\/SNALC-congres-Strasbourg-mai-2023-Photo-Philippe-Sautier-3-e1686317689865.jpg\" alt=\"\" class=\"wp-image-27808\"\/><\/figure>\n\n\n\n<p>Jean-R\u00e9mi Girard<\/p>\n\n\n\n<p>Pr\u00e9sident du SNALC<\/p>\n\n\n\n<p><strong>France Bleu \u2013 Wendy Bouchard<\/strong><\/p>\n\n\n\n<p>Et Nicole Belloubet qui souhaite l\u2019instauration, \u00e7a va peut-\u00eatre vous rassurer, tr\u00e8s rapide dit-elle ce matin lors de sa passation de pouvoir d\u2019un dialogue avec les enseignants, avec vous aussi syndicats, elle qui sera en charge de mettre en place le choc des savoirs que souhaitent Gabriel Attal et Emmanuel Macron pour l\u2019\u00e9cole, et donc notamment vous en parliez, l\u2019application de cette mesure \u00e0 laquelle tient mordicus le Premier ministre, les groupes de niveau.<\/p>\n\n\n\n<p><strong>Premier ministre \u2013 Gabriel Attal<\/strong><\/p>\n\n\n\n<p>Les groupes de niveau vont commencer \u00e0 se mettre en place. J\u2019assume de dire que cette mesure est n\u00e9cessaire. Aujourd\u2019hui, il y a une telle h\u00e9t\u00e9rog\u00e9n\u00e9it\u00e9, un niveau tellement diff\u00e9rent dans nos classes au coll\u00e8ge que beaucoup d\u2019enseignants m\u2019ont dit, lorsque je me suis d\u00e9plac\u00e9, que cela devient tr\u00e8s difficile de faire progresser tout le monde. Quand vous avez une partie de la classe qui a de tr\u00e8s grandes difficult\u00e9s de lecture et une autre partie qui lit tr\u00e8s bien, il est tr\u00e8s dur de faire progresser tout le monde. Donc j\u2019assume, sur le fran\u00e7ais et les math\u00e9matiques, \u00e0 partir de la rentr\u00e9e prochaine, en classe de 6e et de 5e, qu\u2019il y aura des groupes de niveau selon le niveau de chacun, avec pour objectif qu\u2019ils puissent progresser.<\/p>\n\n\n\n<p><strong>France Bleu \u2013 Wendy Bouchard<\/strong><\/p>\n\n\n\n<p>Et vous, Jean-R\u00e9mi Girard, en tant qu\u2019enseignant, vous allez devoir assumer cette mesure, que Gabriel Attal assume. Comment anticipez-vous les choses ?<\/p>\n\n\n\n<p><strong>SNALC \u2013 Jean-R\u00e9mi Girard<\/strong><\/p>\n\n\n\n<p>C\u2019est \u00e7a. Alors, si on assumait r\u00e9ellement, on mettrait les horaires n\u00e9cessaires pour mettre en place les groupes, on donnerait les moyens horaires. Sinon, on n\u2019assume qu\u2019\u00e0 moiti\u00e9, tr\u00e8s clairement. Nous avons tout tent\u00e9 au minist\u00e8re pour dire que le calendrier allait beaucoup trop vite, que ce qui nous avait \u00e9t\u00e9 promis, \u00e0 savoir une approche individualis\u00e9e, coll\u00e8ge par coll\u00e8ge, pour voir ce dont chaque coll\u00e8ge a besoin, n\u2019a absolument pas \u00e9t\u00e9 fait.<\/p>\n\n\n\n<p><strong>France Bleu \u2013 Wendy Bouchard<\/strong><\/p>\n\n\n\n<p>Vous en avez encore parl\u00e9 hier au conseil sup\u00e9rieur de l\u2019\u00e9ducation ?<\/p>\n\n\n\n<p><strong>SNALC \u2013 Jean-R\u00e9mi Girard<\/strong><\/p>\n\n\n\n<p>Oui, bien s\u00fbr. D\u2019ailleurs, il n\u2019y a pas eu une seule voix pour la grille horaire du coll\u00e8ge. Donc m\u00eame nous, qui sommes d\u2019accord avec Gabriel Attal sur une partie des constats qu\u2019il a donn\u00e9s sur l\u2019h\u00e9t\u00e9rog\u00e9n\u00e9it\u00e9 excessive dans des classes surcharg\u00e9es, constat avec lequel nous sommes enti\u00e8rement d\u2019accord et qui constitue m\u00eame notre point de d\u00e9part de notre r\u00e9flexion. Mais ce qu\u2019il met en place, sans les capacit\u00e9s pour le faire correctement, nous avons plein de coll\u00e8ges qui nous remontent des situations o\u00f9 l\u2019on va supprimer les d\u00e9doublements en sciences, fermer le latin, supprimer l\u2019allemand. Derni\u00e8rement, j\u2019ai eu un exemple de cela, pour mettre en place ces groupes de niveaux. Il y a des endroits o\u00f9 il n\u2019y a aucun moyen pour les \u00e9l\u00e8ves les plus en difficult\u00e9 dans le coll\u00e8ge, c\u2019est-\u00e0-dire qu\u2019on va s\u2019emb\u00eater \u00e0 faire des groupes de niveaux de 28 \u00e9l\u00e8ves, avec des \u00e9l\u00e8ves consid\u00e9r\u00e9s comme moyens et comme bons, ce qui va perturber les emplois du temps de tout le monde, sans aucun b\u00e9n\u00e9fice p\u00e9dagogique dans ces \u00e9tablissements-l\u00e0. Donc le travail n\u2019a pas \u00e9t\u00e9 fait, et c\u2019est vraiment extr\u00eamement aga\u00e7ant, car m\u00eame une id\u00e9e int\u00e9ressante au d\u00e9part, l\u2019\u00c9ducation nationale s\u2019arrange toujours pour la g\u00e2cher dans la suite.<\/p>\n\n\n\n<p><strong>France Bleu \u2013 Wendy Bouchard<\/strong><\/p>\n\n\n\n<p>Oui, et puis on en parle de cette mise en place des groupes de niveaux, comme l\u2019a mentionn\u00e9 le Premier ministre, pour septembre, donc la rentr\u00e9e prochaine pour les classes de 6\u00e8me et de 5\u00e8me.<\/p>\n\n\n\n<p>\u00ab&#8230;Donc le travail n&rsquo;a pas \u00e9t\u00e9 fait, et c&rsquo;est vraiment extr\u00eamement aga\u00e7ant, car m\u00eame une id\u00e9e int\u00e9ressante au d\u00e9part, l&rsquo;\u00c9ducation nationale s\u2019arrange toujours pour la g\u00e2cher dans la suite. \u00bb<\/p>\n\n\n\n<figure class=\"wp-block-image\"><img decoding=\"async\" src=\"https:\/\/snalc.fr\/wp-content\/uploads\/SNALC-congres-Strasbourg-mai-2023-Photo-Philippe-Sautier-3-e1686317689865.jpg\" alt=\"\" class=\"wp-image-27808\"\/><\/figure>\n\n\n\n<p>Jean-R\u00e9mi Girard<\/p>\n\n\n\n<p>Pr\u00e9sident du SNALC<\/p>\n\n\n\n<p>[(\u2026)Donc cette \u00e9cole, elle a une ministre, un pr\u00e9sident de la R\u00e9publique et un Premier ministre. (Patrick Vignal, d\u00e9put\u00e9 Renaissance de l\u2019H\u00e9rault)]<\/p>\n\n\n\n<p><strong>France Bleu \u2013 Wendy Bouchard<\/strong><\/p>\n\n\n\n<p>C\u2019est ainsi que vous percevez les choses pour le SNALC et en tant qu\u2019enseignant, Jean-R\u00e9mi Girard ?<\/p>\n\n\n\n<p><strong>SNALC \u2013 Jean-R\u00e9mi Girard<\/strong><\/p>\n\n\n\n<p>C\u2019est bien joli, tous ces beaux discours sur l\u2019\u00e9cole, c\u2019est la priorit\u00e9, je l\u2019emporte avec moi, etc. Mais en r\u00e9alit\u00e9, on n\u2019arrive plus \u00e0 recruter d\u2019enseignants. Nous n\u2019avons jamais eu aussi peu de personnes qui se pr\u00e9sentent au concours, m\u00eame apr\u00e8s avoir prolong\u00e9 d\u2019un mois la p\u00e9riode d\u2019inscription. Cette ann\u00e9e, nous recrutons des contractuels \u00e0 tour de bras. Bient\u00f4t, ils repr\u00e9senteront 10% des effectifs. Un professeur sur dix n\u2019aura pas le concours. Voil\u00e0 o\u00f9 nous en sommes, et pourtant, on nous demande toujours plus. En 2024, pas un euro de rattrapage salarial pour les enseignants. Nous allons continuer \u00e0 perdre en pouvoir d\u2019achat. Et sur ce point, depuis le d\u00e9but, rien de concret n\u2019a \u00e9t\u00e9 fait. Nous faisons face \u00e0 la plus grande crise que l\u2019\u00c9ducation nationale n\u2019ait jamais connue. En effet, nous voyons d\u00e9filer les ministres \u00e0 un rythme effr\u00e9n\u00e9. Pendant ce temps, nous ne parvenons plus \u00e0 susciter l\u2019envie chez les gens de se tourner vers le m\u00e9tier d\u2019enseignant. C\u2019est une situation terrible pour un pays comme la France.<\/p>\n\n\n\n<p><strong>France Bleu \u2013 Wendy Bouchard<\/strong><\/p>\n\n\n\n<p>Nicole Belloubet, en prenant le relais d\u2019Am\u00e9lie Oud\u00e9a-Castera, a soulign\u00e9 ce matin l\u2019urgence de renouer le dialogue avec les professeurs. En effet, vous avez beaucoup de choses \u00e0 lui dire.<\/p>\n\n\n\n<p><strong>SNALC \u2013 Jean-R\u00e9mi Girard<\/strong><\/p>\n\n\n\n<p>Oui, nous avons \u00e9videmment beaucoup de choses \u00e0 lui dire. Je connais Nicole Belloubet. Je l\u2019ai c\u00f4toy\u00e9e dans son r\u00f4le \u00e0 l\u2019\u00c9ducation nationale.<\/p>\n\n\n\n<p><strong>France Bleu \u2013 Wendy Bouchard<\/strong><\/p>\n\n\n\n<p>Ancienne rectrice de Limoges et Toulouse.<\/p>\n\n\n\n<p><strong>SNALC \u2013 Jean-R\u00e9mi Girard<\/strong><\/p>\n\n\n\n<p>Exactement, ancienne rectrice. Je ne l\u2019ai pas connue \u00e0 cette \u00e9poque, mais je l\u2019ai rencontr\u00e9e lorsqu\u2019elle \u00e9tait en charge du Choc des savoirs, avec Vincent Peillon, \u00e0 cette \u00e9poque-l\u00e0. Effectivement, certaines mesures semblent \u00e9tranges. C\u2019est tr\u00e8s surprenant de la voir les soutenir. L\u2019uniforme, par exemple, c\u2019est un peu comme si vous demandiez \u00e0 Gandhi de pr\u00f4ner la violence. Ce n\u2019est vraiment pas son style. Mais \u00e0 un moment donn\u00e9, la situation est tellement catastrophique que nous pensons qu\u2019une ancienne rectrice, ayant une expertise technique, pourra rapidement saisir nos probl\u00e8mes. Parce que, avec Am\u00e9lie Oud\u00e9a-Castera et sa directrice de cabinet, nous avions l\u2019impression de leur parler en mandarin. Il \u00e9tait tr\u00e8s difficile de leur faire comprendre les probl\u00e8mes rencontr\u00e9s.<\/p>\n\n\n\n<p><strong>France Bleu \u2013 Wendy Bouchard<\/strong><\/p>\n\n\n\n<p>Nicole Belloubet a \u00e9galement \u00e9t\u00e9 charg\u00e9e par Jack Lang de r\u00e9diger deux rapports sur l\u2019\u00e9cole, en 2001 et 2002. Le premier portait sur les violences sexistes et sexuelles \u00e0 l\u2019\u00e9cole, et le second sur les mesures pour l\u2019avenir du lyc\u00e9e. Donc, elle conna\u00eet bien les enjeux. \u00c7a fait 20 ans, mais elle reste impliqu\u00e9e dans le sujet, si j\u2019ose dire. Jean-R\u00e9mi Girard, cela vous rassure-t-il ?<\/p>\n\n\n\n<p><strong>SNALC \u2013 Jean-R\u00e9mi Girard<\/strong><\/p>\n\n\n\n<p>Oui, oui, elle est au fait des enjeux. Cependant, elle a \u00e9galement exprim\u00e9 des positions qui nous interpellent. J\u2019ai entendu Nicole Belloubet dire qu\u2019il fallait r\u00e9duire l\u2019enseignement disciplinaire, notamment en fran\u00e7ais, en math\u00e9matiques et en histoire-g\u00e9ographie, pour privil\u00e9gier davantage de projets. C\u2019est \u00e9galement une facette de Nicole Belloubet.<\/p>\n\n\n\n<p><strong>France Bleu \u2013 Wendy Bouchard<\/strong><\/p>\n\n\n\n<p>Il est question \u00e9galement de plus d\u2019autonomie pour les \u00e9l\u00e8ves.<\/p>\n\n\n\n<p><strong>SNALC \u2013 Jean-R\u00e9mi Girard<\/strong><\/p>\n\n\n\n<p>Exactement. Maintenant, elle a un cadre qui lui est fix\u00e9, \u00e9tant donn\u00e9 qu\u2019elle a \u00e9t\u00e9 rectrice. C\u2019est un aspect important \u00e9galement. Donc, nous ne lui pr\u00eaterons pas de mauvaises intentions. Dans tous les cas, cela ne pourrait pas \u00eatre pire que la pr\u00e9c\u00e9dente. Nous attendons donc la demande d\u2019audience. Nous attendons de voir ce qu\u2019elle nous pr\u00e9sente. Et nous lui rappellerons que la priorit\u00e9\u2026 Certes, la p\u00e9dagogie est importante, nous en convenons. En tant que repr\u00e9sentant et enseignant, je sais que la p\u00e9dagogie est centrale. Cependant, aujourd\u2019hui, la priorit\u00e9 absolue est d\u2019avoir suffisamment de personnel et des conditions de travail ad\u00e9quates. Le dernier barom\u00e8tre du bien-\u00eatre dans l\u2019\u00c9ducation nationale, publi\u00e9 par le minist\u00e8re, est un v\u00e9ritable d\u00e9sastre.<\/p>\n\n\n\n<p><strong>France Bleu \u2013 Wendy Bouchard<\/strong><\/p>\n\n\n\n<p>Vous avez eu l\u2019occasion d\u2019en discuter ici. En effet, ce rapport sur l\u2019\u00e9tat psychologique des enseignants est tr\u00e8s pr\u00e9occupant. Jean-R\u00e9mi Girard, pr\u00e9sident du SNALC et professeur de fran\u00e7ais, merci pour ces r\u00e9actions spontan\u00e9es alors que Nicole Belloubet est d\u00e9sormais officiellement charg\u00e9e de l\u2019\u00e9ducation.<\/p>\n\n\n\n<p>\u00ab&#8230;En 2024, pas un euro de rattrapage salarial pour les enseignants. Nous allons continuer \u00e0 perdre en pouvoir d&rsquo;achat. Et sur ce point, depuis le d\u00e9but, rien de concret n&rsquo;a \u00e9t\u00e9 fait. Nous faisons face \u00e0 la plus grande crise que l&rsquo;\u00c9ducation nationale n&rsquo;ait jamais connue. En effet, nous voyons d\u00e9filer les ministres \u00e0 un rythme effr\u00e9n\u00e9. Pendant ce temps, nous ne parvenons plus \u00e0 susciter l&rsquo;envie chez les gens de se tourner vers le m\u00e9tier d&rsquo;enseignant. C&rsquo;est une situation terrible pour un pays comme la France. \u00bb<\/p>\n\n\n\n<figure class=\"wp-block-image\"><img decoding=\"async\" src=\"https:\/\/snalc.fr\/wp-content\/uploads\/SNALC-congres-Strasbourg-mai-2023-Photo-Philippe-Sautier-3-e1686317689865.jpg\" alt=\"\" class=\"wp-image-27808\"\/><\/figure>\n\n\n\n<p>Jean-R\u00e9mi Girard<\/p>\n\n\n\n<p>Pr\u00e9sident du SNALC<\/p>\n\n\n\n<figure class=\"wp-block-image\"><img decoding=\"async\" src=\"https:\/\/snalc.fr\/wp-content\/uploads\/Capture-decran-2023-10-21-a-11.02.18.png\" alt=\"\" class=\"wp-image-32715\"\/><\/figure>\n\n\n\n<p><a href=\"https:\/\/www.bfmtv.com\/politique\/pour-maxime-reppert-syndicat-national-des-lycees-et-colleges-les-declarations-et-les-chantiers-inities-par-gabriel-attal-seront-repris-et-poursuivis-par-amelie-oudea-castera_VN-202401120872.html\"><\/a><\/p>\n","protected":false},"excerpt":{"rendered":"<p>\u00ab &#8230;Et effectivement, c&rsquo;est tr\u00e8s compliqu\u00e9, parce que dans les coll\u00e8ges par exemple, personne ne sait comment \u00e7a va se mettre en place toujours. Ces fameux groupes de niveau en [&hellip;]<\/p>\n","protected":false},"author":1,"featured_media":0,"comment_status":"closed","ping_status":"closed","sticky":false,"template":"","format":"standard","meta":{"_lmt_disableupdate":"","_lmt_disable":"","site-sidebar-layout":"default","site-content-layout":"","ast-site-content-layout":"default","site-content-style":"default","site-sidebar-style":"default","ast-global-header-display":"","ast-banner-title-visibility":"","ast-main-header-display":"","ast-hfb-above-header-display":"","ast-hfb-below-header-display":"","ast-hfb-mobile-header-display":"","site-post-title":"","ast-breadcrumbs-content":"","ast-featured-img":"","footer-sml-layout":"","ast-disable-related-posts":"","theme-transparent-header-meta":"","adv-header-id-meta":"","stick-header-meta":"","header-above-stick-meta":"","header-main-stick-meta":"","header-below-stick-meta":"","astra-migrate-meta-layouts":"set","ast-page-background-enabled":"default","ast-page-background-meta":{"desktop":{"background-color":"var(--ast-global-color-4)","background-image":"","background-repeat":"repeat","background-position":"center center","background-size":"auto","background-attachment":"scroll","background-type":"","background-media":"","overlay-type":"","overlay-color":"","overlay-opacity":"","overlay-gradient":""},"tablet":{"background-color":"","background-image":"","background-repeat":"repeat","background-position":"center center","background-size":"auto","background-attachment":"scroll","background-type":"","background-media":"","overlay-type":"","overlay-color":"","overlay-opacity":"","overlay-gradient":""},"mobile":{"background-color":"","background-image":"","background-repeat":"repeat","background-position":"center center","background-size":"auto","background-attachment":"scroll","background-type":"","background-media":"","overlay-type":"","overlay-color":"","overlay-opacity":"","overlay-gradient":""}},"ast-content-background-meta":{"desktop":{"background-color":"var(--ast-global-color-5)","background-image":"","background-repeat":"repeat","background-position":"center center","background-size":"auto","background-attachment":"scroll","background-type":"","background-media":"","overlay-type":"","overlay-color":"","overlay-opacity":"","overlay-gradient":""},"tablet":{"background-color":"var(--ast-global-color-5)","background-image":"","background-repeat":"repeat","background-position":"center center","background-size":"auto","background-attachment":"scroll","background-type":"","background-media":"","overlay-type":"","overlay-color":"","overlay-opacity":"","overlay-gradient":""},"mobile":{"background-color":"var(--ast-global-color-5)","background-image":"","background-repeat":"repeat","background-position":"center center","background-size":"auto","background-attachment":"scroll","background-type":"","background-media":"","overlay-type":"","overlay-color":"","overlay-opacity":"","overlay-gradient":""}},"footnotes":""},"categories":[38],"tags":[],"class_list":["post-2671","post","type-post","status-publish","format-standard","hentry","category-actualites-2023-2024"],"modified_by":"slecourtier","_links":{"self":[{"href":"https:\/\/snalc.org\/snalc2023\/index.php?rest_route=\/wp\/v2\/posts\/2671","targetHints":{"allow":["GET"]}}],"collection":[{"href":"https:\/\/snalc.org\/snalc2023\/index.php?rest_route=\/wp\/v2\/posts"}],"about":[{"href":"https:\/\/snalc.org\/snalc2023\/index.php?rest_route=\/wp\/v2\/types\/post"}],"author":[{"embeddable":true,"href":"https:\/\/snalc.org\/snalc2023\/index.php?rest_route=\/wp\/v2\/users\/1"}],"replies":[{"embeddable":true,"href":"https:\/\/snalc.org\/snalc2023\/index.php?rest_route=%2Fwp%2Fv2%2Fcomments&post=2671"}],"version-history":[{"count":1,"href":"https:\/\/snalc.org\/snalc2023\/index.php?rest_route=\/wp\/v2\/posts\/2671\/revisions"}],"predecessor-version":[{"id":2672,"href":"https:\/\/snalc.org\/snalc2023\/index.php?rest_route=\/wp\/v2\/posts\/2671\/revisions\/2672"}],"wp:attachment":[{"href":"https:\/\/snalc.org\/snalc2023\/index.php?rest_route=%2Fwp%2Fv2%2Fmedia&parent=2671"}],"wp:term":[{"taxonomy":"category","embeddable":true,"href":"https:\/\/snalc.org\/snalc2023\/index.php?rest_route=%2Fwp%2Fv2%2Fcategories&post=2671"},{"taxonomy":"post_tag","embeddable":true,"href":"https:\/\/snalc.org\/snalc2023\/index.php?rest_route=%2Fwp%2Fv2%2Ftags&post=2671"}],"curies":[{"name":"wp","href":"https:\/\/api.w.org\/{rel}","templated":true}]}}