{"id":2688,"date":"2024-02-16T21:19:44","date_gmt":"2024-02-16T20:19:44","guid":{"rendered":"https:\/\/snalc.org\/snalc2023\/?p=2688"},"modified":"2024-02-16T21:19:47","modified_gmt":"2024-02-16T20:19:47","slug":"audience-avec-la-ministre-amortir-le-choc-des-savoirs","status":"publish","type":"post","link":"https:\/\/snalc.org\/snalc2023\/?p=2688","title":{"rendered":"Audience avec la ministre\u00a0: amortir le \u201cchoc des savoirs\u201d\u00a0?"},"content":{"rendered":"\n<figure class=\"wp-block-image\"><img decoding=\"async\" src=\"https:\/\/snalc.fr\/wp-content\/uploads\/livres_istockphoto_Alexey-Divnich-1167284193.jpg\" alt=\"\" class=\"wp-image-38136\"\/><figcaption class=\"wp-element-caption\">\u00a9 istockphoto_Alexey Divnich-1167284193<\/figcaption><\/figure>\n\n\n\n<p><em>Communiqu\u00e9 de presse du SNALC du 16 f\u00e9vrier 2024<\/em><\/p>\n\n\n\n<p>Le <strong>SNALC<\/strong> a \u00e9t\u00e9 re\u00e7u par la nouvelle ministre de l\u2019\u00c9ducation nationale ce vendredi 16 f\u00e9vrier. Nous avons port\u00e9 les revendications des personnels, et attir\u00e9 l\u2019attention de Nicole Belloubet sur l\u2019\u00e9tat d\u2019urgence dans lequel se trouve notre minist\u00e8re.<\/p>\n\n\n\n<p>Le <strong>SNALC<\/strong> a rappel\u00e9 la crise d\u2019attractivit\u00e9 sans pr\u00e9c\u00e9dent dans laquelle nous sommes plong\u00e9s, et dont la r\u00e9sorption ne peut passer que par un rattrapage salarial via un plan pluriannuel. Nous n\u2019acceptons pas le discours selon lequel cela a d\u00e9j\u00e0 \u00e9t\u00e9 fait l\u2019an pass\u00e9 : la majorit\u00e9 des coll\u00e8gues continue de perdre en pouvoir d\u2019achat chaque ann\u00e9e depuis plus de 30 ans.<\/p>\n\n\n\n<p>Le <strong>SNALC<\/strong> a objectiv\u00e9 la d\u00e9gradation des conditions de travail et le mal-\u00eatre de nos professions, s\u2019appuyant sur les propres \u00e9tudes du minist\u00e8re. Formation continue hors du temps d\u2019enseignement, augmentation du temps de travail effectif, des contraintes et des injonctions, d\u00e9gradation du climat scolaire, gestion au rabais de l\u2019\u00e9cole inclusive, r\u00e9forme de la voie professionnelle portant le spectre de l\u2019annualisation, non respect des pr\u00e9conisations d\u2019am\u00e9nagement de poste\u2026 la liste est longue, et la politique men\u00e9e actuellement aggrave la situation.<\/p>\n\n\n\n<p>Le <strong>SNALC<\/strong> a \u00e9chang\u00e9 longuement avec la ministre sur les mesures dites du \u00ab choc des savoirs \u00bb. Nous avons port\u00e9 nos analyses, diff\u00e9renci\u00e9es selon les sujets, et alert\u00e9 sur l\u2019insuffisance des moyens horaires et humains pour la mise en \u0153uvre des fameux groupes de niveau. L\u2019administration, malgr\u00e9 nos alertes r\u00e9p\u00e9t\u00e9es et document\u00e9es, a \u00e9t\u00e9 en plein d\u00e9ni de r\u00e9alit\u00e9 jusqu\u2019\u00e0 pr\u00e9sent. Le <strong>SNALC<\/strong> a propos\u00e9 \u00e0 la ministre plusieurs adaptations pragmatiques, comme limiter les groupes \u00e0 la classe de cinqui\u00e8me \u00e0 la rentr\u00e9e, sans imposer qu\u2019ils aient lieu sur l\u2019ensemble de l\u2019horaire disciplinaire. Nous avons \u00e9galement mis en garde sur le fait que le m\u00eame manque de r\u00e9alisme allait causer les m\u00eames effets pour la mise en \u0153uvre des pr\u00e9pas seconde \u00e0 la rentr\u00e9e 2025.<\/p>\n\n\n\n<p>Le <strong>SNALC<\/strong> a remarqu\u00e9 l\u2019\u00e9coute dont a fait preuve la ministre, qui \u00e9tait tr\u00e8s clairement dans l\u2019\u00e9change et la r\u00e9flexion. N\u00e9anmoins, nous sommes insensibles \u00e0 la c\u00e2linoth\u00e9rapie : seuls les actes compteront. Vous pouvez compter sur nous pour veiller au grain et rappeler \u00e0 la ministre la r\u00e9alit\u00e9 de nos \u00e9coles, de nos \u00e9tablissements et de nos PIAL. Il y a urgence : la ministre doit en prendre la mesure.<\/p>\n\n\n\n<p><a href=\"https:\/\/snalc.fr\/wp-content\/uploads\/20240216_compresse_audience_belloubet.pdf\">T\u00e9l\u00e9charger<\/a><\/p>\n","protected":false},"excerpt":{"rendered":"<p>Communiqu\u00e9 de presse du SNALC du 16 f\u00e9vrier 2024 Le SNALC a \u00e9t\u00e9 re\u00e7u par la nouvelle ministre de l\u2019\u00c9ducation nationale ce vendredi 16 f\u00e9vrier. Nous avons port\u00e9 les revendications [&hellip;]<\/p>\n","protected":false},"author":1,"featured_media":0,"comment_status":"closed","ping_status":"closed","sticky":false,"template":"","format":"standard","meta":{"_lmt_disableupdate":"","_lmt_disable":"","site-sidebar-layout":"default","site-content-layout":"","ast-site-content-layout":"default","site-content-style":"default","site-sidebar-style":"default","ast-global-header-display":"","ast-banner-title-visibility":"","ast-main-header-display":"","ast-hfb-above-header-display":"","ast-hfb-below-header-display":"","ast-hfb-mobile-header-display":"","site-post-title":"","ast-breadcrumbs-content":"","ast-featured-img":"","footer-sml-layout":"","ast-disable-related-posts":"","theme-transparent-header-meta":"","adv-header-id-meta":"","stick-header-meta":"","header-above-stick-meta":"","header-main-stick-meta":"","header-below-stick-meta":"","astra-migrate-meta-layouts":"set","ast-page-background-enabled":"default","ast-page-background-meta":{"desktop":{"background-color":"var(--ast-global-color-4)","background-image":"","background-repeat":"repeat","background-position":"center center","background-size":"auto","background-attachment":"scroll","background-type":"","background-media":"","overlay-type":"","overlay-color":"","overlay-opacity":"","overlay-gradient":""},"tablet":{"background-color":"","background-image":"","background-repeat":"repeat","background-position":"center center","background-size":"auto","background-attachment":"scroll","background-type":"","background-media":"","overlay-type":"","overlay-color":"","overlay-opacity":"","overlay-gradient":""},"mobile":{"background-color":"","background-image":"","background-repeat":"repeat","background-position":"center center","background-size":"auto","background-attachment":"scroll","background-type":"","background-media":"","overlay-type":"","overlay-color":"","overlay-opacity":"","overlay-gradient":""}},"ast-content-background-meta":{"desktop":{"background-color":"var(--ast-global-color-5)","background-image":"","background-repeat":"repeat","background-position":"center center","background-size":"auto","background-attachment":"scroll","background-type":"","background-media":"","overlay-type":"","overlay-color":"","overlay-opacity":"","overlay-gradient":""},"tablet":{"background-color":"var(--ast-global-color-5)","background-image":"","background-repeat":"repeat","background-position":"center center","background-size":"auto","background-attachment":"scroll","background-type":"","background-media":"","overlay-type":"","overlay-color":"","overlay-opacity":"","overlay-gradient":""},"mobile":{"background-color":"var(--ast-global-color-5)","background-image":"","background-repeat":"repeat","background-position":"center center","background-size":"auto","background-attachment":"scroll","background-type":"","background-media":"","overlay-type":"","overlay-color":"","overlay-opacity":"","overlay-gradient":""}},"footnotes":""},"categories":[38],"tags":[],"class_list":["post-2688","post","type-post","status-publish","format-standard","hentry","category-actualites-2023-2024"],"modified_by":"slecourtier","_links":{"self":[{"href":"https:\/\/snalc.org\/snalc2023\/index.php?rest_route=\/wp\/v2\/posts\/2688","targetHints":{"allow":["GET"]}}],"collection":[{"href":"https:\/\/snalc.org\/snalc2023\/index.php?rest_route=\/wp\/v2\/posts"}],"about":[{"href":"https:\/\/snalc.org\/snalc2023\/index.php?rest_route=\/wp\/v2\/types\/post"}],"author":[{"embeddable":true,"href":"https:\/\/snalc.org\/snalc2023\/index.php?rest_route=\/wp\/v2\/users\/1"}],"replies":[{"embeddable":true,"href":"https:\/\/snalc.org\/snalc2023\/index.php?rest_route=%2Fwp%2Fv2%2Fcomments&post=2688"}],"version-history":[{"count":1,"href":"https:\/\/snalc.org\/snalc2023\/index.php?rest_route=\/wp\/v2\/posts\/2688\/revisions"}],"predecessor-version":[{"id":2689,"href":"https:\/\/snalc.org\/snalc2023\/index.php?rest_route=\/wp\/v2\/posts\/2688\/revisions\/2689"}],"wp:attachment":[{"href":"https:\/\/snalc.org\/snalc2023\/index.php?rest_route=%2Fwp%2Fv2%2Fmedia&parent=2688"}],"wp:term":[{"taxonomy":"category","embeddable":true,"href":"https:\/\/snalc.org\/snalc2023\/index.php?rest_route=%2Fwp%2Fv2%2Fcategories&post=2688"},{"taxonomy":"post_tag","embeddable":true,"href":"https:\/\/snalc.org\/snalc2023\/index.php?rest_route=%2Fwp%2Fv2%2Ftags&post=2688"}],"curies":[{"name":"wp","href":"https:\/\/api.w.org\/{rel}","templated":true}]}}