{"id":2702,"date":"2024-02-20T20:54:05","date_gmt":"2024-02-20T19:54:05","guid":{"rendered":"https:\/\/snalc.org\/snalc2023\/?p=2702"},"modified":"2024-02-20T20:54:10","modified_gmt":"2024-02-20T19:54:10","slug":"quinzaine-universitaire-n1486-ecole","status":"publish","type":"post","link":"https:\/\/snalc.org\/snalc2023\/?p=2702","title":{"rendered":"QUINZAINE UNIVERSITAIRE n\u00b01486 \u2013 \u00e9cole"},"content":{"rendered":"\n<ul class=\"wp-block-list\">\n<li><a href=\"https:\/\/snalc.fr\/category\/actualites\/\"><\/a><\/li>\n<\/ul>\n\n\n\n<figure class=\"wp-block-image\"><img decoding=\"async\" src=\"https:\/\/snalc.fr\/wp-content\/uploads\/QU1486-1D.jpg\" alt=\"\" class=\"wp-image-38261\"\/><\/figure>\n\n\n\n<p><strong>\u00c9DITO : <a href=\"https:\/\/snalc.fr\/le-primaire-brule\/\">LE PRIMAIRE BR\u00dbLE<\/a><\/strong><\/p>\n\n\n\n<figure class=\"wp-block-image\"><img decoding=\"async\" src=\"https:\/\/snalc.fr\/wp-content\/uploads\/elementor\/thumbs\/SNALC-congres-Strasbourg-mai-2023-Photo-Philippe-Sautier-3-e1686317689865-qfu77nw4qlxwj5dktm23kiay8chujy1r6wng15ek0o.jpg\" alt=\"SNALC congres Strasbourg mai 2023 - Photo Philippe Sautier (3)\" title=\"SNALC congres Strasbourg mai 2023 \u2013 Photo Philippe Sautier (3)\"\/><\/figure>\n\n\n\n<p>J-R\u00e9mi Girard<br>Pr\u00e9sident du SNALC<\/p>\n\n\n\n<p>Une fois encore, une com\u2019 assertive accouche d\u2019une mise en \u0153uvre aux fraises.<\/p>\n\n\n\n<p>Entre le Gabriel Attal de novembre, dossier de presse \u00e0 la main, \u00e9l\u00e9ments de langage \u00e0 la bouche, et l\u2019Am\u00e9lie Oud\u00e9a-Cast\u00e9ra de janvier, lanc\u00e9e dans le grand bain sans flotteurs, la \u00ab priorit\u00e9 \u00e0 l\u2019\u00e9ducation \u00bb et le \u00ab choc des savoirs \u00bb en ont pris un sacr\u00e9 coup dans l\u2019aile. Et le premier degr\u00e9, pourtant indispensable \u00e0 l\u2019acquisition des \u00ab fondamentaux \u00bb chers \u00e0 notre gouvernement, a quasiment disparu des radars. Sauf chez la d\u00e9put\u00e9e Rilhac, qui non contente d\u2019avoir pondu une loi qui n\u2019a aid\u00e9 en rien les directions d\u2019\u00e9cole, bien au contraire, veut remettre \u00e7a en faisant une nouvelle fois miroiter les d\u00e9charges et l\u2019aide administrative qu\u2019elle a compl\u00e8tement \u00e9chou\u00e9 \u00e0 nous apporter la fois pr\u00e9c\u00e9dente.&nbsp; [<a href=\"https:\/\/snalc.fr\/le-primaire-brule\/\"><strong>Lire la suite<\/strong><\/a>]<\/p>\n\n\n\n<p><strong>ACTUALIT\u00c9S DU MOIS<\/strong><\/p>\n\n\n\n<ul class=\"wp-block-list\">\n<li><a href=\"https:\/\/snalc.fr\/du-nouveau-pour-la-direction-decole\/\">Du nouveau pour la direction d\u2019\u00e9cole !<\/a><\/li>\n\n\n\n<li><a href=\"https:\/\/snalc.fr\/mouvement-intra-un-cadre-commun-et-des-specificites-departementales\/\">Mouvement intra : un cadre commun et des sp\u00e9cificit\u00e9s d\u00e9partementales<\/a><\/li>\n\n\n\n<li><a href=\"https:\/\/snalc.fr\/le-taux-dencadrement-creve-le-plafond\/\">Le taux d\u2019encadrement cr\u00e8ve le plafond<\/a><\/li>\n\n\n\n<li><a href=\"https:\/\/snalc.fr\/abrogation-des-subventions-periscolaires-un-pas-vers-la-generalisation-des-4-jours\/\">Abrogation des subventions p\u00e9riscolaires: un pas vers la g\u00e9n\u00e9ralisation des 4 jours ?<\/a><\/li>\n\n\n\n<li><a href=\"https:\/\/snalc.fr\/trois-jours-de-carence-non-merci\/\">Trois jours de carence ? Non, merci !<\/a><\/li>\n<\/ul>\n\n\n\n<p><strong>SYST\u00c8ME \u00c9DUCATIF<\/strong><\/p>\n\n\n\n<ul class=\"wp-block-list\">\n<li><a href=\"https:\/\/snalc.fr\/qui-peut-intervenir-dans-une-ecole\/\">Qui peut \u00ab intervenir \u00bb dans une \u00e9cole ?<\/a><\/li>\n\n\n\n<li><a href=\"https:\/\/snalc.fr\/du-numerique-a-petites-doses\/\">Du num\u00e9rique \u00e0 petites doses<\/a><\/li>\n<\/ul>\n\n\n\n<p><strong>LES PERSONNELS<\/strong><\/p>\n\n\n\n<ul class=\"wp-block-list\">\n<li><a href=\"https:\/\/snalc.fr\/fautes-et-sanctions-disciplinaires-ce-quil-faut-savoir\/\">Fautes et sanctions disciplinaires<\/a><\/li>\n\n\n\n<li><a href=\"https:\/\/snalc.fr\/temoignage-romain-la-montagne-a-accouche-dune-souris\/\">T\u00e9moignage \u2013 Romain : la montagne a accouch\u00e9 d\u2019une souris !<\/a><\/li>\n<\/ul>\n\n\n\n<p><strong>CONDITIONS DE TRAVAIL<\/strong><\/p>\n\n\n\n<ul class=\"wp-block-list\">\n<li><a href=\"https:\/\/snalc.fr\/deposer-une-main-courante-ou-deposer-plainte\/\">D\u00e9poser une main courante ou d\u00e9poser plainte ?<\/a><\/li>\n\n\n\n<li><a href=\"https:\/\/snalc.fr\/temps-de-travail-quelles-obligations\/\">Temps de travail : quelles obligations ?<\/a><\/li>\n\n\n\n<li><a href=\"https:\/\/snalc.fr\/wp-content\/uploads\/QU1486_NLOP.jpg\">Ne l\u2019oubliez pas !<\/a><\/li>\n<\/ul>\n\n\n\n<p><a href=\"https:\/\/snalc.fr\/wp-content\/uploads\/QU1486-1D.pdf\">T\u00e9l\u00e9charger la revue en PDF<\/a><\/p>\n","protected":false},"excerpt":{"rendered":"<p>\u00c9DITO : LE PRIMAIRE BR\u00dbLE J-R\u00e9mi GirardPr\u00e9sident du SNALC Une fois encore, une com\u2019 assertive accouche d\u2019une mise en \u0153uvre aux fraises. Entre le Gabriel Attal de novembre, dossier de [&hellip;]<\/p>\n","protected":false},"author":1,"featured_media":0,"comment_status":"closed","ping_status":"closed","sticky":false,"template":"","format":"standard","meta":{"_lmt_disableupdate":"","_lmt_disable":"","site-sidebar-layout":"default","site-content-layout":"","ast-site-content-layout":"default","site-content-style":"default","site-sidebar-style":"default","ast-global-header-display":"","ast-banner-title-visibility":"","ast-main-header-display":"","ast-hfb-above-header-display":"","ast-hfb-below-header-display":"","ast-hfb-mobile-header-display":"","site-post-title":"","ast-breadcrumbs-content":"","ast-featured-img":"","footer-sml-layout":"","ast-disable-related-posts":"","theme-transparent-header-meta":"","adv-header-id-meta":"","stick-header-meta":"","header-above-stick-meta":"","header-main-stick-meta":"","header-below-stick-meta":"","astra-migrate-meta-layouts":"set","ast-page-background-enabled":"default","ast-page-background-meta":{"desktop":{"background-color":"var(--ast-global-color-4)","background-image":"","background-repeat":"repeat","background-position":"center center","background-size":"auto","background-attachment":"scroll","background-type":"","background-media":"","overlay-type":"","overlay-color":"","overlay-opacity":"","overlay-gradient":""},"tablet":{"background-color":"","background-image":"","background-repeat":"repeat","background-position":"center center","background-size":"auto","background-attachment":"scroll","background-type":"","background-media":"","overlay-type":"","overlay-color":"","overlay-opacity":"","overlay-gradient":""},"mobile":{"background-color":"","background-image":"","background-repeat":"repeat","background-position":"center center","background-size":"auto","background-attachment":"scroll","background-type":"","background-media":"","overlay-type":"","overlay-color":"","overlay-opacity":"","overlay-gradient":""}},"ast-content-background-meta":{"desktop":{"background-color":"var(--ast-global-color-5)","background-image":"","background-repeat":"repeat","background-position":"center center","background-size":"auto","background-attachment":"scroll","background-type":"","background-media":"","overlay-type":"","overlay-color":"","overlay-opacity":"","overlay-gradient":""},"tablet":{"background-color":"var(--ast-global-color-5)","background-image":"","background-repeat":"repeat","background-position":"center center","background-size":"auto","background-attachment":"scroll","background-type":"","background-media":"","overlay-type":"","overlay-color":"","overlay-opacity":"","overlay-gradient":""},"mobile":{"background-color":"var(--ast-global-color-5)","background-image":"","background-repeat":"repeat","background-position":"center center","background-size":"auto","background-attachment":"scroll","background-type":"","background-media":"","overlay-type":"","overlay-color":"","overlay-opacity":"","overlay-gradient":""}},"footnotes":""},"categories":[38,23,37],"tags":[],"class_list":["post-2702","post","type-post","status-publish","format-standard","hentry","category-actualites-2023-2024","category-professeurs-1er-degre","category-qu"],"modified_by":"slecourtier","_links":{"self":[{"href":"https:\/\/snalc.org\/snalc2023\/index.php?rest_route=\/wp\/v2\/posts\/2702","targetHints":{"allow":["GET"]}}],"collection":[{"href":"https:\/\/snalc.org\/snalc2023\/index.php?rest_route=\/wp\/v2\/posts"}],"about":[{"href":"https:\/\/snalc.org\/snalc2023\/index.php?rest_route=\/wp\/v2\/types\/post"}],"author":[{"embeddable":true,"href":"https:\/\/snalc.org\/snalc2023\/index.php?rest_route=\/wp\/v2\/users\/1"}],"replies":[{"embeddable":true,"href":"https:\/\/snalc.org\/snalc2023\/index.php?rest_route=%2Fwp%2Fv2%2Fcomments&post=2702"}],"version-history":[{"count":1,"href":"https:\/\/snalc.org\/snalc2023\/index.php?rest_route=\/wp\/v2\/posts\/2702\/revisions"}],"predecessor-version":[{"id":2703,"href":"https:\/\/snalc.org\/snalc2023\/index.php?rest_route=\/wp\/v2\/posts\/2702\/revisions\/2703"}],"wp:attachment":[{"href":"https:\/\/snalc.org\/snalc2023\/index.php?rest_route=%2Fwp%2Fv2%2Fmedia&parent=2702"}],"wp:term":[{"taxonomy":"category","embeddable":true,"href":"https:\/\/snalc.org\/snalc2023\/index.php?rest_route=%2Fwp%2Fv2%2Fcategories&post=2702"},{"taxonomy":"post_tag","embeddable":true,"href":"https:\/\/snalc.org\/snalc2023\/index.php?rest_route=%2Fwp%2Fv2%2Ftags&post=2702"}],"curies":[{"name":"wp","href":"https:\/\/api.w.org\/{rel}","templated":true}]}}