{"id":2835,"date":"2024-03-06T22:32:21","date_gmt":"2024-03-06T21:32:21","guid":{"rendered":"https:\/\/snalc.org\/snalc2023\/?p=2835"},"modified":"2024-03-06T22:32:24","modified_gmt":"2024-03-06T21:32:24","slug":"mouvements-inter-2024mouvements-inter-2024-resultats-et-recours-mouvements-intra-academiques-conseils-et-contactsmouvements-inter-2024","status":"publish","type":"post","link":"https:\/\/snalc.org\/snalc2023\/?p=2835","title":{"rendered":"MOUVEMENTS INTER 2024MOUVEMENTS INTER 2024 R\u00e9sultats et recours + MOUVEMENTS INTRA ACAD\u00c9MIQUES Conseils et contactsMOUVEMENTS INTER 2024"},"content":{"rendered":"\n<figure class=\"wp-block-table\"><table><tbody><tr><td><strong>Lettre d&rsquo;information &#8211;&nbsp;6 mars 2024<\/strong>Professeurs agr\u00e9g\u00e9s, certifi\u00e9s,&nbsp;P-EPS, PLP, CPE, Psy-EN<\/td><\/tr><\/tbody><\/table><\/figure>\n\n\n\n<figure class=\"wp-block-table\"><table><tbody><tr><td><img decoding=\"async\" src=\"https:\/\/syndicat-snalc.net\/AWURTSJ67\/editedimg_69d3980ac7.png\" alt=\"\"><\/td><\/tr><\/tbody><\/table><\/figure>\n\n\n\n<figure class=\"wp-block-table\"><table><tbody><tr><td>Syndicat national des lyc\u00e9es, coll\u00e8ges, \u00e9coles et du sup\u00e9rieur<\/td><\/tr><\/tbody><\/table><\/figure>\n\n\n\n<figure class=\"wp-block-table\"><table><tbody><tr><td>MOUVEMENTS INTER 2024R\u00e9sultats et recoursMOUVEMENTS INTRA ACAD\u00c9MIQUESConseils et contacts<\/td><\/tr><\/tbody><\/table><\/figure>\n\n\n\n<figure class=\"wp-block-table\"><table><tbody><tr><td>Les <strong>barres<\/strong> du mouvement interacad\u00e9mique sont consultables sur le site du minist\u00e8re&nbsp;: <a href=\"https:\/\/www.education.gouv.fr\/cartes-des-resultats-des-mouvements-interdepartemental-et-interacademique-donnees-generales-274397\" target=\"_blank\" rel=\"noreferrer noopener\">ici<\/a>.<br><strong>Deux cas de figure<\/strong> se pr\u00e9sentent.<br>Pour chacun d&rsquo;eux, le <strong>SNALC<\/strong> vous accompagnera et vous conseillera afin d&rsquo;obtenir les meilleurs r\u00e9sultats.<\/td><\/tr><\/tbody><\/table><\/figure>\n\n\n\n<figure class=\"wp-block-table\"><table><tbody><tr><td><img decoding=\"async\" src=\"https:\/\/syndicat-snalc.net\/AWURTSJ67\/mutation_iStock_alashi_04fe259eee.JPG\" alt=\"\">SITUATION n\u00b01Vous venez d\u2019obtenir votre nouvelle acad\u00e9mieou vous souhaitez participer au mouvement intra-acad\u00e9mique 2024&nbsp;?<br>Consultez notre guide INTRA ci-dessous et contactez rapidement le SNALC pour pr\u00e9parer le mouvement INTRA dans votre acad\u00e9mie&nbsp;:<\/td><\/tr><\/tbody><\/table><\/figure>\n\n\n\n<figure class=\"wp-block-table\"><table><tbody><tr><td><a href=\"https:\/\/snalc.fr\/wp-content\/uploads\/QU1486-INTRA-contacts.pdf\" target=\"_blank\" rel=\"noreferrer noopener\">Situation n\u00b01&nbsp;: je pr\u00e9pare l&rsquo;intra dans mon acad\u00e9mie<\/a><\/td><\/tr><\/tbody><\/table><\/figure>\n\n\n\n<figure class=\"wp-block-table\"><table><tbody><tr><td>SITUATION n\u00b02Vous venez d\u2019obtenir une nouvelle acad\u00e9mie en extension (hors de vos v\u0153ux) ou vous n\u2019avez pas obtenu votre mutation&nbsp;?Contactez imm\u00e9diatement le SNALC de votre acad\u00e9mie actuelle pour former un \u00e9ventuel recours aupr\u00e8s du minist\u00e8re&nbsp;:<img decoding=\"async\" src=\"https:\/\/syndicat-snalc.net\/AWURTSJ67\/mutations_iStock_alashi_d18f398820.JPG\" alt=\"\"><\/td><\/tr><\/tbody><\/table><\/figure>\n\n\n\n<figure class=\"wp-block-table\"><table><tbody><tr><td><a href=\"https:\/\/snalc.fr\/contact\" target=\"_blank\" rel=\"noreferrer noopener\">Situation n\u00b0 2&nbsp;: je contacte le SNALC de mon acad\u00e9mie actuelle<\/a><\/td><\/tr><\/tbody><\/table><\/figure>\n\n\n\n<figure class=\"wp-block-table\"><table><tbody><tr><td>La proc\u00e9dure de recours<\/td><\/tr><\/tbody><\/table><\/figure>\n\n\n\n<figure class=\"wp-block-table\"><table><tbody><tr><td>Attention&nbsp;: le recours contre une d\u00e9cision individuelle d\u00e9favorable en mati\u00e8re de mutation n\u2019est pas une sorte de nouveau mouvement ouvrant un droit \u00e0 mutation. Il s\u2019agit bien de d\u00e9fendre une situation individuelle aupr\u00e8s du minist\u00e8re pour obtenir une rectification suite \u00e0 une erreur, une am\u00e9lioration comme nous le faisions auparavant au sein des commissions administratives paritaires nationales en tenant compte des capacit\u00e9s d\u2019accueil de chaque acad\u00e9mie et des situations individuelles (mutation du&nbsp; conjoint, maladie, dur\u00e9e de s\u00e9paration, etc.). Former un recours ne garantit pas d&rsquo;avoir gain de cause automatiquement, cela reste une d\u00e9marche compliqu\u00e9e dans laquelle nous vous accompagnerons au mieux.<\/td><\/tr><\/tbody><\/table><\/figure>\n\n\n\n<figure class=\"wp-block-table\"><table><tbody><tr><td><strong>Le recours administratif<\/strong><br>La loi n\u00b0 2019-828 du 6 ao\u00fbt 2019 de transformation de la fonction publique permet aux candidats d\u2019\u00eatre assist\u00e9s par le syndicat qu\u2019ils d\u00e9signent dans les recours administratifs qu\u2019ils forment contre les d\u00e9cisions individuelles d\u00e9favorables en mati\u00e8re de mutation.<img decoding=\"async\" src=\"https:\/\/syndicat-snalc.net\/AWURTSJ67\/INTER_help_4b8b91d31c.JPG\" alt=\"\"><\/td><\/tr><\/tbody><\/table><\/figure>\n\n\n\n<figure class=\"wp-block-table\"><table><tbody><tr><td>Une d\u00e9cision est dite <strong>d\u00e9favorable<\/strong> dans les cas suivants&nbsp;:<br><br>\u2022 affectation <strong>en dehors de ses v\u0153ux<\/strong>, par la proc\u00e9dure d\u2019extension des v\u0153ux (candidats stagiaires, candidats titulaires en ATP&#8230;)<br>\u2022 <strong>pas de mutation<\/strong> dans le cas d\u2019un agent titulaire.<br><br>Le <strong>SNALC<\/strong> a d\u00e9nonc\u00e9 cette d\u00e9finition restrictive dont le seul but est de r\u00e9duire le nombre de recours. D\u2019autres situations peuvent \u00eatre \u00e9tudi\u00e9es au cas par cas. N\u2019h\u00e9sitez pas \u00e0 nous contacter. Le <strong>SNALC<\/strong> ainsi mandat\u00e9 pr\u00e9sentera chaque situation au minist\u00e8re et \u0153uvrera, lors de nombreux \u00e9changes et r\u00e9unions bilat\u00e9rales avec l\u2019administration, pour trouver une issue favorable.<\/td><\/tr><\/tbody><\/table><\/figure>\n\n\n\n<figure class=\"wp-block-table\"><table><tbody><tr><td><br><strong>Pourquoi choisir le SNALC dans cette d\u00e9marche&nbsp;?<\/strong><br>Pour sa <strong>longue exp\u00e9rience<\/strong> au sein des commissions administratives paritaires et formations paritaires d\u2019affectation des personnels.<img decoding=\"async\" src=\"https:\/\/syndicat-snalc.net\/AWURTSJ67\/editedimg_f9cb4e9650.png\" alt=\"\"><\/td><\/tr><\/tbody><\/table><\/figure>\n\n\n\n<figure class=\"wp-block-table\"><table><tbody><tr><td>Pour sa <strong>participation depuis 2020 \u00e0 la d\u00e9fense des recours<\/strong> effectu\u00e9s dans le cadre de la loi de 2019 en tant qu\u2019<strong>organisation repr\u00e9sentative<\/strong>.Pour sa <strong>r\u00e9ussite importante<\/strong> dans ces recours depuis 2020.&nbsp;Pour sa <strong>connaissance des r\u00e8gles<\/strong> r\u00e9gissant ces recours en raison de sa participation aux groupes de travail pr\u00e9parant leur mise en place.<\/td><\/tr><\/tbody><\/table><\/figure>\n\n\n\n<figure class=\"wp-block-table\"><table><tbody><tr><td><img decoding=\"async\" src=\"https:\/\/syndicat-snalc.net\/AWURTSJ67\/editedimg_b6f9bb4879.png\" alt=\"\">Les personnels du second degr\u00e9 et les psy-EN formeront leur recours directement aupr\u00e8s du minist\u00e8re gr\u00e2ce \u00e0 l&rsquo;outil de recueil et de suivi des demandes de recours formul\u00e9s dans le cadre du MNGD 2024 disponible dans <a href=\"https:\/\/demarches.colibris.education.gouv.fr\/dgrh-mouvements-et-affectations-2d\/demande-de-revisions-mngd\/\" target=\"_blank\" rel=\"noreferrer noopener\"><strong>l\u2019application COLIBRIS<\/strong><\/a>* et uniquement dans ce cadre.<br>Il est important de consulter vos repr\u00e9sentants du SNALC&nbsp; avant le d\u00e9p\u00f4t de votre recours.<\/td><\/tr><\/tbody><\/table><\/figure>\n\n\n\n<figure class=\"wp-block-table\"><table><tbody><tr><td>Il est tr\u00e8s important de <strong>s\u00e9lectionner le SNALC<\/strong> dans le menu d\u00e9roulant lors de votre demande de recours. Il n\u2019est pas n\u00e9cessaire de saisir le nom d\u2019un repr\u00e9sentant. C\u2019est le <strong>SNALC<\/strong> qui d\u00e9signera vos repr\u00e9sentants re\u00e7us au minist\u00e8re pour d\u00e9fendre votre situation.<br><br>Le <strong>SNALC<\/strong> d\u00e9nonce la suppression par la loi de transformation de la fonction publique des comp\u00e9tences des commissions administratives paritaires en mati\u00e8re de mouvement et le d\u00e9sordre qui en d\u00e9coule depuis 2020.<strong><\/strong><\/td><\/tr><\/tbody><\/table><\/figure>\n\n\n\n<figure class=\"wp-block-table\"><table><tbody><tr><td><br><strong>Le SNALC, syndicat repr\u00e9sentatif et responsable, ne laissera pas les coll\u00e8gues seuls dans ces situations difficiles. <\/strong><strong>Nos responsables et \u00e9lus r\u00e9pondront pr\u00e9sents \u00e0 chaque sollicitation. <\/strong><strong><br><\/strong><strong>Contactez-les sans perdre de temps.<\/strong><\/td><\/tr><\/tbody><\/table><\/figure>\n\n\n\n<figure class=\"wp-block-table\"><table><tbody><tr><td><em>* COLIBRIS&nbsp;: https:\/\/demarches.colibris.education.gouv.fr\/dgrh-mouvements-et-affectations-2d\/demande-de-revisions-mngd\/<\/em><\/td><\/tr><\/tbody><\/table><\/figure>\n\n\n\n<figure class=\"wp-block-table\"><table><tbody><tr><td>MOUVEMENT INTRA 2024<br>les premiers conseils du SNALC<\/td><\/tr><\/tbody><\/table><\/figure>\n\n\n\n<figure class=\"wp-block-table\"><table><tbody><tr><td><img decoding=\"async\" src=\"https:\/\/syndicat-snalc.net\/AWURTSJ67\/editedimg_335b657677.png\" alt=\"\"><\/td><\/tr><\/tbody><\/table><\/figure>\n\n\n\n<figure class=\"wp-block-table\"><table><tbody><tr><td><a href=\"https:\/\/snalc.fr\/wp-content\/uploads\/QU1474BIS.pdf\" target=\"_blank\" rel=\"noreferrer noopener\"><\/a><strong>NOS CONSEILS PRATIQUES<\/strong><br>&#8230;et une mine d&rsquo;informations pour bien comprendre les r\u00e8gles et les d\u00e9tails&nbsp;de chaque situation&nbsp;!<a href=\"https:\/\/snalc.fr\/wp-content\/uploads\/QU1486-INTRA.pdf\" target=\"_blank\" rel=\"noreferrer noopener\">Consulter le guide mouvement INTRA<\/a><\/td><\/tr><\/tbody><\/table><\/figure>\n\n\n\n<figure class=\"wp-block-table\"><table><tbody><tr><td>Ne gaspillez pas vos points et faites confiance au SNALC de votre nouvelle acad\u00e9mie pour vous conseiller la strat\u00e9gie la mieux adapt\u00e9e \u00e0 votre situation.<\/td><\/tr><\/tbody><\/table><\/figure>\n\n\n\n<figure class=\"wp-block-table\"><table><tbody><tr><td><a href=\"https:\/\/snalc.fr\/wp-content\/uploads\/QU1486-INTRA.pdf\" target=\"_blank\" rel=\"noreferrer noopener\"><\/a><\/td><\/tr><\/tbody><\/table><\/figure>\n\n\n\n<figure class=\"wp-block-table\"><table><tbody><tr><td>\u00ab\u00a0Adh\u00e9sion \u00e0 z\u00e9ro euro\u00a0\u00bb<br>C&rsquo;est le moment de d\u00e9couvrir le SNALC&nbsp;![<a href=\"https:\/\/snalc.fr\/wp-content\/uploads\/Adhesion_zero_euro.pdf\" target=\"_blank\" rel=\"noreferrer noopener\">en savoir plus<\/a>]<\/td><\/tr><\/tbody><\/table><\/figure>\n\n\n\n<figure class=\"wp-block-table\"><table><tbody><tr><td>L\u2019ADH\u00c9SION AU SNALC<\/td><\/tr><\/tbody><\/table><\/figure>\n\n\n\n<figure class=\"wp-block-table\"><table><tbody><tr><td><strong>LE SNALC EST LE SYNDICAT REPR\u00c9SENTATIF<\/strong><strong>LE MOINS CHER DE L\u2019\u00c9DUCATION NATIONALE<\/strong><strong>Nos salaires sont trop bas. Le point d\u2019indice est gel\u00e9.<\/strong><strong>Logiquement, le SNALC n\u2019augmente pas ses tarifs pour la 13\u00e8me ann\u00e9e cons\u00e9cutive.<\/strong><strong>Et mieux encore&nbsp;: le SNALC baisse ses tarifs dans la plupart des cat\u00e9gories&nbsp;!<\/strong><a href=\"https:\/\/snalc.fr\/wp-content\/uploads\/tarifs.pdf\" target=\"_blank\" rel=\"noreferrer noopener\">Consulter les tarifs et r\u00e9ductions<\/a><br><strong>CHOISISSEZ LIBREMENT VOTRE MOYEN DE PAIEMENT, RAPIDE ET S\u00c9CURIS\u00c9<\/strong><\/td><\/tr><\/tbody><\/table><\/figure>\n\n\n\n<figure class=\"wp-block-table\"><table><tbody><tr><td><img decoding=\"async\" src=\"http:\/\/syndicat-snalc.net\/AWURTSJ67\/editedimg_361b042f34.jpg\" alt=\"\"><a href=\"https:\/\/www.snalc.fr\/adhesion-carte\/\" target=\"_blank\" rel=\"noreferrer noopener\">carte bancaire<\/a><img decoding=\"async\" src=\"http:\/\/syndicat-snalc.net\/AWURTSJ67\/adhesion_prelevements_0703b426ca.JPG\" alt=\"\"><a href=\"https:\/\/www.snalc.fr\/adhesion\/\" target=\"_blank\" rel=\"noreferrer noopener\">pr\u00e9l\u00e8vements mensuels<\/a><img decoding=\"async\" src=\"https:\/\/syndicat-snalc.net\/AWURTSJ67\/editedimg_c6a21d792d.png\" alt=\"\"><a href=\"https:\/\/www.snalc.fr\/adhesion-virement\/\" target=\"_blank\" rel=\"noreferrer noopener\">virement<\/a><img decoding=\"async\" src=\"http:\/\/syndicat-snalc.net\/AWURTSJ67\/adhesion_cheque_699976dc59.JPG\" alt=\"\"><a href=\"https:\/\/www.snalc.fr\/uploads\/bulletin.pdf\" target=\"_blank\" rel=\"noreferrer noopener\">ch\u00e8que<\/a><\/td><\/tr><\/tbody><\/table><\/figure>\n\n\n\n<figure class=\"wp-block-table\"><table><tbody><tr><td><strong>L&rsquo;adh\u00e9sion comprend<\/strong>&nbsp;: <a href=\"https:\/\/snalc.fr\/gmf-protection-juridique\/\" target=\"_blank\" rel=\"noreferrer noopener\">l&rsquo;assistance et la protection<\/a> juridiques p\u00e9nales aupr\u00e8s de la GMF (agressions, diffamation&#8230;) ;&nbsp;le dispositif exclusif d&rsquo;accompagnement et d&rsquo;aide \u00e0 la mobilit\u00e9&nbsp;: <a href=\"https:\/\/snalc.fr\/mobi-snalc-presentation-et-acces\/\" target=\"_blank\" rel=\"noreferrer noopener\">mobi-SNALC<\/a>&nbsp;; et des tarifs n\u00e9goci\u00e9s aupr\u00e8s de nombreux partenaires&nbsp;: <a href=\"https:\/\/snalc.fr\/avantages-snalc\/\" target=\"_blank\" rel=\"noreferrer noopener\">avantages-SNALC<\/a>.<\/td><\/tr><\/tbody><\/table><\/figure>\n","protected":false},"excerpt":{"rendered":"<p>Lettre d&rsquo;information &#8211;&nbsp;6 mars 2024Professeurs agr\u00e9g\u00e9s, certifi\u00e9s,&nbsp;P-EPS, PLP, CPE, Psy-EN Syndicat national des lyc\u00e9es, coll\u00e8ges, \u00e9coles et du sup\u00e9rieur MOUVEMENTS INTER 2024R\u00e9sultats et recoursMOUVEMENTS INTRA ACAD\u00c9MIQUESConseils et contacts Les barres [&hellip;]<\/p>\n","protected":false},"author":1,"featured_media":0,"comment_status":"closed","ping_status":"closed","sticky":false,"template":"","format":"standard","meta":{"_lmt_disableupdate":"","_lmt_disable":"","site-sidebar-layout":"default","site-content-layout":"","ast-site-content-layout":"default","site-content-style":"default","site-sidebar-style":"default","ast-global-header-display":"","ast-banner-title-visibility":"","ast-main-header-display":"","ast-hfb-above-header-display":"","ast-hfb-below-header-display":"","ast-hfb-mobile-header-display":"","site-post-title":"","ast-breadcrumbs-content":"","ast-featured-img":"","footer-sml-layout":"","ast-disable-related-posts":"","theme-transparent-header-meta":"","adv-header-id-meta":"","stick-header-meta":"","header-above-stick-meta":"","header-main-stick-meta":"","header-below-stick-meta":"","astra-migrate-meta-layouts":"set","ast-page-background-enabled":"default","ast-page-background-meta":{"desktop":{"background-color":"var(--ast-global-color-4)","background-image":"","background-repeat":"repeat","background-position":"center center","background-size":"auto","background-attachment":"scroll","background-type":"","background-media":"","overlay-type":"","overlay-color":"","overlay-opacity":"","overlay-gradient":""},"tablet":{"background-color":"","background-image":"","background-repeat":"repeat","background-position":"center center","background-size":"auto","background-attachment":"scroll","background-type":"","background-media":"","overlay-type":"","overlay-color":"","overlay-opacity":"","overlay-gradient":""},"mobile":{"background-color":"","background-image":"","background-repeat":"repeat","background-position":"center center","background-size":"auto","background-attachment":"scroll","background-type":"","background-media":"","overlay-type":"","overlay-color":"","overlay-opacity":"","overlay-gradient":""}},"ast-content-background-meta":{"desktop":{"background-color":"var(--ast-global-color-5)","background-image":"","background-repeat":"repeat","background-position":"center center","background-size":"auto","background-attachment":"scroll","background-type":"","background-media":"","overlay-type":"","overlay-color":"","overlay-opacity":"","overlay-gradient":""},"tablet":{"background-color":"var(--ast-global-color-5)","background-image":"","background-repeat":"repeat","background-position":"center center","background-size":"auto","background-attachment":"scroll","background-type":"","background-media":"","overlay-type":"","overlay-color":"","overlay-opacity":"","overlay-gradient":""},"mobile":{"background-color":"var(--ast-global-color-5)","background-image":"","background-repeat":"repeat","background-position":"center center","background-size":"auto","background-attachment":"scroll","background-type":"","background-media":"","overlay-type":"","overlay-color":"","overlay-opacity":"","overlay-gradient":""}},"footnotes":""},"categories":[38,8,9,10,7],"tags":[],"class_list":["post-2835","post","type-post","status-publish","format-standard","hentry","category-actualites-2023-2024","category-inter-academique","category-intra-academique","category-intra-departementale","category-mutation"],"modified_by":"slecourtier","_links":{"self":[{"href":"https:\/\/snalc.org\/snalc2023\/index.php?rest_route=\/wp\/v2\/posts\/2835","targetHints":{"allow":["GET"]}}],"collection":[{"href":"https:\/\/snalc.org\/snalc2023\/index.php?rest_route=\/wp\/v2\/posts"}],"about":[{"href":"https:\/\/snalc.org\/snalc2023\/index.php?rest_route=\/wp\/v2\/types\/post"}],"author":[{"embeddable":true,"href":"https:\/\/snalc.org\/snalc2023\/index.php?rest_route=\/wp\/v2\/users\/1"}],"replies":[{"embeddable":true,"href":"https:\/\/snalc.org\/snalc2023\/index.php?rest_route=%2Fwp%2Fv2%2Fcomments&post=2835"}],"version-history":[{"count":1,"href":"https:\/\/snalc.org\/snalc2023\/index.php?rest_route=\/wp\/v2\/posts\/2835\/revisions"}],"predecessor-version":[{"id":2836,"href":"https:\/\/snalc.org\/snalc2023\/index.php?rest_route=\/wp\/v2\/posts\/2835\/revisions\/2836"}],"wp:attachment":[{"href":"https:\/\/snalc.org\/snalc2023\/index.php?rest_route=%2Fwp%2Fv2%2Fmedia&parent=2835"}],"wp:term":[{"taxonomy":"category","embeddable":true,"href":"https:\/\/snalc.org\/snalc2023\/index.php?rest_route=%2Fwp%2Fv2%2Fcategories&post=2835"},{"taxonomy":"post_tag","embeddable":true,"href":"https:\/\/snalc.org\/snalc2023\/index.php?rest_route=%2Fwp%2Fv2%2Ftags&post=2835"}],"curies":[{"name":"wp","href":"https:\/\/api.w.org\/{rel}","templated":true}]}}