{"id":2886,"date":"2024-03-16T08:44:31","date_gmt":"2024-03-16T07:44:31","guid":{"rendered":"https:\/\/snalc.org\/snalc2023\/?p=2886"},"modified":"2024-03-16T08:44:33","modified_gmt":"2024-03-16T07:44:33","slug":"lettre-dinformation-snalc-15-mars-2024-professeurs-des-ecoles","status":"publish","type":"post","link":"https:\/\/snalc.org\/snalc2023\/?p=2886","title":{"rendered":"Lettre d&rsquo;information SNALC\u00a0&#8211;\u00a0\u00a015 mars 2024- Professeurs des \u00e9coles"},"content":{"rendered":"\n<figure class=\"wp-block-table\"><table><tbody><tr><td><strong>Lettre d&rsquo;information SNALC&nbsp;&#8211;&nbsp;&nbsp;15 mars 2024<\/strong><br>Professeurs des \u00e9coles<\/td><\/tr><\/tbody><\/table><\/figure>\n\n\n\n<figure class=\"wp-block-table\"><table><tbody><tr><td><img decoding=\"async\" src=\"https:\/\/syndicat-snalc.net\/AWURTSJ67\/LOGO_SNALC_ECOLE_BLANC-ORANGE_OMBRE_opt_9eb03d62df.png\" alt=\"\"><\/td><\/tr><\/tbody><\/table><\/figure>\n\n\n\n<figure class=\"wp-block-table\"><table><tbody><tr><td>Syndicat national des lyc\u00e9es, coll\u00e8ges, \u00e9coles et du sup\u00e9rieur<\/td><\/tr><\/tbody><\/table><\/figure>\n\n\n\n<figure class=\"wp-block-table\"><table><tbody><tr><td><strong>@&nbsp;:&nbsp;<a href=\"https:\/\/oxiforms.com\/form.php?f=3CCEA222-75AC-4C20-96A8-469DA72B26EF\" target=\"_blank\" rel=\"noreferrer noopener\">contact<\/a>&nbsp;&nbsp; &#8211;&nbsp; &nbsp;site&nbsp;: <a href=\"https:\/\/snalc.fr\/premier-degre\/\" target=\"_blank\" rel=\"noreferrer noopener\">snalc.fr\/premier-degre<\/a><\/strong><\/td><\/tr><\/tbody><\/table><\/figure>\n\n\n\n<figure class=\"wp-block-table\"><table><tbody><tr><td>S\u00c9CURIT\u00c9 ET \u00c9COLES<\/td><\/tr><\/tbody><\/table><\/figure>\n\n\n\n<figure class=\"wp-block-table\"><table><tbody><tr><td>Un r\u00e9cent rapport de mars 2024, publi\u00e9 par la commission d&rsquo;enqu\u00eate demand\u00e9e par la s\u0153ur de Samuel Paty apr\u00e8s l\u2019assassinat du professeur, suscite des inqui\u00e9tudes autour de l\u2019\u00e9cole et met en lumi\u00e8re les probl\u00e8mes de s\u00e9curit\u00e9 auxquels notre \u00c9cole est confront\u00e9e. Par ailleurs, une note de la DEPP datant de f\u00e9vrier 2024 sur les incidents graves \u00e0 l\u2019\u00e9cole pointe une augmentation des incivilit\u00e9s et de l&rsquo;agressivit\u00e9 des parents dans le premier degr\u00e9. Ces constats r\u00e9v\u00e8lent un climat de morosit\u00e9 et de stress ambiants, g\u00e9n\u00e9r\u00e9 par une conjoncture nationale et internationale difficile, une flamb\u00e9e des prix historique, ainsi que des remises en question et des changements soci\u00e9taux constants. Dans ce contexte, l&rsquo;\u00e9conomie de 700 millions d\u2019euros \u00e0 r\u00e9aliser sur le dos de l\u2019\u00e9cole l\u2019ann\u00e9e prochaine n&rsquo;am\u00e9liorera pas dans le premier degr\u00e9 la qualit\u00e9 relationnelle parents-enseignants.<br>L\u2019agressivit\u00e9 devient ordinaire et ne touche plus seulement les villes. La tension est forte y compris dans les \u00e9coles de campagne o\u00f9 une petite \u00e9tincelle, un diff\u00e9rend avec une famille suite \u00e0 une incompr\u00e9hension peut facilement mettre le feu aux poudres. Si, auparavant, les parents ouvraient le cahier de liaison pour faire part de leur m\u00e9contentement, aujourd&rsquo;hui, certains ne prennent plus la peine d\u2019\u00e9crire ou de prendre un rendez-vous&nbsp;: ils poussent ou enjambent la grille de l&rsquo;\u00e9cole pour en d\u00e9coudre avec l\u2019enseignant, le plus souvent en pr\u00e9sence des \u00e9l\u00e8ves. Ces agressions qui parfois d\u00e9passent le stade des mots sont de plus en plus fr\u00e9quentes.<br>On a tendance \u00e0 penser que ces intrusions sont les cons\u00e9quences d\u2019une \u00e9volution de la soci\u00e9t\u00e9 mais pour le <strong>SNALC<\/strong>, il s\u2019agit surtout du r\u00e9sultat d\u2019un manque criant de soutien aux professeurs de la part de la hi\u00e9rarchie, qui depuis des ann\u00e9es donnait raison syst\u00e9matiquement aux parents d\u00e8s lors qu\u2019ils remettaient en question un enseignant. Le \u00ab&nbsp;pas de vague&nbsp;\u00bb, qui n\u2019a pas disparu, a conf\u00e9r\u00e9 aux parents une sorte d\u2019impunit\u00e9, de pouvoir sur l\u2019\u00e9cole et un droit sur les enseignants.<br><br>Aujourd\u2019hui, face aux nombreux probl\u00e8mes rencontr\u00e9s dans les \u00e9coles et au nombre croissant de demandes de protection fonctionnelle, on sent une l\u00e9g\u00e8re inflexion de la politique du minist\u00e8re qui tente de mieux prot\u00e9ger les enseignants.<br><br>Le Premier ministre et la ministre de l&rsquo;\u00c9ducation nationale se sont d\u00e9plac\u00e9s le 11 mars 2024 \u00e0 Arras sur les lieux de la trag\u00e9die qui a frapp\u00e9 le lyc\u00e9e Gambetta en octobre 2023. Ils auront peut-\u00eatre pu constater les mesures de s\u00e9curit\u00e9 prises dans et autour de l\u2019\u00e9tablissement. En parall\u00e8le, partout en France, des travaux ont \u00e9t\u00e9 \u00e9galement entrepris pour s\u00e9curiser le b\u00e2ti scolaire dans le premier degr\u00e9. Mais il subsiste pour de nombreux professeurs un sentiment d&rsquo;ins\u00e9curit\u00e9 car rien n\u2019a \u00e9t\u00e9 fait dans leur \u00e9cole.<br><br>C\u2019est la raison pour laquelle le <strong>SNALC<\/strong> a donc d\u00e9cid\u00e9 de lancer une grande enqu\u00eate autour de la s\u00e9curisation de nos \u00e9coles pour vous donner la parole, pour mettre en avant ce qui est fait ou a \u00e9t\u00e9 fait, et ce qui, selon vous, devrait \u00eatre r\u00e9alis\u00e9. Les r\u00e9sultats de cette enqu\u00eate permettront au <strong>SNALC<\/strong> de pr\u00e9senter au minist\u00e8re \u00e0 la fois un \u00e9tat des lieux pr\u00e9cis de nos \u00e9coles mais \u00e9galement l\u2019attente des professeurs des \u00e9coles de France en mati\u00e8re de s\u00e9curit\u00e9 pour pouvoir travailler sereinement et efficacement.<\/td><\/tr><\/tbody><\/table><\/figure>\n\n\n\n<figure class=\"wp-block-table\"><table><tbody><tr><td>Christophe GRUSONsecr\u00e9taire national du SNALC charg\u00e9 du premier degr\u00e9<\/td><\/tr><\/tbody><\/table><\/figure>\n\n\n\n<figure class=\"wp-block-table\"><table><tbody><tr><td><img decoding=\"async\" src=\"https:\/\/syndicat-snalc.net\/AWURTSJ67\/fence-barbed-wire-chain-line-material-close-_c95b2c195e.jpg\" alt=\"\"><strong>S\u00c9CURIT\u00c9 \u00c0 L\u2019\u00c9COLE&nbsp;: VOTRE AVIS EST PRIMORDIAL &#8211; ENQU\u00caTE DU SNALC<\/strong><strong><br><\/strong>Notre s\u00e9curit\u00e9 n\u2019est pas n\u00e9gociable.&nbsp; Afin de faire remonter au niveau du minist\u00e8re la r\u00e9alit\u00e9 et les besoins urgents du terrain, le SNALC a d\u00e9cid\u00e9 de construire sa propre enqu\u00eate, envoy\u00e9e \u00e0 tous les professeurs des \u00e9coles. Merci d\u2019avance pour votre participation.<br>[<a href=\"https:\/\/snalc.fr\/securite-a-lecole-votre-avis-est-primordial-enquete-du-snalc\/\" target=\"_blank\" rel=\"noreferrer noopener\">Lire la suite<\/a>]<\/td><\/tr><\/tbody><\/table><\/figure>\n\n\n\n<figure class=\"wp-block-table\"><table><tbody><tr><td><img decoding=\"async\" src=\"https:\/\/syndicat-snalc.net\/AWURTSJ67\/wood-vintage-texture-floor-old-wall-150160-p_705172523e.jpg\" alt=\"\"><strong>RECOURS &#8211; MOUVEMENT INTERD\u00c9PARTEMENTAL<\/strong><br>Vous avez particip\u00e9 au mouvement interd\u00e9partemental et vous avez re\u00e7u une r\u00e9ponse n\u00e9gative. Vous souhaitez malgr\u00e9 tout changer de d\u00e9partement. Que vous soyez adh\u00e9rent ou non, demandez l\u2019aide du SNALC pour mettre en place une proc\u00e9dure de recours. Le SNALC d\u00e9fendra votre dossier aupr\u00e8s du minist\u00e8re.<br>[<a href=\"https:\/\/snalc.fr\/recours-mouvement-interdepartemental\/\" target=\"_blank\" rel=\"noreferrer noopener\">Lire la suite<\/a>]<\/td><\/tr><\/tbody><\/table><\/figure>\n\n\n\n<figure class=\"wp-block-table\"><table><tbody><tr><td><img decoding=\"async\" src=\"https:\/\/syndicat-snalc.net\/AWURTSJ67\/man-landscape-forest-person-woman-photograph_64915a35ec.jpg\" alt=\"\"><strong>MOUVEMENT INTRA-D\u00c9PARTEMENTAL 2024<\/strong><strong><br><\/strong>Tout professeur des \u00e9coles titulaire peut, s\u2019il le d\u00e9sire, participer au mouvement intra-d\u00e9partemental. En revanche, tout professeur des \u00e9coles sans poste ou stagiaire doit y participer. Le SNALC vous pr\u00e9sente les grandes lignes de ce mouvement tr\u00e8s d\u00e9partemental.<br>[<a href=\"https:\/\/snalc.fr\/mouvement-intradep-2024\/\" target=\"_blank\" rel=\"noreferrer noopener\">Lire la suite<\/a>]<\/td><\/tr><\/tbody><\/table><\/figure>\n\n\n\n<figure class=\"wp-block-table\"><table><tbody><tr><td><img decoding=\"async\" src=\"https:\/\/syndicat-snalc.net\/AWURTSJ67\/hand-man-person-hair-old-male-1343973-pxhere_5ccd71fdf3.jpg\" alt=\"\"><strong>DU NOUVEAU POUR LA DIRECTION D\u2019\u00c9COLE&nbsp;!<\/strong>Le mercredi 31 janvier 2024, le SNALC a particip\u00e9 \u00e0 un groupe de travail minist\u00e9riel autour de la direction d\u2019\u00e9cole. Et toujours pas d\u2019all\u00e9gement, ni d\u2019aide administrative r\u00e9clam\u00e9s par le SNALC en vue. \u00c0 la place, une \u00e9valuation\u2026<br>[<a href=\"https:\/\/snalc.fr\/du-nouveau-pour-la-direction-decole-2\/\" target=\"_blank\" rel=\"noreferrer noopener\">Lire la suite<\/a>]<\/td><\/tr><\/tbody><\/table><\/figure>\n\n\n\n<figure class=\"wp-block-table\"><table><tbody><tr><td><img decoding=\"async\" src=\"https:\/\/syndicat-snalc.net\/AWURTSJ67\/argent_istock_Vasil-Dimitrov-1283741623_opt_0b9c77934d.jpg\" alt=\"\"><strong>LE 19 MARS, EN GR\u00c8VE POUR NOS SALAIRES<\/strong><strong><br><\/strong>Dans le cadre unitaire fix\u00e9 par les organisations syndicales de la fonction publique, le SNALC appelle \u00e0 la mobilisation et \u00e0 la gr\u00e8ve le 19 mars prochain sur la question des r\u00e9mun\u00e9rations. Il est urgent d\u2019ouvrir sans d\u00e9lai des n\u00e9gociations pour am\u00e9liorer les carri\u00e8res et prendre des mesures g\u00e9n\u00e9rales pour les salaires.<br>[<a href=\"https:\/\/snalc.fr\/le-19-mars-en-greve-pour-nos-salaires-2\/\" target=\"_blank\" rel=\"noreferrer noopener\">Lire la suite<\/a>]<\/td><\/tr><\/tbody><\/table><\/figure>\n\n\n\n<figure class=\"wp-block-table\"><table><tbody><tr><td><img decoding=\"async\" src=\"https:\/\/syndicat-snalc.net\/AWURTSJ67\/image_10_recommandations_opt_0314f1e827.jpg\" alt=\"\"><strong>10 RECOMMANDATIONS POUR \u00caTRE PLUS FORT AU TRAVAIL<\/strong><br>M\u00eame si \u00ab&nbsp;cela n\u2019arrive qu\u2019aux autres&nbsp;\u00bb, nous vous invitons \u00e0 prendre connaissance des 10 recommandations du SNALC&nbsp;: autant d\u2019erreurs \u00e0 ne pas commettre, de conseils \u00e0 appliquer, de pi\u00e8ges \u00e0 rep\u00e9rer&#8230;<br>[<a href=\"https:\/\/snalc.fr\/10-recommandations-pour-etre-plus-fort-au-travail\/\" target=\"_blank\" rel=\"noreferrer noopener\">Lire la suite<\/a>]<\/td><\/tr><\/tbody><\/table><\/figure>\n\n\n\n<figure class=\"wp-block-table\"><table><tbody><tr><td>Et pendant ce temps\u2026<\/td><\/tr><\/tbody><\/table><\/figure>\n\n\n\n<figure class=\"wp-block-table\"><table><tbody><tr><td><strong>Arr\u00eat des \u00e9valuations obligatoires impos\u00e9es, laissez-nous travailler&nbsp;!<\/strong><a href=\"https:\/\/snalc.fr\/et-pendant-ce-temps-lettre-novembre-2023-2\/\" target=\"_blank\" rel=\"noreferrer noopener\">L\u2019intersyndicale<\/a> FSU-SNUipp, SE-Unsa, Snudi-FO, SGEN-CFDT, CGT Educ\u2019Action, SNALC, SUD \u00e9ducation demande la fin du caract\u00e8re obligatoire des \u00e9valuations nationales standardis\u00e9es et g\u00e9n\u00e9ralis\u00e9es. Elle d\u00e9nonce fermement les attaques contre la libert\u00e9 p\u00e9dagogique et le m\u00e9tier enseignant notamment par plusieurs annonces du \u00ab&nbsp;choc des savoirs&nbsp;\u00bb.<br>Les organisations syndicales FSU-SNUipp, SE-Unsa, Snudi-FO, SGEN-CFDT, CGT Educ\u2019Action, SNALC, SUD \u00e9ducation appellent \u00e0 signer massivement cette p\u00e9tition pour exiger&nbsp;:<br>L\u2019abandon des \u00e9valuations nationales standardis\u00e9es obligatoiresL\u2019arr\u00eat des m\u00e9canismes de pression et de contr\u00f4le (pilotage des conseils acad\u00e9miques des savoirs fondamentaux CASF, formation impos\u00e9e, tout-\u00e9valuation, contr\u00f4les incessants\u2026)Le respect de la libert\u00e9 p\u00e9dagogique&nbsp;: abandon de toute tentative d\u2019imposition de manuels, y compris au travers d\u2019un processus de labellisation.<br>Signer la p\u00e9tition&nbsp;:&nbsp; <a href=\"https:\/\/lapetition.fr\/arret-evaluations-obligatoires-imposees\" target=\"_blank\" rel=\"noreferrer noopener\">lapetition.fr\/arret-evaluations-obligatoires-imposees<\/a><strong><\/strong><\/td><\/tr><\/tbody><\/table><\/figure>\n\n\n\n<figure class=\"wp-block-table\"><table><tbody><tr><td><\/td><\/tr><\/tbody><\/table><\/figure>\n\n\n\n<figure class=\"wp-block-table\"><table><tbody><tr><td>L\u2019ADH\u00c9SION AU SNALC<br>90 \u20ac pour un an<\/td><\/tr><\/tbody><\/table><\/figure>\n\n\n\n<figure class=\"wp-block-table\"><table><tbody><tr><td><strong>LE SNALC EST LE SYNDICAT REPR\u00c9SENTATIF<\/strong><strong>LE MOINS CHER DE L\u2019\u00c9DUCATION NATIONALE<\/strong><strong>Nos salaires sont trop bas. Le point d\u2019indice est gel\u00e9.<\/strong><strong>Logiquement, le SNALC n\u2019augmente pas ses tarifs pour la 13\u00e8me ann\u00e9e cons\u00e9cutive.<\/strong><strong>Et mieux encore&nbsp;: le SNALC baisse ses tarifs dans la plupart des cat\u00e9gories&nbsp;!<\/strong><a href=\"https:\/\/snalc.fr\/wp-content\/uploads\/tarifs.pdf\" target=\"_blank\" rel=\"noreferrer noopener\">Consulter les tarifs et r\u00e9ductions<\/a><br><strong>CHOISISSEZ LIBREMENT VOTRE MOYEN DE PAIEMENT, RAPIDE ET S\u00c9CURIS\u00c9<\/strong><\/td><\/tr><\/tbody><\/table><\/figure>\n\n\n\n<figure class=\"wp-block-table\"><table><tbody><tr><td><img decoding=\"async\" src=\"http:\/\/syndicat-snalc.net\/AWURTSJ67\/editedimg_361b042f34.jpg\" alt=\"\"><a href=\"https:\/\/snalc.fr\/adhesion-carte\/\" target=\"_blank\" rel=\"noreferrer noopener\">carte bancaire<\/a><img decoding=\"async\" src=\"http:\/\/syndicat-snalc.net\/AWURTSJ67\/adhesion_prelevements_0703b426ca.JPG\" alt=\"\"><a href=\"https:\/\/snalc.fr\/adhesion\/\" target=\"_blank\" rel=\"noreferrer noopener\">pr\u00e9l\u00e8vements mensuels<\/a><img decoding=\"async\" src=\"https:\/\/syndicat-snalc.net\/AWURTSJ67\/editedimg_c6a21d792d.png\" alt=\"\"><a href=\"https:\/\/snalc.fr\/adhesion-virement\/\" target=\"_blank\" rel=\"noreferrer noopener\">virement<\/a><img decoding=\"async\" src=\"http:\/\/syndicat-snalc.net\/AWURTSJ67\/adhesion_cheque_699976dc59.JPG\" alt=\"\"><a href=\"https:\/\/snalc.fr\/adhesion-cheque\/\" target=\"_blank\" rel=\"noreferrer noopener\">ch\u00e8que<\/a><\/td><\/tr><\/tbody><\/table><\/figure>\n\n\n\n<figure class=\"wp-block-table\"><table><tbody><tr><td><strong>L&rsquo;adh\u00e9sion comprend<\/strong>&nbsp;: <a href=\"https:\/\/snalc.fr\/gmf-protection-juridique\/\" target=\"_blank\" rel=\"noreferrer noopener\">l&rsquo;assistance et la protection<\/a> juridiques p\u00e9nales aupr\u00e8s de la GMF (agressions, diffamation&#8230;) ;&nbsp;le dispositif exclusif d&rsquo;accompagnement et d&rsquo;aide \u00e0 la mobilit\u00e9&nbsp;: <a href=\"https:\/\/snalc.fr\/mobi-snalc-presentation-et-acces\/\" target=\"_blank\" rel=\"noreferrer noopener\">mobi-SNALC<\/a>&nbsp;; et des tarifs n\u00e9goci\u00e9s aupr\u00e8s de nombreux partenaires&nbsp;: <a href=\"https:\/\/snalc.fr\/avantages-snalc\/\" target=\"_blank\" rel=\"noreferrer noopener\">avantages-SNALC<\/a>.<\/td><\/tr><\/tbody><\/table><\/figure>\n\n\n\n<figure class=\"wp-block-table\"><table><tbody><tr><td>\u00ab\u00a0Adh\u00e9sion \u00e0 z\u00e9ro euro\u00a0\u00bb<br>C&rsquo;est le moment de d\u00e9couvrir le SNALC&nbsp;![<a href=\"https:\/\/snalc.fr\/wp-content\/uploads\/Adhesion_zero_euro.pdf\" target=\"_blank\" rel=\"noreferrer noopener\">en savoir plus<\/a>]<\/td><\/tr><\/tbody><\/table><\/figure>\n\n\n\n<figure class=\"wp-block-table\"><table><tbody><tr><td><a href=\"https:\/\/snalc.fr\/contact\" target=\"_blank\" rel=\"noreferrer noopener\">Toutes nos coordonn\u00e9es<\/a><\/td><\/tr><\/tbody><\/table><\/figure>\n\n\n\n<figure class=\"wp-block-table\"><table><tbody><tr><td>Cr\u00e9dits sur les articles en lien<\/td><\/tr><\/tbody><\/table><\/figure>\n","protected":false},"excerpt":{"rendered":"<p>Lettre d&rsquo;information SNALC&nbsp;&#8211;&nbsp;&nbsp;15 mars 2024Professeurs des \u00e9coles Syndicat national des lyc\u00e9es, coll\u00e8ges, \u00e9coles et du sup\u00e9rieur @&nbsp;:&nbsp;contact&nbsp;&nbsp; &#8211;&nbsp; &nbsp;site&nbsp;: snalc.fr\/premier-degre S\u00c9CURIT\u00c9 ET \u00c9COLES Un r\u00e9cent rapport de mars 2024, publi\u00e9 [&hellip;]<\/p>\n","protected":false},"author":1,"featured_media":0,"comment_status":"closed","ping_status":"closed","sticky":false,"template":"","format":"standard","meta":{"_lmt_disableupdate":"","_lmt_disable":"","site-sidebar-layout":"default","site-content-layout":"","ast-site-content-layout":"default","site-content-style":"default","site-sidebar-style":"default","ast-global-header-display":"","ast-banner-title-visibility":"","ast-main-header-display":"","ast-hfb-above-header-display":"","ast-hfb-below-header-display":"","ast-hfb-mobile-header-display":"","site-post-title":"","ast-breadcrumbs-content":"","ast-featured-img":"","footer-sml-layout":"","ast-disable-related-posts":"","theme-transparent-header-meta":"","adv-header-id-meta":"","stick-header-meta":"","header-above-stick-meta":"","header-main-stick-meta":"","header-below-stick-meta":"","astra-migrate-meta-layouts":"set","ast-page-background-enabled":"default","ast-page-background-meta":{"desktop":{"background-color":"var(--ast-global-color-4)","background-image":"","background-repeat":"repeat","background-position":"center center","background-size":"auto","background-attachment":"scroll","background-type":"","background-media":"","overlay-type":"","overlay-color":"","overlay-opacity":"","overlay-gradient":""},"tablet":{"background-color":"","background-image":"","background-repeat":"repeat","background-position":"center center","background-size":"auto","background-attachment":"scroll","background-type":"","background-media":"","overlay-type":"","overlay-color":"","overlay-opacity":"","overlay-gradient":""},"mobile":{"background-color":"","background-image":"","background-repeat":"repeat","background-position":"center center","background-size":"auto","background-attachment":"scroll","background-type":"","background-media":"","overlay-type":"","overlay-color":"","overlay-opacity":"","overlay-gradient":""}},"ast-content-background-meta":{"desktop":{"background-color":"var(--ast-global-color-5)","background-image":"","background-repeat":"repeat","background-position":"center center","background-size":"auto","background-attachment":"scroll","background-type":"","background-media":"","overlay-type":"","overlay-color":"","overlay-opacity":"","overlay-gradient":""},"tablet":{"background-color":"var(--ast-global-color-5)","background-image":"","background-repeat":"repeat","background-position":"center center","background-size":"auto","background-attachment":"scroll","background-type":"","background-media":"","overlay-type":"","overlay-color":"","overlay-opacity":"","overlay-gradient":""},"mobile":{"background-color":"var(--ast-global-color-5)","background-image":"","background-repeat":"repeat","background-position":"center center","background-size":"auto","background-attachment":"scroll","background-type":"","background-media":"","overlay-type":"","overlay-color":"","overlay-opacity":"","overlay-gradient":""}},"footnotes":""},"categories":[38,23],"tags":[],"class_list":["post-2886","post","type-post","status-publish","format-standard","hentry","category-actualites-2023-2024","category-professeurs-1er-degre"],"modified_by":"slecourtier","_links":{"self":[{"href":"https:\/\/snalc.org\/snalc2023\/index.php?rest_route=\/wp\/v2\/posts\/2886","targetHints":{"allow":["GET"]}}],"collection":[{"href":"https:\/\/snalc.org\/snalc2023\/index.php?rest_route=\/wp\/v2\/posts"}],"about":[{"href":"https:\/\/snalc.org\/snalc2023\/index.php?rest_route=\/wp\/v2\/types\/post"}],"author":[{"embeddable":true,"href":"https:\/\/snalc.org\/snalc2023\/index.php?rest_route=\/wp\/v2\/users\/1"}],"replies":[{"embeddable":true,"href":"https:\/\/snalc.org\/snalc2023\/index.php?rest_route=%2Fwp%2Fv2%2Fcomments&post=2886"}],"version-history":[{"count":1,"href":"https:\/\/snalc.org\/snalc2023\/index.php?rest_route=\/wp\/v2\/posts\/2886\/revisions"}],"predecessor-version":[{"id":2887,"href":"https:\/\/snalc.org\/snalc2023\/index.php?rest_route=\/wp\/v2\/posts\/2886\/revisions\/2887"}],"wp:attachment":[{"href":"https:\/\/snalc.org\/snalc2023\/index.php?rest_route=%2Fwp%2Fv2%2Fmedia&parent=2886"}],"wp:term":[{"taxonomy":"category","embeddable":true,"href":"https:\/\/snalc.org\/snalc2023\/index.php?rest_route=%2Fwp%2Fv2%2Fcategories&post=2886"},{"taxonomy":"post_tag","embeddable":true,"href":"https:\/\/snalc.org\/snalc2023\/index.php?rest_route=%2Fwp%2Fv2%2Ftags&post=2886"}],"curies":[{"name":"wp","href":"https:\/\/api.w.org\/{rel}","templated":true}]}}