{"id":2892,"date":"2024-03-16T09:13:31","date_gmt":"2024-03-16T08:13:31","guid":{"rendered":"https:\/\/snalc.org\/snalc2023\/?p=2892"},"modified":"2024-03-16T09:13:42","modified_gmt":"2024-03-16T08:13:42","slug":"quinzaine-universitaire-n1487","status":"publish","type":"post","link":"https:\/\/snalc.org\/snalc2023\/?p=2892","title":{"rendered":"QUINZAINE UNIVERSITAIRE n\u00b01487"},"content":{"rendered":"\n<ul class=\"wp-block-list\">\n<li><a href=\"https:\/\/snalc.fr\/category\/actualites\/\"><\/a><\/li>\n<\/ul>\n\n\n\n<figure class=\"wp-block-image\"><img decoding=\"async\" src=\"https:\/\/snalc.fr\/wp-content\/uploads\/QU1487.jpg\" alt=\"\" class=\"wp-image-39015\"\/><\/figure>\n\n\n\n<p><strong>\u00c9DITO : <\/strong><a href=\"https:\/\/snalc.fr\/le-sens-des-priorites\/\" target=\"_blank\" rel=\"noreferrer noopener\"><strong>LE SENS DES PRIORIT\u00c9S<\/strong><\/a><\/p>\n\n\n\n<figure class=\"wp-block-image\"><img decoding=\"async\" src=\"https:\/\/snalc.fr\/wp-content\/uploads\/elementor\/thumbs\/SNALC-congres-Strasbourg-mai-2023-Photo-Philippe-Sautier-3-e1686317689865-qfu77nw4qlxwj5dktm23kiay8chujy1r6wng15ek0o.jpg\" alt=\"SNALC congres Strasbourg mai 2023 - Photo Philippe Sautier (3)\" title=\"SNALC congres Strasbourg mai 2023 \u2013 Photo Philippe Sautier (3)\"\/><\/figure>\n\n\n\n<p>Jean-R\u00e9mi Girard<br>Pr\u00e9sident du SNALC<\/p>\n\n\n\n<p>Dans une R\u00e9publique qui prendrait soin de son \u00c9cole, le temps du politique ne primerait pas sur le temps de l\u2019\u00e9ducation. De m\u00eame, la communication politique \u2014 dont nous ne nions pas l\u2019importance \u2014 ne prendrait pas le pas sur la r\u00e9alit\u00e9. Il y aurait une exigence de sinc\u00e9rit\u00e9, d\u2019honn\u00eatet\u00e9 et de clart\u00e9, qui serait due aux personnels de l\u2019\u00c9ducation nationale. Car l\u2019\u00c9cole est un bien commun, et tout le monde s\u2019entendrait pour la d\u00e9fendre.<\/p>\n\n\n\n<p>La situation actuelle est bien loin de cet id\u00e9al, qui rel\u00e8ve pourtant du bon sens. Ou plut\u00f4t du sens des priorit\u00e9s. Mais la \u00ab&nbsp;priorit\u00e9 \u00e0 l\u2019\u00e9ducation&nbsp;\u00bb annonc\u00e9e n\u2019a pas le sens des priorit\u00e9s. On a m\u00eame pouss\u00e9 le \u00ab&nbsp;en m\u00eame temps&nbsp;\u00bb jusqu\u2019au domaine de la physique quantique. Ainsi, les fameux groupes du choc des savoirs sont d\u00e9sormais des groupes de Schr\u00f6dinger&nbsp;: suivant le membre du gouvernement que l\u2019on \u00e9coute, ils sont en m\u00eame temps \u00ab&nbsp;de niveau&nbsp;\u00bb et pas \u00ab&nbsp;de niveau&nbsp;\u00bb. Et comme le chat (toujours de Schr\u00f6dinger), ils sont en m\u00eame temps vivants et morts. Ces groupes sont obligatoires mais assouplis, sur l\u2019ensemble du temps mais avec des d\u00e9rogations, nationaux mais dans le cadre de l\u2019autonomie de l\u2019\u00e9tablissement. [<a href=\"https:\/\/snalc.fr\/le-sens-des-priorites\/\" target=\"_blank\" rel=\"noreferrer noopener\"><strong>Lire la suite<\/strong><\/a>]<\/p>\n\n\n\n<p><strong>DOSSIER DU MOIS<\/strong><\/p>\n\n\n\n<p><a href=\"https:\/\/snalc.fr\/carriere-un-sujet-epineux\/\"><strong>CARRI\u00c8RE : UN SUJET \u00c9PINEUX<\/strong><\/a><\/p>\n\n\n\n<ul class=\"wp-block-list\">\n<li><a href=\"https:\/\/snalc.fr\/carriere-un-sujet-epineux\/#cadre\"><em>Le cadre pour les carri\u00e8res : la source des probl\u00e8mes<\/em><\/a><\/li>\n\n\n\n<li><a href=\"https:\/\/snalc.fr\/carriere-un-sujet-epineux\/#cn\"><em>Classe normale : des acc\u00e9l\u00e9rations sans turbo<\/em><\/a><\/li>\n\n\n\n<li><a href=\"https:\/\/snalc.fr\/carriere-un-sujet-epineux\/#hc\"><em>Hors classe : vers un grade de transition ?<\/em><\/a><\/li>\n\n\n\n<li><a href=\"https:\/\/snalc.fr\/carriere-un-sujet-epineux\/#exc\"><em>Classe exceptionnelle : pas pour tous, pas encore<\/em><\/a><\/li>\n\n\n\n<li><a href=\"https:\/\/snalc.fr\/carriere-un-sujet-epineux#merite\"><em>Et le m\u00e9rite dans tout \u00e7a ?<\/em><\/a><\/li>\n\n\n\n<li><a href=\"https:\/\/snalc.fr\/carriere-un-sujet-epineux\/#defend\"><em>Le SNALC d\u00e9fend des carri\u00e8res attractives et clairement d\u00e9finies<\/em><\/a><\/li>\n<\/ul>\n\n\n\n<p><strong>LES PERSONNELS<\/strong><\/p>\n\n\n\n<ul class=\"wp-block-list\">\n<li><a href=\"https:\/\/snalc.fr\/la-chairesup-candidature-2024\/\">Liste d\u2019aptitude d\u2019acc\u00e8s au corps des professeurs de chaires sup\u00e9rieures par candidature<\/a><\/li>\n\n\n\n<li><a href=\"https:\/\/snalc.fr\/wp-content\/uploads\/QU1487_NLOP.jpg\">Ne l\u2019oubliez pas !<\/a><\/li>\n\n\n\n<li><a href=\"https:\/\/snalc.fr\/enfin-lequivalent-du-cti-pour-les-infirmieres-de-leducation-nationale\/\">Enfin l\u2019\u00e9quivalent du CTI pour les infirmi\u00e8res de l\u2019\u00c9ducation nationale !<\/a><\/li>\n\n\n\n<li><a href=\"https:\/\/snalc.fr\/retraite-pour-invalidite-un-jeu-de-dupes\/\">Retraite pour invalidit\u00e9 : un jeu de dupes ?<\/a><\/li>\n<\/ul>\n\n\n\n<p><strong>SYST\u00c8ME \u00c9DUCATIF<\/strong><\/p>\n\n\n\n<ul class=\"wp-block-list\">\n<li><a href=\"https:\/\/snalc.fr\/le-snalc-contre-le-tri-social\/\">Le SNALC contre le \u00ab tri social \u00bb<\/a><\/li>\n\n\n\n<li><a href=\"https:\/\/snalc.fr\/coupes-budgetaires-honteux\/\">Coupes budg\u00e9taires : honteux !<\/a><\/li>\n\n\n\n<li><a href=\"https:\/\/snalc.fr\/sondage-lca-et-dgh-2024-chronique-dune-mort-annoncee\/\">Sondage LCA et DGH 2024 : chronique d\u2019une mort annonc\u00e9e?<\/a><\/li>\n\n\n\n<li><a href=\"https:\/\/snalc.fr\/programme-limitatif-de-francais-bac-professionnel-rien-ne-va\/\">Programme limitatif de fran\u00e7ais bac professionnel : rien ne va<\/a><\/li>\n\n\n\n<li><a href=\"https:\/\/snalc.fr\/musculation-au-college-un-enjeu-sanitaire\/\">Musculation au coll\u00e8ge : un enjeu sanitaire<\/a><\/li>\n\n\n\n<li><a href=\"https:\/\/snalc.fr\/le-snalc-soutient-la-semaine-de-la-presse\/\">Le SNALC soutient la semaine de la presse et des m\u00e9dias dans l\u2019\u00e9cole<\/a><\/li>\n<\/ul>\n\n\n\n<p><strong>CONDITIONS DE TRAVAIL<\/strong><\/p>\n\n\n\n<ul class=\"wp-block-list\">\n<li><a href=\"https:\/\/snalc.fr\/urgence-tout-risques\/\">Urgence tout risques<\/a><\/li>\n\n\n\n<li><a href=\"https:\/\/snalc.fr\/pour-vos-vacances-faites-des-economies-avec-avantages-snalc\/\">Faites des \u00e9conomies avec Avantages-SNALC<\/a><\/li>\n<\/ul>\n\n\n\n<p><a href=\"https:\/\/snalc.fr\/wp-content\/uploads\/QU1487.pdf\">T\u00e9l\u00e9charger la revue en PDF<\/a><\/p>\n","protected":false},"excerpt":{"rendered":"<p>\u00c9DITO : LE SENS DES PRIORIT\u00c9S Jean-R\u00e9mi GirardPr\u00e9sident du SNALC Dans une R\u00e9publique qui prendrait soin de son \u00c9cole, le temps du politique ne primerait pas sur le temps de [&hellip;]<\/p>\n","protected":false},"author":1,"featured_media":0,"comment_status":"closed","ping_status":"closed","sticky":false,"template":"","format":"standard","meta":{"_lmt_disableupdate":"","_lmt_disable":"","site-sidebar-layout":"default","site-content-layout":"","ast-site-content-layout":"default","site-content-style":"default","site-sidebar-style":"default","ast-global-header-display":"","ast-banner-title-visibility":"","ast-main-header-display":"","ast-hfb-above-header-display":"","ast-hfb-below-header-display":"","ast-hfb-mobile-header-display":"","site-post-title":"","ast-breadcrumbs-content":"","ast-featured-img":"","footer-sml-layout":"","ast-disable-related-posts":"","theme-transparent-header-meta":"","adv-header-id-meta":"","stick-header-meta":"","header-above-stick-meta":"","header-main-stick-meta":"","header-below-stick-meta":"","astra-migrate-meta-layouts":"set","ast-page-background-enabled":"default","ast-page-background-meta":{"desktop":{"background-color":"var(--ast-global-color-4)","background-image":"","background-repeat":"repeat","background-position":"center center","background-size":"auto","background-attachment":"scroll","background-type":"","background-media":"","overlay-type":"","overlay-color":"","overlay-opacity":"","overlay-gradient":""},"tablet":{"background-color":"","background-image":"","background-repeat":"repeat","background-position":"center center","background-size":"auto","background-attachment":"scroll","background-type":"","background-media":"","overlay-type":"","overlay-color":"","overlay-opacity":"","overlay-gradient":""},"mobile":{"background-color":"","background-image":"","background-repeat":"repeat","background-position":"center center","background-size":"auto","background-attachment":"scroll","background-type":"","background-media":"","overlay-type":"","overlay-color":"","overlay-opacity":"","overlay-gradient":""}},"ast-content-background-meta":{"desktop":{"background-color":"var(--ast-global-color-5)","background-image":"","background-repeat":"repeat","background-position":"center center","background-size":"auto","background-attachment":"scroll","background-type":"","background-media":"","overlay-type":"","overlay-color":"","overlay-opacity":"","overlay-gradient":""},"tablet":{"background-color":"var(--ast-global-color-5)","background-image":"","background-repeat":"repeat","background-position":"center center","background-size":"auto","background-attachment":"scroll","background-type":"","background-media":"","overlay-type":"","overlay-color":"","overlay-opacity":"","overlay-gradient":""},"mobile":{"background-color":"var(--ast-global-color-5)","background-image":"","background-repeat":"repeat","background-position":"center center","background-size":"auto","background-attachment":"scroll","background-type":"","background-media":"","overlay-type":"","overlay-color":"","overlay-opacity":"","overlay-gradient":""}},"footnotes":""},"categories":[38,37],"tags":[],"class_list":["post-2892","post","type-post","status-publish","format-standard","hentry","category-actualites-2023-2024","category-qu"],"modified_by":"slecourtier","_links":{"self":[{"href":"https:\/\/snalc.org\/snalc2023\/index.php?rest_route=\/wp\/v2\/posts\/2892","targetHints":{"allow":["GET"]}}],"collection":[{"href":"https:\/\/snalc.org\/snalc2023\/index.php?rest_route=\/wp\/v2\/posts"}],"about":[{"href":"https:\/\/snalc.org\/snalc2023\/index.php?rest_route=\/wp\/v2\/types\/post"}],"author":[{"embeddable":true,"href":"https:\/\/snalc.org\/snalc2023\/index.php?rest_route=\/wp\/v2\/users\/1"}],"replies":[{"embeddable":true,"href":"https:\/\/snalc.org\/snalc2023\/index.php?rest_route=%2Fwp%2Fv2%2Fcomments&post=2892"}],"version-history":[{"count":1,"href":"https:\/\/snalc.org\/snalc2023\/index.php?rest_route=\/wp\/v2\/posts\/2892\/revisions"}],"predecessor-version":[{"id":2893,"href":"https:\/\/snalc.org\/snalc2023\/index.php?rest_route=\/wp\/v2\/posts\/2892\/revisions\/2893"}],"wp:attachment":[{"href":"https:\/\/snalc.org\/snalc2023\/index.php?rest_route=%2Fwp%2Fv2%2Fmedia&parent=2892"}],"wp:term":[{"taxonomy":"category","embeddable":true,"href":"https:\/\/snalc.org\/snalc2023\/index.php?rest_route=%2Fwp%2Fv2%2Fcategories&post=2892"},{"taxonomy":"post_tag","embeddable":true,"href":"https:\/\/snalc.org\/snalc2023\/index.php?rest_route=%2Fwp%2Fv2%2Ftags&post=2892"}],"curies":[{"name":"wp","href":"https:\/\/api.w.org\/{rel}","templated":true}]}}