{"id":2911,"date":"2024-03-19T08:42:55","date_gmt":"2024-03-19T07:42:55","guid":{"rendered":"https:\/\/snalc.org\/snalc2023\/?p=2911"},"modified":"2024-03-19T08:42:58","modified_gmt":"2024-03-19T07:42:58","slug":"mouvement-intra-academique-2nd-degre-public","status":"publish","type":"post","link":"https:\/\/snalc.org\/snalc2023\/?p=2911","title":{"rendered":"Mouvement intra-acad\u00e9mique 2nd degr\u00e9 public"},"content":{"rendered":"\n<h2 class=\"wp-block-heading\" id=\"summary-item-0\">Avant la saisie de la demande de mutation intra-acad\u00e9mique 2024<\/h2>\n\n\n\n<ul class=\"wp-block-list\">\n<li>Prenez connaissance de la note de service publi\u00e9e au <a href=\"https:\/\/bulacad.ac-aix-marseille.fr\/\" target=\"_blank\" rel=\"noreferrer noopener\">bulletin acad\u00e9mique sp\u00e9cial <\/a>publi\u00e9 \u00e0 la mi-mars.<\/li>\n\n\n\n<li>Pr\u00e9parez en amont les pi\u00e8ces justificatives&nbsp;selon votre situation et num\u00e9risez-les au format PDF.<\/li>\n\n\n\n<li>Assurez-vous d&rsquo;avoir renseign\u00e9 une <strong>adresse e-mail valide<\/strong> dans la page d&rsquo;accueil d&rsquo;i-prof pour \u00eatre inform\u00e9 de la r\u00e9ception des messages.&nbsp;<\/li>\n\n\n\n<li>Consultez \u00e0 titre indicatif les donn\u00e9es relatives aux <a href=\"https:\/\/www.ac-aix-marseille.fr\/media\/25951\/download\">mouvements intra-acad\u00e9miques 2020 \u00e0 2023<\/a>.<\/li>\n\n\n\n<li>Consultez le support de la <a href=\"https:\/\/www.ac-aix-marseille.fr\/media\/23771\/download\">pr\u00e9sentation du mouvement intra-acad\u00e9mique<\/a> : votre guide de saisie \u00e9cran par \u00e9cran<\/li>\n<\/ul>\n\n\n\n<p><strong>CONTACTS<\/strong> <strong>:&nbsp; <\/strong>Apr\u00e8s avoir pris connaissance du bulletin acad\u00e9mique, vous pouvez contacter :<\/p>\n\n\n\n<ul class=\"wp-block-list\">\n<li>le gestionnaire des titulaires de votre discipline, joignable par e-mail\u00a0: <a href=\"https:\/\/www.ac-aix-marseille.fr\/media\/16616\/download\" target=\"_blank\" rel=\"noreferrer noopener\"><strong>acc\u00e9der \u00e0 l&rsquo;annuaire DIPE en ligne.<\/strong><\/a> (cliquez ou survolez l&rsquo;enveloppe en face de votre discipline)<\/li>\n<\/ul>\n\n\n\n<h2 class=\"wp-block-heading\" id=\"summary-item-1\">Pendant la p\u00e9riode de saisie des v\u0153ux &#8211; du lundi 18 mars 2024 \u00e0 12h au mardi 2 avril 2024 \u00e0 12h<\/h2>\n\n\n\n<p>A partir du 18 mars 2024, formulez votre demande sur le serveur <a href=\"https:\/\/www.education.gouv.fr\/i-prof-l-assistant-carriere-12194\" target=\"_blank\" rel=\"noreferrer noopener\">i-Prof \/SIAM<\/a>.&nbsp;<\/p>\n\n\n\n<ul class=\"wp-block-list\">\n<li>Titulaires de l&rsquo;acad\u00e9mie d&rsquo;Aix-Marseille: en vous connectant directement au Portail ARENA&nbsp;: <a href=\"https:\/\/appli.ac-aix-marseille.fr\/\">https:\/\/appli.ac-aix-marseille.fr<\/a><\/li>\n\n\n\n<li>Agents actuellement affect\u00e9s dans une autre acad\u00e9mie : via le site <a href=\"https:\/\/www.education.gouv.fr\/i-prof-l-assistant-carriere-12194\" target=\"_blank\" rel=\"noreferrer noopener\">I-Prof <\/a>de votre acad\u00e9mie actuelle, qui vous donnera acc\u00e8s au serveur SIAM de l&rsquo;acad\u00e9mie obtenue lors de la phase inter-acad\u00e9mique. Assurez-vous d&rsquo;avoir renseign\u00e9 votre mail dans i-prof pour recevoir des informations relatives \u00e0 votre demande.<\/li>\n<\/ul>\n\n\n\n<h3 class=\"wp-block-heading\" id=\"summary-item-2\">Demandes de bonification sp\u00e9cifique au titre du handicap<\/h3>\n\n\n\n<p>Les agents souhaitant d\u00e9poser un dossier de demande de <strong>bonification sp\u00e9cifique de 1000 points<\/strong> au titre du handicap (agent, conjoint, enfant) doivent pr\u00e9parer les pi\u00e8ces indiqu\u00e9es au titre II.1.2 du BA sp\u00e9cial \u00e0 para\u00eetre. Le dossier complet doit \u00eatre adress\u00e9 au m\u00e9decin de pr\u00e9vention de leur secteur sous pli confidentiel pour r\u00e9ception avant la cl\u00f4ture du serveur (soit envoi postal au plus tard le samedi 30 mars 2024, le cachet de la poste faisant foi, soit d\u00e9p\u00f4t au rectorat-m\u00e9decine de pr\u00e9vention au plus tard le 2 avril 2024 \u00e0 12h00, cf.&nbsp; sectorisation \u00a7 II.1.2).&nbsp; Pour les candidats entrants, ce secteur correspond au premier v\u0153u formul\u00e9. Apr\u00e8s avis du m\u00e9decin du travail, le recteur peut attribuer la bonification sp\u00e9cifique sur les voeux GEO (<a href=\"https:\/\/bulacad.ac-aix-marseille.fr\/uploads\/BA\/BA459S\/BASPE_459.pdf?ts=1646727440#page=49\" target=\"_blank\" rel=\"noreferrer noopener\">groupement de communes<\/a>) ou d\u00e9partement, \u00e0 condition qu&rsquo;ils soient non typ\u00e9s (tout type d&rsquo;\u00e9tablissement).<\/p>\n\n\n\n<p>Les participants pouvant pr\u00e9tendre \u00e0 la <strong>bonification automatique de 100 points<\/strong> li\u00e9e \u00e0 la reconnaissance de la qualit\u00e9 de travailleur handicap\u00e9 (RQTH) doivent joindre cette pi\u00e8ce \u00e0 la confirmation de demande de mutation.Ils b\u00e9n\u00e9ficient de 100 points sur les voeux \u00ab\u00a0d\u00e9partement\u00a0\u00bb&nbsp; tout type d&rsquo;\u00e9tablissement et plus larges.<\/p>\n\n\n\n<h3 class=\"wp-block-heading\" id=\"summary-item-3\">Postes sp\u00e9cifiques acad\u00e9miques (SPEA) &#8211; Fiches de poste 2024<\/h3>\n\n\n\n<p>La liste des postes sp\u00e9cifiques acad\u00e9miques peut \u00eatre consult\u00e9e directement dans SIAM et dans le fichier suivant d\u00e8s l&rsquo;ouverture du serveur&nbsp; : <a href=\"https:\/\/www.ac-aix-marseille.fr\/media\/17545\/download\" target=\"_blank\" rel=\"noreferrer noopener\"><strong>POSTES SPEA VACANTS -PROCEDURE -FICHES DE POSTE<\/strong>&nbsp;<\/a> .<\/p>\n\n\n\n<p>Une classe virtuelle pr\u00e9cisant la proc\u00e9dure SPEA aura lieu le 22 mars 2024 \u00e0 14h : demandez l&rsquo;inscription \u00e0 la classe virtuelle gr\u00e2ce au lien communiqu\u00e9 par votre \u00e9tablissement ou directement par e-mail aux personnels entrants dans l&rsquo;acad\u00e9mie. Afin de formuler votre demande, veuillez consulter la<strong>&nbsp; pr\u00e9sentation \u00ab\u00a0<\/strong><strong><a href=\"https:\/\/www.ac-aix-marseille.fr\/media\/16962\/download\" target=\"_blank\" rel=\"noreferrer noopener\">postes sp\u00e9cifiques acad\u00e9miques SPEA<\/a>\u00a0\u00bb <\/strong>et l&rsquo;extrait du BA N\u00b0 485, page 17 .&nbsp;<\/p>\n\n\n\n<p><strong>VOEUX SPEA NON CONFORMES ET COMMENT FORMULER UN VOEU VALIDE.<\/strong><\/p>\n\n\n\n<ul class=\"wp-block-list\">\n<li>Les v\u0153ux SPEA formul\u00e9s apr\u00e8s un v\u0153u non sp\u00e9cifique (banalis\u00e9) seront supprim\u00e9s&nbsp;&nbsp;&nbsp;&nbsp;&nbsp;&nbsp;&nbsp;&nbsp;&nbsp;&nbsp;&nbsp;&nbsp;&nbsp;&nbsp;&nbsp;&nbsp;&nbsp;&nbsp;&nbsp;&nbsp;&nbsp;&nbsp;&nbsp;&nbsp;&nbsp;&nbsp;&nbsp;&nbsp;&nbsp;&nbsp;&nbsp;&nbsp;&nbsp;&nbsp;&nbsp;&nbsp;&nbsp;&nbsp;&nbsp;&nbsp;&nbsp;&nbsp;&nbsp;&nbsp;&nbsp;&nbsp;&nbsp;&nbsp;&nbsp;&nbsp;&nbsp;&nbsp;&nbsp;&nbsp;&nbsp;&nbsp;&nbsp;&nbsp;&nbsp;&nbsp;&nbsp;&nbsp;&nbsp;&nbsp;&nbsp;&nbsp;&nbsp;&nbsp;&nbsp;&nbsp;&nbsp;&nbsp;&nbsp;&nbsp;&nbsp;&nbsp;&nbsp;&nbsp;&nbsp;&nbsp;&nbsp;&nbsp;&nbsp;&nbsp;&nbsp;&nbsp;&nbsp;&nbsp;&nbsp;&nbsp;&nbsp;&nbsp;&nbsp;&nbsp;&nbsp;&nbsp;&nbsp; =&gt;&nbsp; <strong>Formulez vos voeux SPEA en premier, sans intercaler des voeux non sp\u00e9cifiques.<\/strong><\/li>\n\n\n\n<li>Les v\u0153ux larges (COM-GEO-DPT-ACA) portant sur des postes SPEA seront supprim\u00e9s. &nbsp; &nbsp; &nbsp; &nbsp; &nbsp; &nbsp; &nbsp; &nbsp; &nbsp; &nbsp; &nbsp; &nbsp; &nbsp; &nbsp; &nbsp; &nbsp; &nbsp; &nbsp; &nbsp; &nbsp; &nbsp; &nbsp; &nbsp; &nbsp; &nbsp; &nbsp; &nbsp; &nbsp; &nbsp; &nbsp; &nbsp; &nbsp; &nbsp; &nbsp; &nbsp; &nbsp; &nbsp; &nbsp; &nbsp; &nbsp; &nbsp; &nbsp; &nbsp; &nbsp; &nbsp; &nbsp;&nbsp; =&gt; <strong>Formulez uniquement de voeux SPEA \u00ab\u00a0Etablissement\u00a0\u00bb (ETB)<\/strong><\/li>\n\n\n\n<li>Les v\u0153ux portant sur un poste SPEA non vacant seront supprim\u00e9s&nbsp;&nbsp;&nbsp;&nbsp;&nbsp;&nbsp;&nbsp;&nbsp;&nbsp;&nbsp;&nbsp;&nbsp;&nbsp;&nbsp;&nbsp;&nbsp;&nbsp;&nbsp;&nbsp;&nbsp;&nbsp;&nbsp;&nbsp;&nbsp;&nbsp;&nbsp;&nbsp;&nbsp;&nbsp;&nbsp;&nbsp;&nbsp;&nbsp;&nbsp;&nbsp;&nbsp;&nbsp;&nbsp;&nbsp;&nbsp;&nbsp;&nbsp;&nbsp;&nbsp;&nbsp;&nbsp;&nbsp;&nbsp;&nbsp;&nbsp;&nbsp;&nbsp;&nbsp;&nbsp;&nbsp;&nbsp;&nbsp;&nbsp;&nbsp;&nbsp;&nbsp;&nbsp;&nbsp;&nbsp;&nbsp;&nbsp;&nbsp;&nbsp;&nbsp;&nbsp;&nbsp;&nbsp;&nbsp;&nbsp;&nbsp;&nbsp;&nbsp;&nbsp;&nbsp;&nbsp;&nbsp;&nbsp;&nbsp;&nbsp;&nbsp;&nbsp;&nbsp;&nbsp;&nbsp;&nbsp;&nbsp;&nbsp;&nbsp;&nbsp;&nbsp;&nbsp;&nbsp;&nbsp;&nbsp;&nbsp;&nbsp;&nbsp;&nbsp;&nbsp;&nbsp;&nbsp;&nbsp;&nbsp;&nbsp;&nbsp;&nbsp;&nbsp;&nbsp;&nbsp;&nbsp;&nbsp;&nbsp;&nbsp;&nbsp;&nbsp;&nbsp;&nbsp;&nbsp; =&gt; Demandez uniquement des postes SPEA avec un commentaire \u00ab\u00a0<strong>SPEA VACANT<\/strong>\u00a0\u00bb ou avec la <strong>fiche de poste publi\u00e9e<\/strong>.<\/li>\n\n\n\n<li>Les demandes sans voeu seront supprim\u00e9es sans rattrapage possible&nbsp;&nbsp;&nbsp;&nbsp;&nbsp;&nbsp;&nbsp;&nbsp;&nbsp;&nbsp;&nbsp;&nbsp;&nbsp;&nbsp;&nbsp;&nbsp;&nbsp;&nbsp;&nbsp;&nbsp;&nbsp;&nbsp;&nbsp;&nbsp;&nbsp;&nbsp;&nbsp;&nbsp;&nbsp;&nbsp;&nbsp;&nbsp;&nbsp;&nbsp;&nbsp;&nbsp;&nbsp;&nbsp;&nbsp;&nbsp;&nbsp;&nbsp;&nbsp;&nbsp;&nbsp;&nbsp;&nbsp;&nbsp;&nbsp;&nbsp;&nbsp;&nbsp;&nbsp;&nbsp;&nbsp;&nbsp;&nbsp;&nbsp;&nbsp;&nbsp;&nbsp;&nbsp;&nbsp;&nbsp;&nbsp;&nbsp;&nbsp;&nbsp;&nbsp;&nbsp;&nbsp;&nbsp;&nbsp;&nbsp;&nbsp;&nbsp;&nbsp;&nbsp;&nbsp;&nbsp;&nbsp;&nbsp;&nbsp;&nbsp;&nbsp;&nbsp;&nbsp;&nbsp;&nbsp;&nbsp;&nbsp;&nbsp;&nbsp;&nbsp;&nbsp;&nbsp;&nbsp;&nbsp;&nbsp;&nbsp;&nbsp;&nbsp;&nbsp;&nbsp;&nbsp;&nbsp;&nbsp;&nbsp;&nbsp;&nbsp;&nbsp;&nbsp;&nbsp;&nbsp;&nbsp;&nbsp;&nbsp;&nbsp;&nbsp;&nbsp; =&gt; <strong>Editez un r\u00e9capitulatif et v\u00e9rifiez que le voeu \u00ab\u00a0\u00e9tablissement\u00a0\u00bb correspondant au type de poste demand\u00e9 appara\u00eet<\/strong> en premier.<\/li>\n<\/ul>\n\n\n\n<h3 class=\"wp-block-heading\" id=\"summary-item-4\">Postes en Unit\u00e9s localis\u00e9es pour l&rsquo;inclusion scolaire (ULIS) &#8211; rentr\u00e9e 2024<\/h3>\n\n\n\n<p>Ce recrutement est ouvert aux personnels enseignants du 1er et du 2nd degr\u00e9 en poste dans l&rsquo;acad\u00e9mie. La&nbsp; proc\u00e9dure est d\u00e9taill\u00e9e dans un bulletin acad\u00e9mique qui sera publi\u00e9 le 18 mars 2024.<\/p>\n\n\n\n<ul class=\"wp-block-list\">\n<li><strong>AFFECTATION SUR POSTES VACANTS ULIS<\/strong> <strong>:<\/strong>&nbsp; Consultez la <a href=\"https:\/\/www.ac-aix-marseille.fr\/media\/17377\/download\" target=\"_blank\" rel=\"noreferrer noopener\"><strong>liste des postes ULIS 2nd degr\u00e9 vacants<\/strong><\/a> et d\u00e9posez votre candidature via la d\u00e9marche Colibris d\u00e9di\u00e9e<strong> (<a href=\"https:\/\/www.ac-aix-marseille.fr\/media\/17379\/download\">Consultez le mode op\u00e9ratoire Colibris postes ULIS 2D )<\/a><\/strong><\/li>\n\n\n\n<li><strong>MAINTIEN SUR POSTES ULIS 2ND DEGRE :&nbsp; Consultez la liste des postes ULIS 2nd degr\u00e9 susceptibles d&rsquo;\u00eatre vacants( PSV). <\/strong>Les postes signal\u00e9s PSV sont occup\u00e9s par un(e) enseignant(e) retenu(e) par la commission de l&rsquo;ann\u00e9e derni\u00e8re et b\u00e9n\u00e9ficiant de la priorit\u00e9 pour y \u00eatre maintenu(e) ou affect\u00e9(e) \u00e0 titre d\u00e9finitif , sous conditions. Si cette priorit\u00e9 n&rsquo;est pas r\u00e9alis\u00e9e, les \u00e9ventuelles candidatures sur ces postes pourront \u00eatre examin\u00e9es.<\/li>\n\n\n\n<li>Une r\u00e9ponse est adress\u00e9e via Colibris aux candidats apr\u00e8s le 7 juin pr\u00e9cisant la suite r\u00e9serv\u00e9e \u00e0 leur demande.<\/li>\n<\/ul>\n\n\n\n<h2 class=\"wp-block-heading\" id=\"summary-item-5\">D\u00e8s la fin de la p\u00e9riode de saisie<\/h2>\n\n\n\n<h3 class=\"wp-block-heading\" id=\"summary-item-6\">Confirmation de votre demande &#8211; du 2 au 9 avril 2024<\/h3>\n\n\n\n<p>Il vous appartient de <strong>t\u00e9l\u00e9charger sans d\u00e9lai d\u00e8s le 2 avril 2024<\/strong> \u00e0 17h00 etjusqu&rsquo;au 9 avril \u00e012h00 <strong>la confirmation de demande de mutation<\/strong> depuis i-prof. Ensuite, vous devez:<\/p>\n\n\n\n<ul class=\"wp-block-list\">\n<li><strong>v\u00e9rifier<\/strong> les informations dans la confirmation, apporter les <strong>\u00e9ventuelles corrections en rouge<\/strong>:&nbsp; ajout, modification ou suppression des v\u0153ux, modification de l\u2019ordre ou du typage des v\u0153ux, sp\u00e9cificit\u00e9 du poste demand\u00e9, demande de bonifications,&nbsp; annulation de la demande.<\/li>\n\n\n\n<li><strong>compl\u00e9ter<\/strong> les \u00e9ventuelles informations relatives \u00e0 la situation familiale.<\/li>\n\n\n\n<li><strong>dater et signer ; <\/strong>La signature du chef d&rsquo;\u00e9tablissement n&rsquo;est pas requise.<\/li>\n\n\n\n<li><strong>enregistrer <\/strong>le fichier PDF de la confirmation avec le nom de fichier : <em>code discipline_nom_pr\u00e9nom_nature du document<\/em>. Exemple: <strong><em>L0202_ DURAND_ANNE_CONFIRMATION<\/em><\/strong><\/li>\n\n\n\n<li><strong>enregistrer<\/strong> les pi\u00e8ces justificatives au m\u00eame format : Exemple: <strong><em>L0202_ DURAND_ANNE_SIT_FAMILIALE<\/em><\/strong> (tapez \u00ab\u00a0outils PDF enseignant\u00a0\u00bb dans un moteur de recherche pour fusionner, annoter ou r\u00e9duire la taille du fichier ou utilisez la d\u00e9marche Colibris \u00ab\u00a0g\u00e9n\u00e9ration de PDF\u00a0\u00bb)<\/li>\n\n\n\n<li><strong>T\u00e9l\u00e9verser la confirmation et pi\u00e8ces justificatives dans <a href=\"https:\/\/portail-aix-marseille.colibris.education.gouv.fr\/personnels-enseignants-deducation-et-psy\/\" target=\"_blank\" rel=\"noreferrer noopener\">COLIBRIS Aix-Marseille, d\u00e9marche Confirmation de demande de mutation<\/a><\/strong>.&nbsp; (consultez le <strong><a href=\"https:\/\/www.ac-aix-marseille.fr\/media\/24332\/download\" target=\"_blank\" rel=\"noreferrer noopener\">mode op\u00e9ratoire Colibris<\/a><\/strong>)<\/li>\n\n\n\n<li>Cliquez sur \u00ab\u00a0Second degr\u00e9\u00a0\u00bb avant de vous identifier avec votre NUMEN. En cas de probl\u00e8me, changez de navigateur. &nbsp;<\/li>\n<\/ul>\n\n\n\n<p>La campagne Colibris sera ouverte du&nbsp;<strong> 2 au 9 avril 2024 inclus<\/strong> pour le d\u00e9p\u00f4t initial des pi\u00e8ces, puis elle permettra d&rsquo;\u00e9changer avec votre gestionnaire DIPE.<\/p>\n\n\n\n<p>Au-del\u00e0 du 9 avril, vous ne pourrez plus confirmer votre participation, vous exposant \u00e0 l&rsquo;annulation de la demande ou \u00e0 l&rsquo;absence d&rsquo;\u00e9ventuelles bonifications.<\/p>\n\n\n\n<h3 class=\"wp-block-heading\" id=\"summary-item-7\">Modification des v\u0153ux, annulation, que faire&nbsp;?<\/h3>\n\n\n\n<ul class=\"wp-block-list\">\n<li>T\u00e9l\u00e9chargez dans Colibris votre formulaire de confirmation accompagn\u00e9 de ses pi\u00e8ces justificatives, <strong>avec les \u00e9ventuelles modifications en rouge.<\/strong><\/li>\n\n\n\n<li>Pour une annulation de demande de mutation, retournez la confirmation avec la mention \u00ab\u00a0PARTICIPATION ANNULEE\u00a0\u00bb en rouge, datez et signez.<\/li>\n\n\n\n<li>La date limite de r\u00e9ception des demandes de modification des v\u0153ux et d&rsquo;annulation de participation est fix\u00e9e au<strong> 9 avril 2024 inclus.<\/strong><\/li>\n\n\n\n<li>Pour les seuls cas de force majeure (arr\u00eat\u00e9 du 12-10-2023), les demandes tardives peuvent \u00eatre formul\u00e9es jusqu&rsquo;au 15 mai 2024 \u00e0 12h00.<\/li>\n<\/ul>\n\n\n\n<h2 class=\"wp-block-heading\" id=\"summary-item-8\">Apr\u00e8s la p\u00e9riode de contr\u00f4le des demandes&nbsp;<\/h2>\n\n\n\n<h3 class=\"wp-block-heading\" id=\"summary-item-9\">Affichage et contestation de votre bar\u00e8me &#8211; du 15 mai au 29 mai 2024<\/h3>\n\n\n\n<ul class=\"wp-block-list\">\n<li>A compter du 15 mai 2024 \u00e0 12h00, vous devez consulter le bar\u00e8me retenu pour chaque v\u0153u formul\u00e9 dans I-prof\/SIAM.<\/li>\n\n\n\n<li>Entre le 15 mai et le 30 mai 2023 \u00e0 12h00, vous pouvez contester le bar\u00e8me retenu via la d\u00e9marche Colibris d\u00e9di\u00e9e.<\/li>\n\n\n\n<li>Consultez les instructions et le suivez le lien dans le <a href=\"https:\/\/www.ac-aix-marseille.fr\/media\/25157\/download\" target=\"_blank\" rel=\"noreferrer noopener\">mode op\u00e9ratoire Colibris -Contestation de bar\u00e8me 2D<\/a>.<\/li>\n\n\n\n<li>Cette d\u00e9marche est disponible uniquement pour les agents qui ont confirm\u00e9 leur participation dans Colibris avant le 12 avril.<\/li>\n<\/ul>\n\n\n\n<p><strong>Le bar\u00e8me d\u00e9finitif sera affich\u00e9 sur iprof\/SIAM le mercredi 29 mai 2024 \u00e0 17h00. &nbsp;<\/strong><\/p>\n\n\n\n<h3 class=\"wp-block-heading\" id=\"summary-item-10\">Consultation des r\u00e9sultats &#8211; le 7 juin 2024 \u00e0 12h00<\/h3>\n\n\n\n<p>Les r\u00e9sultats sont publi\u00e9s sur i-prof\/ SIAM\/mouvement intra-acad\u00e9mique, par message sur i-prof\/courrier enseignant et par SMS si vous avez communiqu\u00e9 votre num\u00e9ro.<\/p>\n\n\n\n<ul class=\"wp-block-list\">\n<li><a href=\"https:\/\/www.ac-aix-marseille.fr\/media\/25951\/download\">Consultez les barres d\u00e9partementales du mouvement intra-acad\u00e9mique<\/a><\/li>\n\n\n\n<li>Vous avez la possibilit\u00e9 de former un recours dans les 2 mois suivant la publication des r\u00e9sultats via le portail<a href=\"https:\/\/portail-aix-marseille.colibris.education.gouv.fr\/personnels-enseignants-deducation-et-psy\/\"> Colibris Aix-Marseille<\/a>.<\/li>\n\n\n\n<li>Consultez le mode op\u00e9ratoire <a href=\"https:\/\/www.ac-aix-marseille.fr\/media\/25739\/download\" target=\"_blank\" rel=\"noreferrer noopener\">Colibris &#8211; recours mouvement intra 2nd degr\u00e9<\/a><\/li>\n<\/ul>\n\n\n\n<h3 class=\"wp-block-heading\" id=\"summary-item-11\">D\u00e8s la publication des r\u00e9sultats<\/h3>\n\n\n\n<ul class=\"wp-block-list\">\n<li>Contactez votre nouvel \u00e9tablissement.<\/li>\n\n\n\n<li>Les demandes de temps partiel formul\u00e9es aupr\u00e8s de votre nouveau chef d&rsquo;\u00e9tablissement devront \u00eatre transmises aux services acad\u00e9miques avant le 14 juin 2024. Remplissez sans d\u00e9lai l&rsquo;annexe 9, 9 bis ou 9ter publi\u00e9 au BA sp\u00e9cial mouvement intra selon votre situation.<\/li>\n\n\n\n<li>Les TZR nouvellement nomm\u00e9s et\/ou d\u00e9j\u00e0 en poste doivent consulter le bulletin acad\u00e9mique et&nbsp; formuler leurs v\u0153ux d&rsquo;affectation du vendredi 14 juin au vendredi 21 juin 2024 sur l&rsquo;application <a href=\"https:\/\/bv.ac-aix-marseille.fr\/lilmac\/Lilmac\" target=\"_blank\" rel=\"noreferrer noopener\">LILMAC:<\/a><\/li>\n<\/ul>\n\n\n\n<p>Mise \u00e0 jour : mars 2024<\/p>\n\n\n\n<p><a href=\"https:\/\/www.ac-aix-marseille.fr\/mouvement-intra-academique-2nd-degre-public-121838\">https:\/\/www.ac-aix-marseille.fr\/mouvement-intra-academique-2nd-degre-public-121838<\/a><\/p>\n","protected":false},"excerpt":{"rendered":"<p>Avant la saisie de la demande de mutation intra-acad\u00e9mique 2024 CONTACTS :&nbsp; Apr\u00e8s avoir pris connaissance du bulletin acad\u00e9mique, vous pouvez contacter : Pendant la p\u00e9riode de saisie des v\u0153ux [&hellip;]<\/p>\n","protected":false},"author":1,"featured_media":0,"comment_status":"closed","ping_status":"closed","sticky":false,"template":"","format":"standard","meta":{"_lmt_disableupdate":"","_lmt_disable":"","site-sidebar-layout":"default","site-content-layout":"","ast-site-content-layout":"default","site-content-style":"default","site-sidebar-style":"default","ast-global-header-display":"","ast-banner-title-visibility":"","ast-main-header-display":"","ast-hfb-above-header-display":"","ast-hfb-below-header-display":"","ast-hfb-mobile-header-display":"","site-post-title":"","ast-breadcrumbs-content":"","ast-featured-img":"","footer-sml-layout":"","ast-disable-related-posts":"","theme-transparent-header-meta":"","adv-header-id-meta":"","stick-header-meta":"","header-above-stick-meta":"","header-main-stick-meta":"","header-below-stick-meta":"","astra-migrate-meta-layouts":"set","ast-page-background-enabled":"default","ast-page-background-meta":{"desktop":{"background-color":"var(--ast-global-color-4)","background-image":"","background-repeat":"repeat","background-position":"center center","background-size":"auto","background-attachment":"scroll","background-type":"","background-media":"","overlay-type":"","overlay-color":"","overlay-opacity":"","overlay-gradient":""},"tablet":{"background-color":"","background-image":"","background-repeat":"repeat","background-position":"center center","background-size":"auto","background-attachment":"scroll","background-type":"","background-media":"","overlay-type":"","overlay-color":"","overlay-opacity":"","overlay-gradient":""},"mobile":{"background-color":"","background-image":"","background-repeat":"repeat","background-position":"center center","background-size":"auto","background-attachment":"scroll","background-type":"","background-media":"","overlay-type":"","overlay-color":"","overlay-opacity":"","overlay-gradient":""}},"ast-content-background-meta":{"desktop":{"background-color":"var(--ast-global-color-5)","background-image":"","background-repeat":"repeat","background-position":"center center","background-size":"auto","background-attachment":"scroll","background-type":"","background-media":"","overlay-type":"","overlay-color":"","overlay-opacity":"","overlay-gradient":""},"tablet":{"background-color":"var(--ast-global-color-5)","background-image":"","background-repeat":"repeat","background-position":"center center","background-size":"auto","background-attachment":"scroll","background-type":"","background-media":"","overlay-type":"","overlay-color":"","overlay-opacity":"","overlay-gradient":""},"mobile":{"background-color":"var(--ast-global-color-5)","background-image":"","background-repeat":"repeat","background-position":"center center","background-size":"auto","background-attachment":"scroll","background-type":"","background-media":"","overlay-type":"","overlay-color":"","overlay-opacity":"","overlay-gradient":""}},"footnotes":""},"categories":[38,9,7],"tags":[],"class_list":["post-2911","post","type-post","status-publish","format-standard","hentry","category-actualites-2023-2024","category-intra-academique","category-mutation"],"modified_by":"slecourtier","_links":{"self":[{"href":"https:\/\/snalc.org\/snalc2023\/index.php?rest_route=\/wp\/v2\/posts\/2911","targetHints":{"allow":["GET"]}}],"collection":[{"href":"https:\/\/snalc.org\/snalc2023\/index.php?rest_route=\/wp\/v2\/posts"}],"about":[{"href":"https:\/\/snalc.org\/snalc2023\/index.php?rest_route=\/wp\/v2\/types\/post"}],"author":[{"embeddable":true,"href":"https:\/\/snalc.org\/snalc2023\/index.php?rest_route=\/wp\/v2\/users\/1"}],"replies":[{"embeddable":true,"href":"https:\/\/snalc.org\/snalc2023\/index.php?rest_route=%2Fwp%2Fv2%2Fcomments&post=2911"}],"version-history":[{"count":1,"href":"https:\/\/snalc.org\/snalc2023\/index.php?rest_route=\/wp\/v2\/posts\/2911\/revisions"}],"predecessor-version":[{"id":2912,"href":"https:\/\/snalc.org\/snalc2023\/index.php?rest_route=\/wp\/v2\/posts\/2911\/revisions\/2912"}],"wp:attachment":[{"href":"https:\/\/snalc.org\/snalc2023\/index.php?rest_route=%2Fwp%2Fv2%2Fmedia&parent=2911"}],"wp:term":[{"taxonomy":"category","embeddable":true,"href":"https:\/\/snalc.org\/snalc2023\/index.php?rest_route=%2Fwp%2Fv2%2Fcategories&post=2911"},{"taxonomy":"post_tag","embeddable":true,"href":"https:\/\/snalc.org\/snalc2023\/index.php?rest_route=%2Fwp%2Fv2%2Ftags&post=2911"}],"curies":[{"name":"wp","href":"https:\/\/api.w.org\/{rel}","templated":true}]}}