{"id":2913,"date":"2024-03-19T09:09:40","date_gmt":"2024-03-19T08:09:40","guid":{"rendered":"https:\/\/snalc.org\/snalc2023\/?p=2913"},"modified":"2024-03-19T09:09:41","modified_gmt":"2024-03-19T08:09:41","slug":"mouvement-de-lenseignement-prive-dans-les-1er-et-2nd-degre","status":"publish","type":"post","link":"https:\/\/snalc.org\/snalc2023\/?p=2913","title":{"rendered":"Mouvement de l&rsquo;enseignement priv\u00e9 dans les 1er et 2nd degr\u00e9"},"content":{"rendered":"\n<h2 class=\"wp-block-heading\" id=\"summary-item-0\">Mouvement de l&#8217;emploi des ma\u00eetres du 1er degr\u00e9 de l&rsquo;enseignement priv\u00e9 sous contrat &#8211; rentr\u00e9e scolaire 2024<\/h2>\n\n\n\n<h3 class=\"wp-block-heading\" id=\"summary-item-1\">Acc\u00e8s aux instructions relatives au mouvement de l&#8217;emploi des ma\u00eetres du 1er degr\u00e9 des \u00e9tablissements d&rsquo;enseignement priv\u00e9s sous contrat<\/h3>\n\n\n\n<p>T\u00e9l\u00e9charger le <a href=\"https:\/\/bulacad.ac-aix-marseille.fr\/uploads\/BA\/BA990\/BA_990.pdf?ts=1703944674\" target=\"_blank\" rel=\"noreferrer noopener\">Bulletin acad\u00e9mique num\u00e9ro 990 du 04\/12\/2023<\/a><\/p>\n\n\n\n<p>Acc\u00e8s \u00e0 <a href=\"https:\/\/appli.ac-aix-marseille.fr\/imouv1dpr\/\">i.mouv-1DPr<\/a><\/p>\n\n\n\n<ul class=\"wp-block-list\">\n<li>pour la saisie des intentions de participer au mouvement&nbsp;: <strong>du 22 janvier au 7 f\u00e9vrier 2024<\/strong><\/li>\n\n\n\n<li>pour la saisie des voeux&nbsp;: <strong>du 9 au 20 mars 2024<\/strong><\/li>\n<\/ul>\n\n\n\n<p>T\u00e9l\u00e9charger ci-dessous la liste des postes vacants et susceptibles d&rsquo;\u00eatre vacants &#8211; Mouvement Rentr\u00e9e scolaire <strong>2024 <\/strong>(liste des postes vacants et postes susceptibles d&rsquo;\u00eatre vacants) :<\/p>\n\n\n\n<p><img decoding=\"async\" src=\"https:\/\/www.ac-aix-marseille.fr\/sites\/ac_aix_marseille\/files\/styles\/thumbnail\/public\/media-icons\/generic\/generic.png?itok=ldWuVI5q\" alt=\"\" width=\"100\" height=\"100\"><a href=\"https:\/\/www.ac-aix-marseille.fr\/media\/33222\/download\" target=\"_blank\" rel=\"noreferrer noopener\"> Liste des postes vacants ou susceptibles d&rsquo;\u00eatre vacants &#8211; Rentr\u00e9e scolaire 2024<\/a><\/p>\n\n\n\n<p>Il est pr\u00e9cis\u00e9 que la nature des classes est donn\u00e9e \u00e0 <strong>titre indicatif<\/strong>; le service \u00e9tant arr\u00eat\u00e9 par le chef d&rsquo;\u00e9tablissement.<\/p>\n\n\n\n<p>Mouvement des ma\u00eetres d\u00e9l\u00e9gu\u00e9s: Acc\u00e9der \u00e0 la liste des postes vacants \u00e0 l&rsquo;issue du mouvement des ma\u00eetres contractuels (\u00e0 partir du <strong>13 juin 2024<\/strong>)<\/p>\n\n\n\n<h2 class=\"wp-block-heading\" id=\"summary-item-2\">Mouvement de l&#8217;emploi des ma\u00eetres d\u00e9l\u00e9gu\u00e9s du 2nd degr\u00e9 de l&rsquo;enseignement priv\u00e9 sous contrat &#8211; rentr\u00e9e scolaire 2024<\/h2>\n\n\n\n<h3 class=\"wp-block-heading\" id=\"summary-item-3\">Acc\u00e8s aux instructions relatives au mouvement de l&#8217;emploi des coll\u00e8ges et lyc\u00e9es priv\u00e9s sous contrat<\/h3>\n\n\n\n<p><a href=\"https:\/\/bulacad.ac-aix-marseille.fr\/uploads\/BA\/BA990\/BA_990.pdf?ts=1703944674\" target=\"_blank\" rel=\"noreferrer noopener\">T\u00e9l\u00e9charger le BA num\u00e9ro 990 du 04\/12\/2023<\/a><\/p>\n\n\n\n<p>Seuls les ma\u00eetres contractuels (contrat provisoire ou d\u00e9finitif) de l&rsquo;enseignement priv\u00e9 sous contrat, les ma\u00eetres titulaires du public et les ma\u00eetres de l&rsquo;enseignement priv\u00e9 sous contrat agricole issus des deuxi\u00e8me (certifi\u00e9s) et quatri\u00e8me (PLP) cat\u00e9gories peuvent \u00eatre nomm\u00e9s dans les \u00e9tablissements d&rsquo;enseignement priv\u00e9s sous contrat du 2nd degr\u00e9.<\/p>\n\n\n\n<p><strong>Personnels issus de l\u2019enseignement priv\u00e9 agricole <\/strong>: Le d\u00e9cret n\u00b0 2016-1021 du 26 juillet 2016 ouvre le recrutement dans l\u2019enseignement priv\u00e9 du second degr\u00e9 sous contrat des ma\u00eetres issus des deuxi\u00e8me et quatri\u00e8me cat\u00e9gories de l\u2019enseignement priv\u00e9 sous contrat agricole. Les personnels enseignants et de documentation issus de l\u2019enseignement agricole priv\u00e9 sous contrat souhaitant participer au mouvement de l\u2019emploi de l\u2019enseignement priv\u00e9 doivent obligatoirement en informer le rectorat par courrier \u00e9lectronique adress\u00e9 \u00e0 <a href=\"mailto:mouvpriv@ac-aix-marseille.fr\">mouvpriv@ac-aix-marseille.fr<\/a> <strong>avant le 10\/03\/2024<\/strong>.<\/p>\n\n\n\n<p><strong>Enseignants nomm\u00e9s du public<\/strong> : Seuls les enseignants nomm\u00e9s du public souhaitant candidater sur des postes profil\u00e9s (type CPGE) peuvent postuler dans l\u2019application informatique du mouvement du priv\u00e9. Dans ce cas, ils doivent transmettre l\u2019avis favorable du recteur de leur acad\u00e9mie d\u2019origine par courrier \u00e9lectronique adress\u00e9 \u00e0 <a href=\"mailto:mouvpriv@ac-aix-marseille.fr\">mouvpriv@ac-aix-marseille.fr<\/a> <strong>avant le 13\/05\/2024<\/strong>. Les enseignants titulaires de l\u2019enseignement public souhaitant candidater sur des postes non profil\u00e9s doivent faire leur demande par courrier \u00e9lectronique adress\u00e9 \u00e0 <a href=\"mailto:mouvpriv@ac-aix-marseille.fr\">mouvpriv@ac-aix-marseille.fr<\/a> <strong>avant le 13\/05\/2024 <\/strong>en joignant l\u2019avis favorable d\u2019un chef d\u2019\u00e9tablissement priv\u00e9 sous contrat du second degr\u00e9 et du recteur de leur acad\u00e9mie d\u2019origine. Ils pourront alors \u00eatre affect\u00e9s sur les postes \u00e0 temps plein rest\u00e9s vacants \u00e0 l\u2019issue de la proc\u00e9dure du mouvement (mi-juillet).<br><br>Chaque ma\u00eetre qui envisage une mutation dans l\u2019acad\u00e9mie ou dans une autre acad\u00e9mie, doit obligatoirement informer son chef d\u2019\u00e9tablissement principal par \u00e9crit <strong>avant le 14 mars 2024 <\/strong>(dernier d\u00e9lai) afin que son poste soit d\u00e9clar\u00e9 susceptible d\u2019\u00eatre vacant au mouvement. Il ne pourra \u00eatre fait droit \u00e0 la demande de mutation d&rsquo;un ma\u00eetre, si le service de celui-ci n&rsquo;a pas \u00e9t\u00e9 d\u00e9clar\u00e9 susceptible d\u2019\u00eatre vacant par le chef de son \u00e9tablissement principal.<\/p>\n\n\n\n<p>Doivent obligatoirement postuler au mouvement :<\/p>\n\n\n\n<ul class=\"wp-block-list\">\n<li>Tous les ma\u00eetres titulaires d&rsquo;un contrat d\u00e9finitif en perte d\u2019heure(s) ou de contrat.<\/li>\n\n\n\n<li>Tous les ma\u00eetres en p\u00e9riode probatoire (laur\u00e9ats des concours externes et internes ayant valid\u00e9 leur p\u00e9riode de stage en <strong>2023\/2024<\/strong> ou en cours de validation), \u00e0 l\u2019exception de ceux qui \u00e9taient d\u00e9j\u00e0 titulaires d\u2019un contrat d\u00e9finitif et qui peuvent, s\u2019ils le souhaitent, demeurer dans l\u2019\u00e9tablissement o\u00f9 ils \u00e9taient affect\u00e9s pr\u00e9c\u00e9demment s\u2019ils y ont \u00e9galement effectu\u00e9 leur stage.<\/li>\n<\/ul>\n\n\n\n<p>Les chefs d\u2019\u00e9tablissement peuvent t\u00e9l\u00e9charger ci-apr\u00e8s les documents suivants&nbsp;:<\/p>\n\n\n\n<ul class=\"wp-block-list\">\n<li><a href=\"https:\/\/www.ac-aix-marseille.fr\/media\/32892\/download\" target=\"_blank\" rel=\"noreferrer noopener\">Demande de constitution d&rsquo;agr\u00e9gat de supports<\/a><\/li>\n\n\n\n<li><a href=\"https:\/\/www.ac-aix-marseille.fr\/media\/32895\/download\" target=\"_blank\" rel=\"noreferrer noopener\">Demande de profilage 2024<\/a><\/li>\n\n\n\n<li><a href=\"https:\/\/www.ac-aix-marseille.fr\/media\/32898\/download\" target=\"_blank\" rel=\"noreferrer noopener\">Perte d&rsquo;heures &#8211; Rentr\u00e9e 2024<\/a><\/li>\n<\/ul>\n\n\n\n<h4 class=\"wp-block-heading\">Acc\u00e8s \u00e0 la saisie des v\u0153ux par les candidats<\/h4>\n\n\n\n<p><a href=\"https:\/\/appli.ac-aix-marseille.fr\/mvtprive\" target=\"_blank\" rel=\"noreferrer noopener\">Acc\u00e9der au site de saisie des v\u0153ux<\/a><\/p>\n\n\n\n<p>Les ma\u00eetres ont la possibilit\u00e9 de saisir leurs voeux du <strong>29 mars 2024 au 13 avril 2024 17h00<\/strong>.<\/p>\n\n\n\n<p>Les ma\u00eetres ont la possibilit\u00e9 de modifier l\u2019ordre de leurs v\u0153ux et de renoncer partiellement \u00e0 l\u2019un ou plusieurs de leurs v\u0153ux jusqu\u2019au <strong>22 avril 2024<\/strong>. Pass\u00e9 ce d\u00e9lai, aucune demande de modification ne sera accept\u00e9e.<br>Seul le renoncement total \u00e0 la participation au mouvement pourra encore \u00eatre pris en compte jusqu\u2019au <strong>11 juin 2024 <\/strong>inclus. Les ma\u00eetres concern\u00e9s doivent faire leur demande de modification ou de renoncement par courrier \u00e9lectronique adress\u00e9e \u00e0 mouvpriv@ac-aix-marseille.fr<\/p>\n\n\n\n<h4 class=\"wp-block-heading\">Acc\u00e8s aux r\u00e9sultats<\/h4>\n\n\n\n<p>L\u2019acc\u00e8s aux r\u00e9sultats pour les candidats&nbsp;se situera au plus tard le <strong>10 juillet 2024<\/strong> et n\u00e9cessite le NUMEN, le num\u00e9ro d&rsquo;ordre relev\u00e9 lors de l\u00a0\u00bbinscription et le mot de passe cr\u00e9\u00e9 au moment de la saisie des voeux.<br><br><a href=\"https:\/\/appli.ac-aix-marseille.fr\/mvtprive\" target=\"_blank\" rel=\"noreferrer noopener\">Acc\u00e9der aux r\u00e9sultats&nbsp;<\/a><\/p>\n\n\n\n<h3 class=\"wp-block-heading\" id=\"summary-item-4\">Acc\u00e8s aux instructions sp\u00e9cifiques relatives \u00e0 la nomination des ma\u00eetres contractuels et agr\u00e9\u00e9s sur les postes de coordonnateur ULIS des coll\u00e8ges et lyc\u00e9es priv\u00e9s sous contrat<\/h3>\n\n\n\n<p>Une proc\u00e9dure sp\u00e9cifique relative \u00e0 la nomination des ma\u00eetres sur les postes ULIS (Unit\u00e9s Localis\u00e9es pour l&rsquo;Inclusion Scolaire) sera publi\u00e9e courant mars.<\/p>\n\n\n\n<h3 class=\"wp-block-heading\" id=\"summary-item-5\">Acc\u00e8s aux instructions relatives \u00e0 la mobilit\u00e9 vers les \u00e9tablissements d&rsquo;enseignement agricole priv\u00e9s sous contrat<\/h3>\n\n\n\n<p><a href=\"https:\/\/www.ac-aix-marseille.fr\/media\/28342\/download\" target=\"_blank\" rel=\"noreferrer noopener\">Campagne de mobilit\u00e9 des agents contractuels de droit public exer\u00e7ant au sein des \u00e9tablissements d&rsquo;enseignement agricole priv\u00e9s sous contrat avec l&rsquo;Etat, rentr\u00e9e scolaire 202<\/a>4<\/p>\n\n\n\n<p>Liste des postes propos\u00e9s \u00e0 la mobilit\u00e9 au sein des \u00e9tablissements d&rsquo;enseignement agricole priv\u00e9s, rentr\u00e9e scolaire 2024 : publication courant <strong>mars 2024<\/strong><\/p>\n\n\n\n<h3 class=\"wp-block-heading\" id=\"summary-item-6\">Mouvement des ma\u00eetres d\u00e9l\u00e9gu\u00e9s<\/h3>\n\n\n\n<p>Bulletin acad\u00e9mique \u00e0 venir<\/p>\n\n\n\n<p>Mise \u00e0 jour : mars 2024<\/p>\n","protected":false},"excerpt":{"rendered":"<p>Mouvement de l&#8217;emploi des ma\u00eetres du 1er degr\u00e9 de l&rsquo;enseignement priv\u00e9 sous contrat &#8211; rentr\u00e9e scolaire 2024 Acc\u00e8s aux instructions relatives au mouvement de l&#8217;emploi des ma\u00eetres du 1er degr\u00e9 [&hellip;]<\/p>\n","protected":false},"author":1,"featured_media":0,"comment_status":"closed","ping_status":"closed","sticky":false,"template":"","format":"standard","meta":{"_lmt_disableupdate":"","_lmt_disable":"","site-sidebar-layout":"default","site-content-layout":"","ast-site-content-layout":"default","site-content-style":"default","site-sidebar-style":"default","ast-global-header-display":"","ast-banner-title-visibility":"","ast-main-header-display":"","ast-hfb-above-header-display":"","ast-hfb-below-header-display":"","ast-hfb-mobile-header-display":"","site-post-title":"","ast-breadcrumbs-content":"","ast-featured-img":"","footer-sml-layout":"","ast-disable-related-posts":"","theme-transparent-header-meta":"","adv-header-id-meta":"","stick-header-meta":"","header-above-stick-meta":"","header-main-stick-meta":"","header-below-stick-meta":"","astra-migrate-meta-layouts":"set","ast-page-background-enabled":"default","ast-page-background-meta":{"desktop":{"background-color":"var(--ast-global-color-4)","background-image":"","background-repeat":"repeat","background-position":"center center","background-size":"auto","background-attachment":"scroll","background-type":"","background-media":"","overlay-type":"","overlay-color":"","overlay-opacity":"","overlay-gradient":""},"tablet":{"background-color":"","background-image":"","background-repeat":"repeat","background-position":"center center","background-size":"auto","background-attachment":"scroll","background-type":"","background-media":"","overlay-type":"","overlay-color":"","overlay-opacity":"","overlay-gradient":""},"mobile":{"background-color":"","background-image":"","background-repeat":"repeat","background-position":"center center","background-size":"auto","background-attachment":"scroll","background-type":"","background-media":"","overlay-type":"","overlay-color":"","overlay-opacity":"","overlay-gradient":""}},"ast-content-background-meta":{"desktop":{"background-color":"var(--ast-global-color-5)","background-image":"","background-repeat":"repeat","background-position":"center center","background-size":"auto","background-attachment":"scroll","background-type":"","background-media":"","overlay-type":"","overlay-color":"","overlay-opacity":"","overlay-gradient":""},"tablet":{"background-color":"var(--ast-global-color-5)","background-image":"","background-repeat":"repeat","background-position":"center center","background-size":"auto","background-attachment":"scroll","background-type":"","background-media":"","overlay-type":"","overlay-color":"","overlay-opacity":"","overlay-gradient":""},"mobile":{"background-color":"var(--ast-global-color-5)","background-image":"","background-repeat":"repeat","background-position":"center center","background-size":"auto","background-attachment":"scroll","background-type":"","background-media":"","overlay-type":"","overlay-color":"","overlay-opacity":"","overlay-gradient":""}},"footnotes":""},"categories":[38,9,10,7,35],"tags":[],"class_list":["post-2913","post","type-post","status-publish","format-standard","hentry","category-actualites-2023-2024","category-intra-academique","category-intra-departementale","category-mutation","category-professeurs-prive"],"modified_by":"slecourtier","_links":{"self":[{"href":"https:\/\/snalc.org\/snalc2023\/index.php?rest_route=\/wp\/v2\/posts\/2913","targetHints":{"allow":["GET"]}}],"collection":[{"href":"https:\/\/snalc.org\/snalc2023\/index.php?rest_route=\/wp\/v2\/posts"}],"about":[{"href":"https:\/\/snalc.org\/snalc2023\/index.php?rest_route=\/wp\/v2\/types\/post"}],"author":[{"embeddable":true,"href":"https:\/\/snalc.org\/snalc2023\/index.php?rest_route=\/wp\/v2\/users\/1"}],"replies":[{"embeddable":true,"href":"https:\/\/snalc.org\/snalc2023\/index.php?rest_route=%2Fwp%2Fv2%2Fcomments&post=2913"}],"version-history":[{"count":1,"href":"https:\/\/snalc.org\/snalc2023\/index.php?rest_route=\/wp\/v2\/posts\/2913\/revisions"}],"predecessor-version":[{"id":2914,"href":"https:\/\/snalc.org\/snalc2023\/index.php?rest_route=\/wp\/v2\/posts\/2913\/revisions\/2914"}],"wp:attachment":[{"href":"https:\/\/snalc.org\/snalc2023\/index.php?rest_route=%2Fwp%2Fv2%2Fmedia&parent=2913"}],"wp:term":[{"taxonomy":"category","embeddable":true,"href":"https:\/\/snalc.org\/snalc2023\/index.php?rest_route=%2Fwp%2Fv2%2Fcategories&post=2913"},{"taxonomy":"post_tag","embeddable":true,"href":"https:\/\/snalc.org\/snalc2023\/index.php?rest_route=%2Fwp%2Fv2%2Ftags&post=2913"}],"curies":[{"name":"wp","href":"https:\/\/api.w.org\/{rel}","templated":true}]}}