{"id":2979,"date":"2024-03-29T20:10:41","date_gmt":"2024-03-29T19:10:41","guid":{"rendered":"https:\/\/snalc.org\/snalc2023\/?p=2979"},"modified":"2024-03-29T20:10:43","modified_gmt":"2024-03-29T19:10:43","slug":"lettre-dinformation-snalc-29-mars-2024-professeurs-agreges","status":"publish","type":"post","link":"https:\/\/snalc.org\/snalc2023\/?p=2979","title":{"rendered":"Lettre d&rsquo;information SNALC &#8211;\u00a029 mars 2024 &#8211; Professeurs agr\u00e9g\u00e9s"},"content":{"rendered":"\n<figure class=\"wp-block-table\"><table><tbody><tr><td><strong>Lettre d&rsquo;information SNALC &#8211;&nbsp;29 mars 2024<\/strong><br>Professeurs agr\u00e9g\u00e9s<img decoding=\"async\" src=\"https:\/\/syndicat-snalc.net\/AWURTSJ67\/editedimg_69d3980ac7.png\" alt=\"\">Syndicat national des lyc\u00e9es, coll\u00e8ges, \u00e9coles et du sup\u00e9rieur<strong><a href=\"https:\/\/snalc.fr\/contact\/\" target=\"_blank\" rel=\"noreferrer noopener\">@&nbsp;:&nbsp;contact<\/a>&nbsp;&nbsp; &#8211;&nbsp; <a href=\"https:\/\/snalc.fr\/\" target=\"_blank\" rel=\"noreferrer noopener\">&nbsp;site&nbsp;: snalc.fr<\/a>&nbsp;&nbsp;&nbsp;<\/strong>R\u00e9mun\u00e9ration des professeurs agr\u00e9g\u00e9s&nbsp;:<br>constats et propositions<img decoding=\"async\" src=\"https:\/\/syndicat-snalc.net\/AWURTSJ67\/editedimg_d99b077e2f.png\" alt=\"\">C\u2019est d\u00e9sormais largement document\u00e9 et analys\u00e9, et le SNALC le d\u00e9nonce depuis de nombreuses ann\u00e9es&nbsp;: les enseignants fran\u00e7ais sont mal pay\u00e9s, r\u00e9sultat de 40 ann\u00e9es de d\u00e9consid\u00e9ration de la part des pouvoirs publics. Et les quelques mesures prises par le gouvernement actuel ont bien vite \u00e9t\u00e9 absorb\u00e9es par l\u2019inflation.Qu\u2019en est-il des professeurs agr\u00e9g\u00e9s&nbsp;? Paradoxalement, bien que mieux r\u00e9mun\u00e9r\u00e9s que les autres corps enseignants, ce sont eux qui ont subi le d\u00e9classement le plus important, au point que l\u2019int\u00e9r\u00eat financier \u00e0 passer le concours n\u2019est plus suffisant pour les \u00e9tudiants, et s\u2019est r\u00e9duit \u00e9galement pour les professeurs titulaires qui souhaitent \u00e9voluer dans leur carri\u00e8re.<br>Le <strong>SNALC<\/strong> ne se contente pas d\u2019\u00e9tablir des constats, il fait des propositions pour tous les corps. Ainsi, dans le cadre d\u2019une indispensable revalorisation de l\u2019ensemble du corps enseignant, il propose de vraies mesures pour r\u00e9tablir le pouvoir d\u2019achat des professeurs agr\u00e9g\u00e9s en conformit\u00e9 avec leur statut.<strong>Anne MUGNIER,<\/strong>responsable du SNALC charg\u00e9e des professeurs agr\u00e9g\u00e9s<a href=\"mailto:agreges@snalc.fr?subject=Lettre%20agr%C3%A9g%C3%A9s\">Nous contacter<\/a><img decoding=\"async\" src=\"https:\/\/syndicat-snalc.net\/AWURTSJ67\/trash-97586_640_fff31fc85c.png\" alt=\"\"><strong>PROFESSEURS AGR\u00c9G\u00c9S&nbsp;: RETOUR SUR UN D\u00c9CLASSEMENT<\/strong>Depuis le plan Durafour de refonte des grilles de traitement des fonctionnaires, les professeurs agr\u00e9g\u00e9s ont connu un d\u00e9classement ininterrompu et sans \u00e9quivalent pour aucun autre corps de la fonction publique d\u2019\u00c9tat.<br><strong>[&#8230;<\/strong><a href=\"https:\/\/snalc.fr\/professeurs-agreges-retour-sur-un-declassement\/\" target=\"_blank\" rel=\"noreferrer noopener\"><strong>Lire la suite<\/strong><\/a><strong>]<\/strong><img decoding=\"async\" src=\"https:\/\/syndicat-snalc.net\/AWURTSJ67\/editedimg_ff20985903.png\" alt=\"\"><strong>LA BAISSE DE POUVOIR D&rsquo;ACHAT DES PROFESSEURS AGR\u00c9G\u00c9S EN GRAPHIQUES<\/strong><br>Les quelques mesures de revalorisation des enseignants, toutes \u00ab&nbsp;historiques&nbsp;\u00bb qu\u2019elles aient \u00e9t\u00e9 selon la communication minist\u00e9rielle, n\u2019ont \u00e9videmment pas compens\u00e9 la perte de pouvoir d\u2019achat induite par la hausse insuffisante du point d\u2019indice au regard de l\u2019inflation. Voici quelques preuves en graphiques sur plus de quarante ans.<br><strong>[&#8230;<\/strong><a href=\"https:\/\/snalc.fr\/la-baisse-de-pouvoir-dachat-des-professeurs-agreges-en-graphiques\/\" target=\"_blank\" rel=\"noreferrer noopener\"><strong>Lire la suite<\/strong><\/a><strong>]<\/strong><img decoding=\"async\" src=\"https:\/\/syndicat-snalc.net\/AWURTSJ67\/meeting-business-brand-help-font-capital-106_0fe6b072a9.jpg\" alt=\"\"><strong>REVALORISATION DES AGR\u00c9G\u00c9S&nbsp;: LES PROPOSITIONS DU SNALC<\/strong><br>Pour les professeurs agr\u00e9g\u00e9s, le SNALC propose&nbsp;:une refonte de la grille indiciaire et du r\u00e9gime indemnitaireune revalorisation de l\u2019indemnit\u00e9 de professeur principalune revalorisation des heures suppl\u00e9mentaires<strong>[&#8230;<\/strong><a href=\"https:\/\/snalc.fr\/revalorisation-des-agreges-les-propositions-du-snalc\/\" target=\"_blank\" rel=\"noreferrer noopener\"><strong>Lire la suite<\/strong><\/a><strong>]<\/strong><img decoding=\"async\" src=\"https:\/\/syndicat-snalc.net\/AWURTSJ67\/opinion-poll-1594962_640_a2a295acb1.jpg\" alt=\"\"><strong>PRAG&nbsp;: LE SNALC VOUS CONSULTE<\/strong><br>Le SNALC est soucieux des conditions de travail de l\u2019ensemble des coll\u00e8gues, dont les PRAG. C\u2019est pour cette raison qu\u2019il vous propose cette consultation, afin de mieux vous repr\u00e9senter.Faites-la circuler aupr\u00e8s de vos coll\u00e8gues&nbsp;!<br><strong>[<\/strong><a href=\"https:\/\/oxiforms.com\/form.php?f=5D8A0CB6-91B9-40D5-893B-49BD0000DE7D\" target=\"_blank\" rel=\"noreferrer noopener\"><strong>PRAG&nbsp;: le SNALC vous consulte<\/strong><\/a><strong>]<\/strong><img decoding=\"async\" src=\"https:\/\/syndicat-snalc.net\/AWURTSJ67\/fleche_mouvement-644x468-1-e1630932440243_8605a4e55a.jpeg\" alt=\"\"><strong>MOUVEMENT INTRA<\/strong><br>Le mouvement intra est depuis quelques ann\u00e9es totalement d\u00e9concentr\u00e9. Bonifications, proc\u00e9dure d\u2019extension,&nbsp;traitement des mesures de carte scolaire&#8230; les&nbsp;r\u00e8gles sont variables selon les acad\u00e9mies. Nous vous invitons \u00e0 prendre contact au plus t\u00f4t avec la section acad\u00e9mique du SNALC afin que nos \u00e9lus vous conseillent pour la bonne formulation de vos voeux.&nbsp;<br><strong>[&#8230;<\/strong><a href=\"https:\/\/snalc.fr\/mouvement-intra-academique\/\" target=\"_blank\" rel=\"noreferrer noopener\"><strong>Lire la suite<\/strong><\/a><strong>]<\/strong><img decoding=\"async\" src=\"https:\/\/syndicat-snalc.net\/AWURTSJ67\/weigh-up-2856321_640_7695b414c1.jpg\" alt=\"\"><strong>[RAPPEL] Bonification agr\u00e9g\u00e9s au mouvement intra-acad\u00e9mique<\/strong><br>Les professeurs agr\u00e9g\u00e9s qui souhaitent enseigner en lyc\u00e9e b\u00e9n\u00e9ficient de bonifications sp\u00e9cifiques. Revoici le lien vers notre \u00e9tat des lieux de ces bonifications&nbsp;: n\u2019h\u00e9sitez pas \u00e0 vous rapprocher du SNALC de votre acad\u00e9mie pour obtenir des pr\u00e9cisions et conna\u00eetre les \u00e9volutions \u00e9ventuelles pour ce mouvement 2024.<br><strong>[&#8230;<\/strong><a href=\"https:\/\/snalc.fr\/mouvement-intra-academique-etat-des-lieux-de-la-bonification-reservee-aux-agreges\/\" target=\"_blank\" rel=\"noreferrer noopener\"><strong>Lire la suite<\/strong><\/a><strong>]<\/strong><img decoding=\"async\" src=\"https:\/\/syndicat-snalc.net\/AWURTSJ67\/SNALC_EPS_logo_bulles_opt_da5bcbd441.jpg\" alt=\"\"><strong>EPS&nbsp;: P\u00c9DAGOGIE ET MUTATIONS<\/strong><br>Soyons clairs. Pour le SNALC, il y a aujourd\u2019hui deux priorit\u00e9s essentielles en mati\u00e8re de protection des personnels et de sauvegarde du syst\u00e8me \u00e9ducatif. C\u2019est la question des r\u00e9mun\u00e9rations, avec l\u2019engagement de l\u2019\u00c9tat dans un r\u00e9el plan de rattrapage salarial, sans contrepartie [&#8230;] C\u2019est aussi la question des conditions de travail<br><strong>[&#8230;<a href=\"https:\/\/syndicat-snalc.net\/AWURTSJ67\/52DEEF9880764DB9A12B1A6D947EA513.php\" target=\"_blank\" rel=\"noreferrer noopener\">Lire la lettre \u00e9lectronique sp\u00e9ciale EPS<\/a>]<\/strong><img decoding=\"async\" src=\"https:\/\/syndicat-snalc.net\/AWURTSJ67\/image_10_recommandations_opt_0314f1e827.jpg\" alt=\"\"><strong>LES 10 RECOMMANDATIONS DU SNALC POUR \u00caTRE PLUS FORT AU TRAVAIL<\/strong><br>M\u00eame si \u00abcela n\u2019arrive qu\u2019aux autres&nbsp;\u00bb, nous vous invitons \u00e0 prendre connaissance des 10 recommandations du SNALC&nbsp;: autant d\u2019erreurs \u00e0 ne pas commettre, de conseils \u00e0 appliquer, de pi\u00e8ges \u00e0 rep\u00e9rer&#8230;<br><strong>[&#8230;<a href=\"https:\/\/snalc.fr\/10-recommandations-pour-etre-plus-fort-au-travail\/\" target=\"_blank\" rel=\"noreferrer noopener\">en savoir plus<\/a>]<\/strong>L\u2019ADH\u00c9SION AU SNALC\u00a0\u00bbAdh\u00e9sion \u00e0 z\u00e9ro euro\u00a0\u00bb<br>C&rsquo;est le moment de d\u00e9couvrir le SNALC&nbsp;![<a href=\"https:\/\/snalc.fr\/wp-content\/uploads\/Adhesion_zero_euro.pdf\" target=\"_blank\" rel=\"noreferrer noopener\">en savoir plus<\/a>]<strong>LE SNALC EST LE SYNDICAT REPR\u00c9SENTATIF<\/strong><strong>LE MOINS CHER DE L\u2019\u00c9DUCATION NATIONALE<\/strong><strong>Nos salaires sont trop bas. Le point d\u2019indice est gel\u00e9.<\/strong><strong>Logiquement, le SNALC n\u2019augmente pas ses tarifs pour la 13\u00e8me ann\u00e9e cons\u00e9cutive.<\/strong><strong>Et mieux encore&nbsp;: le SNALC baisse ses tarifs dans la plupart des cat\u00e9gories&nbsp;!<\/strong><a href=\"https:\/\/snalc.fr\/wp-content\/uploads\/tarifs.pdf\" target=\"_blank\" rel=\"noreferrer noopener\">Consulter les tarifs et r\u00e9ductions<\/a><br><strong>CHOISISSEZ LIBREMENT VOTRE MOYEN DE PAIEMENT, RAPIDE ET S\u00c9CURIS\u00c9<\/strong><br><img decoding=\"async\" src=\"http:\/\/syndicat-snalc.net\/AWURTSJ67\/editedimg_361b042f34.jpg\" alt=\"\"><a href=\"https:\/\/snalc.fr\/adhesion-carte\/\" target=\"_blank\" rel=\"noreferrer noopener\">carte bancaire<\/a><img decoding=\"async\" src=\"http:\/\/syndicat-snalc.net\/AWURTSJ67\/adhesion_prelevements_0703b426ca.JPG\" alt=\"\"><a href=\"https:\/\/snalc.fr\/adhesion\/\" target=\"_blank\" rel=\"noreferrer noopener\">pr\u00e9l\u00e8vements mensuels<\/a><img decoding=\"async\" src=\"https:\/\/syndicat-snalc.net\/AWURTSJ67\/editedimg_c6a21d792d.png\" alt=\"\"><a href=\"https:\/\/snalc.fr\/adhesion-virement\/\" target=\"_blank\" rel=\"noreferrer noopener\">virement<\/a><img decoding=\"async\" src=\"http:\/\/syndicat-snalc.net\/AWURTSJ67\/adhesion_cheque_699976dc59.JPG\" alt=\"\"><a href=\"https:\/\/snalc.fr\/adhesion-cheque\/\" target=\"_blank\" rel=\"noreferrer noopener\">ch\u00e8que<\/a><strong>L&rsquo;adh\u00e9sion comprend<\/strong>&nbsp;: <a href=\"https:\/\/snalc.fr\/gmf-protection-juridique\/\" target=\"_blank\" rel=\"noreferrer noopener\">l&rsquo;assistance et la protection<\/a> juridiques p\u00e9nales aupr\u00e8s de la GMF (agressions, diffamation&#8230;) ;&nbsp;le dispositif exclusif d&rsquo;accompagnement et d&rsquo;aide \u00e0 la mobilit\u00e9&nbsp;: <a href=\"https:\/\/snalc.fr\/mobi-snalc-presentation-et-acces\/\" target=\"_blank\" rel=\"noreferrer noopener\">mobi-SNALC<\/a>&nbsp;; et des tarifs n\u00e9goci\u00e9s aupr\u00e8s de nombreux partenaires&nbsp;: <a href=\"https:\/\/snalc.fr\/avantages-snalc\/\" target=\"_blank\" rel=\"noreferrer noopener\">avantages-SNALC<\/a>.<a href=\"https:\/\/facebook.com\/SNALC_national\" target=\"_blank\" rel=\"noreferrer noopener\"><\/a><a href=\"https:\/\/twitter.com\/snalc_national\" target=\"_blank\" rel=\"noreferrer noopener\"><\/a><a href=\"https:\/\/snalc.fr\" target=\"_blank\" rel=\"noreferrer noopener\"><\/a><\/td><\/tr><\/tbody><\/table><\/figure>\n\n\n\n<figure class=\"wp-block-table\"><table><tbody><tr><td><\/td><\/tr><\/tbody><\/table><\/figure>\n","protected":false},"excerpt":{"rendered":"<p>Lettre d&rsquo;information SNALC &#8211;&nbsp;29 mars 2024Professeurs agr\u00e9g\u00e9sSyndicat national des lyc\u00e9es, coll\u00e8ges, \u00e9coles et du sup\u00e9rieur@&nbsp;:&nbsp;contact&nbsp;&nbsp; &#8211;&nbsp; &nbsp;site&nbsp;: snalc.fr&nbsp;&nbsp;&nbsp;R\u00e9mun\u00e9ration des professeurs agr\u00e9g\u00e9s&nbsp;:constats et propositionsC\u2019est d\u00e9sormais largement document\u00e9 et analys\u00e9, et le [&hellip;]<\/p>\n","protected":false},"author":1,"featured_media":0,"comment_status":"closed","ping_status":"closed","sticky":false,"template":"","format":"standard","meta":{"_lmt_disableupdate":"","_lmt_disable":"","site-sidebar-layout":"default","site-content-layout":"","ast-site-content-layout":"default","site-content-style":"default","site-sidebar-style":"default","ast-global-header-display":"","ast-banner-title-visibility":"","ast-main-header-display":"","ast-hfb-above-header-display":"","ast-hfb-below-header-display":"","ast-hfb-mobile-header-display":"","site-post-title":"","ast-breadcrumbs-content":"","ast-featured-img":"","footer-sml-layout":"","ast-disable-related-posts":"","theme-transparent-header-meta":"","adv-header-id-meta":"","stick-header-meta":"","header-above-stick-meta":"","header-main-stick-meta":"","header-below-stick-meta":"","astra-migrate-meta-layouts":"set","ast-page-background-enabled":"default","ast-page-background-meta":{"desktop":{"background-color":"var(--ast-global-color-4)","background-image":"","background-repeat":"repeat","background-position":"center center","background-size":"auto","background-attachment":"scroll","background-type":"","background-media":"","overlay-type":"","overlay-color":"","overlay-opacity":"","overlay-gradient":""},"tablet":{"background-color":"","background-image":"","background-repeat":"repeat","background-position":"center center","background-size":"auto","background-attachment":"scroll","background-type":"","background-media":"","overlay-type":"","overlay-color":"","overlay-opacity":"","overlay-gradient":""},"mobile":{"background-color":"","background-image":"","background-repeat":"repeat","background-position":"center center","background-size":"auto","background-attachment":"scroll","background-type":"","background-media":"","overlay-type":"","overlay-color":"","overlay-opacity":"","overlay-gradient":""}},"ast-content-background-meta":{"desktop":{"background-color":"var(--ast-global-color-5)","background-image":"","background-repeat":"repeat","background-position":"center center","background-size":"auto","background-attachment":"scroll","background-type":"","background-media":"","overlay-type":"","overlay-color":"","overlay-opacity":"","overlay-gradient":""},"tablet":{"background-color":"var(--ast-global-color-5)","background-image":"","background-repeat":"repeat","background-position":"center center","background-size":"auto","background-attachment":"scroll","background-type":"","background-media":"","overlay-type":"","overlay-color":"","overlay-opacity":"","overlay-gradient":""},"mobile":{"background-color":"var(--ast-global-color-5)","background-image":"","background-repeat":"repeat","background-position":"center center","background-size":"auto","background-attachment":"scroll","background-type":"","background-media":"","overlay-type":"","overlay-color":"","overlay-opacity":"","overlay-gradient":""}},"footnotes":""},"categories":[38,25],"tags":[],"class_list":["post-2979","post","type-post","status-publish","format-standard","hentry","category-actualites-2023-2024","category-remuneration"],"modified_by":"slecourtier","_links":{"self":[{"href":"https:\/\/snalc.org\/snalc2023\/index.php?rest_route=\/wp\/v2\/posts\/2979","targetHints":{"allow":["GET"]}}],"collection":[{"href":"https:\/\/snalc.org\/snalc2023\/index.php?rest_route=\/wp\/v2\/posts"}],"about":[{"href":"https:\/\/snalc.org\/snalc2023\/index.php?rest_route=\/wp\/v2\/types\/post"}],"author":[{"embeddable":true,"href":"https:\/\/snalc.org\/snalc2023\/index.php?rest_route=\/wp\/v2\/users\/1"}],"replies":[{"embeddable":true,"href":"https:\/\/snalc.org\/snalc2023\/index.php?rest_route=%2Fwp%2Fv2%2Fcomments&post=2979"}],"version-history":[{"count":1,"href":"https:\/\/snalc.org\/snalc2023\/index.php?rest_route=\/wp\/v2\/posts\/2979\/revisions"}],"predecessor-version":[{"id":2980,"href":"https:\/\/snalc.org\/snalc2023\/index.php?rest_route=\/wp\/v2\/posts\/2979\/revisions\/2980"}],"wp:attachment":[{"href":"https:\/\/snalc.org\/snalc2023\/index.php?rest_route=%2Fwp%2Fv2%2Fmedia&parent=2979"}],"wp:term":[{"taxonomy":"category","embeddable":true,"href":"https:\/\/snalc.org\/snalc2023\/index.php?rest_route=%2Fwp%2Fv2%2Fcategories&post=2979"},{"taxonomy":"post_tag","embeddable":true,"href":"https:\/\/snalc.org\/snalc2023\/index.php?rest_route=%2Fwp%2Fv2%2Ftags&post=2979"}],"curies":[{"name":"wp","href":"https:\/\/api.w.org\/{rel}","templated":true}]}}