{"id":3040,"date":"2024-04-12T12:35:33","date_gmt":"2024-04-12T10:35:33","guid":{"rendered":"https:\/\/snalc.org\/snalc2023\/?p=3040"},"modified":"2024-04-12T12:35:34","modified_gmt":"2024-04-12T10:35:34","slug":"lettre-dinformation-snalc-12-avril-2024-personnels-de-lenseignement-prive-sous-contrat","status":"publish","type":"post","link":"https:\/\/snalc.org\/snalc2023\/?p=3040","title":{"rendered":"Lettre d&rsquo;information SNALC &#8211; 12 avril 2024 Personnels de l&rsquo;enseignement priv\u00e9 sous contrat"},"content":{"rendered":"\n<figure class=\"wp-block-table\"><table><tbody><tr><td><strong>Lettre d&rsquo;information SNALC &#8211;&nbsp;12 avril 2024<\/strong><br>Personnels de l&rsquo;enseignement priv\u00e9 sous contrat<\/td><\/tr><\/tbody><\/table><\/figure>\n\n\n\n<figure class=\"wp-block-table\"><table><tbody><tr><td><img decoding=\"async\" src=\"https:\/\/syndicat-snalc.net\/AWURTSJ67\/editedimg_69d3980ac7.png\" alt=\"\"><\/td><\/tr><\/tbody><\/table><\/figure>\n\n\n\n<figure class=\"wp-block-table\"><table><tbody><tr><td>Syndicat national des lyc\u00e9es, coll\u00e8ges, \u00e9coles et du sup\u00e9rieur<\/td><\/tr><\/tbody><\/table><\/figure>\n\n\n\n<figure class=\"wp-block-table\"><table><tbody><tr><td>@&nbsp;: <a href=\"https:\/\/oxiforms.com\/form.php?f=76D099B4-FD83-4439-A6C4-71DA903766C8\" target=\"_blank\" rel=\"noreferrer noopener\"><strong>contact<\/strong><\/a>&nbsp;&nbsp;&nbsp; &#8211;&nbsp;&nbsp; &nbsp; site&nbsp;: <strong><a href=\"https:\/\/snalc.fr\/prive\/\" target=\"_blank\" rel=\"noreferrer noopener\">snalc.fr\/prive\/<\/a><\/strong><\/td><\/tr><\/tbody><\/table><\/figure>\n\n\n\n<figure class=\"wp-block-table\"><table><tbody><tr><td>Au SNALC, la guerre public-priv\u00e9 n&rsquo;aura pas lieu&nbsp;!<\/td><\/tr><\/tbody><\/table><\/figure>\n\n\n\n<figure class=\"wp-block-table\"><table><tbody><tr><td>Au <strong>SNALC<\/strong>, nous sommes fascin\u00e9s par cette capacit\u00e9 \u00e9tonnante qu&rsquo;a l&rsquo;ex\u00e9cutif du moment de d\u00e9truire m\u00eame de bonnes id\u00e9es. Le \u00ab&nbsp;choc des savoirs&nbsp;\u00bb au coll\u00e8ge, c&rsquo;est une ministre connue pour son p\u00e9dagogisme exalt\u00e9, des heures de cours en moins pour acqu\u00e9rir ces malheureux savoirs, des emplois du temps de coll\u00e8gues d\u00e9truits, des groupes impossibles \u00e0 constituer et un lyc\u00e9e et une primaire toujours aux abois. Le nombre de filles dans les sp\u00e9cialit\u00e9s scientifiques s&rsquo;effondre depuis 2018&nbsp;: c&rsquo;est probablement le f\u00e9minisme fa\u00e7on startup nation&nbsp;!Pour ce qui est du harc\u00e8lement \u00e0 l&rsquo;\u00e9cole, priorit\u00e9 absolue de notre premier ministre, c&rsquo;est un peu comme pour les salaires. On en parle beaucoup parce qu&rsquo;on ne fait rien.Dans l&rsquo;enseignement priv\u00e9 sous-contrat, la notion de caract\u00e8re \u00ab&nbsp;propre&nbsp;\u00bb permet bien des abus et chefs d&rsquo;\u00e9tablissement, inspecteurs et parents consommateurs y harc\u00e8lent autant sinon plus les coll\u00e8gues que dans le public.<br>Non, les personnels du priv\u00e9 ne vont pas mieux que leurs homologues du public. Nous sommes tous dans le m\u00eame navire en perdition et le <strong>SNALC<\/strong> continue, inlassablement, de se battre pour que nos salaires et nos conditions de travail soient enfin \u00e0 la hauteur de notre utilit\u00e9 sociale, sans c\u00e9der aux sir\u00e8nes d&rsquo;une division qui ne fait que le jeu d&rsquo;un pouvoir et d&rsquo;un minist\u00e8re qui nous veulent malheureux, envieux les uns des autres et soumis.<br>Le <strong>SNALC<\/strong> priv\u00e9 a besoin de vous pour faire entendre ce message&nbsp;!<\/td><\/tr><\/tbody><\/table><\/figure>\n\n\n\n<figure class=\"wp-block-table\"><table><tbody><tr><td><strong>Nicolas GLIERE,<\/strong>Responsable national SNALC&nbsp;enseignement priv\u00e9<a href=\"https:\/\/oxiforms.com\/?YQ9Bn\" target=\"_blank\" rel=\"noreferrer noopener\">Nous contacter<\/a><\/td><\/tr><\/tbody><\/table><\/figure>\n\n\n\n<figure class=\"wp-block-table\"><table><tbody><tr><td><img decoding=\"async\" src=\"https:\/\/syndicat-snalc.net\/AWURTSJ67\/Design_sans_titre_opt_6b37125148.png\" alt=\"\"><strong>Un caract\u00e8re pas tr\u00e8s propre<\/strong><br>Si la sp\u00e9cificit\u00e9 des \u00e9tablissements priv\u00e9s sous-contrat est parfaitement r\u00e9guli\u00e8re, elle sert parfois de pr\u00e9texte pour ne pas respecter textes, programmes et lois. Le \u00ab&nbsp;caract\u00e8re propre&nbsp;\u00bb fait alors tache et l&rsquo;attitude de certains chefs d&rsquo;\u00e9tablissement salit la r\u00e9putation de tout l&rsquo;enseignement priv\u00e9.<br>[&#8230;<a href=\"https:\/\/snalc.fr\/un-caractere-pas-tres-propre\/\" target=\"_blank\" rel=\"noreferrer noopener\">Lire la suite<\/a>]<\/td><\/tr><\/tbody><\/table><\/figure>\n\n\n\n<figure class=\"wp-block-table\"><table><tbody><tr><td><img decoding=\"async\" src=\"https:\/\/syndicat-snalc.net\/AWURTSJ67\/self-acceptance-7687271_640_41810ec85a.jpg\" alt=\"\"><strong>Nos \u00e9l\u00e8ves, victimes de la guerre de l\u2019\u00e9cole&nbsp;?<\/strong>Le 20 mars des \u00e9l\u00e8ves voulant se rendre \u00e0 8h en cours au coll\u00e8ge-lyc\u00e9e priv\u00e9 Saint-Joseph-du-Loquidy \u00e0 Nantes se sont retrouv\u00e9s face \u00e0 des manifestants leur en interdisant l\u2019entr\u00e9e.<br>[&#8230;<a href=\"https:\/\/snalc.fr\/nos-eleves-victimes-de-la-guerre-de-lecole\/\" target=\"_blank\" rel=\"noreferrer noopener\">Lire la suite<\/a>]<\/td><\/tr><\/tbody><\/table><\/figure>\n\n\n\n<figure class=\"wp-block-table\"><table><tbody><tr><td><img decoding=\"async\" src=\"https:\/\/syndicat-snalc.net\/AWURTSJ67\/PARCOUR_SUP_-_Grande_opt_035a5246ed.jpeg\" alt=\"\"><strong>Parcoursup et le lyc\u00e9e 2018 \u2013 une lune de miel qui n\u2019en finit plus\u2026<\/strong><strong>et dont ni les enseignants ni les \u00e9l\u00e8ves ne sont les h\u00e9ros.<br><\/strong><br>Depuis la r\u00e9forme du lyc\u00e9e en 2018 et l\u2019adaptation de Parcoursup, de nombreuses donn\u00e9es ont \u00e9t\u00e9 collect\u00e9es pour analyser les cons\u00e9quences de cette r\u00e9forme, un data de Parcoursup est notamment disponible directement en ligne sur le site du minist\u00e8re de l\u2019enseignement sup\u00e9rieur.<br>[&#8230;<a href=\"https:\/\/snalc.fr\/parcoursup-et-le-lycee-2018-une-lune-de-miel-qui-nen-finit-plus\/\" target=\"_blank\" rel=\"noreferrer noopener\">Lire la suite<\/a>]<\/td><\/tr><\/tbody><\/table><\/figure>\n\n\n\n<figure class=\"wp-block-table\"><table><tbody><tr><td><img decoding=\"async\" src=\"https:\/\/syndicat-snalc.net\/AWURTSJ67\/card-3212764_640_03170c9886.png\" alt=\"\"><strong>\u00ab&nbsp;Service-client bonjour&nbsp;!&nbsp;\u00bb<\/strong>Dans nos \u00e9tablissements priv\u00e9s sous-contrat, il n&rsquo;est pas rare d&rsquo;entendre des parents d&rsquo;\u00e9l\u00e8ves ou des chefs d&rsquo;\u00e9tablissement justifier n&rsquo;importe quoi car les parents payent. Mais que paient-ils&nbsp;?<br>[&#8230;<a href=\"https:\/\/snalc.fr\/service-client-bonjour\/\" target=\"_blank\" rel=\"noreferrer noopener\">Lire la suite<\/a>]<\/td><\/tr><\/tbody><\/table><\/figure>\n\n\n\n<figure class=\"wp-block-table\"><table><tbody><tr><td><img decoding=\"async\" src=\"https:\/\/syndicat-snalc.net\/AWURTSJ67\/CON_-_Grande_opt_cf508f0253.jpeg\" alt=\"\"><strong>Du nouveau pour les Ma\u00eetres d\u00e9l\u00e9gu\u00e9s en CDI<\/strong>Ma\u00eetres d\u00e9l\u00e9gu\u00e9s en CDI&nbsp;? D\u00e9sormais vous pouvez faire une demande de rupture conventionnelle&nbsp;!<br>[&#8230;<a href=\"https:\/\/snalc.fr\/du-nouveau-pour-les-maitres-delegues-en-cdi\/\" target=\"_blank\" rel=\"noreferrer noopener\">Lire la suite<\/a>]<\/td><\/tr><\/tbody><\/table><\/figure>\n\n\n\n<figure class=\"wp-block-table\"><table><tbody><tr><td><img decoding=\"async\" src=\"https:\/\/syndicat-snalc.net\/AWURTSJ67\/Design_sans_titre-2_-_Grande_opt_a39f07d4c4.jpeg\" alt=\"\"><strong>Harc\u00e8lement(-s) <\/strong>\u00ab&nbsp;Le harc\u00e8lement se d\u00e9finit comme une violence r\u00e9p\u00e9t\u00e9e qui peut \u00eatre verbale, physique et\/ou psychologique.&nbsp;\u00bb<br>[&#8230;<a href=\"https:\/\/snalc.fr\/harcelement-s\/\" target=\"_blank\" rel=\"noreferrer noopener\">Lire la suite<\/a>]<\/td><\/tr><\/tbody><\/table><\/figure>\n\n\n\n<figure class=\"wp-block-table\"><table><tbody><tr><td><img decoding=\"async\" src=\"https:\/\/snalc.fr\/wp-content\/uploads\/formation_istock_skynesher-1378747037.jpg\" alt=\"\"><strong>La formation continue pour les enseignants&nbsp;: les d\u00e9rives annonc\u00e9es<\/strong>Depuis la parution du d\u00e9cret n\u00b0 2019-935 du 6 septembre 2019, les enseignants peuvent \u00eatre convoqu\u00e9s \u00e0 des formations obligatoires pendant les vacances scolaires, dans la limite de 5 jours par an<br>[&#8230;<a href=\"https:\/\/snalc.fr\/la-formation-continue-pour-les-enseignants-les-derives-annoncees\/\" target=\"_blank\" rel=\"noreferrer noopener\">Lire la suite<\/a>]<\/td><\/tr><\/tbody><\/table><\/figure>\n\n\n\n<figure class=\"wp-block-table\"><table><tbody><tr><td><img decoding=\"async\" src=\"https:\/\/syndicat-snalc.net\/AWURTSJ67\/image_10_recommandations_opt_0314f1e827.jpg\" alt=\"\"><strong>LES 10 RECOMMANDATIONS DU SNALC POUR \u00caTRE PLUS FORT AU TRAVAIL<\/strong><br>M\u00eame si \u00abcela n\u2019arrive qu\u2019aux autres&nbsp;\u00bb, nous vous invitons \u00e0 prendre connaissance des 10 recommandations du SNALC&nbsp;: autant d\u2019erreurs \u00e0 ne pas commettre, de conseils \u00e0 appliquer, de pi\u00e8ges \u00e0 rep\u00e9rer&#8230;<br>[&#8230;<a href=\"https:\/\/snalc.fr\/10-recommandations-pour-etre-plus-fort-au-travail\/\" target=\"_blank\" rel=\"noreferrer noopener\">en savoir plus<\/a>]<\/td><\/tr><\/tbody><\/table><\/figure>\n\n\n\n<figure class=\"wp-block-table\"><table><tbody><tr><td><img decoding=\"async\" src=\"https:\/\/syndicat-snalc.net\/AWURTSJ67\/GUIDE_TITULAIRES_PRIVE_opt_3dbbd3465c.jpg\" alt=\"\"><strong>TOUT SAVOIR SUR LA CARRI\u00c8RE<\/strong><br>Toujours disponible en libre acc\u00e8s, notre guide des ma\u00eetres titulaires, que l\u2019on nomme dans le jargon&nbsp;: les contractuels. Si vous ne l\u2019avez pas encore lu ou feuillet\u00e9, il est grand temps&nbsp;!<br>[&#8230;<a href=\"https:\/\/snalc.fr\/guide-des-maitres-titulaires-du-prive\/\" target=\"_blank\" rel=\"noreferrer noopener\">en savoir plus<\/a>]<\/td><\/tr><\/tbody><\/table><\/figure>\n\n\n\n<figure class=\"wp-block-table\"><table><tbody><tr><td>L\u2019ADH\u00c9SION AU SNALC<\/td><\/tr><\/tbody><\/table><\/figure>\n\n\n\n<figure class=\"wp-block-table\"><table><tbody><tr><td>\u00ab\u00a0Adh\u00e9sion \u00e0 z\u00e9ro euro\u00a0\u00bb<br>C&rsquo;est le moment de d\u00e9couvrir le SNALC&nbsp;![<a href=\"https:\/\/snalc.fr\/wp-content\/uploads\/Adhesion_zero_euro.pdf\" target=\"_blank\" rel=\"noreferrer noopener\">en savoir plus<\/a>]<\/td><\/tr><\/tbody><\/table><\/figure>\n\n\n\n<figure class=\"wp-block-table\"><table><tbody><tr><td><strong>Nos salaires sont trop bas. Le point d\u2019indice est gel\u00e9.<\/strong><strong>Logiquement, le SNALC n\u2019augmente pas ses tarifs pour la 13\u00e8me ann\u00e9e cons\u00e9cutive.<\/strong><strong>Et mieux encore&nbsp;: le SNALC baisse ses tarifs dans la plupart des cat\u00e9gories&nbsp;!<\/strong><a href=\"https:\/\/snalc.fr\/wp-content\/uploads\/tarifs.pdf\" target=\"_blank\" rel=\"noreferrer noopener\">Consulter les tarifs et r\u00e9ductions<\/a><br><strong>CHOISISSEZ LIBREMENT VOTRE MOYEN DE PAIEMENT, RAPIDE ET S\u00c9CURIS\u00c9<\/strong><\/td><\/tr><\/tbody><\/table><\/figure>\n\n\n\n<figure class=\"wp-block-table\"><table><tbody><tr><td><img decoding=\"async\" src=\"http:\/\/syndicat-snalc.net\/AWURTSJ67\/editedimg_361b042f34.jpg\" alt=\"\"><a href=\"https:\/\/snalc.fr\/adhesion-carte\/\" target=\"_blank\" rel=\"noreferrer noopener\">carte bancaire<\/a><img decoding=\"async\" src=\"http:\/\/syndicat-snalc.net\/AWURTSJ67\/adhesion_prelevements_0703b426ca.JPG\" alt=\"\"><a href=\"https:\/\/snalc.fr\/adhesion\/\" target=\"_blank\" rel=\"noreferrer noopener\">pr\u00e9l\u00e8vements mensuels<\/a><img decoding=\"async\" src=\"https:\/\/syndicat-snalc.net\/AWURTSJ67\/editedimg_c6a21d792d.png\" alt=\"\"><a href=\"https:\/\/snalc.fr\/adhesion-virement\/\" target=\"_blank\" rel=\"noreferrer noopener\">virement<\/a><img decoding=\"async\" src=\"http:\/\/syndicat-snalc.net\/AWURTSJ67\/adhesion_cheque_699976dc59.JPG\" alt=\"\"><a href=\"https:\/\/snalc.fr\/adhesion-cheque\/\" target=\"_blank\" rel=\"noreferrer noopener\">ch\u00e8que<\/a><\/td><\/tr><\/tbody><\/table><\/figure>\n\n\n\n<figure class=\"wp-block-table\"><table><tbody><tr><td><strong>L&rsquo;adh\u00e9sion comprend<\/strong>&nbsp;: <a href=\"https:\/\/snalc.fr\/gmf-protection-juridique\/\" target=\"_blank\" rel=\"noreferrer noopener\">l&rsquo;assistance et la protection<\/a> juridiques p\u00e9nales aupr\u00e8s de la GMF (agressions, diffamation&#8230;) ;&nbsp;le dispositif exclusif d&rsquo;accompagnement et d&rsquo;aide \u00e0 la mobilit\u00e9&nbsp;: <a href=\"https:\/\/snalc.fr\/mobi-snalc-presentation-et-acces\/\" target=\"_blank\" rel=\"noreferrer noopener\">mobi-SNALC<\/a>&nbsp;; et des tarifs n\u00e9goci\u00e9s aupr\u00e8s de nombreux partenaires&nbsp;: <a href=\"https:\/\/snalc.fr\/avantages-snalc\/\" target=\"_blank\" rel=\"noreferrer noopener\">avantages-SNALC<\/a>.<\/td><\/tr><\/tbody><\/table><\/figure>\n","protected":false},"excerpt":{"rendered":"<p>Lettre d&rsquo;information SNALC &#8211;&nbsp;12 avril 2024Personnels de l&rsquo;enseignement priv\u00e9 sous contrat Syndicat national des lyc\u00e9es, coll\u00e8ges, \u00e9coles et du sup\u00e9rieur @&nbsp;: contact&nbsp;&nbsp;&nbsp; &#8211;&nbsp;&nbsp; &nbsp; site&nbsp;: snalc.fr\/prive\/ Au SNALC, la guerre [&hellip;]<\/p>\n","protected":false},"author":1,"featured_media":0,"comment_status":"closed","ping_status":"closed","sticky":false,"template":"","format":"standard","meta":{"_lmt_disableupdate":"","_lmt_disable":"","site-sidebar-layout":"default","site-content-layout":"","ast-site-content-layout":"default","site-content-style":"default","site-sidebar-style":"default","ast-global-header-display":"","ast-banner-title-visibility":"","ast-main-header-display":"","ast-hfb-above-header-display":"","ast-hfb-below-header-display":"","ast-hfb-mobile-header-display":"","site-post-title":"","ast-breadcrumbs-content":"","ast-featured-img":"","footer-sml-layout":"","ast-disable-related-posts":"","theme-transparent-header-meta":"","adv-header-id-meta":"","stick-header-meta":"","header-above-stick-meta":"","header-main-stick-meta":"","header-below-stick-meta":"","astra-migrate-meta-layouts":"set","ast-page-background-enabled":"default","ast-page-background-meta":{"desktop":{"background-color":"var(--ast-global-color-4)","background-image":"","background-repeat":"repeat","background-position":"center center","background-size":"auto","background-attachment":"scroll","background-type":"","background-media":"","overlay-type":"","overlay-color":"","overlay-opacity":"","overlay-gradient":""},"tablet":{"background-color":"","background-image":"","background-repeat":"repeat","background-position":"center center","background-size":"auto","background-attachment":"scroll","background-type":"","background-media":"","overlay-type":"","overlay-color":"","overlay-opacity":"","overlay-gradient":""},"mobile":{"background-color":"","background-image":"","background-repeat":"repeat","background-position":"center center","background-size":"auto","background-attachment":"scroll","background-type":"","background-media":"","overlay-type":"","overlay-color":"","overlay-opacity":"","overlay-gradient":""}},"ast-content-background-meta":{"desktop":{"background-color":"var(--ast-global-color-5)","background-image":"","background-repeat":"repeat","background-position":"center center","background-size":"auto","background-attachment":"scroll","background-type":"","background-media":"","overlay-type":"","overlay-color":"","overlay-opacity":"","overlay-gradient":""},"tablet":{"background-color":"var(--ast-global-color-5)","background-image":"","background-repeat":"repeat","background-position":"center center","background-size":"auto","background-attachment":"scroll","background-type":"","background-media":"","overlay-type":"","overlay-color":"","overlay-opacity":"","overlay-gradient":""},"mobile":{"background-color":"var(--ast-global-color-5)","background-image":"","background-repeat":"repeat","background-position":"center center","background-size":"auto","background-attachment":"scroll","background-type":"","background-media":"","overlay-type":"","overlay-color":"","overlay-opacity":"","overlay-gradient":""}},"footnotes":""},"categories":[38,35],"tags":[],"class_list":["post-3040","post","type-post","status-publish","format-standard","hentry","category-actualites-2023-2024","category-professeurs-prive"],"modified_by":"slecourtier","_links":{"self":[{"href":"https:\/\/snalc.org\/snalc2023\/index.php?rest_route=\/wp\/v2\/posts\/3040","targetHints":{"allow":["GET"]}}],"collection":[{"href":"https:\/\/snalc.org\/snalc2023\/index.php?rest_route=\/wp\/v2\/posts"}],"about":[{"href":"https:\/\/snalc.org\/snalc2023\/index.php?rest_route=\/wp\/v2\/types\/post"}],"author":[{"embeddable":true,"href":"https:\/\/snalc.org\/snalc2023\/index.php?rest_route=\/wp\/v2\/users\/1"}],"replies":[{"embeddable":true,"href":"https:\/\/snalc.org\/snalc2023\/index.php?rest_route=%2Fwp%2Fv2%2Fcomments&post=3040"}],"version-history":[{"count":1,"href":"https:\/\/snalc.org\/snalc2023\/index.php?rest_route=\/wp\/v2\/posts\/3040\/revisions"}],"predecessor-version":[{"id":3041,"href":"https:\/\/snalc.org\/snalc2023\/index.php?rest_route=\/wp\/v2\/posts\/3040\/revisions\/3041"}],"wp:attachment":[{"href":"https:\/\/snalc.org\/snalc2023\/index.php?rest_route=%2Fwp%2Fv2%2Fmedia&parent=3040"}],"wp:term":[{"taxonomy":"category","embeddable":true,"href":"https:\/\/snalc.org\/snalc2023\/index.php?rest_route=%2Fwp%2Fv2%2Fcategories&post=3040"},{"taxonomy":"post_tag","embeddable":true,"href":"https:\/\/snalc.org\/snalc2023\/index.php?rest_route=%2Fwp%2Fv2%2Ftags&post=3040"}],"curies":[{"name":"wp","href":"https:\/\/api.w.org\/{rel}","templated":true}]}}