{"id":3046,"date":"2024-04-14T08:22:54","date_gmt":"2024-04-14T06:22:54","guid":{"rendered":"https:\/\/snalc.org\/snalc2023\/?p=3046"},"modified":"2024-04-14T08:26:17","modified_gmt":"2024-04-14T06:26:17","slug":"quinzaine-universitaire-n1488-ecole","status":"publish","type":"post","link":"https:\/\/snalc.org\/snalc2023\/?p=3046","title":{"rendered":"QUINZAINE UNIVERSITAIRE n\u00b01488 \u2013 \u00e9cole"},"content":{"rendered":"\n<figure class=\"wp-block-image\"><img decoding=\"async\" src=\"https:\/\/snalc.fr\/wp-content\/uploads\/QU1488-1D.jpg\" alt=\"\" class=\"wp-image-40109\"\/><\/figure>\n\n\n\n<p><strong>\u00c9DITO : <a href=\"https:\/\/snalc.fr\/securite-le-primaire-a-la-traine\/\">S\u00c9CURIT\u00c9 : LE PRIMAIRE \u00c0 LA TRA\u00ceNE<\/a><\/strong><\/p>\n\n\n\n<figure class=\"wp-block-image\"><img decoding=\"async\" src=\"https:\/\/snalc.fr\/wp-content\/uploads\/elementor\/thumbs\/SNALC-congres-Strasbourg-mai-2023-Photo-Philippe-Sautier-3-e1686317689865-qfu77nw4qlxwj5dktm23kiay8chujy1r6wng15ek0o.jpg\" alt=\"SNALC congres Strasbourg mai 2023 - Photo Philippe Sautier (3)\" title=\"SNALC congres Strasbourg mai 2023 \u2013 Photo Philippe Sautier (3)\"\/><\/figure>\n\n\n\n<p>J-R\u00e9mi Girard<br>Pr\u00e9sident du SNALC<\/p>\n\n\n\n<p>L\u2019actualit\u00e9 se charge de le rappeler \u00e0 tout le monde&nbsp;: l\u2019\u00c9cole n\u2019est pas un sanctuaire, et les querelles des hommes y entrent. Elles y entrent d\u2019autant plus facilement qu\u2019\u00e9l\u00e8ves et parents pratiquent les r\u00e9seaux sociaux avec assiduit\u00e9. Le r\u00e9sultat, objectiv\u00e9 par le minist\u00e8re lui-m\u00eame, est sans appel. Les \u00ab&nbsp;incidents&nbsp;\u00bb sont en hausse, et les personnels sont r\u00e9guli\u00e8rement des cibles. Sp\u00e9cificit\u00e9 du primaire&nbsp;: les coll\u00e8gues sont presque autant agress\u00e9s d\u00e9sormais par l\u2019entourage de l\u2019\u00e9l\u00e8ve que par l\u2019\u00e9l\u00e8ve lui-m\u00eame.<\/p>\n\n\n\n<p>Cela n\u2019emp\u00eache pas les m\u00eames coll\u00e8gues d\u2019\u00eatre montr\u00e9s du doigt d\u00e8s qu\u2019un cas de harc\u00e8lement ou une agression d\u2019\u00e9l\u00e8ve fait la une. \u00ab O\u00f9 sont les adultes ? \u00bb s\u2019\u00e9criait la ministre de la jeunesse r\u00e9cemment, oubliant un peu vite&nbsp;&nbsp;[<a href=\"https:\/\/snalc.fr\/securite-le-primaire-a-la-traine\/\"><strong>Lire la suite<\/strong><\/a>]<\/p>\n\n\n\n<p><strong>ACTUALIT\u00c9S DU MOIS<\/strong><\/p>\n\n\n\n<ul class=\"wp-block-list\">\n<li><a href=\"https:\/\/snalc.fr\/adherer-au-snalc-pour-quoi-faire\/\" target=\"_blank\" rel=\"noreferrer noopener\">Adh\u00e9rer au SNALC ? Pour quoi faire ?<\/a><\/li>\n\n\n\n<li><a href=\"https:\/\/snalc.fr\/les-professeurs-des-ecoles-de-plus-en-plus-menaces\/\" target=\"_blank\" rel=\"noreferrer noopener\">Les professeurs des \u00e9coles de plus en plus menac\u00e9s<\/a><\/li>\n\n\n\n<li><a href=\"https:\/\/snalc.fr\/securite-confiance-phare-peut-mieux-faire\/\" target=\"_blank\" rel=\"noreferrer noopener\">S\u00e9curit\u00e9, confiance, pHARe : peut mieux faire<\/a><\/li>\n\n\n\n<li><a href=\"https:\/\/snalc.fr\/ne-restez-pas-sur-un-refus-saisissez-la-capd\/\" target=\"_blank\" rel=\"noreferrer noopener\">Ne restez pas sur un refus : saisissez la CAPD !<\/a><\/li>\n<\/ul>\n\n\n\n<p><strong>SYST\u00c8ME \u00c9DUCATIF<\/strong><\/p>\n\n\n\n<ul class=\"wp-block-list\">\n<li><a href=\"https:\/\/snalc.fr\/ecoles-academiques-de-formation-un-dispositif-bancal\/\" target=\"_blank\" rel=\"noreferrer noopener\">\u00c9coles acad\u00e9miques de formation : un dispositif bancal<\/a><\/li>\n\n\n\n<li><a href=\"https:\/\/snalc.fr\/le-protocole-de-sante-mentale-des-eleves\/\" target=\"_blank\" rel=\"noreferrer noopener\">Le protocole de sant\u00e9 mentale des \u00e9l\u00e8ves<\/a><\/li>\n<\/ul>\n\n\n\n<p><strong>LES PERSONNELS&nbsp;<\/strong><\/p>\n\n\n\n<ul class=\"wp-block-list\">\n<li><a href=\"https:\/\/snalc.fr\/protection-fonctionnelle-quel-bilan-pour-les-pe\/\" target=\"_blank\" rel=\"noreferrer noopener\">Protection fonctionnelle : quel bilan pour les PE ?<\/a><\/li>\n\n\n\n<li><a href=\"https:\/\/snalc.fr\/fausse-couche-fin-de-la-journee-de-carence\/\" target=\"_blank\" rel=\"noreferrer noopener\">Fausse couche : fin de la journ\u00e9e de carence<\/a><\/li>\n\n\n\n<li><a href=\"https:\/\/snalc.fr\/portrait-pierre-pe-contractuel-devenu-titulaire\/\" target=\"_blank\" rel=\"noreferrer noopener\">Portrait : Pierre, PE contractuel devenu titulaire<\/a><\/li>\n\n\n\n<li><a href=\"https:\/\/snalc.fr\/wp-content\/uploads\/QU1488_NLOP.jpg\" target=\"_blank\" rel=\"noreferrer noopener\">Ne l\u2019oubliez pas !<\/a><\/li>\n<\/ul>\n\n\n\n<p><strong>CONDITIONS DE TRAVAIL<\/strong><\/p>\n\n\n\n<ul class=\"wp-block-list\">\n<li><a href=\"https:\/\/snalc.fr\/lobligation-de-reserve\/\" target=\"_blank\" rel=\"noreferrer noopener\">L\u2019obligation de r\u00e9serve<\/a><\/li>\n<\/ul>\n\n\n\n<p><a href=\"https:\/\/snalc.fr\/wp-content\/uploads\/QU1488-1D.pdf\">T\u00e9l\u00e9charger la revue en PDF<\/a><\/p>\n\n\n\n<figure class=\"wp-block-image\"><img decoding=\"async\" src=\"https:\/\/snalc.fr\/wp-content\/uploads\/QU1488-721x1024.jpg\" alt=\"\" class=\"wp-image-40108\"\/><\/figure>\n\n\n\n<p><em><strong>Afin d\u2019\u00eatre au plus pr\u00e8s de vos attentes <\/strong><strong>et de vous informer au mieux, la revue du SNALC a <\/strong><strong>\u00e9volu\u00e9 d\u00e8s cette rentr\u00e9e, avec d\u00e9sormais <\/strong><strong>deux num\u00e9ros mensuels au lieu d\u2019un : <\/strong><strong>l\u2019un centr\u00e9 sur le second degr\u00e9 et le sup\u00e9rieur, <\/strong><strong>et le second sur les probl\u00e9matiques <\/strong><strong>sp\u00e9cifiques de l\u2019\u00e9cole primaire.<\/strong><\/em><\/p>\n\n\n\n<p><a href=\"https:\/\/snalc.fr\/quinzaine-universitaire-n1488\">D\u00e9couvrir la revue Second degr\u00e9 &amp; Sup\u00e9rieur<\/a><\/p>\n\n\n\n<p><a href=\"https:\/\/www.calameo.com\/books\/006837458699512ec21ce\" target=\"_blank\" rel=\"noreferrer noopener\"><\/a><\/p>\n\n\n\n<figure class=\"wp-block-embed\"><div class=\"wp-block-embed__wrapper\">\nhttps:\/\/v.calameo.com\/?bkcode=006837458699512ec21ce&#038;mode=mini\n<\/div><\/figure>\n\n\n\n<p><a href=\"https:\/\/snalc.fr\/contact\/\" target=\"_blank\" rel=\"noreferrer noopener\">Nous \u00e9crire<\/a><\/p>\n","protected":false},"excerpt":{"rendered":"<p>\u00c9DITO : S\u00c9CURIT\u00c9 : LE PRIMAIRE \u00c0 LA TRA\u00ceNE J-R\u00e9mi GirardPr\u00e9sident du SNALC L\u2019actualit\u00e9 se charge de le rappeler \u00e0 tout le monde&nbsp;: l\u2019\u00c9cole n\u2019est pas un sanctuaire, et les [&hellip;]<\/p>\n","protected":false},"author":1,"featured_media":0,"comment_status":"closed","ping_status":"closed","sticky":false,"template":"","format":"standard","meta":{"_lmt_disableupdate":"no","_lmt_disable":"","site-sidebar-layout":"default","site-content-layout":"","ast-site-content-layout":"default","site-content-style":"default","site-sidebar-style":"default","ast-global-header-display":"","ast-banner-title-visibility":"","ast-main-header-display":"","ast-hfb-above-header-display":"","ast-hfb-below-header-display":"","ast-hfb-mobile-header-display":"","site-post-title":"","ast-breadcrumbs-content":"","ast-featured-img":"","footer-sml-layout":"","ast-disable-related-posts":"","theme-transparent-header-meta":"","adv-header-id-meta":"","stick-header-meta":"","header-above-stick-meta":"","header-main-stick-meta":"","header-below-stick-meta":"","astra-migrate-meta-layouts":"set","ast-page-background-enabled":"default","ast-page-background-meta":{"desktop":{"background-color":"var(--ast-global-color-4)","background-image":"","background-repeat":"repeat","background-position":"center center","background-size":"auto","background-attachment":"scroll","background-type":"","background-media":"","overlay-type":"","overlay-color":"","overlay-opacity":"","overlay-gradient":""},"tablet":{"background-color":"","background-image":"","background-repeat":"repeat","background-position":"center center","background-size":"auto","background-attachment":"scroll","background-type":"","background-media":"","overlay-type":"","overlay-color":"","overlay-opacity":"","overlay-gradient":""},"mobile":{"background-color":"","background-image":"","background-repeat":"repeat","background-position":"center center","background-size":"auto","background-attachment":"scroll","background-type":"","background-media":"","overlay-type":"","overlay-color":"","overlay-opacity":"","overlay-gradient":""}},"ast-content-background-meta":{"desktop":{"background-color":"var(--ast-global-color-5)","background-image":"","background-repeat":"repeat","background-position":"center center","background-size":"auto","background-attachment":"scroll","background-type":"","background-media":"","overlay-type":"","overlay-color":"","overlay-opacity":"","overlay-gradient":""},"tablet":{"background-color":"var(--ast-global-color-5)","background-image":"","background-repeat":"repeat","background-position":"center center","background-size":"auto","background-attachment":"scroll","background-type":"","background-media":"","overlay-type":"","overlay-color":"","overlay-opacity":"","overlay-gradient":""},"mobile":{"background-color":"var(--ast-global-color-5)","background-image":"","background-repeat":"repeat","background-position":"center center","background-size":"auto","background-attachment":"scroll","background-type":"","background-media":"","overlay-type":"","overlay-color":"","overlay-opacity":"","overlay-gradient":""}},"footnotes":""},"categories":[38,23,37],"tags":[],"class_list":["post-3046","post","type-post","status-publish","format-standard","hentry","category-actualites-2023-2024","category-professeurs-1er-degre","category-qu"],"modified_by":"slecourtier","_links":{"self":[{"href":"https:\/\/snalc.org\/snalc2023\/index.php?rest_route=\/wp\/v2\/posts\/3046","targetHints":{"allow":["GET"]}}],"collection":[{"href":"https:\/\/snalc.org\/snalc2023\/index.php?rest_route=\/wp\/v2\/posts"}],"about":[{"href":"https:\/\/snalc.org\/snalc2023\/index.php?rest_route=\/wp\/v2\/types\/post"}],"author":[{"embeddable":true,"href":"https:\/\/snalc.org\/snalc2023\/index.php?rest_route=\/wp\/v2\/users\/1"}],"replies":[{"embeddable":true,"href":"https:\/\/snalc.org\/snalc2023\/index.php?rest_route=%2Fwp%2Fv2%2Fcomments&post=3046"}],"version-history":[{"count":1,"href":"https:\/\/snalc.org\/snalc2023\/index.php?rest_route=\/wp\/v2\/posts\/3046\/revisions"}],"predecessor-version":[{"id":3047,"href":"https:\/\/snalc.org\/snalc2023\/index.php?rest_route=\/wp\/v2\/posts\/3046\/revisions\/3047"}],"wp:attachment":[{"href":"https:\/\/snalc.org\/snalc2023\/index.php?rest_route=%2Fwp%2Fv2%2Fmedia&parent=3046"}],"wp:term":[{"taxonomy":"category","embeddable":true,"href":"https:\/\/snalc.org\/snalc2023\/index.php?rest_route=%2Fwp%2Fv2%2Fcategories&post=3046"},{"taxonomy":"post_tag","embeddable":true,"href":"https:\/\/snalc.org\/snalc2023\/index.php?rest_route=%2Fwp%2Fv2%2Ftags&post=3046"}],"curies":[{"name":"wp","href":"https:\/\/api.w.org\/{rel}","templated":true}]}}