{"id":3102,"date":"2024-04-27T20:27:33","date_gmt":"2024-04-27T18:27:33","guid":{"rendered":"https:\/\/snalc.org\/snalc2023\/?p=3102"},"modified":"2024-04-27T20:27:38","modified_gmt":"2024-04-27T18:27:38","slug":"le-figaro-tv-violence-des-mineurs-linternat-comme-solution","status":"publish","type":"post","link":"https:\/\/snalc.org\/snalc2023\/?p=3102","title":{"rendered":"Le Figaro TV \u2013 Violence des mineurs, l\u2019internat comme solution ?"},"content":{"rendered":"\n<figure class=\"wp-block-image\"><img decoding=\"async\" src=\"https:\/\/snalc.fr\/wp-content\/uploads\/Y-8l46J1_400x400.jpg\" alt=\"\" class=\"wp-image-37800\"\/><\/figure>\n\n\n\n<p>\u00ab L&rsquo;internat en soi, ce qui existe dans l&rsquo;\u00c9ducation nationale, n&rsquo;est pas une solution \u00e0 la violence des mineurs. C&rsquo;est une solution d&rsquo;h\u00e9bergement, avant tout con\u00e7ue pour des formations qui sont \u00e9loign\u00e9es des \u00e9l\u00e8ves. \u00bb<\/p>\n\n\n\n<figure class=\"wp-block-image\"><img decoding=\"async\" src=\"https:\/\/snalc.fr\/wp-content\/uploads\/SNALC-congres-Strasbourg-mai-2023-Photo-Philippe-Sautier-3-e1686317689865.jpg\" alt=\"\" class=\"wp-image-27808\"\/><\/figure>\n\n\n\n<p>Jean-R\u00e9mi Girard<\/p>\n\n\n\n<p>Pr\u00e9sident du SNALC<\/p>\n\n\n\n<p>L\u2019internat revient comme possible solution pour contrer la violence des jeunes, vraie solution ou simple annonce politique ?<\/p>\n\n\n\n<p><strong>Jean-R\u00e9mi GIRARD, pr\u00e9sident national du SNALC (syndicat national des lyc\u00e9es, coll\u00e8ges, \u00e9coles et du sup\u00e9rieur), r\u00e9agit sur le plateau du <a href=\"https:\/\/video.lefigaro.fr\/figaro\/video\/bienvenue-en-ile-de-france-violence-des-mineurs-paris-capitale-de-la-pub-aux-jo-cafe-de-la-paix\/\">Figaro TV<\/a> le 23 avril 2024<\/strong><\/p>\n\n\n\n<p><strong>Le figaro TV \u2013&nbsp;Victoire Sikora&nbsp;<\/strong><br>(\u2026) Parmi les solutions \u00e9voqu\u00e9es, l\u2019internat, et le moins qu\u2019on puisse dire, c\u2019est que cela fait d\u00e9bat. On va en parler avec Jean-R\u00e9mi Girard, pr\u00e9sident du syndicat national des lyc\u00e9es et coll\u00e8ges. Merci d\u2019\u00eatre avec nous pour \u00e9voquer ce sujet. Comment se caract\u00e9rise la violence chez les jeunes ? Quelles sont les armes dont disposent les \u00e9tablissements scolaires ? Je pense aux coll\u00e8ges et lyc\u00e9es qui sont en premi\u00e8re ligne.<\/p>\n\n\n\n<p><strong>SNALC \u2013 Jean-R\u00e9mi Girard<\/strong><br>Elle est plut\u00f4t en augmentation, le nombre d\u2019incidents dans les \u00e9tablissements scolaires, \u00e9coles, coll\u00e8ges et lyc\u00e9es est en hausse. Ce n\u2019est pas forc\u00e9ment de l\u2019ultra-violence, mais il y a quand m\u00eame beaucoup d\u2019agressions verbales, mais aussi d\u2019agressions physiques envers d\u2019autres \u00e9l\u00e8ves, mais parfois envers le corps professoral, les personnels de l\u2019\u00c9ducation nationale.<br>Au niveau du SNALC, on pense que c\u2019est d\u00e9j\u00e0 important d\u2019utiliser les proc\u00e9dures de l\u2019\u00e9tablissement, en coll\u00e8ge et en lyc\u00e9e, c\u2019est le conseil de discipline. La question des exclusions temporaires ou, dans certains cas, des exclusions d\u00e9finitives. Les deux difficult\u00e9s qu\u2019on a, c\u2019est, d\u2019une part, qu\u2019il y a des \u00e9l\u00e8ves qui sont, effectivement, j\u2019allais dire, fondamentalement compliqu\u00e9s \u00e0 g\u00e9rer dans le cadre scolaire et que, finalement, on se passe d\u2019\u00e9tablissement en \u00e9tablissement, d\u2019exclusion en exclusion.<\/p>\n\n\n\n<p><strong>Le Figaro TV \u2013 Victoire Sikora<\/strong><\/p>\n\n\n\n<p>Sans forc\u00e9ment r\u00e9gler le probl\u00e8me.<\/p>\n\n\n\n<p><strong>SNALC \u2013 Jean-R\u00e9mi Girard<\/strong><br>Ce sont les poly-exclus. D\u2019autre part, autant on a souvent des capacit\u00e9s d\u2019action vis-\u00e0-vis des \u00e9l\u00e8ves, autant on en a beaucoup moins vis-\u00e0-vis de certaines familles. Les relations avec les parents, c\u2019est absolument essentiel pour arriver \u00e0 g\u00e9rer certaines choses.<\/p>\n\n\n\n<p><strong>Le Figaro TV \u2013 Victoire Sikora<\/strong><br>C\u2019est l\u00e0 o\u00f9 \u00e7a coince. On le voit avec ce qui s\u2019est pass\u00e9 \u00e0 Viry-Ch\u00e2tillon. Parfois cela d\u00e9passe le cadre purement g\u00e9ographique de l\u2019\u00e9tablissement scolaire. L\u00e0, c\u2019\u00e9tait \u00e0 proximit\u00e9 de l\u2019\u00e9tablissement scolaire du jeune Chems-Eddine. Donc on comprend bien que l\u2019\u00e9tablissement ne peut pas \u00e0 lui seul g\u00e9rer toutes les probl\u00e9matiques de violences qui gravitent autour des \u00e9l\u00e8ves. L\u2019internat comme solution \u00e0 la violence des mineurs, est-ce que vous y croyez ?<\/p>\n\n\n\n<p><strong>SNALC \u2013 Jean-R\u00e9mi Girard<\/strong><br>L\u2019internat en soi, ce qui existe dans l\u2019\u00c9ducation nationale, n\u2019est pas une solution \u00e0 la violence des mineurs. C\u2019est une solution d\u2019h\u00e9bergement, avant tout con\u00e7ue pour des formations qui sont \u00e9loign\u00e9es des \u00e9l\u00e8ves.<\/p>\n\n\n\n<p><strong>Le Figaro TV \u2013 Victoire Sikora<\/strong><br>C\u2019est lorsqu\u2019il y a un \u00e9loignement g\u00e9ographique.<\/p>\n\n\n\n<p><strong>SNALC \u2013 Jean-R\u00e9mi Girard<\/strong><br>Oui, c\u2019est quand m\u00eame l\u2019objectif premier de l\u2019internat. Cela peut avoir des vertus \u00e9ducatives ; il y a souvent des projets \u00e9ducatifs dans les internats. On peut imaginer des structures, plut\u00f4t au niveau de la justice, etc., pour des mineurs qui sont condamn\u00e9s, qui sont pass\u00e9s devant les tribunaux. Je dirais que \u00e7a, c\u2019est autre chose.<\/p>\n\n\n\n<p><strong>Le Figaro TV \u2013 Victoire Sikora<\/strong><br>Ce sont plut\u00f4t des maisons de redressement.<\/p>\n\n\n\n<p><strong>SNALC \u2013 Jean-R\u00e9mi Girard<\/strong><br>J\u2019ai l\u2019impression que quand on a ce discours sur l\u2019internat, on m\u00e9lange deux choses. On a cette vision un peu fantasm\u00e9e\u2026<\/p>\n\n\n\n<p><strong>Le Figaro TV \u2013 Victoire Sikora<\/strong><br>C\u2019est un imaginaire collectif autour de l\u2019internat ?<\/p>\n\n\n\n<p><strong>SNALC \u2013 Jean-R\u00e9mi Girard<\/strong><br>L\u2019internat autoritaire, le pensionnat, il y avait m\u00eame eu des \u00e9missions de t\u00e9l\u00e9-r\u00e9alit\u00e9 autour de ce genre de choses. L\u2019autorit\u00e9, l\u2019huile de foie de morue. Tout cet imaginaire-l\u00e0, et ce que sont les internats dans l\u2019\u00c9ducation nationale.<\/p>\n\n\n\n<p><strong>Le Figaro TV \u2013 Victoire Sikora<\/strong><br>Mais qui ont quand m\u00eame un cadre assez d\u00e9fini, avec des horaires fixes, avec des \u00e9l\u00e8ves qu\u2019on c\u00f4toie au quotidien, avec lesquels on vit, donc il faut mettre en place du savoir-vivre. Il y a des valeurs int\u00e9ressantes parmi celles pr\u00f4n\u00e9es par l\u2019internat et qui pourraient correspondre \u00e0 ces jeunes.<\/p>\n\n\n\n<p><strong>SNALC \u2013 Jean-R\u00e9mi Girard<\/strong><br>Au SNALC, nous sommes d\u2019accord avec le d\u00e9veloppement de la politique de l\u2019internat, parce que nous pensons que c\u2019est quelque chose qui peut apporter beaucoup \u00e0 certains jeunes. Il peut y avoir des cas, mais l\u00e0, on est dans le cas par cas, on n\u2019est pas dans une politique nationale. Il peut y avoir des cas o\u00f9 c\u2019est plut\u00f4t b\u00e9n\u00e9fique pour un jeune, pour un \u00e9l\u00e8ve, d\u2019\u00eatre un peu \u00e9loign\u00e9 de son milieu et d\u2019\u00eatre encadr\u00e9. N\u00e9anmoins, si vous mettez tous les jeunes violents dans le m\u00eame internat, cela va d\u00e9stabiliser l\u2019\u00e9tablissement.<\/p>\n\n\n\n<p>\u00ab Il y a une chose tr\u00e8s int\u00e9ressante dans ce que dit Gabriel Attal, c&rsquo;est qu&rsquo;on a ce grand discours sur le retour de l&rsquo;autorit\u00e9 de l&rsquo;\u00e9cole et on comprend que, r\u00e9glementairement, l\u00e9galement, il faut l&rsquo;autorisation de la famille pour mettre un enfant en internat. On ne peut pas s\u00e9questrer un enfant. \u00bb<\/p>\n\n\n\n<figure class=\"wp-block-image\"><img decoding=\"async\" src=\"https:\/\/snalc.fr\/wp-content\/uploads\/SNALC-congres-Strasbourg-mai-2023-Photo-Philippe-Sautier-3-e1686317689865.jpg\" alt=\"\" class=\"wp-image-27808\"\/><\/figure>\n\n\n\n<p>Jean-R\u00e9mi Girard<\/p>\n\n\n\n<p>Pr\u00e9sident du SNALC<\/p>\n\n\n\n<p><strong>Le Figaro TV \u2013 Victoire Sikora<\/strong><br>(\u2026) On parlait d\u2019\u00e9loigner les jeunes de cercles compliqu\u00e9s, d\u2019un entourage qui leur serait n\u00e9faste. Il y a aussi des familles qui d\u00e9missionnent, qui n\u2019ont plus les armes pour r\u00e9pondre \u00e0 une violence grandissante en interne, dans leur propre famille.<\/p>\n\n\n\n<p><strong>SNALC \u2013 Jean-R\u00e9mi Girard<\/strong><br>Certaines, oui. On le croise, on le voit r\u00e9guli\u00e8rement dans des r\u00e9unions parents-professeurs o\u00f9 certains parents sont eux-m\u00eames assez d\u00e9munis, d\u00e9pourvus face \u00e0 leur enfant. Il y a une chose tr\u00e8s int\u00e9ressante dans ce que dit Gabriel Attal, c\u2019est qu\u2019on a ce grand discours sur le retour de l\u2019autorit\u00e9 de l\u2019\u00e9cole et on comprend que, r\u00e9glementairement, l\u00e9galement, il faut l\u2019autorisation de la famille pour mettre un enfant en internat. On ne peut pas s\u00e9questrer un enfant.<\/p>\n\n\n\n<p><strong>Le Figaro TV \u2013 Victoire Sikora<\/strong><br>C\u2019est une d\u00e9cision qui doit \u00eatre conjointe.<\/p>\n\n\n\n<p><strong>SNALC \u2013 Jean-R\u00e9mi Girard<\/strong><br>Ce n\u2019est pas qu\u2019elle est conjointe, c\u2019est une d\u00e9cision de la famille.<\/p>\n\n\n\n<p><strong>Le Figaro TV \u2013 Victoire Sikora<\/strong><br>Qui peut peut-\u00eatre \u00eatre un peu plus sugg\u00e9r\u00e9e et, entre guillemets, impos\u00e9e par certaines instances.<\/p>\n\n\n\n<p><strong>SNALC \u2013 Jean-R\u00e9mi Girard<\/strong><br>Une fois encore, il faut que nous, dans nos \u00e9tablissements, sachions qu\u2019il y a ces solutions d\u2019internat. Je suis dans un lyc\u00e9e d\u2019\u00cele-de-France, je ne suis pas forc\u00e9ment au courant de l\u2019offre en internat dans le d\u00e9partement ou dans la r\u00e9gion. Et d\u2019autre part, nous serons sur un travail avec des familles elles-m\u00eames volontaires qui penseront que c\u2019est une bonne id\u00e9e.L\u00e0, on a souvent des difficult\u00e9s, par exemple, chez les coll\u00e9giens, ce n\u2019est quand m\u00eame pas si courant que les parents veuillent ou acceptent que leur enfant de 13-14 ans parte en internat, m\u00eame si cela pourrait \u00eatre une solution \u00e9ducative int\u00e9ressante pour lui.<\/p>\n\n\n\n<p><strong>Le Figaro TV \u2013 Victoire Sikora<\/strong><br>Vous le disiez, cela peut d\u00e9stabiliser des \u00e9tablissements si, du jour au lendemain, des internats deviennent des \u201cmaisons de redressement\u201d. C\u2019est ce que souhaitent \u00e9viter de nombreux syndicats, c\u2019est le cas notamment du SNES-FSU qui confiait \u00e0 l\u2019AFP que l\u2019internat devait rester un projet \u00e9ducatif, c\u2019est ce que vous nous disiez, et non un lieu de redressement. C\u2019est un lieu de socialisation, de r\u00e9ussite scolaire, un vecteur de promotion sociale quand le projet scolaire est r\u00e9ussi, mais cela ne doit pas \u00eatre un lieu de redressement. On basculerait l\u00e0-dedans ?<\/p>\n\n\n\n<p><strong>SNALC \u2013 Jean-R\u00e9mi Girard<\/strong><br>L\u00e0, on n\u2019est plus sur le m\u00eame objet. Dans ces cas-l\u00e0, il faut cr\u00e9er des structures sp\u00e9cialis\u00e9es avec du personnel sp\u00e9cialis\u00e9. On dit qu\u2019on va accueillir des jeunes violents en internat, mais on n\u2019a pas du tout les personnels adapt\u00e9s pour \u00e7a. Il faut des \u00e9ducateurs sp\u00e9cialis\u00e9s, des \u00e9quipes pluriprofessionnelles, des psychologues. Il faut beaucoup plus de personnel.<\/p>\n\n\n\n<p><strong>Le Figaro TV \u2013 Victoire Sikora<\/strong><br>Visiblement, il y aurait \u00e9norm\u00e9ment de places disponibles en internat en France.<\/p>\n\n\n\n<p><strong>SNALC \u2013 Jean-R\u00e9mi Girard<\/strong><br>\u00c7a, on va voir avec le minist\u00e8re, parce que le minist\u00e8re\u2026 Gabriel Attal a sorti des chiffres. On aimerait v\u00e9rifier ce qu\u2019on appelle des places disponibles, parce que parfois, la notion de place disponible est un peu originale, mais n\u00e9anmoins, l\u2019objectif de l\u2019internat n\u2019est pas de remplir \u00e0 100 %. L\u2019objectif de l\u2019internat, c\u2019est d\u2019offrir une solution aux jeunes.<\/p>\n\n\n\n<p><strong>Le Figaro TV \u2013 Victoire Sikora<\/strong><br>On parle de dizaines de milliers de places disponibles, m\u00eame si\u2026<\/p>\n\n\n\n<p><strong>SNALC \u2013 Jean-R\u00e9mi Girard<\/strong><br>On parle de l\u2019ensemble de la France.<\/p>\n\n\n\n<p><strong>Le Figaro TV \u2013 Victoire Sikora<\/strong><br>C\u2019est important quand m\u00eame.<\/p>\n\n\n\n<p><strong>SNALC \u2013 Jean-R\u00e9mi Girard<\/strong><br>Oui, mais une fois encore, ce n\u2019est pas forc\u00e9ment un co\u00fbt pour autant. C\u2019est-\u00e0-dire que si on les remplissait \u00e0 fond, il faudrait peut-\u00eatre plus d\u2019assistants d\u2019\u00e9ducation, plus de personnel, il faudrait un personnel plus adapt\u00e9. Mais on va voir avec le minist\u00e8re sur cette question des places disponibles en internat, parce qu\u2019il y a peut-\u00eatre une question aussi d\u2019implantation et de lieu d\u2019implantation des internats. On n\u2019a pas toujours le b\u00e2ti pour mettre des internats partout.<\/p>\n\n\n\n<p><strong>Le Figaro TV \u2013 Victoire Sikora<\/strong><br>\u00c0 Nice, une exp\u00e9rimentation avec 60 jeunes est men\u00e9e pendant les vacances, avec pour objectif, je cite, \u201cde les remettre sur le droit chemin\u201d. L\u00e0, on est sur un internat sp\u00e9cifique, un internat estival, si on peut dire. \u00c7a s\u2019est fait en accord avec les familles. Est-ce que cette formule sp\u00e9cifique pourrait fonctionner ?<\/p>\n\n\n\n<p><strong>SNALC \u2013 Jean-R\u00e9mi Girard<\/strong><br>J\u2019ai l\u2019impression que c\u2019est plus de la communication politique qu\u2019un vrai projet de soci\u00e9t\u00e9. Pendant 15 jours, pendant les vacances, vous allez \u00eatre en internat, une sorte de mini-Service national universel, une sorte de mini-SNU. J\u2019ai vu les images, pourtant, tr\u00e8s g\u00e9n\u00e9ralement cadr\u00e9es de Gabriel Attal, qui travaille beaucoup sa communication. \u00c7a ne donnait pas sp\u00e9cialement envie. Les jeunes \u00e9taient extr\u00eamement peu motiv\u00e9s.<\/p>\n\n\n\n<p><strong>Le Figaro TV \u2013 Victoire Sikora<\/strong><br>On parle de restauration de l\u2019autorit\u00e9, c\u2019est bien qu\u2019elle ait \u00e9t\u00e9 fissur\u00e9e.<\/p>\n\n\n\n<p><strong>SNALC \u2013 Jean-R\u00e9mi Girard<\/strong><br>Oui, bien s\u00fbr. Au bout de ces 15 jours, vont-ils avoir appris quelque chose et vont-ils changer de comportement ? On peut en douter.<\/p>\n\n\n\n<p><strong>Le Figaro TV \u2013 Victoire Sikora<\/strong><br>Ce sujet pose beaucoup de questions. Ce sera l\u2019occasion de venir \u00e9claircir ces points, notamment les diff\u00e9rentes places en internat en \u00cele-de-France. On aura l\u2019occasion, j\u2019imagine, d\u2019en rediscuter ensemble. Merci, Jean-R\u00e9mi Girard, de nous avoir \u00e9voqu\u00e9 ce sujet.<\/p>\n\n\n\n<p>\u00ab &#8230;c&rsquo;est plus de la communication politique qu&rsquo;un vrai projet de soci\u00e9t\u00e9. Pendant 15 jours, pendant les vacances, vous allez \u00eatre en internat, une sorte de mini-Service national universel, une sorte de mini-SNU. J&rsquo;ai vu les images, pourtant, tr\u00e8s g\u00e9n\u00e9ralement cadr\u00e9es de Gabriel Attal, qui travaille beaucoup sa communication. \u00c7a ne donnait pas sp\u00e9cialement envie. Les jeunes \u00e9taient extr\u00eamement peu motiv\u00e9s. \u00bb<\/p>\n\n\n\n<figure class=\"wp-block-image\"><img decoding=\"async\" src=\"https:\/\/snalc.fr\/wp-content\/uploads\/SNALC-congres-Strasbourg-mai-2023-Photo-Philippe-Sautier-3-e1686317689865.jpg\" alt=\"\" class=\"wp-image-27808\"\/><\/figure>\n\n\n\n<p>Jean-R\u00e9mi Girard<\/p>\n\n\n\n<p>Pr\u00e9sident du SNALC<\/p>\n\n\n\n<figure class=\"wp-block-image\"><img decoding=\"async\" src=\"https:\/\/snalc.fr\/wp-content\/uploads\/Capture-decran-2024-04-27-a-18.32.12.png\" alt=\"\" class=\"wp-image-40286\"\/><\/figure>\n\n\n\n<p><a href=\"https:\/\/www.bfmtv.com\/politique\/pour-maxime-reppert-syndicat-national-des-lycees-et-colleges-les-declarations-et-les-chantiers-inities-par-gabriel-attal-seront-repris-et-poursuivis-par-amelie-oudea-castera_VN-202401120872.html\"><\/a><\/p>\n\n\n\n<p><a href=\"https:\/\/snalc.fr\/contact\/\" target=\"_blank\" rel=\"noreferrer noopener\">Nous \u00e9crire<\/a><\/p>\n","protected":false},"excerpt":{"rendered":"<p>\u00ab L&rsquo;internat en soi, ce qui existe dans l&rsquo;\u00c9ducation nationale, n&rsquo;est pas une solution \u00e0 la violence des mineurs. C&rsquo;est une solution d&rsquo;h\u00e9bergement, avant tout con\u00e7ue pour des formations qui [&hellip;]<\/p>\n","protected":false},"author":1,"featured_media":0,"comment_status":"closed","ping_status":"closed","sticky":false,"template":"","format":"standard","meta":{"_lmt_disableupdate":"","_lmt_disable":"","site-sidebar-layout":"default","site-content-layout":"","ast-site-content-layout":"default","site-content-style":"default","site-sidebar-style":"default","ast-global-header-display":"","ast-banner-title-visibility":"","ast-main-header-display":"","ast-hfb-above-header-display":"","ast-hfb-below-header-display":"","ast-hfb-mobile-header-display":"","site-post-title":"","ast-breadcrumbs-content":"","ast-featured-img":"","footer-sml-layout":"","ast-disable-related-posts":"","theme-transparent-header-meta":"","adv-header-id-meta":"","stick-header-meta":"","header-above-stick-meta":"","header-main-stick-meta":"","header-below-stick-meta":"","astra-migrate-meta-layouts":"set","ast-page-background-enabled":"default","ast-page-background-meta":{"desktop":{"background-color":"var(--ast-global-color-4)","background-image":"","background-repeat":"repeat","background-position":"center center","background-size":"auto","background-attachment":"scroll","background-type":"","background-media":"","overlay-type":"","overlay-color":"","overlay-opacity":"","overlay-gradient":""},"tablet":{"background-color":"","background-image":"","background-repeat":"repeat","background-position":"center center","background-size":"auto","background-attachment":"scroll","background-type":"","background-media":"","overlay-type":"","overlay-color":"","overlay-opacity":"","overlay-gradient":""},"mobile":{"background-color":"","background-image":"","background-repeat":"repeat","background-position":"center center","background-size":"auto","background-attachment":"scroll","background-type":"","background-media":"","overlay-type":"","overlay-color":"","overlay-opacity":"","overlay-gradient":""}},"ast-content-background-meta":{"desktop":{"background-color":"var(--ast-global-color-5)","background-image":"","background-repeat":"repeat","background-position":"center center","background-size":"auto","background-attachment":"scroll","background-type":"","background-media":"","overlay-type":"","overlay-color":"","overlay-opacity":"","overlay-gradient":""},"tablet":{"background-color":"var(--ast-global-color-5)","background-image":"","background-repeat":"repeat","background-position":"center center","background-size":"auto","background-attachment":"scroll","background-type":"","background-media":"","overlay-type":"","overlay-color":"","overlay-opacity":"","overlay-gradient":""},"mobile":{"background-color":"var(--ast-global-color-5)","background-image":"","background-repeat":"repeat","background-position":"center center","background-size":"auto","background-attachment":"scroll","background-type":"","background-media":"","overlay-type":"","overlay-color":"","overlay-opacity":"","overlay-gradient":""}},"footnotes":""},"categories":[38],"tags":[],"class_list":["post-3102","post","type-post","status-publish","format-standard","hentry","category-actualites-2023-2024"],"modified_by":"slecourtier","_links":{"self":[{"href":"https:\/\/snalc.org\/snalc2023\/index.php?rest_route=\/wp\/v2\/posts\/3102","targetHints":{"allow":["GET"]}}],"collection":[{"href":"https:\/\/snalc.org\/snalc2023\/index.php?rest_route=\/wp\/v2\/posts"}],"about":[{"href":"https:\/\/snalc.org\/snalc2023\/index.php?rest_route=\/wp\/v2\/types\/post"}],"author":[{"embeddable":true,"href":"https:\/\/snalc.org\/snalc2023\/index.php?rest_route=\/wp\/v2\/users\/1"}],"replies":[{"embeddable":true,"href":"https:\/\/snalc.org\/snalc2023\/index.php?rest_route=%2Fwp%2Fv2%2Fcomments&post=3102"}],"version-history":[{"count":1,"href":"https:\/\/snalc.org\/snalc2023\/index.php?rest_route=\/wp\/v2\/posts\/3102\/revisions"}],"predecessor-version":[{"id":3103,"href":"https:\/\/snalc.org\/snalc2023\/index.php?rest_route=\/wp\/v2\/posts\/3102\/revisions\/3103"}],"wp:attachment":[{"href":"https:\/\/snalc.org\/snalc2023\/index.php?rest_route=%2Fwp%2Fv2%2Fmedia&parent=3102"}],"wp:term":[{"taxonomy":"category","embeddable":true,"href":"https:\/\/snalc.org\/snalc2023\/index.php?rest_route=%2Fwp%2Fv2%2Fcategories&post=3102"},{"taxonomy":"post_tag","embeddable":true,"href":"https:\/\/snalc.org\/snalc2023\/index.php?rest_route=%2Fwp%2Fv2%2Ftags&post=3102"}],"curies":[{"name":"wp","href":"https:\/\/api.w.org\/{rel}","templated":true}]}}