{"id":3111,"date":"2024-05-03T09:17:50","date_gmt":"2024-05-03T07:17:50","guid":{"rendered":"https:\/\/snalc.org\/snalc2023\/?p=3111"},"modified":"2024-05-03T09:17:50","modified_gmt":"2024-05-03T07:17:50","slug":"accord-du-8-avril-2024-concernant-la-protection-sociale-complementaire-au-menj-au-mesr-et-au-msjop","status":"publish","type":"post","link":"https:\/\/snalc.org\/snalc2023\/?p=3111","title":{"rendered":"Accord du 8 avril 2024 concernant la protection sociale compl\u00e9mentaire au MENJ, au MESR et au MSJOP"},"content":{"rendered":"\n<p>L&rsquo;accord du 8 avril sur la protection sociale compl\u00e9mentaire pour le p\u00e9rim\u00e8tre minist\u00e9riel de l&rsquo;\u00c9ducation nationale, dont le SNALC est signataire, a \u00e9t\u00e9 publi\u00e9 au journal officiel ce jour : <a href=\"https:\/\/www.legifrance.gouv.fr\/jorf\/id\/JORFTEXT000049486828\">https:\/\/www.legifrance.gouv.fr\/jorf\/id\/JORFTEXT000049486828<\/a><\/p>\n\n\n\n<p>Il concerne \u00e0 la fois la sant\u00e9 (adh\u00e9sion obligatoire, avec plusieurs options possibles) et la pr\u00e9voyance (adh\u00e9sion facultative).<\/p>\n\n\n\n<p>Concernant la mise en place de ce nouveau r\u00e9gime de protection sociale compl\u00e9mentaire par l&rsquo;op\u00e9rateur qui aura \u00e9t\u00e9 choisi dans le cadre du march\u00e9 public, la date pr\u00e9visionnelle initiale \u00e9tait le 1er janvier 2025. Elle a \u00e9t\u00e9 repouss\u00e9e ensuite de 6 mois lors des n\u00e9gociations et il est possible que plusieurs mois suppl\u00e9mentaires de d\u00e9lai s&rsquo;y ajoutent.&nbsp;<\/p>\n\n\n\n<p>Le SNALC si\u00e9geant dans la commission paritaire de pilotage et de suivi, nous vous tiendrons inform\u00e9s de l&rsquo;\u00e9volution de ce dossier.<\/p>\n\n\n\n<div data-wp-interactive=\"core\/file\" class=\"wp-block-file\"><object data-wp-bind--hidden=\"!state.hasPdfPreview\" hidden class=\"wp-block-file__embed\" data=\"https:\/\/snalc.org\/snalc2023\/wp-content\/uploads\/2024\/05\/joe_20240430_0101_0048.pdf\" type=\"application\/pdf\" style=\"width:100%;height:600px\" aria-label=\"Contenu embarqu\u00e9 joe_20240430_0101_0048.\"><\/object><a id=\"wp-block-file--media-fb5ecadc-26bd-4ef7-8de6-8cc74643426e\" href=\"https:\/\/snalc.org\/snalc2023\/wp-content\/uploads\/2024\/05\/joe_20240430_0101_0048.pdf\">joe_20240430_0101_0048<\/a><a href=\"https:\/\/snalc.org\/snalc2023\/wp-content\/uploads\/2024\/05\/joe_20240430_0101_0048.pdf\" class=\"wp-block-file__button wp-element-button\" download aria-describedby=\"wp-block-file--media-fb5ecadc-26bd-4ef7-8de6-8cc74643426e\">T\u00e9l\u00e9charger<\/a><\/div>\n","protected":false},"excerpt":{"rendered":"<p>L&rsquo;accord du 8 avril sur la protection sociale compl\u00e9mentaire pour le p\u00e9rim\u00e8tre minist\u00e9riel de l&rsquo;\u00c9ducation nationale, dont le SNALC est signataire, a \u00e9t\u00e9 publi\u00e9 au journal officiel ce jour : [&hellip;]<\/p>\n","protected":false},"author":1,"featured_media":0,"comment_status":"closed","ping_status":"closed","sticky":false,"template":"","format":"standard","meta":{"_lmt_disableupdate":"no","_lmt_disable":"","site-sidebar-layout":"default","site-content-layout":"","ast-site-content-layout":"default","site-content-style":"default","site-sidebar-style":"default","ast-global-header-display":"","ast-banner-title-visibility":"","ast-main-header-display":"","ast-hfb-above-header-display":"","ast-hfb-below-header-display":"","ast-hfb-mobile-header-display":"","site-post-title":"","ast-breadcrumbs-content":"","ast-featured-img":"","footer-sml-layout":"","ast-disable-related-posts":"","theme-transparent-header-meta":"","adv-header-id-meta":"","stick-header-meta":"","header-above-stick-meta":"","header-main-stick-meta":"","header-below-stick-meta":"","astra-migrate-meta-layouts":"set","ast-page-background-enabled":"default","ast-page-background-meta":{"desktop":{"background-color":"var(--ast-global-color-4)","background-image":"","background-repeat":"repeat","background-position":"center center","background-size":"auto","background-attachment":"scroll","background-type":"","background-media":"","overlay-type":"","overlay-color":"","overlay-opacity":"","overlay-gradient":""},"tablet":{"background-color":"","background-image":"","background-repeat":"repeat","background-position":"center center","background-size":"auto","background-attachment":"scroll","background-type":"","background-media":"","overlay-type":"","overlay-color":"","overlay-opacity":"","overlay-gradient":""},"mobile":{"background-color":"","background-image":"","background-repeat":"repeat","background-position":"center center","background-size":"auto","background-attachment":"scroll","background-type":"","background-media":"","overlay-type":"","overlay-color":"","overlay-opacity":"","overlay-gradient":""}},"ast-content-background-meta":{"desktop":{"background-color":"var(--ast-global-color-5)","background-image":"","background-repeat":"repeat","background-position":"center center","background-size":"auto","background-attachment":"scroll","background-type":"","background-media":"","overlay-type":"","overlay-color":"","overlay-opacity":"","overlay-gradient":""},"tablet":{"background-color":"var(--ast-global-color-5)","background-image":"","background-repeat":"repeat","background-position":"center center","background-size":"auto","background-attachment":"scroll","background-type":"","background-media":"","overlay-type":"","overlay-color":"","overlay-opacity":"","overlay-gradient":""},"mobile":{"background-color":"var(--ast-global-color-5)","background-image":"","background-repeat":"repeat","background-position":"center center","background-size":"auto","background-attachment":"scroll","background-type":"","background-media":"","overlay-type":"","overlay-color":"","overlay-opacity":"","overlay-gradient":""}},"footnotes":""},"categories":[38],"tags":[],"class_list":["post-3111","post","type-post","status-publish","format-standard","hentry","category-actualites-2023-2024"],"modified_by":"slecourtier","_links":{"self":[{"href":"https:\/\/snalc.org\/snalc2023\/index.php?rest_route=\/wp\/v2\/posts\/3111","targetHints":{"allow":["GET"]}}],"collection":[{"href":"https:\/\/snalc.org\/snalc2023\/index.php?rest_route=\/wp\/v2\/posts"}],"about":[{"href":"https:\/\/snalc.org\/snalc2023\/index.php?rest_route=\/wp\/v2\/types\/post"}],"author":[{"embeddable":true,"href":"https:\/\/snalc.org\/snalc2023\/index.php?rest_route=\/wp\/v2\/users\/1"}],"replies":[{"embeddable":true,"href":"https:\/\/snalc.org\/snalc2023\/index.php?rest_route=%2Fwp%2Fv2%2Fcomments&post=3111"}],"version-history":[{"count":1,"href":"https:\/\/snalc.org\/snalc2023\/index.php?rest_route=\/wp\/v2\/posts\/3111\/revisions"}],"predecessor-version":[{"id":3113,"href":"https:\/\/snalc.org\/snalc2023\/index.php?rest_route=\/wp\/v2\/posts\/3111\/revisions\/3113"}],"wp:attachment":[{"href":"https:\/\/snalc.org\/snalc2023\/index.php?rest_route=%2Fwp%2Fv2%2Fmedia&parent=3111"}],"wp:term":[{"taxonomy":"category","embeddable":true,"href":"https:\/\/snalc.org\/snalc2023\/index.php?rest_route=%2Fwp%2Fv2%2Fcategories&post=3111"},{"taxonomy":"post_tag","embeddable":true,"href":"https:\/\/snalc.org\/snalc2023\/index.php?rest_route=%2Fwp%2Fv2%2Ftags&post=3111"}],"curies":[{"name":"wp","href":"https:\/\/api.w.org\/{rel}","templated":true}]}}