{"id":3115,"date":"2024-05-03T09:17:57","date_gmt":"2024-05-03T07:17:57","guid":{"rendered":"https:\/\/snalc.org\/snalc2023\/?p=3115"},"modified":"2024-05-03T09:17:57","modified_gmt":"2024-05-03T07:17:57","slug":"formation-continue-des-enseignants-en-dehors-du-service-denseignement-courrier-a-la-ministre","status":"publish","type":"post","link":"https:\/\/snalc.org\/snalc2023\/?p=3115","title":{"rendered":"Formation continue des enseignants en dehors du service d\u2019enseignement (courrier \u00e0 la ministre)"},"content":{"rendered":"\n<figure class=\"wp-block-image\"><img decoding=\"async\" src=\"https:\/\/snalc.fr\/wp-content\/uploads\/LOGO-SNALC-LEGER-1024x475.png\" alt=\"\" class=\"wp-image-29181\"\/><\/figure>\n\n\n\n<p><strong>Madame Nicole BELLOUBET<\/strong><\/p>\n\n\n\n<p>Ministre de l\u2019Education Nationale<br>\u2013 CABINET \u2013<br>110 rue de Grenelle<br>75357 Paris SP 07<\/p>\n\n\n\n<p><strong>Objet : Formation continue des enseignants en dehors du service d\u2019enseignement<\/strong><\/p>\n\n\n\n<p>Madame la Ministre,<\/p>\n\n\n\n<p>Je m\u2019adresse \u00e0 vous au sujet de la formation professionnelle continue des enseignants.<\/p>\n\n\n\n<p>Plusieurs de nos adh\u00e9rents nous ont signal\u00e9 avoir \u00e9t\u00e9 convoqu\u00e9s, \u00e0 l\u2019initiative de leur rectorat et de l\u2019\u00e9cole acad\u00e9mique de formation continue, pour assister \u00e0 des temps de formation plac\u00e9s en dehors des horaires d\u2019ouverture de leur \u00e9tablissement aux \u00e9l\u00e8ves. Cela a \u00e9t\u00e9 le cas en soir\u00e9e de 17h \u00e0 19h, des mercredis apr\u00e8s-midi, ou des samedis parfois.<\/p>\n\n\n\n<p>Ces convocations adress\u00e9es \u00e0 nos coll\u00e8gues pr\u00e9sentent toutes des caract\u00e9ristiques de convocations \u00ab habituelles \u00bb. Elles emploient la m\u00eame terminologie de \u00ab convocation \u00bb, \u00ab ordre de mission \u00bb, \u00ab OM \u00bb, \u00ab cette pr\u00e9sente lettre vaut ordre \u00bb\u2026<\/p>\n\n\n\n<p>Mais on peut aussi lire sur ces convocations des indications quelque peu contradictoires comme :<\/p>\n\n\n\n<ul class=\"wp-block-list\">\n<li>\u00ab je vous invite \u00e0 participer au stage suivant \u00bb;<\/li>\n\n\n\n<li>\u00ab Si vous ne pouvez pas assister \u00e0 ce stage, renvoyez cette convocation vis\u00e9e par votre chef d\u2019\u00e9tablissement ou par votre sup\u00e9rieur hi\u00e9rarchique \u00bb en indiquant un \u00ab motif l\u00e9gal \u00bb ou non l\u00e9gal;<\/li>\n\n\n\n<li>\u00ab Si vous \u00eates absent lors de cette formation, vous devez justifier cette absence aupr\u00e8s de votre sup\u00e9rieur hi\u00e9rarchique et la signaler dans l\u2019application acad\u00e9mique Sofia-FMO \u00bb.<\/li>\n<\/ul>\n\n\n\n<p>Afin de lever toute ambigu\u00eft\u00e9, Madame la ministre, pouvez-vous nous indiquer quelle est la base r\u00e9glementaire de ces convocations, et dans quelle mesure les enseignants convoqu\u00e9s \u00e0 ces temps de formation en dehors des horaires d\u2019ouvertures de leur \u00e9tablissement aux \u00e9l\u00e8ves sont tenus d\u2019y assister. Leurs absences \u00e9ventuelles peuvent-elles entra\u00eener des retenues sur salaire pour service non fait ou encore, avoir des cons\u00e9quences sur l\u2019appr\u00e9ciation ult\u00e9rieure de leur valeur professionnelle ?<\/p>\n\n\n\n<p>Veuillez agr\u00e9er, Madame la Ministre, l\u2019expression de notre plus respectueuse consid\u00e9ration.<\/p>\n\n\n\n<p>Jean-R\u00e9mi Girard<br>Pr\u00e9sident du SNALC<\/p>\n\n\n\n<figure class=\"wp-block-image size-large\"><img fetchpriority=\"high\" decoding=\"async\" width=\"890\" height=\"1024\" src=\"https:\/\/snalc.org\/snalc2023\/wp-content\/uploads\/2024\/05\/SNALC_Estelle_MEUNIER_Formation-890x1024.png\" alt=\"\" class=\"wp-image-3116\" srcset=\"https:\/\/snalc.org\/snalc2023\/wp-content\/uploads\/2024\/05\/SNALC_Estelle_MEUNIER_Formation-890x1024.png 890w, https:\/\/snalc.org\/snalc2023\/wp-content\/uploads\/2024\/05\/SNALC_Estelle_MEUNIER_Formation-261x300.png 261w, https:\/\/snalc.org\/snalc2023\/wp-content\/uploads\/2024\/05\/SNALC_Estelle_MEUNIER_Formation-768x883.png 768w, https:\/\/snalc.org\/snalc2023\/wp-content\/uploads\/2024\/05\/SNALC_Estelle_MEUNIER_Formation-1335x1536.png 1335w, https:\/\/snalc.org\/snalc2023\/wp-content\/uploads\/2024\/05\/SNALC_Estelle_MEUNIER_Formation-1781x2048.png 1781w, https:\/\/snalc.org\/snalc2023\/wp-content\/uploads\/2024\/05\/SNALC_Estelle_MEUNIER_Formation-1320x1518.png 1320w\" sizes=\"(max-width: 890px) 100vw, 890px\" \/><\/figure>\n","protected":false},"excerpt":{"rendered":"<p>Madame Nicole BELLOUBET Ministre de l\u2019Education Nationale\u2013 CABINET \u2013110 rue de Grenelle75357 Paris SP 07 Objet : Formation continue des enseignants en dehors du service d\u2019enseignement Madame la Ministre, Je [&hellip;]<\/p>\n","protected":false},"author":1,"featured_media":0,"comment_status":"closed","ping_status":"closed","sticky":false,"template":"","format":"standard","meta":{"_lmt_disableupdate":"no","_lmt_disable":"","site-sidebar-layout":"default","site-content-layout":"","ast-site-content-layout":"default","site-content-style":"default","site-sidebar-style":"default","ast-global-header-display":"","ast-banner-title-visibility":"","ast-main-header-display":"","ast-hfb-above-header-display":"","ast-hfb-below-header-display":"","ast-hfb-mobile-header-display":"","site-post-title":"","ast-breadcrumbs-content":"","ast-featured-img":"","footer-sml-layout":"","ast-disable-related-posts":"","theme-transparent-header-meta":"","adv-header-id-meta":"","stick-header-meta":"","header-above-stick-meta":"","header-main-stick-meta":"","header-below-stick-meta":"","astra-migrate-meta-layouts":"set","ast-page-background-enabled":"default","ast-page-background-meta":{"desktop":{"background-color":"var(--ast-global-color-4)","background-image":"","background-repeat":"repeat","background-position":"center center","background-size":"auto","background-attachment":"scroll","background-type":"","background-media":"","overlay-type":"","overlay-color":"","overlay-opacity":"","overlay-gradient":""},"tablet":{"background-color":"","background-image":"","background-repeat":"repeat","background-position":"center center","background-size":"auto","background-attachment":"scroll","background-type":"","background-media":"","overlay-type":"","overlay-color":"","overlay-opacity":"","overlay-gradient":""},"mobile":{"background-color":"","background-image":"","background-repeat":"repeat","background-position":"center center","background-size":"auto","background-attachment":"scroll","background-type":"","background-media":"","overlay-type":"","overlay-color":"","overlay-opacity":"","overlay-gradient":""}},"ast-content-background-meta":{"desktop":{"background-color":"var(--ast-global-color-5)","background-image":"","background-repeat":"repeat","background-position":"center center","background-size":"auto","background-attachment":"scroll","background-type":"","background-media":"","overlay-type":"","overlay-color":"","overlay-opacity":"","overlay-gradient":""},"tablet":{"background-color":"var(--ast-global-color-5)","background-image":"","background-repeat":"repeat","background-position":"center center","background-size":"auto","background-attachment":"scroll","background-type":"","background-media":"","overlay-type":"","overlay-color":"","overlay-opacity":"","overlay-gradient":""},"mobile":{"background-color":"var(--ast-global-color-5)","background-image":"","background-repeat":"repeat","background-position":"center center","background-size":"auto","background-attachment":"scroll","background-type":"","background-media":"","overlay-type":"","overlay-color":"","overlay-opacity":"","overlay-gradient":""}},"footnotes":""},"categories":[38],"tags":[],"class_list":["post-3115","post","type-post","status-publish","format-standard","hentry","category-actualites-2023-2024"],"modified_by":"slecourtier","_links":{"self":[{"href":"https:\/\/snalc.org\/snalc2023\/index.php?rest_route=\/wp\/v2\/posts\/3115","targetHints":{"allow":["GET"]}}],"collection":[{"href":"https:\/\/snalc.org\/snalc2023\/index.php?rest_route=\/wp\/v2\/posts"}],"about":[{"href":"https:\/\/snalc.org\/snalc2023\/index.php?rest_route=\/wp\/v2\/types\/post"}],"author":[{"embeddable":true,"href":"https:\/\/snalc.org\/snalc2023\/index.php?rest_route=\/wp\/v2\/users\/1"}],"replies":[{"embeddable":true,"href":"https:\/\/snalc.org\/snalc2023\/index.php?rest_route=%2Fwp%2Fv2%2Fcomments&post=3115"}],"version-history":[{"count":1,"href":"https:\/\/snalc.org\/snalc2023\/index.php?rest_route=\/wp\/v2\/posts\/3115\/revisions"}],"predecessor-version":[{"id":3117,"href":"https:\/\/snalc.org\/snalc2023\/index.php?rest_route=\/wp\/v2\/posts\/3115\/revisions\/3117"}],"wp:attachment":[{"href":"https:\/\/snalc.org\/snalc2023\/index.php?rest_route=%2Fwp%2Fv2%2Fmedia&parent=3115"}],"wp:term":[{"taxonomy":"category","embeddable":true,"href":"https:\/\/snalc.org\/snalc2023\/index.php?rest_route=%2Fwp%2Fv2%2Fcategories&post=3115"},{"taxonomy":"post_tag","embeddable":true,"href":"https:\/\/snalc.org\/snalc2023\/index.php?rest_route=%2Fwp%2Fv2%2Ftags&post=3115"}],"curies":[{"name":"wp","href":"https:\/\/api.w.org\/{rel}","templated":true}]}}