{"id":3158,"date":"2024-05-15T17:10:46","date_gmt":"2024-05-15T15:10:46","guid":{"rendered":"https:\/\/snalc.org\/snalc2023\/?p=3158"},"modified":"2024-05-15T17:10:48","modified_gmt":"2024-05-15T15:10:48","slug":"quinzaine-universitaire-n1489-ecole","status":"publish","type":"post","link":"https:\/\/snalc.org\/snalc2023\/?p=3158","title":{"rendered":"QUINZAINE UNIVERSITAIRE n\u00b01489 \u2013 \u00e9cole"},"content":{"rendered":"\n<figure class=\"wp-block-image\"><img decoding=\"async\" src=\"https:\/\/snalc.fr\/wp-content\/uploads\/QU1489-1D.jpg\" alt=\"\" class=\"wp-image-40870\"\/><\/figure>\n\n\n\n<p><strong>\u00c9DITO : <a href=\"https:\/\/snalc.fr\/une-politique-inhumaine\/\" target=\"_blank\" rel=\"noreferrer noopener\">UNE POLITIQUE INHUMAINE<\/a><\/strong><\/p>\n\n\n\n<figure class=\"wp-block-image\"><img decoding=\"async\" src=\"https:\/\/snalc.fr\/wp-content\/uploads\/elementor\/thumbs\/SNALC-congres-Strasbourg-mai-2023-Photo-Philippe-Sautier-3-e1686317689865-qfu77nw4qlxwj5dktm23kiay8chujy1r6wng15ek0o.jpg\" alt=\"SNALC congres Strasbourg mai 2023 - Photo Philippe Sautier (3)\" title=\"SNALC congres Strasbourg mai 2023 \u2013 Photo Philippe Sautier (3)\"\/><\/figure>\n\n\n\n<p>J-R\u00e9mi Girard<br>Pr\u00e9sident du SNALC<\/p>\n\n\n\n<p>Alors qu\u2019il n\u2019a g\u00e9n\u00e9ralement que les mots \u00ab&nbsp;gouvernance&nbsp;\u00bb et \u00ab&nbsp;pilotage&nbsp;\u00bb \u00e0 la bouche, le minist\u00e8re est dans un \u00e9tat de d\u00e9sordre rarement atteint. Et la politique men\u00e9e s\u2019en ressent.<\/p>\n\n\n\n<p>C\u00f4t\u00e9 syndical, ce sont les r\u00e9unions planifi\u00e9es, report\u00e9es, annul\u00e9es qui s\u2019accumulent. Ce sont les ordres et les contre-ordres, comme derni\u00e8rement sur les heures suppl\u00e9mentaires. Ce sont les dossiers laiss\u00e9s en jach\u00e8re, et soudain rouverts avec un calendrier intenable. Prenez la r\u00e9forme du concours et de la formation initiale. Depuis novembre dernier, il ne s\u2019est rien pass\u00e9. Aucun retour sur les remont\u00e9es faites par le SNALC. Et l\u00e0, en 15 jours, sans documents, en n\u2019ayant comme base de travail que la prise de notes que l\u2019on fait \u00e0 la vol\u00e9e de ce que dit la ministre, il faut conclure. Cr\u00e9er une nouvelle licence, un nouveau master, de nouvelles maquettes de concours, des parcours d\u00e9rogatoires, des \u00ab ENSP \u00bb tout en maintenant les \u00ab INSPE \u00bb durant la transition\u2026 Tout \u00e7a pour (seulement en partie) d\u00e9faire ce qui a \u00e9t\u00e9 fait par Jean-Michel Blanquer cinq ans plus t\u00f4t, contre l\u2019avis et les analyses du SNALC, d\u2019ailleurs. Le tout en cr\u00e9ant des voies sans issue \u00e0 l\u2019universit\u00e9, avec une licence de pr\u00e9paration au professorat des \u00e9coles (LPPE) qui aura du mal \u00e0 mener \u00e0 autre chose qu\u2019au m\u00e9tier de PE. Et que se passe-t-il si l\u2019on n\u2019obtient pas le concours ? La question est ouverte\u2026 <a href=\"https:\/\/snalc.fr\/une-politique-inhumaine\/\" target=\"_blank\" rel=\"noreferrer noopener\"><strong>[Lire la suite]<\/strong><\/a><\/p>\n\n\n\n<p><strong>ACTUALIT\u00c9S DU MOIS<\/strong><\/p>\n\n\n\n<ul class=\"wp-block-list\">\n<li><a href=\"https:\/\/snalc.fr\/sortir-des-impasses\/\">Sortir des impasses<\/a><\/li>\n\n\n\n<li><a href=\"https:\/\/snalc.fr\/les-appels-a-candidature\/\">Les appels \u00e0 candidature<\/a><\/li>\n\n\n\n<li><a href=\"https:\/\/snalc.fr\/les-charges-de-mission-quesaco\/\">Les charg\u00e9s de mission : qu\u00e9saco ?<\/a><\/li>\n\n\n\n<li><a href=\"https:\/\/snalc.fr\/hors-classe-des-pe-un-grade-de-transition\/\">Hors-classe : un grade de transition?<\/a><\/li>\n\n\n\n<li><a href=\"https:\/\/snalc.fr\/classe-exceptionnelle-entre-opacite-et-injustice\/\">Classe exceptionnelle : entre opacit\u00e9 et injustice<\/a><\/li>\n<\/ul>\n\n\n\n<p><strong>SYST\u00c8ME \u00c9DUCATIF<\/strong><\/p>\n\n\n\n<ul class=\"wp-block-list\">\n<li><a href=\"https:\/\/snalc.fr\/rapport-sur-la-lecture-vers-du-mieux\/\">Rapport sur la lecture : vers du mieux ?<\/a><\/li>\n\n\n\n<li><a href=\"https:\/\/snalc.fr\/danger-sur-la-semaine-de-quatre-jours\/\">Danger sur la semaine de 4 jours ?<\/a><\/li>\n<\/ul>\n\n\n\n<p><strong>LES PERSONNELS&nbsp;<\/strong><\/p>\n\n\n\n<ul class=\"wp-block-list\">\n<li><a href=\"https:\/\/snalc.fr\/agressions-verbales-dans-le-premier-degre\/\">Agressions verbales dans le premier degr\u00e9<\/a><\/li>\n\n\n\n<li><a href=\"https:\/\/snalc.fr\/wp-content\/uploads\/QU1489_NLOP.jpg\" target=\"_blank\" rel=\"noreferrer noopener\">Ne l\u2019oubliez pas !<\/a><\/li>\n<\/ul>\n\n\n\n<p><strong>CONDITIONS DE TRAVAIL<\/strong><\/p>\n\n\n\n<ul class=\"wp-block-list\">\n<li><a href=\"https:\/\/snalc.fr\/les-miserables-2-0\/\">Les Mis\u00e9rables 2.0<\/a><\/li>\n\n\n\n<li><a href=\"https:\/\/snalc.fr\/les-miserables-2-0\/#numerique\">Du num\u00e9rique durement acquis, mal utilis\u00e9<\/a><\/li>\n<\/ul>\n\n\n\n<p><a href=\"https:\/\/snalc.fr\/wp-content\/uploads\/QU1489-1D.pdf\">T\u00e9l\u00e9charger la revue en PDF<\/a><\/p>\n\n\n\n<figure class=\"wp-block-image\"><img decoding=\"async\" src=\"https:\/\/snalc.fr\/wp-content\/uploads\/QU1489-726x1024.jpg\" alt=\"\" class=\"wp-image-40869\"\/><\/figure>\n\n\n\n<p><em><strong>Afin d\u2019\u00eatre au plus pr\u00e8s de vos attentes <\/strong><strong>et de vous informer au mieux, la revue du SNALC a <\/strong><strong>\u00e9volu\u00e9 d\u00e8s cette rentr\u00e9e, avec d\u00e9sormais <\/strong><strong>deux num\u00e9ros mensuels au lieu d\u2019un : <\/strong><strong>l\u2019un centr\u00e9 sur le second degr\u00e9 et le sup\u00e9rieur, <\/strong><strong>et le second sur les probl\u00e9matiques <\/strong><strong>sp\u00e9cifiques de l\u2019\u00e9cole primaire.<\/strong><\/em><\/p>\n\n\n\n<p><a href=\"https:\/\/snalc.fr\/quinzaine-universitaire-n1489\">D\u00e9couvrir la revue Second degr\u00e9 &amp; Sup\u00e9rieur<\/a><\/p>\n\n\n\n<p><a href=\"https:\/\/www.calameo.com\/books\/0068374581c6d0458e3ac\" target=\"_blank\" rel=\"noreferrer noopener\"><\/a><\/p>\n\n\n\n<figure class=\"wp-block-embed\"><div class=\"wp-block-embed__wrapper\">\nhttps:\/\/v.calameo.com\/?bkcode=0068374581c6d0458e3ac&#038;mode=mini\n<\/div><\/figure>\n\n\n\n<p><a href=\"http:\/\/www.calameo.com\/\" target=\"_blank\" rel=\"noreferrer noopener\"><\/a><\/p>\n\n\n\n<p><a href=\"https:\/\/snalc.fr\/contact\/\" target=\"_blank\" rel=\"noreferrer noopener\">Nous \u00e9crire<\/a><\/p>\n","protected":false},"excerpt":{"rendered":"<p>\u00c9DITO : UNE POLITIQUE INHUMAINE J-R\u00e9mi GirardPr\u00e9sident du SNALC Alors qu\u2019il n\u2019a g\u00e9n\u00e9ralement que les mots \u00ab&nbsp;gouvernance&nbsp;\u00bb et \u00ab&nbsp;pilotage&nbsp;\u00bb \u00e0 la bouche, le minist\u00e8re est dans un \u00e9tat de d\u00e9sordre [&hellip;]<\/p>\n","protected":false},"author":1,"featured_media":0,"comment_status":"closed","ping_status":"closed","sticky":false,"template":"","format":"standard","meta":{"_lmt_disableupdate":"","_lmt_disable":"","site-sidebar-layout":"default","site-content-layout":"","ast-site-content-layout":"default","site-content-style":"default","site-sidebar-style":"default","ast-global-header-display":"","ast-banner-title-visibility":"","ast-main-header-display":"","ast-hfb-above-header-display":"","ast-hfb-below-header-display":"","ast-hfb-mobile-header-display":"","site-post-title":"","ast-breadcrumbs-content":"","ast-featured-img":"","footer-sml-layout":"","ast-disable-related-posts":"","theme-transparent-header-meta":"","adv-header-id-meta":"","stick-header-meta":"","header-above-stick-meta":"","header-main-stick-meta":"","header-below-stick-meta":"","astra-migrate-meta-layouts":"set","ast-page-background-enabled":"default","ast-page-background-meta":{"desktop":{"background-color":"var(--ast-global-color-4)","background-image":"","background-repeat":"repeat","background-position":"center center","background-size":"auto","background-attachment":"scroll","background-type":"","background-media":"","overlay-type":"","overlay-color":"","overlay-opacity":"","overlay-gradient":""},"tablet":{"background-color":"","background-image":"","background-repeat":"repeat","background-position":"center center","background-size":"auto","background-attachment":"scroll","background-type":"","background-media":"","overlay-type":"","overlay-color":"","overlay-opacity":"","overlay-gradient":""},"mobile":{"background-color":"","background-image":"","background-repeat":"repeat","background-position":"center center","background-size":"auto","background-attachment":"scroll","background-type":"","background-media":"","overlay-type":"","overlay-color":"","overlay-opacity":"","overlay-gradient":""}},"ast-content-background-meta":{"desktop":{"background-color":"var(--ast-global-color-5)","background-image":"","background-repeat":"repeat","background-position":"center center","background-size":"auto","background-attachment":"scroll","background-type":"","background-media":"","overlay-type":"","overlay-color":"","overlay-opacity":"","overlay-gradient":""},"tablet":{"background-color":"var(--ast-global-color-5)","background-image":"","background-repeat":"repeat","background-position":"center center","background-size":"auto","background-attachment":"scroll","background-type":"","background-media":"","overlay-type":"","overlay-color":"","overlay-opacity":"","overlay-gradient":""},"mobile":{"background-color":"var(--ast-global-color-5)","background-image":"","background-repeat":"repeat","background-position":"center center","background-size":"auto","background-attachment":"scroll","background-type":"","background-media":"","overlay-type":"","overlay-color":"","overlay-opacity":"","overlay-gradient":""}},"footnotes":""},"categories":[38,23,37],"tags":[],"class_list":["post-3158","post","type-post","status-publish","format-standard","hentry","category-actualites-2023-2024","category-professeurs-1er-degre","category-qu"],"modified_by":"slecourtier","_links":{"self":[{"href":"https:\/\/snalc.org\/snalc2023\/index.php?rest_route=\/wp\/v2\/posts\/3158","targetHints":{"allow":["GET"]}}],"collection":[{"href":"https:\/\/snalc.org\/snalc2023\/index.php?rest_route=\/wp\/v2\/posts"}],"about":[{"href":"https:\/\/snalc.org\/snalc2023\/index.php?rest_route=\/wp\/v2\/types\/post"}],"author":[{"embeddable":true,"href":"https:\/\/snalc.org\/snalc2023\/index.php?rest_route=\/wp\/v2\/users\/1"}],"replies":[{"embeddable":true,"href":"https:\/\/snalc.org\/snalc2023\/index.php?rest_route=%2Fwp%2Fv2%2Fcomments&post=3158"}],"version-history":[{"count":1,"href":"https:\/\/snalc.org\/snalc2023\/index.php?rest_route=\/wp\/v2\/posts\/3158\/revisions"}],"predecessor-version":[{"id":3159,"href":"https:\/\/snalc.org\/snalc2023\/index.php?rest_route=\/wp\/v2\/posts\/3158\/revisions\/3159"}],"wp:attachment":[{"href":"https:\/\/snalc.org\/snalc2023\/index.php?rest_route=%2Fwp%2Fv2%2Fmedia&parent=3158"}],"wp:term":[{"taxonomy":"category","embeddable":true,"href":"https:\/\/snalc.org\/snalc2023\/index.php?rest_route=%2Fwp%2Fv2%2Fcategories&post=3158"},{"taxonomy":"post_tag","embeddable":true,"href":"https:\/\/snalc.org\/snalc2023\/index.php?rest_route=%2Fwp%2Fv2%2Ftags&post=3158"}],"curies":[{"name":"wp","href":"https:\/\/api.w.org\/{rel}","templated":true}]}}