{"id":32,"date":"2022-10-24T11:19:35","date_gmt":"2022-10-24T09:19:35","guid":{"rendered":"http:\/\/snalc.org\/snalc2023\/?p=32"},"modified":"2022-10-24T11:52:13","modified_gmt":"2022-10-24T09:52:13","slug":"le-mot-du-president-national","status":"publish","type":"post","link":"https:\/\/snalc.org\/snalc2023\/?p=32","title":{"rendered":"Le mot du pr\u00e9sident national"},"content":{"rendered":"\n<p><em>L\u2019ann\u00e9e 2018-2019 laisse sans aucun doute un go\u00fbt amer. Confront\u00e9s \u00e0 une attaque sans pr\u00e9c\u00e9dent contre la fonction publique, les agents de l\u2019\u00c9ducation nationale ont vu s\u2019abattre une nu\u00e9e de r\u00e9formes en tous genres. L\u2019\u00e9puisement est r\u00e9el, y compris sans doute chez les personnels du minist\u00e8re et de ses directions g\u00e9n\u00e9rales, soumis \u00e0 un calendrier effr\u00e9n\u00e9 : programmes de lyc\u00e9e, agenda social, orientation, \u00e9preuves du bac, missions des AESH, loi BLANQUER, politique de l\u2019orientation, formation continue impos\u00e9e, acad\u00e9mie de Normandie, place du concours, adaptation des classes pr\u00e9paratoires, bilan des \u00e9valuations CP-CE1\u2026 N\u2019en jetez plus !<\/em><\/p>\n\n\n\n<p><em>Le SNALC, syndicat de proposition et de dialogue, s\u2019est souvent heurt\u00e9 \u00e0 un mur. Tr\u00e8s clairement, nous sommes dans une \u00e8re o\u00f9 l\u2019on cherche \u00e0 mettre de c\u00f4t\u00e9 les corps interm\u00e9diaires, sauf s\u2019ils sont serviles. Ceux de l\u2019\u00c9ducation nationale sont h\u00e9las tr\u00e8s affaiblis par des ann\u00e9es de mobilisation en pointill\u00e9s qui tendent \u00e0 d\u00e9courager les coll\u00e8gues. Il est ainsi ais\u00e9 de pr\u00e9parer des r\u00e9formes \u00ab clef en main \u00bb dont les principes sont ass\u00e9n\u00e9s sans qu\u2019aucun \u00e9change r\u00e9el ne permette de les remettre en cause. En effet, quelles cons\u00e9quences pourrait bien craindre le politique, quand il voit que tout passe sans heurts v\u00e9ritables ? Hormis les enseignants de classes pr\u00e9pa en 2013, qui peut pr\u00e9tendre avoir obtenu quoi que ce soit par le mouvement social au XXIe si\u00e8cle dans notre minist\u00e8re ?<\/em><\/p>\n\n\n\n<figure class=\"wp-block-image aligncenter is-resized\"><img fetchpriority=\"high\" decoding=\"async\" src=\"https:\/\/snalcnice.fr\/wp-content\/uploads\/2020\/02\/Jean-remi-girard-snalc-uai-774x1032.jpg\" alt=\"\" class=\"wp-image-641\" width=\"302\" height=\"402\"\/><figcaption><strong>Jean-R\u00e9mi GIRARD<\/strong>, pr\u00e9sident national du SNALC depuis 2018<\/figcaption><\/figure>\n\n\n\n<p><em>Le SNALC se bat sur tous les dossiers. Mais pour un programme de physique-chimie correct, faut-il applaudir \u00e0 la casse du concours et \u00e0 celle du statut ? Pour une tr\u00e8s l\u00e9g\u00e8re am\u00e9lioration des conditions de travail des AESH, faut-il se f\u00e9liciter du maintien de leur pr\u00e9carit\u00e9 et de la faiblesse de leur r\u00e9mun\u00e9ration ?<\/em><\/p>\n\n\n\n<p><em>La gr\u00e8ve au moment du baccalaur\u00e9at n\u2019a visiblement pas suffi. Pourtant, ce n\u2019est pas tous les jours qu\u2019autant d\u2019organisations et de collectifs se mettent d\u2019accord sur une action de cette ampleur. Fi ! Le ministre s\u2019est content\u00e9 d\u2019annoncer des taux de participation insultants dans le cadre d\u2019une communication d\u00e9magogique et mensong\u00e8re. Et \u00e0 l\u2019ann\u00e9e prochaine pour une saison pleine de rebondissements, avec notamment un \u00ab observatoire de la r\u00e9mun\u00e9ration des professeurs \u00bb (ce m\u00e9pris ! mais ce m\u00e9pris !). Ou bien encore avec une r\u00e9forme du brevet pour prendre en compte \u00ab les enjeux civiques \u00bb. Les coll\u00e8gues de coll\u00e8ge dig\u00e8rent encore la r\u00e9forme pr\u00e9c\u00e9dente : on ne pourrait pas les laisser tranquilles ?<\/em><\/p>\n\n\n\n<p><em>Le SNALC ne s\u2019avoue pas vaincu pour autant. Plus que jamais, les personnels ont besoin d\u2019une organisation syndicale qui porte une vision d\u2019ensemble du syst\u00e8me \u00e9ducatif tout en d\u00e9fendant individuellement chacune et chacun d\u2019entre nous. Quel que soit votre m\u00e9tier, vous pouvez compter sur nos \u00e9lus pour porter votre parole. De l\u2019\u00e9cole au sup\u00e9rieur, le SNALC est l\u00e0 pour d\u00e9fendre vos conditions mat\u00e9rielles et morales. C\u2019est notre unique raison d\u2019exister. Et nous mettrons tout en oeuvre pour qu\u2019en 2019- 2020, nous continuions de m\u00e9riter votre confiance. La vraie confiance ; pas celle qui s\u2019affiche sur le papier \u00e0 en-t\u00eate du minist\u00e8re.<\/em><\/p>\n\n\n\n<p class=\"has-text-align-right\">Le pr\u00e9sident national,<\/p>\n\n\n\n<p class=\"has-text-align-right\"><strong>Jean-R\u00e9mi GIRARD&nbsp;<\/strong><br>le 5 juillet 2019<\/p>\n","protected":false},"excerpt":{"rendered":"<p>L\u2019ann\u00e9e 2018-2019 laisse sans aucun doute un go\u00fbt amer. Confront\u00e9s \u00e0 une attaque sans pr\u00e9c\u00e9dent contre la fonction publique, les agents de l\u2019\u00c9ducation nationale ont vu s\u2019abattre une nu\u00e9e de [&hellip;]<\/p>\n","protected":false},"author":1,"featured_media":0,"comment_status":"closed","ping_status":"open","sticky":false,"template":"","format":"standard","meta":{"_lmt_disableupdate":"","_lmt_disable":"","site-sidebar-layout":"default","site-content-layout":"","ast-site-content-layout":"default","site-content-style":"default","site-sidebar-style":"default","ast-global-header-display":"","ast-banner-title-visibility":"","ast-main-header-display":"","ast-hfb-above-header-display":"","ast-hfb-below-header-display":"","ast-hfb-mobile-header-display":"","site-post-title":"","ast-breadcrumbs-content":"","ast-featured-img":"","footer-sml-layout":"","ast-disable-related-posts":"","theme-transparent-header-meta":"","adv-header-id-meta":"","stick-header-meta":"","header-above-stick-meta":"","header-main-stick-meta":"","header-below-stick-meta":"","astra-migrate-meta-layouts":"default","ast-page-background-enabled":"default","ast-page-background-meta":{"desktop":{"background-color":"var(--ast-global-color-4)","background-image":"","background-repeat":"repeat","background-position":"center center","background-size":"auto","background-attachment":"scroll","background-type":"","background-media":"","overlay-type":"","overlay-color":"","overlay-opacity":"","overlay-gradient":""},"tablet":{"background-color":"","background-image":"","background-repeat":"repeat","background-position":"center center","background-size":"auto","background-attachment":"scroll","background-type":"","background-media":"","overlay-type":"","overlay-color":"","overlay-opacity":"","overlay-gradient":""},"mobile":{"background-color":"","background-image":"","background-repeat":"repeat","background-position":"center center","background-size":"auto","background-attachment":"scroll","background-type":"","background-media":"","overlay-type":"","overlay-color":"","overlay-opacity":"","overlay-gradient":""}},"ast-content-background-meta":{"desktop":{"background-color":"var(--ast-global-color-5)","background-image":"","background-repeat":"repeat","background-position":"center center","background-size":"auto","background-attachment":"scroll","background-type":"","background-media":"","overlay-type":"","overlay-color":"","overlay-opacity":"","overlay-gradient":""},"tablet":{"background-color":"var(--ast-global-color-5)","background-image":"","background-repeat":"repeat","background-position":"center center","background-size":"auto","background-attachment":"scroll","background-type":"","background-media":"","overlay-type":"","overlay-color":"","overlay-opacity":"","overlay-gradient":""},"mobile":{"background-color":"var(--ast-global-color-5)","background-image":"","background-repeat":"repeat","background-position":"center center","background-size":"auto","background-attachment":"scroll","background-type":"","background-media":"","overlay-type":"","overlay-color":"","overlay-opacity":"","overlay-gradient":""}},"footnotes":""},"categories":[4],"tags":[],"class_list":["post-32","post","type-post","status-publish","format-standard","hentry","category-presentation"],"modified_by":"slecourtier","_links":{"self":[{"href":"https:\/\/snalc.org\/snalc2023\/index.php?rest_route=\/wp\/v2\/posts\/32","targetHints":{"allow":["GET"]}}],"collection":[{"href":"https:\/\/snalc.org\/snalc2023\/index.php?rest_route=\/wp\/v2\/posts"}],"about":[{"href":"https:\/\/snalc.org\/snalc2023\/index.php?rest_route=\/wp\/v2\/types\/post"}],"author":[{"embeddable":true,"href":"https:\/\/snalc.org\/snalc2023\/index.php?rest_route=\/wp\/v2\/users\/1"}],"replies":[{"embeddable":true,"href":"https:\/\/snalc.org\/snalc2023\/index.php?rest_route=%2Fwp%2Fv2%2Fcomments&post=32"}],"version-history":[{"count":1,"href":"https:\/\/snalc.org\/snalc2023\/index.php?rest_route=\/wp\/v2\/posts\/32\/revisions"}],"predecessor-version":[{"id":33,"href":"https:\/\/snalc.org\/snalc2023\/index.php?rest_route=\/wp\/v2\/posts\/32\/revisions\/33"}],"wp:attachment":[{"href":"https:\/\/snalc.org\/snalc2023\/index.php?rest_route=%2Fwp%2Fv2%2Fmedia&parent=32"}],"wp:term":[{"taxonomy":"category","embeddable":true,"href":"https:\/\/snalc.org\/snalc2023\/index.php?rest_route=%2Fwp%2Fv2%2Fcategories&post=32"},{"taxonomy":"post_tag","embeddable":true,"href":"https:\/\/snalc.org\/snalc2023\/index.php?rest_route=%2Fwp%2Fv2%2Ftags&post=32"}],"curies":[{"name":"wp","href":"https:\/\/api.w.org\/{rel}","templated":true}]}}