{"id":3210,"date":"2024-05-24T20:41:25","date_gmt":"2024-05-24T18:41:25","guid":{"rendered":"https:\/\/snalc.org\/snalc2023\/?p=3210"},"modified":"2024-05-24T20:41:28","modified_gmt":"2024-05-24T18:41:28","slug":"cadre-de-gestion-des-aesh-compte-rendu-du-23-mai-2024","status":"publish","type":"post","link":"https:\/\/snalc.org\/snalc2023\/?p=3210","title":{"rendered":"Cadre de gestion des AESH\u00a0\u00a0: compte rendu du 23 mai 2024"},"content":{"rendered":"\n<figure class=\"wp-block-image\"><img decoding=\"async\" src=\"https:\/\/snalc.fr\/wp-content\/uploads\/contrat_aesh_Freepik.jpg\" alt=\"\" class=\"wp-image-41177\"\/><figcaption class=\"wp-element-caption\">\u00a9 Freepik<\/figcaption><\/figure>\n\n\n\n<h5 class=\"wp-block-heading\">Groupe de travail<\/h5>\n\n\n\n<p><strong>Jeudi 23 mai 2024<\/strong><\/p>\n\n\n\n<h5 class=\"wp-block-heading\">Compte rendu du SNALC<\/h5>\n\n\n\n<p><em><strong>Pour le <\/strong><strong>Minist\u00e8re&nbsp;:<\/strong><\/em><br><em>Sylvie THIRARD, cheffe du service des personnels enseignants, adjointe au DGRH<\/em><br><em>Val\u00e9rie SAIGNE, sous-directrice de la gestion pr\u00e9visionnelle, de la formation et des affaires statutaires et r\u00e9glementaires<\/em><\/p>\n\n\n\n<p><em><strong>Pour le SNALC&nbsp;:<\/strong><\/em><br><em>Danielle ARNAUD, secr\u00e9taire nationale du SNALC charg\u00e9e des personnels contractuels<\/em><br><em>Sylvie CAZAUX, secteur national AESH<\/em><\/p>\n\n\n\n<p>TH\u00c8ME<\/p>\n\n\n\n<p><strong>Nouvelle circulaire \u00ab&nbsp;Cadre de gestion&nbsp;\u00bb des AESH&nbsp;<\/strong><\/p>\n\n\n\n<p>Bien qu\u2019initialement programm\u00e9 le lundi 6 mai, le SNALC a appr\u00e9ci\u00e9 que le groupe de travail minist\u00e9riel consacr\u00e9 au cadre de gestion des personnels AESH se soit tenu ce jeudi 23 mai. Il \u00e9tait tr\u00e8s attendu car la pr\u00e9c\u00e9dente circulaire \u00ab&nbsp;cadre de gestion&nbsp;\u00bb datait du 5 juin 2019.<\/p>\n\n\n\n<p>Le minist\u00e8re a adress\u00e9 un document pr\u00e9paratoire en amont de cette premi\u00e8re r\u00e9union. Si son contenu est riche, le SNALC n\u2019en partage pas toute la teneur et a fait bien \u00e9videmment des propositions d\u2019amendements au fil des discussions et des diff\u00e9rents points trait\u00e9s.<\/p>\n\n\n\n<p>Ce jour, les travaux ont port\u00e9 sur les deux premi\u00e8res parties de la circulaire ainsi que sur le d\u00e9but de la troisi\u00e8me. D\u2019autres r\u00e9unions sont d\u2019ores et d\u00e9j\u00e0 annonc\u00e9es d\u2019ici \u00e0 la fin de cette ann\u00e9e scolaire, l\u2019objectif \u00e9tant que ce nouveau cadre de gestion soit publi\u00e9 pour une application \u00e0 la rentr\u00e9e de septembre 2024.<\/p>\n\n\n\n<p>L\u2019ESSENTIEL<\/p>\n\n\n\n<p>La n\u00e9cessit\u00e9 de r\u00e9viser le cadre de gestion se justifie par les modifications intervenues ces derni\u00e8res ann\u00e9es, notamment la rupture conventionnelle (janvier 2019), les nouvelles modalit\u00e9s de recrutement pour pourvoir les emplois permanents de la fonction publique (<a href=\"https:\/\/www.legifrance.gouv.fr\/jorf\/id\/JORFTEXT000039654288\/#:~:text=aux%20agents%20contractuels-,D%C3%A9cret%20n%C2%B0%202019%2D1414%20du%2019%20d%C3%A9cembre%202019%20relatif,publique%20ouverts%20aux%20agents%20contractuel\">janvier 2020<\/a>), l\u2019acc\u00e8s aux indemnit\u00e9s REP et REP+ (<a href=\"https:\/\/www.legifrance.gouv.fr\/jorf\/id\/JORFTEXT000046711260\">janvier 2023<\/a>), la possibilit\u00e9 d\u2019\u00eatre CDIs\u00e9 apr\u00e8s trois ann\u00e9es de CDD (<a href=\"https:\/\/www.legifrance.gouv.fr\/jorf\/id\/JORFTEXT000047826414\">septembre 2023<\/a>), l\u2019entr\u00e9e en application d\u2019une nouvelle grille indiciaire et d\u2019une indemnit\u00e9 de fonctions (rentr\u00e9e 2023).<\/p>\n\n\n\n<p>Enfin, le <a href=\"https:\/\/www.legifrance.gouv.fr\/jorf\/id\/JORFTEXT000048011392\">d\u00e9cret 2023-845 du 30 ao\u00fbt 2023<\/a> porte l\u2019obligation pour l\u2019employeur d\u2019informer les agents publics sur les conditions d\u2019exercice de leurs fonctions.<\/p>\n\n\n\n<p><strong>Cette nouvelle circulaire est organis\u00e9e en cinq grandes parties&nbsp;:<\/strong><\/p>\n\n\n\n<ol class=\"wp-block-list\">\n<li>Renforcer l\u2019appartenance des AESH \u00e0 la communaut\u00e9 \u00e9ducative par un suivi adapt\u00e9 et une gestion coordonn\u00e9e par les services acad\u00e9miques<\/li>\n\n\n\n<li>Proc\u00e9dure de recrutement<\/li>\n\n\n\n<li>Le cadre juridique du contrat<\/li>\n\n\n\n<li>Les conditions d\u2019exercice des fonctions d\u2019AESH, \u00e9l\u00e9ment d\u00e9terminant de leur pleine int\u00e9gration dans la communaut\u00e9 \u00e9ducative<\/li>\n\n\n\n<li>Le droit \u00e0 la formation<\/li>\n<\/ol>\n\n\n\n<p><strong>La circulaire est compl\u00e9t\u00e9e par des annexes&nbsp;:<\/strong><\/p>\n\n\n\n<ul class=\"wp-block-list\">\n<li>Un mod\u00e8le de fiche de poste<\/li>\n\n\n\n<li>Un mod\u00e8le de grille d\u2019entretien<\/li>\n\n\n\n<li>Un mod\u00e8le de CDD<\/li>\n\n\n\n<li>Un mod\u00e8le de CDI<\/li>\n\n\n\n<li>La grille indiciaire des AESH<\/li>\n\n\n\n<li>Un mod\u00e8le de compte rendu pour l\u2019entretien professionnel des AESH<\/li>\n\n\n\n<li>Mod\u00e8le de certificat de travail<\/li>\n<\/ul>\n\n\n\n<p><strong>LE SNALC A INSIST\u00c9 SUR\u2026<\/strong><\/p>\n\n\n\n<p>\u2026 la n\u00e9cessit\u00e9 de produire un cadre de gestion nettement plus explicite, complet et ferme que le pr\u00e9c\u00e9dent afin d\u2019am\u00e9liorer les pratiques locales en termes de gestion administrative et financi\u00e8re des AESH dans l\u2019objectif de mettre fin aux interpr\u00e9tations d\u00e9favorables, voire fantaisistes, de certains employeurs.<\/p>\n\n\n\n<p>Pour le SNALC, ce cadre de gestion devra \u00eatre&nbsp;connu et respect\u00e9 de tous, personnels comme services administratifs locaux. A cet effet, il faudrait \u00e9galement actualiser le guide national AESH r\u00e9alis\u00e9 par le service RH du minist\u00e8re, ce dernier datant de septembre 2020. Le SNALC participerait bien \u00e9videmment, en tant qu\u2019organisation syndicale repr\u00e9sentative, \u00e0 cette mise \u00e0 jour.<\/p>\n\n\n\n<p>Si les parties 1 et 3 n\u2019ont fait l\u2019objet que de reformulations pour que le texte de la circulaire pr\u00e9c\u00e9dente soit actualis\u00e9 (par exemple&nbsp;: CDI apr\u00e8s 3 ans de CDD) et plus pr\u00e9cis, le point 2 est enti\u00e8rement nouveau en raison du changement des modalit\u00e9s de recrutement impos\u00e9es aux employeurs publics pour pourvoir des emplois dont ils ont besoin, depuis le 1<sup>er<\/sup> janvier 2020.<\/p>\n\n\n\n<p>Par ailleurs, le SNALC souhaite que des points essentiels soient int\u00e9gr\u00e9s ou\/et clarifi\u00e9s dans ce nouveau cadre de gestion&nbsp;tels que les heures connexes, les journ\u00e9es de fractionnement, le d\u00e9lai de pr\u00e9venance en cas de changement de lieu d\u2019exercice ou\/et d\u2019emploi du temps, la mobilit\u00e9, la protection sociale\u2026<\/p>\n\n\n\n<p>Enfin, les \u00ab&nbsp;APSH&nbsp;\u00bb, c\u2019est-\u00e0-dire les accompagnants des personnels en situation de handicap, doivent clairement et explicitement figurer dans cette nouvelle circulaire.<\/p>\n\n\n\n<p>L\u2019AVIS DU SNALC<\/p>\n\n\n\n<p>Le SNALC regrette que la r\u00e9daction de cette nouvelle circulaire ne soit en fait qu\u2019une mise \u00e0 jour des dispositions l\u00e9gislatives et r\u00e9glementaires applicables \u00e0 l\u2019heure actuelle aux AESH.<\/p>\n\n\n\n<p>En effet, cette circulaire ne permettra aucune avanc\u00e9e au niveau national en termes de revalorisation salariale, de formation, de conditions de travail et de reconnaissance par la cr\u00e9ation d\u2019un statut de fonctionnaire de cat\u00e9gorie B.<\/p>\n\n\n\n<p>Une circulaire n\u2019a pas vocation \u00e0 mettre un terme \u00e0 la pr\u00e9carit\u00e9 des agents publics&nbsp;!<\/p>\n\n\n\n<p>Enfin, cette circulaire sera amen\u00e9e \u00e0 \u00e9voluer apr\u00e8s sa publication en raison des derni\u00e8res mesures envisag\u00e9es par le gouvernement, \u00e0 savoir&nbsp;:<\/p>\n\n\n\n<ul class=\"wp-block-list\">\n<li>les p\u00f4les d\u2019appui \u00e0 la scolarit\u00e9 (PAS) exp\u00e9riment\u00e9s dans quatre d\u00e9partements d\u00e8s la rentr\u00e9e 2024\u00a0;<\/li>\n\n\n\n<li>le \u00ab\u00a0plan d\u2019action m\u00e9tier pour les AESH\u00a0\u00bb annonc\u00e9 \u00e0 la suite du comit\u00e9 interminist\u00e9riel du handicap (CIH)\u00a0;<\/li>\n\n\n\n<li>la mise en \u0153uvre de la subrogation pour tous les AESH \u00e0 partir de janvier 2025\u00a0;<\/li>\n\n\n\n<li>la prise en charge de l\u2019accompagnement sur le temps m\u00e9ridien des ESH.<\/li>\n<\/ul>\n\n\n\n<p><a href=\"https:\/\/oxiforms.com\/?edlcA\">Contact AESH &#8211; AED<\/a><\/p>\n\n\n\n<p><a href=\"https:\/\/snalc.fr\/contact\/\" target=\"_blank\" rel=\"noreferrer noopener\">Nous \u00e9crire<\/a><\/p>\n","protected":false},"excerpt":{"rendered":"<p>Groupe de travail Jeudi 23 mai 2024 Compte rendu du SNALC Pour le Minist\u00e8re&nbsp;:Sylvie THIRARD, cheffe du service des personnels enseignants, adjointe au DGRHVal\u00e9rie SAIGNE, sous-directrice de la gestion pr\u00e9visionnelle, [&hellip;]<\/p>\n","protected":false},"author":1,"featured_media":0,"comment_status":"closed","ping_status":"closed","sticky":false,"template":"","format":"standard","meta":{"_lmt_disableupdate":"","_lmt_disable":"","site-sidebar-layout":"default","site-content-layout":"","ast-site-content-layout":"default","site-content-style":"default","site-sidebar-style":"default","ast-global-header-display":"","ast-banner-title-visibility":"","ast-main-header-display":"","ast-hfb-above-header-display":"","ast-hfb-below-header-display":"","ast-hfb-mobile-header-display":"","site-post-title":"","ast-breadcrumbs-content":"","ast-featured-img":"","footer-sml-layout":"","ast-disable-related-posts":"","theme-transparent-header-meta":"","adv-header-id-meta":"","stick-header-meta":"","header-above-stick-meta":"","header-main-stick-meta":"","header-below-stick-meta":"","astra-migrate-meta-layouts":"set","ast-page-background-enabled":"default","ast-page-background-meta":{"desktop":{"background-color":"var(--ast-global-color-4)","background-image":"","background-repeat":"repeat","background-position":"center center","background-size":"auto","background-attachment":"scroll","background-type":"","background-media":"","overlay-type":"","overlay-color":"","overlay-opacity":"","overlay-gradient":""},"tablet":{"background-color":"","background-image":"","background-repeat":"repeat","background-position":"center center","background-size":"auto","background-attachment":"scroll","background-type":"","background-media":"","overlay-type":"","overlay-color":"","overlay-opacity":"","overlay-gradient":""},"mobile":{"background-color":"","background-image":"","background-repeat":"repeat","background-position":"center center","background-size":"auto","background-attachment":"scroll","background-type":"","background-media":"","overlay-type":"","overlay-color":"","overlay-opacity":"","overlay-gradient":""}},"ast-content-background-meta":{"desktop":{"background-color":"var(--ast-global-color-5)","background-image":"","background-repeat":"repeat","background-position":"center center","background-size":"auto","background-attachment":"scroll","background-type":"","background-media":"","overlay-type":"","overlay-color":"","overlay-opacity":"","overlay-gradient":""},"tablet":{"background-color":"var(--ast-global-color-5)","background-image":"","background-repeat":"repeat","background-position":"center center","background-size":"auto","background-attachment":"scroll","background-type":"","background-media":"","overlay-type":"","overlay-color":"","overlay-opacity":"","overlay-gradient":""},"mobile":{"background-color":"var(--ast-global-color-5)","background-image":"","background-repeat":"repeat","background-position":"center center","background-size":"auto","background-attachment":"scroll","background-type":"","background-media":"","overlay-type":"","overlay-color":"","overlay-opacity":"","overlay-gradient":""}},"footnotes":""},"categories":[38,13],"tags":[],"class_list":["post-3210","post","type-post","status-publish","format-standard","hentry","category-actualites-2023-2024","category-aesh"],"modified_by":"slecourtier","_links":{"self":[{"href":"https:\/\/snalc.org\/snalc2023\/index.php?rest_route=\/wp\/v2\/posts\/3210","targetHints":{"allow":["GET"]}}],"collection":[{"href":"https:\/\/snalc.org\/snalc2023\/index.php?rest_route=\/wp\/v2\/posts"}],"about":[{"href":"https:\/\/snalc.org\/snalc2023\/index.php?rest_route=\/wp\/v2\/types\/post"}],"author":[{"embeddable":true,"href":"https:\/\/snalc.org\/snalc2023\/index.php?rest_route=\/wp\/v2\/users\/1"}],"replies":[{"embeddable":true,"href":"https:\/\/snalc.org\/snalc2023\/index.php?rest_route=%2Fwp%2Fv2%2Fcomments&post=3210"}],"version-history":[{"count":1,"href":"https:\/\/snalc.org\/snalc2023\/index.php?rest_route=\/wp\/v2\/posts\/3210\/revisions"}],"predecessor-version":[{"id":3211,"href":"https:\/\/snalc.org\/snalc2023\/index.php?rest_route=\/wp\/v2\/posts\/3210\/revisions\/3211"}],"wp:attachment":[{"href":"https:\/\/snalc.org\/snalc2023\/index.php?rest_route=%2Fwp%2Fv2%2Fmedia&parent=3210"}],"wp:term":[{"taxonomy":"category","embeddable":true,"href":"https:\/\/snalc.org\/snalc2023\/index.php?rest_route=%2Fwp%2Fv2%2Fcategories&post=3210"},{"taxonomy":"post_tag","embeddable":true,"href":"https:\/\/snalc.org\/snalc2023\/index.php?rest_route=%2Fwp%2Fv2%2Ftags&post=3210"}],"curies":[{"name":"wp","href":"https:\/\/api.w.org\/{rel}","templated":true}]}}