{"id":3226,"date":"2024-06-01T16:44:48","date_gmt":"2024-06-01T14:44:48","guid":{"rendered":"https:\/\/snalc.org\/snalc2023\/?p=3226"},"modified":"2024-06-01T16:44:50","modified_gmt":"2024-06-01T14:44:50","slug":"benoit-delaunay-nomme-recteur-de-la-region-academique-paca-recteur-de-lacademie-daix-marseille","status":"publish","type":"post","link":"https:\/\/snalc.org\/snalc2023\/?p=3226","title":{"rendered":"Benoit Delaunay nomm\u00e9 recteur de la r\u00e9gion acad\u00e9mique PACA, recteur de l\u2019acad\u00e9mie d\u2019Aix-Marseille"},"content":{"rendered":"\n<h1 class=\"wp-block-heading\">Benoit Delaunay nomm\u00e9 recteur de la r\u00e9gion acad\u00e9mique PACA, recteur de l\u2019acad\u00e9mie d\u2019Aix-Marseille<\/h1>\n\n\n\n<p><img decoding=\"async\" src=\"https:\/\/www.ac-aix-marseille.fr\/sites\/ac_aix_marseille\/files\/styles\/banner_1340x730\/public\/2024-05\/banni-re-recteur-delaunay-jpg-34477.jpg?itok=2pWd3HL1\" alt=\"\"><\/p>\n\n\n\n<p>Benoit Delaunay a \u00e9t\u00e9 nomm\u00e9 recteur de la r\u00e9gion acad\u00e9mique Provence-Alpes-C\u00f4te d\u2019azur, recteur de l\u2019acad\u00e9mie d\u2019Aix-Marseille, chancelier des universit\u00e9s en conseil des ministres le 31 mai 2024.<\/p>\n\n\n\n<p>Benoit Delaunay a pr\u00e9c\u00e9demment exerc\u00e9 les fonctions de recteur de l\u2019acad\u00e9mie de Clermont-Ferrand et de l\u2019acad\u00e9mie de Toulouse, en qualit\u00e9 \u00e9galement de chancelier des universit\u00e9s.<\/p>\n\n\n\n<p>De 2020 \u00e0 2022, il a \u00e9t\u00e9 chef du p\u00f4le \u00c9ducation, enseignement sup\u00e9rieur, recherche, jeunesse et sports \u00e0 Matignon, conseiller du Premier ministre Jean Castex.<\/p>\n\n\n\n<p>Agr\u00e9g\u00e9 des facult\u00e9s de droit, docteur en droit public, dipl\u00f4m\u00e9 de l\u2019\u00c9cole HEC et dipl\u00f4m\u00e9 de Sciences Po Paris, Benoit Delaunay a \u00e9t\u00e9 professeur des universit\u00e9s \u00e0 l\u2019Universit\u00e9 de Poitiers, \u00e0 l\u2019Universit\u00e9 Paris Cit\u00e9 puis \u00e0 l\u2019Universit\u00e9 Paris Panth\u00e9on-Assas.<\/p>\n\n\n\n<p>Il a \u00e9t\u00e9 nomm\u00e9 conseiller d\u2019Etat en 2023.&nbsp;<\/p>\n\n\n\n<p>Commandeur des Palmes acad\u00e9miques, chevalier de l\u2019ordre national du M\u00e9rite, Benoit Delaunay est laur\u00e9at de l\u2019Institut de France.<\/p>\n\n\n\n<p>Mise \u00e0 jour : mai 2024<\/p>\n\n\n\n<p>Surces: <a href=\"https:\/\/www.ac-aix-marseille.fr\/benoit-delaunay-nomme-recteur-de-la-region-academique-paca-recteur-de-l-academie-d-aix-marseille-125315\">https:\/\/www.ac-aix-marseille.fr\/benoit-delaunay-nomme-recteur-de-la-region-academique-paca-recteur-de-l-academie-d-aix-marseille-125315<\/a><\/p>\n","protected":false},"excerpt":{"rendered":"<p>Benoit Delaunay nomm\u00e9 recteur de la r\u00e9gion acad\u00e9mique PACA, recteur de l\u2019acad\u00e9mie d\u2019Aix-Marseille Benoit Delaunay a \u00e9t\u00e9 nomm\u00e9 recteur de la r\u00e9gion acad\u00e9mique Provence-Alpes-C\u00f4te d\u2019azur, recteur de l\u2019acad\u00e9mie d\u2019Aix-Marseille, chancelier [&hellip;]<\/p>\n","protected":false},"author":1,"featured_media":0,"comment_status":"closed","ping_status":"closed","sticky":false,"template":"","format":"standard","meta":{"_lmt_disableupdate":"","_lmt_disable":"","site-sidebar-layout":"default","site-content-layout":"","ast-site-content-layout":"default","site-content-style":"default","site-sidebar-style":"default","ast-global-header-display":"","ast-banner-title-visibility":"","ast-main-header-display":"","ast-hfb-above-header-display":"","ast-hfb-below-header-display":"","ast-hfb-mobile-header-display":"","site-post-title":"","ast-breadcrumbs-content":"","ast-featured-img":"","footer-sml-layout":"","ast-disable-related-posts":"","theme-transparent-header-meta":"","adv-header-id-meta":"","stick-header-meta":"","header-above-stick-meta":"","header-main-stick-meta":"","header-below-stick-meta":"","astra-migrate-meta-layouts":"set","ast-page-background-enabled":"default","ast-page-background-meta":{"desktop":{"background-color":"var(--ast-global-color-4)","background-image":"","background-repeat":"repeat","background-position":"center center","background-size":"auto","background-attachment":"scroll","background-type":"","background-media":"","overlay-type":"","overlay-color":"","overlay-opacity":"","overlay-gradient":""},"tablet":{"background-color":"","background-image":"","background-repeat":"repeat","background-position":"center center","background-size":"auto","background-attachment":"scroll","background-type":"","background-media":"","overlay-type":"","overlay-color":"","overlay-opacity":"","overlay-gradient":""},"mobile":{"background-color":"","background-image":"","background-repeat":"repeat","background-position":"center center","background-size":"auto","background-attachment":"scroll","background-type":"","background-media":"","overlay-type":"","overlay-color":"","overlay-opacity":"","overlay-gradient":""}},"ast-content-background-meta":{"desktop":{"background-color":"var(--ast-global-color-5)","background-image":"","background-repeat":"repeat","background-position":"center center","background-size":"auto","background-attachment":"scroll","background-type":"","background-media":"","overlay-type":"","overlay-color":"","overlay-opacity":"","overlay-gradient":""},"tablet":{"background-color":"var(--ast-global-color-5)","background-image":"","background-repeat":"repeat","background-position":"center center","background-size":"auto","background-attachment":"scroll","background-type":"","background-media":"","overlay-type":"","overlay-color":"","overlay-opacity":"","overlay-gradient":""},"mobile":{"background-color":"var(--ast-global-color-5)","background-image":"","background-repeat":"repeat","background-position":"center center","background-size":"auto","background-attachment":"scroll","background-type":"","background-media":"","overlay-type":"","overlay-color":"","overlay-opacity":"","overlay-gradient":""}},"footnotes":""},"categories":[38],"tags":[],"class_list":["post-3226","post","type-post","status-publish","format-standard","hentry","category-actualites-2023-2024"],"modified_by":"slecourtier","_links":{"self":[{"href":"https:\/\/snalc.org\/snalc2023\/index.php?rest_route=\/wp\/v2\/posts\/3226","targetHints":{"allow":["GET"]}}],"collection":[{"href":"https:\/\/snalc.org\/snalc2023\/index.php?rest_route=\/wp\/v2\/posts"}],"about":[{"href":"https:\/\/snalc.org\/snalc2023\/index.php?rest_route=\/wp\/v2\/types\/post"}],"author":[{"embeddable":true,"href":"https:\/\/snalc.org\/snalc2023\/index.php?rest_route=\/wp\/v2\/users\/1"}],"replies":[{"embeddable":true,"href":"https:\/\/snalc.org\/snalc2023\/index.php?rest_route=%2Fwp%2Fv2%2Fcomments&post=3226"}],"version-history":[{"count":1,"href":"https:\/\/snalc.org\/snalc2023\/index.php?rest_route=\/wp\/v2\/posts\/3226\/revisions"}],"predecessor-version":[{"id":3227,"href":"https:\/\/snalc.org\/snalc2023\/index.php?rest_route=\/wp\/v2\/posts\/3226\/revisions\/3227"}],"wp:attachment":[{"href":"https:\/\/snalc.org\/snalc2023\/index.php?rest_route=%2Fwp%2Fv2%2Fmedia&parent=3226"}],"wp:term":[{"taxonomy":"category","embeddable":true,"href":"https:\/\/snalc.org\/snalc2023\/index.php?rest_route=%2Fwp%2Fv2%2Fcategories&post=3226"},{"taxonomy":"post_tag","embeddable":true,"href":"https:\/\/snalc.org\/snalc2023\/index.php?rest_route=%2Fwp%2Fv2%2Ftags&post=3226"}],"curies":[{"name":"wp","href":"https:\/\/api.w.org\/{rel}","templated":true}]}}