{"id":3247,"date":"2024-06-08T18:40:13","date_gmt":"2024-06-08T16:40:13","guid":{"rendered":"https:\/\/snalc.org\/snalc2023\/?p=3247"},"modified":"2024-06-08T18:40:22","modified_gmt":"2024-06-08T16:40:22","slug":"quinzaine-universitaire-n1490-ecole","status":"publish","type":"post","link":"https:\/\/snalc.org\/snalc2023\/?p=3247","title":{"rendered":"QUINZAINE UNIVERSITAIRE n\u00b01490 \u2013 \u00e9cole"},"content":{"rendered":"\n<ul class=\"wp-block-list\">\n<li><a href=\"https:\/\/snalc.fr\/category\/actualites\/\"><\/a><\/li>\n<\/ul>\n\n\n\n<figure class=\"wp-block-image\"><img decoding=\"async\" src=\"https:\/\/snalc.fr\/wp-content\/uploads\/QU1490-1D.jpg\" alt=\"\" class=\"wp-image-41595\"\/><\/figure>\n\n\n\n<p><strong>\u00c9DITO :&nbsp;<\/strong><a href=\"https:\/\/snalc.fr\/lecole-implosive\/\" target=\"_blank\" rel=\"noreferrer noopener\"><strong>L\u2019\u00c9COLE IMPLOSIVE<\/strong><\/a><\/p>\n\n\n\n<figure class=\"wp-block-image\"><img decoding=\"async\" src=\"https:\/\/snalc.fr\/wp-content\/uploads\/elementor\/thumbs\/SNALC-congres-Strasbourg-mai-2023-Photo-Philippe-Sautier-3-e1686317689865-qfu77nw4qlxwj5dktm23kiay8chujy1r6wng15ek0o.jpg\" alt=\"SNALC congres Strasbourg mai 2023 - Photo Philippe Sautier (3)\" title=\"SNALC congres Strasbourg mai 2023 \u2013 Photo Philippe Sautier (3)\"\/><\/figure>\n\n\n\n<p>J-R\u00e9mi Girard<br>Pr\u00e9sident du SNALC<\/p>\n\n\n\n<p>La question qui finit par se poser est la suivante&nbsp;: qui du syst\u00e8me ou de ses personnels s\u2019effondrera en premier&nbsp;?<\/p>\n\n\n\n<p>Les indicateurs sont clairs et disent tous la m\u00eame chose : l\u2019implosion est proche. Enqu\u00eate \u00ab bien-\u00eatre \u00bb aux r\u00e9sultats catastrophiques, hausse des incidents avec les \u00e9l\u00e8ves et avec les familles, crise des recrutements, difficult\u00e9s structurelles dans la gestion de classe, s\u00e9curisation des b\u00e2timents et des personnels non assur\u00e9e, hausse des inclusions bien sup\u00e9rieure \u00e0 celle des structures, dispositifs et moyens de cette inclusion. La crise est aujourd\u2019hui structurelle. Et de quoi se pr\u00e9occupe-t-on au minist\u00e8re ? De labelliser les manuels scolaires. De multiplier les \u00e9valuations nationales. De changer (encore) les programmes et la place du concours. L\u2019essentiel n\u2019est plus assur\u00e9 ? Vite, vite, occupons-nous de l\u2019accessoire !&nbsp; <a href=\"https:\/\/snalc.fr\/lecole-implosive\/\" target=\"_blank\" rel=\"noreferrer noopener\"><strong>[Lire la suite]<\/strong><\/a><\/p>\n\n\n\n<p><strong>ACTUALIT\u00c9S DU MOIS<\/strong><\/p>\n\n\n\n<ul class=\"wp-block-list\">\n<li><a href=\"https:\/\/snalc.fr\/une-realite-accablante-revelee-par-lenquete-du-snalc\/\">Une r\u00e9alit\u00e9 accablante r\u00e9v\u00e9l\u00e9e par l\u2019enqu\u00eate du SNALC<\/a><\/li>\n\n\n\n<li><a href=\"https:\/\/snalc.fr\/un-enseignant-sur-deux-ne-sent-pas-en-securite\/\">Un enseignant sur deux ne se sent pas en s\u00e9curit\u00e9<\/a><\/li>\n\n\n\n<li><a href=\"https:\/\/snalc.fr\/les-defaillances-materielles-une-faille-majeure-dans-les-ecoles\/\">Les d\u00e9faillances mat\u00e9rielles, une faille majeure dans les \u00e9coles<\/a><\/li>\n\n\n\n<li><a href=\"https:\/\/snalc.fr\/protocoles-et-formation-le-cri-dalerte\/\">Protocoles et formation<\/a><\/li>\n\n\n\n<li><a href=\"https:\/\/snalc.fr\/le-directeur-responsable-de-tout-tout-le-temps\/\">Le directeur, responsable de tout, tout le temps<\/a><\/li>\n<\/ul>\n\n\n\n<p><strong>SYST\u00c8ME \u00c9DUCATIF<\/strong><\/p>\n\n\n\n<ul class=\"wp-block-list\">\n<li><a href=\"https:\/\/snalc.fr\/la-repartition-des-eleves-et-le-choix-des-classes\/\">La r\u00e9partition des \u00e9l\u00e8ves et le choix des classes<\/a><\/li>\n\n\n\n<li><a href=\"https:\/\/snalc.fr\/les-atsem-statut-et-repartition\/\">Les ATSEM, statut et r\u00e9partition<\/a><\/li>\n<\/ul>\n\n\n\n<p><strong>LES PERSONNELS&nbsp;<\/strong><\/p>\n\n\n\n<ul class=\"wp-block-list\">\n<li><a href=\"https:\/\/snalc.fr\/temoignage-claire-professeur-des-ecoles-stagiaire\/\">T\u00e9moignage : Claire, professeur des \u00e9coles stagiaire<\/a><\/li>\n\n\n\n<li><a href=\"https:\/\/snalc.fr\/levaluation-des-directeurs\/\">L\u2019\u00e9valuation des directeurs<\/a><\/li>\n\n\n\n<li><a href=\"https:\/\/snalc.fr\/que-faire-apres-le-mouvement-intra\/\">Apr\u00e8s le mouvement intra-d\u00e9partemental, que faire ?<\/a><\/li>\n<\/ul>\n\n\n\n<p><strong>CONDITIONS DE TRAVAIL<\/strong><\/p>\n\n\n\n<ul class=\"wp-block-list\">\n<li><a href=\"https:\/\/snalc.fr\/le-droit-de-retrait\/\">Le droit de retrait<\/a><\/li>\n\n\n\n<li><a href=\"https:\/\/snalc.fr\/wp-content\/uploads\/QU1490-NLOP.jpg\" target=\"_blank\" rel=\"noreferrer noopener\">Ne l\u2019oubliez pas !<\/a><\/li>\n<\/ul>\n\n\n\n<p><a href=\"https:\/\/snalc.fr\/wp-content\/uploads\/QU1490-1D.pdf\">T\u00e9l\u00e9charger la revue en PDF<\/a><\/p>\n\n\n\n<figure class=\"wp-block-image\"><img decoding=\"async\" src=\"https:\/\/snalc.fr\/wp-content\/uploads\/QU1490-719x1024.jpg\" alt=\"\" class=\"wp-image-41593\"\/><\/figure>\n\n\n\n<p><em><strong>Afin d\u2019\u00eatre au plus pr\u00e8s de vos attentes <\/strong><strong>et de vous informer au mieux, la revue du SNALC a <\/strong><strong>\u00e9volu\u00e9 d\u00e8s cette rentr\u00e9e, avec d\u00e9sormais <\/strong><strong>deux num\u00e9ros mensuels au lieu d\u2019un : <\/strong><strong>l\u2019un centr\u00e9 sur le second degr\u00e9 et le sup\u00e9rieur, <\/strong><strong>et le second sur les probl\u00e9matiques <\/strong><strong>sp\u00e9cifiques de l\u2019\u00e9cole primaire.<\/strong><\/em><\/p>\n\n\n\n<p><a href=\"https:\/\/snalc.fr\/quinzaine-universitaire-n1490\">D\u00e9couvrir la revue Second degr\u00e9 &amp; Sup\u00e9rieur<\/a><\/p>\n\n\n\n<figure class=\"wp-block-embed\"><div class=\"wp-block-embed__wrapper\">\nhttps:\/\/v.calameo.com\/?bkcode=0068374584f827cd37095&#038;mode=mini\n<\/div><\/figure>\n\n\n\n<p><a href=\"https:\/\/snalc.fr\/contact\/\" target=\"_blank\" rel=\"noreferrer noopener\">Nous \u00e9crire<\/a><\/p>\n","protected":false},"excerpt":{"rendered":"<p>\u00c9DITO :&nbsp;L\u2019\u00c9COLE IMPLOSIVE J-R\u00e9mi GirardPr\u00e9sident du SNALC La question qui finit par se poser est la suivante&nbsp;: qui du syst\u00e8me ou de ses personnels s\u2019effondrera en premier&nbsp;? Les indicateurs sont [&hellip;]<\/p>\n","protected":false},"author":1,"featured_media":0,"comment_status":"closed","ping_status":"closed","sticky":false,"template":"","format":"standard","meta":{"_lmt_disableupdate":"","_lmt_disable":"","site-sidebar-layout":"default","site-content-layout":"","ast-site-content-layout":"default","site-content-style":"default","site-sidebar-style":"default","ast-global-header-display":"","ast-banner-title-visibility":"","ast-main-header-display":"","ast-hfb-above-header-display":"","ast-hfb-below-header-display":"","ast-hfb-mobile-header-display":"","site-post-title":"","ast-breadcrumbs-content":"","ast-featured-img":"","footer-sml-layout":"","ast-disable-related-posts":"","theme-transparent-header-meta":"","adv-header-id-meta":"","stick-header-meta":"","header-above-stick-meta":"","header-main-stick-meta":"","header-below-stick-meta":"","astra-migrate-meta-layouts":"set","ast-page-background-enabled":"default","ast-page-background-meta":{"desktop":{"background-color":"var(--ast-global-color-4)","background-image":"","background-repeat":"repeat","background-position":"center center","background-size":"auto","background-attachment":"scroll","background-type":"","background-media":"","overlay-type":"","overlay-color":"","overlay-opacity":"","overlay-gradient":""},"tablet":{"background-color":"","background-image":"","background-repeat":"repeat","background-position":"center center","background-size":"auto","background-attachment":"scroll","background-type":"","background-media":"","overlay-type":"","overlay-color":"","overlay-opacity":"","overlay-gradient":""},"mobile":{"background-color":"","background-image":"","background-repeat":"repeat","background-position":"center center","background-size":"auto","background-attachment":"scroll","background-type":"","background-media":"","overlay-type":"","overlay-color":"","overlay-opacity":"","overlay-gradient":""}},"ast-content-background-meta":{"desktop":{"background-color":"var(--ast-global-color-5)","background-image":"","background-repeat":"repeat","background-position":"center center","background-size":"auto","background-attachment":"scroll","background-type":"","background-media":"","overlay-type":"","overlay-color":"","overlay-opacity":"","overlay-gradient":""},"tablet":{"background-color":"var(--ast-global-color-5)","background-image":"","background-repeat":"repeat","background-position":"center center","background-size":"auto","background-attachment":"scroll","background-type":"","background-media":"","overlay-type":"","overlay-color":"","overlay-opacity":"","overlay-gradient":""},"mobile":{"background-color":"var(--ast-global-color-5)","background-image":"","background-repeat":"repeat","background-position":"center center","background-size":"auto","background-attachment":"scroll","background-type":"","background-media":"","overlay-type":"","overlay-color":"","overlay-opacity":"","overlay-gradient":""}},"footnotes":""},"categories":[38,23,37],"tags":[],"class_list":["post-3247","post","type-post","status-publish","format-standard","hentry","category-actualites-2023-2024","category-professeurs-1er-degre","category-qu"],"modified_by":"slecourtier","_links":{"self":[{"href":"https:\/\/snalc.org\/snalc2023\/index.php?rest_route=\/wp\/v2\/posts\/3247","targetHints":{"allow":["GET"]}}],"collection":[{"href":"https:\/\/snalc.org\/snalc2023\/index.php?rest_route=\/wp\/v2\/posts"}],"about":[{"href":"https:\/\/snalc.org\/snalc2023\/index.php?rest_route=\/wp\/v2\/types\/post"}],"author":[{"embeddable":true,"href":"https:\/\/snalc.org\/snalc2023\/index.php?rest_route=\/wp\/v2\/users\/1"}],"replies":[{"embeddable":true,"href":"https:\/\/snalc.org\/snalc2023\/index.php?rest_route=%2Fwp%2Fv2%2Fcomments&post=3247"}],"version-history":[{"count":1,"href":"https:\/\/snalc.org\/snalc2023\/index.php?rest_route=\/wp\/v2\/posts\/3247\/revisions"}],"predecessor-version":[{"id":3248,"href":"https:\/\/snalc.org\/snalc2023\/index.php?rest_route=\/wp\/v2\/posts\/3247\/revisions\/3248"}],"wp:attachment":[{"href":"https:\/\/snalc.org\/snalc2023\/index.php?rest_route=%2Fwp%2Fv2%2Fmedia&parent=3247"}],"wp:term":[{"taxonomy":"category","embeddable":true,"href":"https:\/\/snalc.org\/snalc2023\/index.php?rest_route=%2Fwp%2Fv2%2Fcategories&post=3247"},{"taxonomy":"post_tag","embeddable":true,"href":"https:\/\/snalc.org\/snalc2023\/index.php?rest_route=%2Fwp%2Fv2%2Ftags&post=3247"}],"curies":[{"name":"wp","href":"https:\/\/api.w.org\/{rel}","templated":true}]}}