{"id":3250,"date":"2024-06-08T18:43:43","date_gmt":"2024-06-08T16:43:43","guid":{"rendered":"https:\/\/snalc.org\/snalc2023\/?p=3250"},"modified":"2024-06-08T18:43:47","modified_gmt":"2024-06-08T16:43:47","slug":"quinzaine-universitaire-n1490","status":"publish","type":"post","link":"https:\/\/snalc.org\/snalc2023\/?p=3250","title":{"rendered":"QUINZAINE UNIVERSITAIRE n\u00b01490"},"content":{"rendered":"\n<ul class=\"wp-block-list\">\n<li><a href=\"https:\/\/snalc.fr\/category\/actualites\/\"><\/a><\/li>\n<\/ul>\n\n\n\n<figure class=\"wp-block-image\"><img decoding=\"async\" src=\"https:\/\/snalc.fr\/wp-content\/uploads\/QU1490.jpg\" alt=\"\" class=\"wp-image-41593\"\/><\/figure>\n\n\n\n<p><strong>\u00c9DITO : <\/strong><a href=\"https:\/\/snalc.fr\/le-pire-employeur-de-france\/\" target=\"_blank\" rel=\"noreferrer noopener\"><strong>LE PIRE EMPLOYEUR DE FRANCE<\/strong><\/a><\/p>\n\n\n\n<figure class=\"wp-block-image\"><img decoding=\"async\" src=\"https:\/\/snalc.fr\/wp-content\/uploads\/elementor\/thumbs\/SNALC-congres-Strasbourg-mai-2023-Photo-Philippe-Sautier-3-e1686317689865-qfu77nw4qlxwj5dktm23kiay8chujy1r6wng15ek0o.jpg\" alt=\"SNALC congres Strasbourg mai 2023 - Photo Philippe Sautier (3)\" title=\"SNALC congres Strasbourg mai 2023 \u2013 Photo Philippe Sautier (3)\"\/><\/figure>\n\n\n\n<p>Jean-R\u00e9mi Girard<br>Pr\u00e9sident du SNALC<\/p>\n\n\n\n<p>La question qui finit par se poser est la suivante&nbsp;: qui du syst\u00e8me ou de ses personnels s\u2019effondrera en premier&nbsp;?<\/p>\n\n\n\n<p>Les indicateurs sont clairs et disent tous la m\u00eame chose&nbsp;: l\u2019implosion est proche. Enqu\u00eate \u00ab&nbsp;bien-\u00eatre&nbsp;\u00bb aux r\u00e9sultats catastrophiques, hausse des incidents avec les \u00e9l\u00e8ves et avec les familles, crise sans pr\u00e9c\u00e9dent des recrutements, difficult\u00e9s dans la gestion de classes surcharg\u00e9es, hausse des inclusions bien sup\u00e9rieure \u00e0 celle des structures, dispositifs et moyens de cette inclusion. La crise est aujourd\u2019hui structurelle. Et de quoi se pr\u00e9occupe-t-on au minist\u00e8re&nbsp;? De labelliser les manuels scolaires. De multiplier les \u00e9valuations nationales. De faire de la r\u00e9formite dans les trois voies du lyc\u00e9e. D\u2019inventer des usines \u00e0 gaz sans moyens horaires ou humains au coll\u00e8ge. De changer (encore) les programmes, le socle et la place du concours. L\u2019essentiel n\u2019est plus assur\u00e9&nbsp;? Vite, vite, occupons-nous de l\u2019accessoire&nbsp;! <a href=\"https:\/\/snalc.fr\/le-pire-employeur-de-france\/\" target=\"_blank\" rel=\"noreferrer noopener\">[<strong>Lire la suite<\/strong>]<\/a><\/p>\n\n\n\n<p><strong>DOSSIER DU MOIS \u2013 <a href=\"https:\/\/snalc.fr\/climat-scolaire-un-dereglement-inevitable\/\" target=\"_blank\" rel=\"noreferrer noopener\">CLIMAT SCOLAIRE : UN D\u00c9R\u00c8GLEMENT IN\u00c9VITABLE ?<\/a><\/strong><\/p>\n\n\n\n<ul class=\"wp-block-list\">\n<li><a href=\"https:\/\/snalc.fr\/climat-scolaire-un-dereglement-inevitable\/\" target=\"_blank\" rel=\"noreferrer noopener\"><em>Climat scolaire : un d\u00e9r\u00e8glement in\u00e9vitable ?<\/em><\/a><\/li>\n\n\n\n<li><a href=\"https:\/\/snalc.fr\/climat-scolaire-un-dereglement-inevitable#concertation\" target=\"_blank\" rel=\"noreferrer noopener\"><em>Concertation sur le respect de l\u2019autorit\u00e9 \u00e0 l\u2019\u00c9cole : contribution du SNALC<\/em><\/a><\/li>\n\n\n\n<li><a href=\"https:\/\/snalc.fr\/climat-scolaire-un-dereglement-inevitable#sources\" target=\"_blank\" rel=\"noreferrer noopener\"><em>Aux sources de l\u2019autorit\u00e9<\/em><\/a><\/li>\n\n\n\n<li><a href=\"https:\/\/snalc.fr\/climat-scolaire-un-dereglement-inevitable#ia\" target=\"_blank\" rel=\"noreferrer noopener\"><em>I.A. : vers une \u00e9valuation artificielle ?<\/em><\/a><\/li>\n\n\n\n<li><a href=\"https:\/\/snalc.fr\/climat-scolaire-un-dereglement-inevitable#sivis\" target=\"_blank\" rel=\"noreferrer noopener\"><em>Enqu\u00eate SIVIS\u2026 de forme ?<\/em><\/a><\/li>\n\n\n\n<li><a href=\"https:\/\/snalc.fr\/climat-scolaire-un-dereglement-inevitable#segpa\" target=\"_blank\" rel=\"noreferrer noopener\"><em>L\u2019inclusion en SEGPA : oui, mais pas \u00e0 tout prix !<\/em><\/a><\/li>\n\n\n\n<li><a href=\"https:\/\/snalc.fr\/climat-scolaire-un-dereglement-inevitable#prof\" target=\"_blank\" rel=\"noreferrer noopener\"><em>Professeur : le m\u00e9tier dont j\u2019ai toujours r\u00eav\u00e9 ?<\/em><\/a><\/li>\n\n\n\n<li><a href=\"https:\/\/snalc.fr\/climat-scolaire-un-dereglement-inevitable#communiquer\" target=\"_blank\" rel=\"noreferrer noopener\"><em>Communiquer, un geste professionnel essentiel<\/em><\/a><\/li>\n<\/ul>\n\n\n\n<p><strong>LES PERSONNELS<\/strong><\/p>\n\n\n\n<ul class=\"wp-block-list\">\n<li><a href=\"https:\/\/snalc.fr\/inapte-pour-raison-de-sante-demandez-a-etre-reclasse\/\" target=\"_blank\" rel=\"noreferrer noopener\">Inapte pour raison de sant\u00e9 ? Demandez \u00e0 \u00eatre reclass\u00e9<\/a><\/li>\n\n\n\n<li><a href=\"https:\/\/snalc.fr\/rafp-faites-respecter-vos-droits\/\" target=\"_blank\" rel=\"noreferrer noopener\">RAFP : faites respecter vos droits !<\/a><\/li>\n\n\n\n<li><a href=\"https:\/\/snalc.fr\/aesh-cinq-eclaircies-dans-la-tempete\/\" target=\"_blank\" rel=\"noreferrer noopener\">AESH : cinq \u00e9claircies dans la temp\u00eate<\/a><\/li>\n\n\n\n<li><a href=\"https:\/\/snalc.fr\/aurait-on-oublie-les-cap\/\" target=\"_blank\" rel=\"noreferrer noopener\">Aurait-on oubli\u00e9 les CAP ?<\/a><\/li>\n\n\n\n<li><a href=\"https:\/\/snalc.fr\/info-snalc-protection-sociale-complementaire\/\" target=\"_blank\" rel=\"noreferrer noopener\">Du nouveau pour la protection sociale compl\u00e9mentaire<\/a><\/li>\n\n\n\n<li><a href=\"https:\/\/snalc.fr\/wp-content\/uploads\/QU1490-NLOP.jpg\">Ne l\u2019oubliez pas\u00a0!<\/a><\/li>\n<\/ul>\n\n\n\n<p><strong>CONDITIONS DE TRAVAIL<\/strong><\/p>\n\n\n\n<ul class=\"wp-block-list\">\n<li><a href=\"https:\/\/snalc-detom.fr\/noumea-vivre-la-crise-au-quotidien\/\" target=\"_blank\" rel=\"noreferrer noopener\">Noum\u00e9a : vivre la crise au quotidien<\/a><\/li>\n\n\n\n<li><a href=\"https:\/\/snalc.fr\/le-dossier-administratif-une-boite-de-pandore\/\" target=\"_blank\" rel=\"noreferrer noopener\">Le dossier administratif : une bo\u00eete de Pandore ?<\/a><\/li>\n\n\n\n<li><a href=\"https:\/\/snalc.fr\/profs-en-fin-de-carriere-a-bout-de-cours\/\" target=\"_blank\" rel=\"noreferrer noopener\">Profs en fin de carri\u00e8re : \u00e0 bout\u2026 de cours<\/a><\/li>\n\n\n\n<li><a href=\"https:\/\/snalc.fr\/le-snalc-vous-recommande-la-lecture-de-les-profs-ont-peur\/\" target=\"_blank\" rel=\"noreferrer noopener\">Le SNALC vous recommande la lecture de <em>\u00ab Les profs ont peur \u00bb<\/em><\/a><\/li>\n\n\n\n<li><a href=\"https:\/\/snalc.fr\/en-visite-a-paris-avec-avantages-snalc\/\" target=\"_blank\" rel=\"noreferrer noopener\">En visite \u00e0 Paris avec Avantages-SNALC<\/a><\/li>\n<\/ul>\n\n\n\n<p><strong>SYST\u00c8ME \u00c9DUCATIF<\/strong><\/p>\n\n\n\n<ul class=\"wp-block-list\">\n<li><a href=\"https:\/\/snalc.fr\/stages-de-fin-de-2de-le-fiasco-en-etablissement\/\" target=\"_blank\" rel=\"noreferrer noopener\">Stages de fin de 2de : le fiasco en \u00e9tablissement<\/a><\/li>\n\n\n\n<li><a href=\"https:\/\/snalc.fr\/une-discipline-en-grande-souffrance-les-sciences-physiques\/\" target=\"_blank\" rel=\"noreferrer noopener\">Une discipline en grande souffrance : les sciences physiques<\/a><\/li>\n\n\n\n<li><a href=\"https:\/\/snalc.fr\/bis-repetita-non-placent\/\" target=\"_blank\" rel=\"noreferrer noopener\">Bis repetita non placent\u2026<\/a><\/li>\n\n\n\n<li><a href=\"https:\/\/snalc.fr\/qui-sont-les-ennemis-du-latin-et-du-grec-ancien-en-2024\/\" target=\"_blank\" rel=\"noreferrer noopener\">Qui sont les ennemis du latin et du grec ancien en 2024 ?<\/a><\/li>\n\n\n\n<li><a href=\"https:\/\/snalc.fr\/formation-initiale-elle-est-ou-lattractivite\/\" target=\"_blank\" rel=\"noreferrer noopener\">Formation initiale : elle est o\u00f9, l\u2019attractivit\u00e9 ?<\/a><\/li>\n\n\n\n<li><a href=\"https:\/\/snalc.fr\/ulis-temoignage-et-plaidoyer-pour-linclusion-scolaire\/\" target=\"_blank\" rel=\"noreferrer noopener\"><em>Ulis<\/em> : t\u00e9moignage et plaidoyer pour l\u2019inclusion scolaire<\/a><\/li>\n\n\n\n<li><a href=\"https:\/\/snalc.fr\/parcoursup-met-les-professeurs-deps-sous-pression\/\" target=\"_blank\" rel=\"noreferrer noopener\">Parcoursup met les professeurs d\u2019EPS sous pression<\/a><\/li>\n<\/ul>\n\n\n\n<p><a href=\"https:\/\/snalc.fr\/wp-content\/uploads\/QU1490.pdf\">T\u00e9l\u00e9charger la revue en PDF<\/a><\/p>\n\n\n\n<figure class=\"wp-block-image\"><img decoding=\"async\" src=\"https:\/\/snalc.fr\/wp-content\/uploads\/QU1490-1D-725x1024.jpg\" alt=\"\" class=\"wp-image-41595\"\/><\/figure>\n\n\n\n<p><em><strong>Afin d\u2019\u00eatre au plus pr\u00e8s de vos attentes <\/strong><strong>et de vous informer au mieux, la revue du SNALC a <\/strong><strong>\u00e9volu\u00e9 d\u00e8s cette rentr\u00e9e, avec d\u00e9sormais <\/strong><strong>deux num\u00e9ros mensuels au lieu d\u2019un : <\/strong><strong>l\u2019un centr\u00e9 sur le second degr\u00e9 et le sup\u00e9rieur, <\/strong><strong>et le second sur les probl\u00e9matiques <\/strong><strong>sp\u00e9cifiques de l\u2019\u00e9cole primaire.<\/strong><\/em><\/p>\n\n\n\n<p><a href=\"https:\/\/snalc.fr\/quinzaine-universitaire-n1490-1d\/\">D\u00e9couvrir la revue Premier degr\u00e9<\/a><\/p>\n\n\n\n<figure class=\"wp-block-embed\"><div class=\"wp-block-embed__wrapper\">\nhttps:\/\/v.calameo.com\/?bkcode=00683745860fdded5ffd8&#038;mode=mini\n<\/div><\/figure>\n","protected":false},"excerpt":{"rendered":"<p>\u00c9DITO : LE PIRE EMPLOYEUR DE FRANCE Jean-R\u00e9mi GirardPr\u00e9sident du SNALC La question qui finit par se poser est la suivante&nbsp;: qui du syst\u00e8me ou de ses personnels s\u2019effondrera en [&hellip;]<\/p>\n","protected":false},"author":1,"featured_media":0,"comment_status":"closed","ping_status":"closed","sticky":false,"template":"","format":"standard","meta":{"_lmt_disableupdate":"","_lmt_disable":"","site-sidebar-layout":"default","site-content-layout":"","ast-site-content-layout":"default","site-content-style":"default","site-sidebar-style":"default","ast-global-header-display":"","ast-banner-title-visibility":"","ast-main-header-display":"","ast-hfb-above-header-display":"","ast-hfb-below-header-display":"","ast-hfb-mobile-header-display":"","site-post-title":"","ast-breadcrumbs-content":"","ast-featured-img":"","footer-sml-layout":"","ast-disable-related-posts":"","theme-transparent-header-meta":"","adv-header-id-meta":"","stick-header-meta":"","header-above-stick-meta":"","header-main-stick-meta":"","header-below-stick-meta":"","astra-migrate-meta-layouts":"set","ast-page-background-enabled":"default","ast-page-background-meta":{"desktop":{"background-color":"var(--ast-global-color-4)","background-image":"","background-repeat":"repeat","background-position":"center center","background-size":"auto","background-attachment":"scroll","background-type":"","background-media":"","overlay-type":"","overlay-color":"","overlay-opacity":"","overlay-gradient":""},"tablet":{"background-color":"","background-image":"","background-repeat":"repeat","background-position":"center center","background-size":"auto","background-attachment":"scroll","background-type":"","background-media":"","overlay-type":"","overlay-color":"","overlay-opacity":"","overlay-gradient":""},"mobile":{"background-color":"","background-image":"","background-repeat":"repeat","background-position":"center center","background-size":"auto","background-attachment":"scroll","background-type":"","background-media":"","overlay-type":"","overlay-color":"","overlay-opacity":"","overlay-gradient":""}},"ast-content-background-meta":{"desktop":{"background-color":"var(--ast-global-color-5)","background-image":"","background-repeat":"repeat","background-position":"center center","background-size":"auto","background-attachment":"scroll","background-type":"","background-media":"","overlay-type":"","overlay-color":"","overlay-opacity":"","overlay-gradient":""},"tablet":{"background-color":"var(--ast-global-color-5)","background-image":"","background-repeat":"repeat","background-position":"center center","background-size":"auto","background-attachment":"scroll","background-type":"","background-media":"","overlay-type":"","overlay-color":"","overlay-opacity":"","overlay-gradient":""},"mobile":{"background-color":"var(--ast-global-color-5)","background-image":"","background-repeat":"repeat","background-position":"center center","background-size":"auto","background-attachment":"scroll","background-type":"","background-media":"","overlay-type":"","overlay-color":"","overlay-opacity":"","overlay-gradient":""}},"footnotes":""},"categories":[38,37],"tags":[],"class_list":["post-3250","post","type-post","status-publish","format-standard","hentry","category-actualites-2023-2024","category-qu"],"modified_by":"slecourtier","_links":{"self":[{"href":"https:\/\/snalc.org\/snalc2023\/index.php?rest_route=\/wp\/v2\/posts\/3250","targetHints":{"allow":["GET"]}}],"collection":[{"href":"https:\/\/snalc.org\/snalc2023\/index.php?rest_route=\/wp\/v2\/posts"}],"about":[{"href":"https:\/\/snalc.org\/snalc2023\/index.php?rest_route=\/wp\/v2\/types\/post"}],"author":[{"embeddable":true,"href":"https:\/\/snalc.org\/snalc2023\/index.php?rest_route=\/wp\/v2\/users\/1"}],"replies":[{"embeddable":true,"href":"https:\/\/snalc.org\/snalc2023\/index.php?rest_route=%2Fwp%2Fv2%2Fcomments&post=3250"}],"version-history":[{"count":1,"href":"https:\/\/snalc.org\/snalc2023\/index.php?rest_route=\/wp\/v2\/posts\/3250\/revisions"}],"predecessor-version":[{"id":3251,"href":"https:\/\/snalc.org\/snalc2023\/index.php?rest_route=\/wp\/v2\/posts\/3250\/revisions\/3251"}],"wp:attachment":[{"href":"https:\/\/snalc.org\/snalc2023\/index.php?rest_route=%2Fwp%2Fv2%2Fmedia&parent=3250"}],"wp:term":[{"taxonomy":"category","embeddable":true,"href":"https:\/\/snalc.org\/snalc2023\/index.php?rest_route=%2Fwp%2Fv2%2Fcategories&post=3250"},{"taxonomy":"post_tag","embeddable":true,"href":"https:\/\/snalc.org\/snalc2023\/index.php?rest_route=%2Fwp%2Fv2%2Ftags&post=3250"}],"curies":[{"name":"wp","href":"https:\/\/api.w.org\/{rel}","templated":true}]}}