{"id":3257,"date":"2024-06-12T07:18:06","date_gmt":"2024-06-12T05:18:06","guid":{"rendered":"https:\/\/snalc.org\/snalc2023\/?p=3257"},"modified":"2024-06-12T07:18:08","modified_gmt":"2024-06-12T05:18:08","slug":"csa-ministeriel-du-11-juin-2024-declaration-intersyndicale","status":"publish","type":"post","link":"https:\/\/snalc.org\/snalc2023\/?p=3257","title":{"rendered":"CSA minist\u00e9riel du 11 juin 2024 : d\u00e9claration intersyndicale"},"content":{"rendered":"\n<ul class=\"wp-block-list\">\n<li><a href=\"https:\/\/snalc.fr\/category\/actualites\/\"><\/a><\/li>\n<\/ul>\n\n\n\n<figure class=\"wp-block-image\"><img decoding=\"async\" src=\"https:\/\/snalc.fr\/wp-content\/uploads\/csa_istock_piranka-1207360622.jpg\" alt=\"\" class=\"wp-image-24237\"\/><figcaption class=\"wp-element-caption\">\u00a9 istock_piranka-1207360622<\/figcaption><\/figure>\n\n\n\n<p><strong>D\u00e9claration intersyndicale CSA MEN 11 juin 2024<\/strong><\/p>\n\n\n\n<p><strong>par les organisations FSU, FO, CGT, SNALC<\/strong><\/p>\n\n\n\n<figure class=\"wp-block-image\"><img decoding=\"async\" src=\"https:\/\/snalc.fr\/wp-content\/uploads\/Decla_IS_CSAMEN_20240611-1024x289.jpg\" alt=\"\" class=\"wp-image-42013\"\/><\/figure>\n\n\n\n<p>Madame la Ministre, Mesdames, Messieurs,&nbsp;<\/p>\n\n\n\n<p>Les organisations syndicales repr\u00e9sentatives FSU, FNEC FP-FO, CGT Educ\u2019action et <strong>SNALC<\/strong> ne&nbsp;si\u00e8geront pas \u00e0 ce CSA MEN du 11 juin.<\/p>\n\n\n\n<p>Lors de celui-ci nous sommes invit\u00e9s \u00e0 \u00e9mettre un avis sur des&nbsp;textes qui vont d\u00e9grader profond\u00e9ment la formation initiale. Nous d\u00e9non\u00e7ons la m\u00e9thode employ\u00e9e, en&nbsp;d\u00e9pit de nos multiples alertes, vous avez continuer d\u2019avancer sans respecter le dialogue social. Aucun \u00e9tat&nbsp;des lieux apr\u00e8s les derni\u00e8res r\u00e9formes, aucune \u00e9tude d\u2019impact, aucun document officiel envoy\u00e9 dans de&nbsp;bonnes conditions (quand ils n\u2019ont pas \u00e9t\u00e9 d\u00e9couverts sur les r\u00e9seaux sociaux ou par l\u2019interm\u00e9diaire d\u2019autres&nbsp;acteurs du syst\u00e8me \u00e9ducatif). La multilat\u00e9rale et la bilat\u00e9rale de d\u00e9cembre n\u2019ont m\u00eame pas \u00e9t\u00e9 suivies d\u2019une&nbsp;transmission d\u2019informations stabilis\u00e9es. Guid\u00e9s avant tout par un agenda politique, vous avez pass\u00e9 outre&nbsp;ces imp\u00e9ratifs qui rel\u00e8vent pourtant des incontournables de la d\u00e9mocratie sociale.&nbsp;<\/p>\n\n\n\n<p>Les transformations propos\u00e9es sont plus qu\u2019inqui\u00e9tantes. Les premi\u00e8res mesures indispensables pour&nbsp;renforcer l\u2019attractivit\u00e9 du m\u00e9tier sont celles d\u2019une am\u00e9lioration des salaires et des conditions de travail. En&nbsp;lieu et place de ces mesures, vous proposez une r\u00e9forme o\u00f9 le laur\u00e9at du concours n\u2019aura pas le statut de&nbsp;fonctionnaire stagiaire et sera gratifi\u00e9 \u00e0 hauteur de 900 euros. Pour quel concours de la fonction publique de&nbsp;cat\u00e9gorie A oserait-on imposer cela ?&nbsp;<\/p>\n\n\n\n<p>Les laur\u00e9ats seront affect\u00e9s d\u00e8s le M1, sans statut, et devront avec 900 euros d\u00e9m\u00e9nager, vivre tout ceci,&nbsp;pour une ann\u00e9e qui ne sera pas prise en compte dans l\u2019avancement. Avec une possibilit\u00e9 de barrage en fin&nbsp;de master 1, le concours ne donnerait m\u00eame plus la garantie de pouvoir \u00eatre fonctionnaire stagiaire ! Cette&nbsp;r\u00e9forme cr\u00e9e de plus une in\u00e9galit\u00e9 devant le concours pour les PE : cr\u00e9ation de licences sp\u00e9cifiques, dites&nbsp;LPPE, qui dispensent de passer les \u00e9preuves d\u2019admissibilit\u00e9.&nbsp;<\/p>\n\n\n\n<p>L\u2019engagement de 4 ans demand\u00e9 aux laur\u00e9ats sous peine de devoir rembourser est incons\u00e9quent au regard&nbsp;du statut de l\u2019ann\u00e9e de formation.&nbsp;<\/p>\n\n\n\n<p>De plus, \u00e0 ce jour, \u00e0 moins de 3 mois de la rentr\u00e9e scolaire et en l\u2019\u00e9tat actuel, de nombreuses questions sont&nbsp;rest\u00e9es sans r\u00e9ponse, notamment celle de la poursuite d\u2019\u00e9tudes pour les re\u00e7us coll\u00e9s. De nombreux sujets&nbsp;n\u2019ont pas encore \u00e9t\u00e9 abord\u00e9s : contenu de la formation initiale, titularisation, r\u00e9orientation possible\u2026 Les&nbsp;formateurs et formatrices ne savent pas quel sera leur avenir et ce qu\u2019ils et elles devront enseigner d\u00e8s la&nbsp;rentr\u00e9e 2024. Les \u00e9tudiants ne connaissent ni les attendus de la formation, ni les maquettes de concours.&nbsp;<\/p>\n\n\n\n<p>Les projets de maquettes des concours, les contenus envisag\u00e9s montrent le m\u00e9pris pour nos m\u00e9tiers ainsi que&nbsp;le peu de reconnaissance et de consid\u00e9ration pour la qualification des personnels enseignants et CPE.&nbsp;Quant aux sujets z\u00e9ro du CRPE qui ont, l\u00e0 encore, fuit\u00e9 sur les r\u00e9seaux sociaux, ils rel\u00e8vent d\u2019une profonde&nbsp;d\u00e9consid\u00e9ration pour les professeurs des \u00e9coles. Pour toutes ces raisons, il est incons\u00e9quent pour l\u2019avenir de&nbsp;nos m\u00e9tiers et pour l\u2019avenir de la jeunesse de laisser les textes en l\u2019\u00e9tat.&nbsp;<\/p>\n\n\n\n<p>La crise d\u2019attractivit\u00e9 s\u2019enracine dans la dur\u00e9e et le gouvernement fait le choix de l\u2019aggraver avec une&nbsp;r\u00e9forme pr\u00e9cipit\u00e9e. Le texte statutaire transmis aux organisations syndicales rel\u00e8ve d\u2019un m\u00e9pris et d\u2019une&nbsp;provocation envers les futurs enseignants, jamais \u00e9gal\u00e9 concernant la r\u00e9mun\u00e9ration, la formation et&nbsp;l\u2019affectation, et laisse des vides statutaires tr\u00e8s importants.&nbsp;<\/p>\n\n\n\n<p>Les organisations FSU, FNEC FP FO, CGT Educ\u2019action, <strong>SNALC<\/strong> demandent d\u2019urgence au minist\u00e8re de&nbsp;suspendre cette r\u00e9forme, de prendre le temps d\u2019une vraie concertation et d\u2019envisager une r\u00e9forme qui&nbsp;relancera r\u00e9ellement l\u2019attractivit\u00e9 du m\u00e9tier.&nbsp;<\/p>\n\n\n\n<p><a href=\"https:\/\/snalc.fr\/wp-content\/uploads\/Decla_IS_CSAMEN_20240611.pdf\">T\u00e9l\u00e9charger la d\u00e9claration du SNALC<\/a><\/p>\n","protected":false},"excerpt":{"rendered":"<p>D\u00e9claration intersyndicale CSA MEN 11 juin 2024 par les organisations FSU, FO, CGT, SNALC Madame la Ministre, Mesdames, Messieurs,&nbsp; Les organisations syndicales repr\u00e9sentatives FSU, FNEC FP-FO, CGT Educ\u2019action et SNALC [&hellip;]<\/p>\n","protected":false},"author":1,"featured_media":0,"comment_status":"closed","ping_status":"closed","sticky":false,"template":"","format":"standard","meta":{"_lmt_disableupdate":"","_lmt_disable":"","site-sidebar-layout":"default","site-content-layout":"","ast-site-content-layout":"default","site-content-style":"default","site-sidebar-style":"default","ast-global-header-display":"","ast-banner-title-visibility":"","ast-main-header-display":"","ast-hfb-above-header-display":"","ast-hfb-below-header-display":"","ast-hfb-mobile-header-display":"","site-post-title":"","ast-breadcrumbs-content":"","ast-featured-img":"","footer-sml-layout":"","ast-disable-related-posts":"","theme-transparent-header-meta":"","adv-header-id-meta":"","stick-header-meta":"","header-above-stick-meta":"","header-main-stick-meta":"","header-below-stick-meta":"","astra-migrate-meta-layouts":"set","ast-page-background-enabled":"default","ast-page-background-meta":{"desktop":{"background-color":"var(--ast-global-color-4)","background-image":"","background-repeat":"repeat","background-position":"center center","background-size":"auto","background-attachment":"scroll","background-type":"","background-media":"","overlay-type":"","overlay-color":"","overlay-opacity":"","overlay-gradient":""},"tablet":{"background-color":"","background-image":"","background-repeat":"repeat","background-position":"center center","background-size":"auto","background-attachment":"scroll","background-type":"","background-media":"","overlay-type":"","overlay-color":"","overlay-opacity":"","overlay-gradient":""},"mobile":{"background-color":"","background-image":"","background-repeat":"repeat","background-position":"center center","background-size":"auto","background-attachment":"scroll","background-type":"","background-media":"","overlay-type":"","overlay-color":"","overlay-opacity":"","overlay-gradient":""}},"ast-content-background-meta":{"desktop":{"background-color":"var(--ast-global-color-5)","background-image":"","background-repeat":"repeat","background-position":"center center","background-size":"auto","background-attachment":"scroll","background-type":"","background-media":"","overlay-type":"","overlay-color":"","overlay-opacity":"","overlay-gradient":""},"tablet":{"background-color":"var(--ast-global-color-5)","background-image":"","background-repeat":"repeat","background-position":"center center","background-size":"auto","background-attachment":"scroll","background-type":"","background-media":"","overlay-type":"","overlay-color":"","overlay-opacity":"","overlay-gradient":""},"mobile":{"background-color":"var(--ast-global-color-5)","background-image":"","background-repeat":"repeat","background-position":"center center","background-size":"auto","background-attachment":"scroll","background-type":"","background-media":"","overlay-type":"","overlay-color":"","overlay-opacity":"","overlay-gradient":""}},"footnotes":""},"categories":[38],"tags":[],"class_list":["post-3257","post","type-post","status-publish","format-standard","hentry","category-actualites-2023-2024"],"modified_by":"slecourtier","_links":{"self":[{"href":"https:\/\/snalc.org\/snalc2023\/index.php?rest_route=\/wp\/v2\/posts\/3257","targetHints":{"allow":["GET"]}}],"collection":[{"href":"https:\/\/snalc.org\/snalc2023\/index.php?rest_route=\/wp\/v2\/posts"}],"about":[{"href":"https:\/\/snalc.org\/snalc2023\/index.php?rest_route=\/wp\/v2\/types\/post"}],"author":[{"embeddable":true,"href":"https:\/\/snalc.org\/snalc2023\/index.php?rest_route=\/wp\/v2\/users\/1"}],"replies":[{"embeddable":true,"href":"https:\/\/snalc.org\/snalc2023\/index.php?rest_route=%2Fwp%2Fv2%2Fcomments&post=3257"}],"version-history":[{"count":1,"href":"https:\/\/snalc.org\/snalc2023\/index.php?rest_route=\/wp\/v2\/posts\/3257\/revisions"}],"predecessor-version":[{"id":3258,"href":"https:\/\/snalc.org\/snalc2023\/index.php?rest_route=\/wp\/v2\/posts\/3257\/revisions\/3258"}],"wp:attachment":[{"href":"https:\/\/snalc.org\/snalc2023\/index.php?rest_route=%2Fwp%2Fv2%2Fmedia&parent=3257"}],"wp:term":[{"taxonomy":"category","embeddable":true,"href":"https:\/\/snalc.org\/snalc2023\/index.php?rest_route=%2Fwp%2Fv2%2Fcategories&post=3257"},{"taxonomy":"post_tag","embeddable":true,"href":"https:\/\/snalc.org\/snalc2023\/index.php?rest_route=%2Fwp%2Fv2%2Ftags&post=3257"}],"curies":[{"name":"wp","href":"https:\/\/api.w.org\/{rel}","templated":true}]}}