{"id":3288,"date":"2024-06-14T19:03:43","date_gmt":"2024-06-14T17:03:43","guid":{"rendered":"https:\/\/snalc.org\/snalc2023\/?p=3288"},"modified":"2024-06-14T19:03:45","modified_gmt":"2024-06-14T17:03:45","slug":"formations-dinitiative-nationale-pour-une-ecole-inclusive-inscriptions-maintenant","status":"publish","type":"post","link":"https:\/\/snalc.org\/snalc2023\/?p=3288","title":{"rendered":"Formations d\u2019initiative nationale pour une \u00e9cole inclusive : inscriptions maintenant !"},"content":{"rendered":"\n<figure class=\"wp-block-image\"><img decoding=\"async\" src=\"https:\/\/snalc.fr\/wp-content\/uploads\/formation_freepik.com_OeilEm.jpg\" alt=\"\" class=\"wp-image-42138\"\/><figcaption class=\"wp-element-caption\">\u00a9 freepik.com_OeilEm<\/figcaption><\/figure>\n\n\n\n<p><strong>Formations d\u2019initiative nationale pour une \u00e9cole inclusive<\/strong><\/p>\n\n\n\n<h3 class=\"wp-block-heading\">Les inscriptions, c\u2019est maintenant&nbsp;!<\/h3>\n\n\n\n<p>Le minist\u00e8re de l\u2019\u00c9ducation nationale propose chaque ann\u00e9e des formations concernant le champ du handicap, particuli\u00e8rement riches et compl\u00e8tes. Elles concernent les AESH aussi bien que les enseignants. Il est important de conna\u00eetre ce dispositif qui n\u2019est pas mis en avant par l\u2019administration pour pouvoir postuler en temps et en heure.<\/p>\n\n\n\n<p>Cette ann\u00e9e, la&nbsp;<a href=\"https:\/\/www.education.gouv.fr\/bo\/2024\/Hebdo24\/MENE2413697C\">circulaire&nbsp;<\/a>concernant les formations d\u2019initiative nationale pour une \u00e9cole inclusive&nbsp;a \u00e9t\u00e9 publi\u00e9e au bulletin officiel du 13 juin 2023.<\/p>\n\n\n\n<p>Auparavant d\u00e9di\u00e9es uniquement au champ du handicap, ces formations traitent d\u00e9sormais \u00e9galement de la prise en compte des besoins particuliers des \u00e9l\u00e8ves. <strong>Ce parti pris confirme \u2013 s\u2019il en \u00e9tait encore besoin \u2013 les inqui\u00e9tudes du SNALC quant \u00e0 la modification de la prise en charge du handicap au sein de l\u2019Education nationale<\/strong>, notamment avec la mise en place exp\u00e9rimentale des P\u00f4les d\u2019Appui \u00e0 la Scolarit\u00e9 (PAS) qui permettront :<\/p>\n\n\n\n<ul class=\"wp-block-list\">\n<li>un transfert partiel des comp\u00e9tences de la MDPH vers l\u2019Education nationale ;<\/li>\n\n\n\n<li>l\u2019accompagnement des \u00e9l\u00e8ves en situation de handicap ET des autres \u00e9l\u00e8ves \u00e0 besoins \u00e9ducatifs particuliers;<\/li>\n\n\n\n<li>de privil\u00e9gier l\u2019accessibilit\u00e9 (mat\u00e9rielle, num\u00e9rique\u2026) au d\u00e9triment de la compensation par l\u2019accompagnement humain.<\/li>\n<\/ul>\n\n\n\n<p>Ces formations sont organis\u00e9es \u00e0 l\u2019intention des AESH mais aussi des enseignants sp\u00e9cialis\u00e9s, des enseignants non sp\u00e9cialis\u00e9s et des autres personnels.<\/p>\n\n\n\n<p>Il s\u2019agit de stages qui durent en g\u00e9n\u00e9ral une semaine. <a href=\"https:\/\/www.education.gouv.fr\/sites\/default\/files\/perso697_annexe1.pdf\">Les th\u00e8mes propos\u00e9s<\/a> sont assez vari\u00e9s.<\/p>\n\n\n\n<p>Ainsi, pour 2024-2025, les AESH pourront postuler, entre autres, pour&nbsp;:<\/p>\n\n\n\n<ul class=\"wp-block-list\">\n<li>Exercer en tenant compte des besoins li\u00e9s aux troubles du spectre de l\u2019autisme<\/li>\n\n\n\n<li>Coop\u00e9ration enseignants\/AESH : enjeux de l\u2019accompagnement humain et compl\u00e9mentarit\u00e9 des pratiques professionnelles Exercer en tenant compte des besoins li\u00e9s aux troubles des fonctions cognitives<\/li>\n\n\n\n<li>Le livret de parcours inclusif : un outil au service de la diff\u00e9renciation p\u00e9dagogique<\/li>\n\n\n\n<li>Langue des signes fran\u00e7aise<\/li>\n\n\n\n<li>Le m\u00e9tier d\u2019AESH : gestes professionnels, coop\u00e9ration au profit du parcours des \u00e9l\u00e8ves en situation de handicap \u2026<\/li>\n<\/ul>\n\n\n\n<p>Ces formations se tiennent sur tout le territoire et sur le temps de travail. Certaines sont \u00e9galement propos\u00e9es en distanciel ou en parcours hybride (pr\u00e9sentiel et distanciel).<\/p>\n\n\n\n<p>Il est possible de postuler sur une formation qui ne se tient pas dans son d\u00e9partement. Si la candidature de l\u2019AESH est retenue, une convocation lui sera envoy\u00e9e&nbsp;; elle ouvrira normalement droit \u00e0 des frais d\u2019h\u00e9bergement et de transport (\u00e0 v\u00e9rifier sur la convocation). Il faut \u00e9galement garder \u00e0 l\u2019esprit que ces frais devront \u00eatre avanc\u00e9s, les remboursements n\u2019intervenant souvent qu\u2019avec plusieurs mois de retard.<\/p>\n\n\n\n<p>Ce sont les recteurs d\u2019acad\u00e9mie et les IA-DASEN qui sont charg\u00e9s de d\u00e9signer les candidats retenus pour suivre les formations.<\/p>\n\n\n\n<p>Pour cette ann\u00e9e, les AESH doivent d\u00e9poser leur candidature tr\u00e8s rapidement, le nom des candidats devant \u00eatre renvoy\u00e9s par l\u2019employeur \u00e0 l\u2019administration centrale pour le 5 juillet. G\u00e9n\u00e9ralement, il est possible de trouver les formulaires ad\u00e9quats en saisissant dans votre moteur de recherche \u00ab&nbsp;formation MIN inclusion acad\u00e9mie (+ nom de votre acad\u00e9mie)&nbsp;\u00bb ou sur le site de la DSDEN. Il ne faut pas h\u00e9siter non plus \u00e0 interroger sa hi\u00e9rarchie sur les modalit\u00e9s d\u2019inscription.<\/p>\n\n\n\n<p>Enfin, si ces formations sont tr\u00e8s riches, le SNALC regrette que l\u2019offre faite en particulier aux AESH soit de seulement 65 stages sur les 110 formations propos\u00e9es en tout&nbsp;!<\/p>\n\n\n\n<p><strong>Par ailleurs, au SNALC nous pensons que si les AESH \u00e9taient mieux inform\u00e9s par leur employeur de l\u2019existence de ce dispositif, et que les d\u00e9lais d\u2019inscription \u00e9taient plus longs, ils seraient bien plus nombreux \u00e0 postuler et \u00e0 pouvoir en profiter. N\u2019h\u00e9sitez donc pas \u00e0 faire votre demande de participation aux stages MIN-ASH et \u00e0 en parler \u00e0 vos coll\u00e8gues.<\/strong><\/p>\n\n\n\n<p><a href=\"https:\/\/oxiforms.com\/?edlcA\">Contact AESH &#8211; AED<\/a><\/p>\n","protected":false},"excerpt":{"rendered":"<p>Formations d\u2019initiative nationale pour une \u00e9cole inclusive Les inscriptions, c\u2019est maintenant&nbsp;! Le minist\u00e8re de l\u2019\u00c9ducation nationale propose chaque ann\u00e9e des formations concernant le champ du handicap, particuli\u00e8rement riches et compl\u00e8tes. [&hellip;]<\/p>\n","protected":false},"author":1,"featured_media":0,"comment_status":"closed","ping_status":"closed","sticky":false,"template":"","format":"standard","meta":{"_lmt_disableupdate":"","_lmt_disable":"","site-sidebar-layout":"default","site-content-layout":"","ast-site-content-layout":"default","site-content-style":"default","site-sidebar-style":"default","ast-global-header-display":"","ast-banner-title-visibility":"","ast-main-header-display":"","ast-hfb-above-header-display":"","ast-hfb-below-header-display":"","ast-hfb-mobile-header-display":"","site-post-title":"","ast-breadcrumbs-content":"","ast-featured-img":"","footer-sml-layout":"","ast-disable-related-posts":"","theme-transparent-header-meta":"","adv-header-id-meta":"","stick-header-meta":"","header-above-stick-meta":"","header-main-stick-meta":"","header-below-stick-meta":"","astra-migrate-meta-layouts":"set","ast-page-background-enabled":"default","ast-page-background-meta":{"desktop":{"background-color":"var(--ast-global-color-4)","background-image":"","background-repeat":"repeat","background-position":"center center","background-size":"auto","background-attachment":"scroll","background-type":"","background-media":"","overlay-type":"","overlay-color":"","overlay-opacity":"","overlay-gradient":""},"tablet":{"background-color":"","background-image":"","background-repeat":"repeat","background-position":"center center","background-size":"auto","background-attachment":"scroll","background-type":"","background-media":"","overlay-type":"","overlay-color":"","overlay-opacity":"","overlay-gradient":""},"mobile":{"background-color":"","background-image":"","background-repeat":"repeat","background-position":"center center","background-size":"auto","background-attachment":"scroll","background-type":"","background-media":"","overlay-type":"","overlay-color":"","overlay-opacity":"","overlay-gradient":""}},"ast-content-background-meta":{"desktop":{"background-color":"var(--ast-global-color-5)","background-image":"","background-repeat":"repeat","background-position":"center center","background-size":"auto","background-attachment":"scroll","background-type":"","background-media":"","overlay-type":"","overlay-color":"","overlay-opacity":"","overlay-gradient":""},"tablet":{"background-color":"var(--ast-global-color-5)","background-image":"","background-repeat":"repeat","background-position":"center center","background-size":"auto","background-attachment":"scroll","background-type":"","background-media":"","overlay-type":"","overlay-color":"","overlay-opacity":"","overlay-gradient":""},"mobile":{"background-color":"var(--ast-global-color-5)","background-image":"","background-repeat":"repeat","background-position":"center center","background-size":"auto","background-attachment":"scroll","background-type":"","background-media":"","overlay-type":"","overlay-color":"","overlay-opacity":"","overlay-gradient":""}},"footnotes":""},"categories":[38],"tags":[],"class_list":["post-3288","post","type-post","status-publish","format-standard","hentry","category-actualites-2023-2024"],"modified_by":"slecourtier","_links":{"self":[{"href":"https:\/\/snalc.org\/snalc2023\/index.php?rest_route=\/wp\/v2\/posts\/3288","targetHints":{"allow":["GET"]}}],"collection":[{"href":"https:\/\/snalc.org\/snalc2023\/index.php?rest_route=\/wp\/v2\/posts"}],"about":[{"href":"https:\/\/snalc.org\/snalc2023\/index.php?rest_route=\/wp\/v2\/types\/post"}],"author":[{"embeddable":true,"href":"https:\/\/snalc.org\/snalc2023\/index.php?rest_route=\/wp\/v2\/users\/1"}],"replies":[{"embeddable":true,"href":"https:\/\/snalc.org\/snalc2023\/index.php?rest_route=%2Fwp%2Fv2%2Fcomments&post=3288"}],"version-history":[{"count":1,"href":"https:\/\/snalc.org\/snalc2023\/index.php?rest_route=\/wp\/v2\/posts\/3288\/revisions"}],"predecessor-version":[{"id":3289,"href":"https:\/\/snalc.org\/snalc2023\/index.php?rest_route=\/wp\/v2\/posts\/3288\/revisions\/3289"}],"wp:attachment":[{"href":"https:\/\/snalc.org\/snalc2023\/index.php?rest_route=%2Fwp%2Fv2%2Fmedia&parent=3288"}],"wp:term":[{"taxonomy":"category","embeddable":true,"href":"https:\/\/snalc.org\/snalc2023\/index.php?rest_route=%2Fwp%2Fv2%2Fcategories&post=3288"},{"taxonomy":"post_tag","embeddable":true,"href":"https:\/\/snalc.org\/snalc2023\/index.php?rest_route=%2Fwp%2Fv2%2Ftags&post=3288"}],"curies":[{"name":"wp","href":"https:\/\/api.w.org\/{rel}","templated":true}]}}