{"id":3314,"date":"2024-06-26T19:40:12","date_gmt":"2024-06-26T17:40:12","guid":{"rendered":"https:\/\/snalc.org\/snalc2023\/?p=3314"},"modified":"2024-06-26T19:40:15","modified_gmt":"2024-06-26T17:40:15","slug":"dl-capa-26-juin-2024","status":"publish","type":"post","link":"https:\/\/snalc.org\/snalc2023\/?p=3314","title":{"rendered":"DL CAPA 26 juin 2024"},"content":{"rendered":"\n<figure class=\"wp-block-image size-full is-resized\"><img fetchpriority=\"high\" decoding=\"async\" width=\"750\" height=\"250\" src=\"https:\/\/snalc.org\/snalc2023\/wp-content\/uploads\/2023\/08\/cropped-logo-aix-marseille-nv-2023.jpg\" alt=\"\" class=\"wp-image-1867\" style=\"width:385px;height:auto\" srcset=\"https:\/\/snalc.org\/snalc2023\/wp-content\/uploads\/2023\/08\/cropped-logo-aix-marseille-nv-2023.jpg 750w, https:\/\/snalc.org\/snalc2023\/wp-content\/uploads\/2023\/08\/cropped-logo-aix-marseille-nv-2023-300x100.jpg 300w, https:\/\/snalc.org\/snalc2023\/wp-content\/uploads\/2023\/08\/cropped-logo-aix-marseille-nv-2023-345x115.jpg 345w\" sizes=\"(max-width: 750px) 100vw, 750px\" \/><\/figure>\n\n\n\n<p>La commission paritaire r\u00e9unie ce jour doit examiner la titularisation des professeurs agr\u00e9g\u00e9s.<\/p>\n\n\n\n<p>Alors que la profession d\u2019enseignant se d\u00e9grade et souffre d\u2019un manque de reconnaissance qui se traduit par une diminution sans pr\u00e9c\u00e9dant des inscriptions au CAPES et que de nombreuses disciplines ne parviennent pas \u00e0 pourvoir tous les postes offerts, l\u2019agr\u00e9gation fait le plein, tant \u00e0 l\u2019externe qu\u2019\u00e0 l\u2019interne.<\/p>\n\n\n\n<p>Ce concours exigeant, garant d\u2019une grande expertise et qui offre des opportunit\u00e9s d\u2019\u00e9volutions de carri\u00e8res \u00e0 ses laur\u00e9ats est attaqu\u00e9.<\/p>\n\n\n\n<p>Le SNALC s&rsquo;oppose \u00e0 la modification du statut des agr\u00e9g\u00e9s pr\u00e9sent\u00e9e au comit\u00e9 minist\u00e9riel du 7 mai 2024. Nous&nbsp; estimons qu&rsquo;il n&rsquo;y a aucune urgence ni besoin de d\u00e9concentrer la carri\u00e8re des professeurs agr\u00e9g\u00e9s, et que la gestion nationale a de nombreuses vertus, notamment dans l&rsquo;\u00e9quilibre entre les disciplines.<\/p>\n\n\n\n<p>De plus, le SNALC regrette le d\u00e9classement des professeurs agr\u00e9g\u00e9s par rapport aux corps \u00e9quivalents des autres minist\u00e8res et au sein du minist\u00e8re de l&rsquo;\u00c9ducation nationale lui-m\u00eame. Le syndicat craint que la disparition des instances paritaires pour les agr\u00e9g\u00e9s annonce la remise en cause \u00e0 terme du caract\u00e8re national de la gestion de ce corps et la disparition de sa singularit\u00e9.<\/p>\n\n\n\n<p>Le SNALC d\u00e9fend les agr\u00e9g\u00e9s, leur concours exigeant, leur expertise, et r\u00e9clame une augmentation substantielle de leur traitement ainsi qu\u2019un renforcement de leur r\u00f4le dans l&rsquo;enseignement sup\u00e9rieur.<\/p>\n\n\n\n<p>Alors que nous nous approchons des \u00e9lections l\u00e9gislatives, je tiens \u00e0 souligner la dimension apolitique du SNALC, le Syndicat National des Lyc\u00e9es et Coll\u00e8ges. Nos actions et d\u00e9cisions sont guid\u00e9es exclusivement par notre engagement envers les int\u00e9r\u00eats professionnels et moraux de nos adh\u00e9rents, sans aucune affiliation politique.<\/p>\n\n\n\n<p>Notre combat pour la d\u00e9fense des professionnels de l&rsquo;\u00e9ducation, de la maternelle au sup\u00e9rieur, repose sur nos valeurs fondamentales telles que l&rsquo;\u00e9quit\u00e9, la justice, la transparence et le respect des droits acquis. Notre action n&rsquo;est motiv\u00e9e par aucune id\u00e9ologie politique, mais plut\u00f4t par notre d\u00e9sir de garantir les meilleures conditions de travail et de vie possible pour tous les personnels de l&rsquo;Education Nationale.<\/p>\n\n\n\n<p>Les alliances temporaires form\u00e9es avec d&rsquo;autres organisations syndicales dans le cadre de mobilisations communes ne signifient en rien une convergence politique ou une quelconque forme de compromission. Elles traduisent uniquement notre capacit\u00e9 \u00e0 transcender les clivages politiques ou syndicaux pour servir la cause commune des personnels de l\u2019Education Nationale.<\/p>\n\n\n\n<p>Le SNALC continuera \u00e0 porter haut et fort les revendications de ses adh\u00e9rents, sans jamais se d\u00e9partir de son caract\u00e8re apolitique. Nous sommes convaincus que seul un tel engagement inconditionnel au service de nos professions permettra de construire un avenir durable et \u00e9quitable pour tous les personnels de l&rsquo;Education Nationale.<\/p>\n","protected":false},"excerpt":{"rendered":"<p>La commission paritaire r\u00e9unie ce jour doit examiner la titularisation des professeurs agr\u00e9g\u00e9s. Alors que la profession d\u2019enseignant se d\u00e9grade et souffre d\u2019un manque de reconnaissance qui se traduit par [&hellip;]<\/p>\n","protected":false},"author":1,"featured_media":0,"comment_status":"closed","ping_status":"closed","sticky":false,"template":"","format":"standard","meta":{"_lmt_disableupdate":"no","_lmt_disable":"","site-sidebar-layout":"default","site-content-layout":"","ast-site-content-layout":"default","site-content-style":"default","site-sidebar-style":"default","ast-global-header-display":"","ast-banner-title-visibility":"","ast-main-header-display":"","ast-hfb-above-header-display":"","ast-hfb-below-header-display":"","ast-hfb-mobile-header-display":"","site-post-title":"","ast-breadcrumbs-content":"","ast-featured-img":"","footer-sml-layout":"","ast-disable-related-posts":"","theme-transparent-header-meta":"","adv-header-id-meta":"","stick-header-meta":"","header-above-stick-meta":"","header-main-stick-meta":"","header-below-stick-meta":"","astra-migrate-meta-layouts":"set","ast-page-background-enabled":"default","ast-page-background-meta":{"desktop":{"background-color":"var(--ast-global-color-4)","background-image":"","background-repeat":"repeat","background-position":"center center","background-size":"auto","background-attachment":"scroll","background-type":"","background-media":"","overlay-type":"","overlay-color":"","overlay-opacity":"","overlay-gradient":""},"tablet":{"background-color":"","background-image":"","background-repeat":"repeat","background-position":"center center","background-size":"auto","background-attachment":"scroll","background-type":"","background-media":"","overlay-type":"","overlay-color":"","overlay-opacity":"","overlay-gradient":""},"mobile":{"background-color":"","background-image":"","background-repeat":"repeat","background-position":"center center","background-size":"auto","background-attachment":"scroll","background-type":"","background-media":"","overlay-type":"","overlay-color":"","overlay-opacity":"","overlay-gradient":""}},"ast-content-background-meta":{"desktop":{"background-color":"var(--ast-global-color-5)","background-image":"","background-repeat":"repeat","background-position":"center center","background-size":"auto","background-attachment":"scroll","background-type":"","background-media":"","overlay-type":"","overlay-color":"","overlay-opacity":"","overlay-gradient":""},"tablet":{"background-color":"var(--ast-global-color-5)","background-image":"","background-repeat":"repeat","background-position":"center center","background-size":"auto","background-attachment":"scroll","background-type":"","background-media":"","overlay-type":"","overlay-color":"","overlay-opacity":"","overlay-gradient":""},"mobile":{"background-color":"var(--ast-global-color-5)","background-image":"","background-repeat":"repeat","background-position":"center center","background-size":"auto","background-attachment":"scroll","background-type":"","background-media":"","overlay-type":"","overlay-color":"","overlay-opacity":"","overlay-gradient":""}},"footnotes":""},"categories":[38,24],"tags":[],"class_list":["post-3314","post","type-post","status-publish","format-standard","hentry","category-actualites-2023-2024","category-parcours-carriere"],"modified_by":"slecourtier","_links":{"self":[{"href":"https:\/\/snalc.org\/snalc2023\/index.php?rest_route=\/wp\/v2\/posts\/3314","targetHints":{"allow":["GET"]}}],"collection":[{"href":"https:\/\/snalc.org\/snalc2023\/index.php?rest_route=\/wp\/v2\/posts"}],"about":[{"href":"https:\/\/snalc.org\/snalc2023\/index.php?rest_route=\/wp\/v2\/types\/post"}],"author":[{"embeddable":true,"href":"https:\/\/snalc.org\/snalc2023\/index.php?rest_route=\/wp\/v2\/users\/1"}],"replies":[{"embeddable":true,"href":"https:\/\/snalc.org\/snalc2023\/index.php?rest_route=%2Fwp%2Fv2%2Fcomments&post=3314"}],"version-history":[{"count":2,"href":"https:\/\/snalc.org\/snalc2023\/index.php?rest_route=\/wp\/v2\/posts\/3314\/revisions"}],"predecessor-version":[{"id":3316,"href":"https:\/\/snalc.org\/snalc2023\/index.php?rest_route=\/wp\/v2\/posts\/3314\/revisions\/3316"}],"wp:attachment":[{"href":"https:\/\/snalc.org\/snalc2023\/index.php?rest_route=%2Fwp%2Fv2%2Fmedia&parent=3314"}],"wp:term":[{"taxonomy":"category","embeddable":true,"href":"https:\/\/snalc.org\/snalc2023\/index.php?rest_route=%2Fwp%2Fv2%2Fcategories&post=3314"},{"taxonomy":"post_tag","embeddable":true,"href":"https:\/\/snalc.org\/snalc2023\/index.php?rest_route=%2Fwp%2Fv2%2Ftags&post=3314"}],"curies":[{"name":"wp","href":"https:\/\/api.w.org\/{rel}","templated":true}]}}