{"id":3365,"date":"2024-07-02T20:50:09","date_gmt":"2024-07-02T18:50:09","guid":{"rendered":"https:\/\/snalc.org\/snalc2023\/?p=3365"},"modified":"2024-07-02T20:50:13","modified_gmt":"2024-07-02T18:50:13","slug":"lettre-dinformation-snalc-2-juillet-2024","status":"publish","type":"post","link":"https:\/\/snalc.org\/snalc2023\/?p=3365","title":{"rendered":"Lettre d&rsquo;information SNALC &#8211;\u00a02 juillet 2024"},"content":{"rendered":"\n<p>Personnels TRF, ATRF, IGE, IGESR, IGR<\/p>\n\n\n\n<figure class=\"wp-block-table\"><table><tbody><tr><td>Pour une revalorisation imm\u00e9diate de l&rsquo;IFSE pour TOUS les ITRF<\/td><\/tr><\/tbody><\/table><\/figure>\n\n\n\n<figure class=\"wp-block-table\"><table><tbody><tr><td><img decoding=\"async\" src=\"https:\/\/snalc.fr\/wp-content\/uploads\/argent_difference_Freepik.com_suriyawutsuriya.jpg\" alt=\"\"><\/td><\/tr><\/tbody><\/table><\/figure>\n\n\n\n<figure class=\"wp-block-table\"><table><tbody><tr><td>Suite \u00e0 la participation du <strong>SNALC<\/strong> \u00e0 la r\u00e9union minist\u00e9rielle du 28 mai 2024 portant sur la revalorisation de l\u2019IFSE pour les services informatiques (BAP E) et \u00e0 l\u2019absence de revalorisation de l\u2019IFSE des ITRF \u00ab&nbsp;non-informaticiens&nbsp;\u00bb, le <strong>SNALC<\/strong> dit STOP \u00e0 la diff\u00e9rence de traitement entre les ITRF.<br>Depuis 2022, nos coll\u00e8gues informaticiens (DRASI) ont b\u00e9n\u00e9fici\u00e9 de deux revalorisations de l\u2019IFSE dans le but de faire converger les montants indemnitaires vers les valeurs nationales les plus \u00e9lev\u00e9es.Les coll\u00e8gues hors-DRASI (BAP A, B, C, D, F, G et J) n\u2019ont obtenu une augmentation qu\u2019 en 2023.<br>Les corps de la fili\u00e8re ITRF sont les seuls pour lesquels le minist\u00e8re creuse l\u2019\u00e9cart entre les diff\u00e9rentes branches d\u2019activit\u00e9s professionnelles, ce qui est incompr\u00e9hensible et unique.<br>Le <strong>SNALC<\/strong> r\u00e9clame une revalorisation de l\u2019IFSE pour TOUS les ITRF en 2024.<br>Face \u00e0 cette non revalorisation, la r\u00e9ponse du minist\u00e8re est double:\u2013 Restriction budg\u00e9taire ;\u2013 Difficult\u00e9 de recrutement.<br>Le <strong>SNALC<\/strong> a fait valoir que toutes les BAP avaient du mal \u00e0 recruter et pas uniquement celle des services informatiques.<br>De plus, lors de cette r\u00e9union, le minist\u00e8re a \u00e9galement annonc\u00e9 que la revalorisation triennale promise en 2024 n\u2019aurait finalement pas lieu toujours pour le motif de restriction budg\u00e9taire.<br>Pourtant, la circulaire n\u00b00170 du 15-09-2017 relative \u00e0 la mise en \u0153uvre du RIFSEEP au b\u00e9n\u00e9fice des corps de la fili\u00e8re recherche et formation pr\u00e9voit que l\u2019IFSE doit \u00eatre r\u00e9\u00e9valu\u00e9e tous les 3 ans. La derni\u00e8re r\u00e9\u00e9valuation obtenue par les ITRF \u00e9tait en 2021. Il est \u00e0 noter que cette r\u00e9\u00e9valuation triennale s\u2019\u00e9tait d\u00e9j\u00e0 transform\u00e9e en quadriennale pour les personnels ITRF.<br><strong>Le SNALC r\u00e9clame que la revalorisation triennale de l\u2019IFSE pr\u00e9vue en 2024 soit vers\u00e9e d\u00e8s \u00e0 pr\u00e9sent. <\/strong><strong>Le SNALC lance donc cette p\u00e9tition pour d\u00e9noncer cette nouvelle injustice. Cette p\u00e9tition nous aidera, vous aidera, \u00e0 d\u00e9fendre vos droits et votre pouvoir d\u2019achat, soyez nombreux \u00e0 la signer.<\/strong><\/td><\/tr><\/tbody><\/table><\/figure>\n\n\n\n<figure class=\"wp-block-table\"><table><tbody><tr><td><a href=\"https:\/\/chng.it\/2vHB7cw9q6\" target=\"_blank\" rel=\"noreferrer noopener\">Je signe la p\u00e9tition<\/a><\/td><\/tr><\/tbody><\/table><\/figure>\n\n\n\n<figure class=\"wp-block-table\"><table><tbody><tr><td>(redirection sur le site change.org o\u00f9 est h\u00e9berg\u00e9e la p\u00e9tition)<\/td><\/tr><\/tbody><\/table><\/figure>\n\n\n\n<figure class=\"wp-block-table\"><table><tbody><tr><td><\/td><\/tr><\/tbody><\/table><\/figure>\n\n\n\n<figure class=\"wp-block-table\"><table><tbody><tr><td><img decoding=\"async\" src=\"https:\/\/snalc.fr\/wp-content\/uploads\/argent_freepik.com_snowing.jpg\" alt=\"\"><strong>REVALORISATION DE L\u2019IFSE POUR LA FILI\u00c8RE ITRF DU MENJ EN 2024<\/strong>Cette revalorisation ne concerne que les agents qui exercent des fonctions SI (Syst\u00e8mes d\u2019information). Comme en 2022, une grande partie des personnels ITRF est donc exclue de toute mesure de revalorisation indemnitaire cette ann\u00e9e.<br><strong>[&#8230;<\/strong><a href=\"https:\/\/snalc.fr\/revalorisation-de-lifse-pour-la-filiere-itrf-du-menj-en-2024\/\" target=\"_blank\" rel=\"noreferrer noopener\"><strong>Lire la suite<\/strong><\/a><strong>]<\/strong><\/td><\/tr><\/tbody><\/table><\/figure>\n\n\n\n<figure class=\"wp-block-table\"><table><tbody><tr><td><img decoding=\"async\" src=\"https:\/\/snalc.fr\/wp-content\/uploads\/ordinateur_freepik.com_Wavebreak-Media.jpg\" alt=\"\"><strong>OP@LE&nbsp;: GR\u00c2CE \u00c0 VOUS, LES LIGNES ONT BOUG\u00c9\u2026<\/strong><br>Notre intersyndicale Op@le a \u00e9t\u00e9 re\u00e7ue ce mercredi 26 juin au minist\u00e8re. Il en ressort&nbsp;: un calendrier substantiellement am\u00e9nag\u00e9&nbsp;: trois vagues suppl\u00e9mentaires en janvier et septembre 2026. Mais, en mati\u00e8re de simplification, tout reste \u00e0 faire.<br><strong>[&#8230;<\/strong><a href=\"https:\/\/snalc.fr\/ople-grace-a-vous-les-lignes-ont-bouge\/\" target=\"_blank\" rel=\"noreferrer noopener\"><strong>Lire la suite<\/strong><\/a><strong>]<\/strong><\/td><\/tr><\/tbody><\/table><\/figure>\n\n\n\n<figure class=\"wp-block-table\"><table><tbody><tr><td><img decoding=\"async\" src=\"https:\/\/snalc.fr\/wp-content\/uploads\/admin_istockphoto_Bojanikus-1425504705.jpg\" alt=\"\"><strong>INDISPENSABLES BIATSS<\/strong><br>Les personnels non enseignants repr\u00e9sentent dans nos minist\u00e8res une part plus importante qu\u2019il n\u2019y para\u00eet. Sans ceux que l\u2019on d\u00e9signe par le sigle BIATSS, l\u2019\u00c9ducation nationale et l\u2019Enseignement sup\u00e9rieur ne pourraient pas fonctionner. <strong>[&#8230;<a href=\"https:\/\/snalc.fr\/indispensables-biatss\/\" target=\"_blank\" rel=\"noreferrer noopener\">Lire la suite<\/a>]<\/strong><\/td><\/tr><\/tbody><\/table><\/figure>\n\n\n\n<figure class=\"wp-block-table\"><table><tbody><tr><td><img decoding=\"async\" src=\"https:\/\/syndicat-snalc.net\/AWURTSJ67\/image_10_recommandations_opt_0314f1e827.jpg\" alt=\"\"><strong>LES 10 RECOMMANDATIONS DU SNALC POUR \u00caTRE PLUS FORT AU TRAVAIL<\/strong><br>M\u00eame si \u00abcela n\u2019arrive qu\u2019aux autres&nbsp;\u00bb, nous vous invitons \u00e0 prendre connaissance des 10 recommandations du SNALC&nbsp;: autant d\u2019erreurs \u00e0 ne pas commettre, de conseils \u00e0 appliquer, de pi\u00e8ges \u00e0 rep\u00e9rer&#8230;<br><strong>[&#8230;<a href=\"https:\/\/snalc.fr\/10-recommandations-pour-etre-plus-fort-au-travail\/\" target=\"_blank\" rel=\"noreferrer noopener\">en savoir plus<\/a>]<\/strong><\/td><\/tr><\/tbody><\/table><\/figure>\n\n\n\n<figure class=\"wp-block-table\"><table><tbody><tr><td><a href=\"https:\/\/oxiforms.com\/?8CrEa\" target=\"_blank\" rel=\"noreferrer noopener\">Contacter le secteur SNALC BIATSS<\/a><\/td><\/tr><\/tbody><\/table><\/figure>\n\n\n\n<figure class=\"wp-block-table\"><table><tbody><tr><td>L\u2019ADH\u00c9SION AU SNALC<\/td><\/tr><\/tbody><\/table><\/figure>\n\n\n\n<figure class=\"wp-block-table\"><table><tbody><tr><td>\u00ab\u00a0Adh\u00e9sion \u00e0 z\u00e9ro euro\u00a0\u00bb<br>C&rsquo;est le moment de d\u00e9couvrir le SNALC&nbsp;![<a href=\"https:\/\/snalc.fr\/wp-content\/uploads\/Adhesion_zero_euro.pdf\" target=\"_blank\" rel=\"noreferrer noopener\">en savoir plus<\/a>]<\/td><\/tr><\/tbody><\/table><\/figure>\n\n\n\n<figure class=\"wp-block-table\"><table><tbody><tr><td><strong>LE SNALC EST LE SYNDICAT REPR\u00c9SENTATIF<\/strong><strong>LE MOINS CHER DE L\u2019\u00c9DUCATION NATIONALE<\/strong><strong>Nos salaires sont trop bas. Le point d\u2019indice est gel\u00e9.<\/strong><strong>Logiquement, le SNALC n\u2019augmente pas ses tarifs pour la 13\u00e8me ann\u00e9e cons\u00e9cutive.<\/strong><strong>Et mieux encore&nbsp;: le SNALC baisse ses tarifs dans la plupart des cat\u00e9gories&nbsp;!<\/strong><a href=\"https:\/\/snalc.fr\/wp-content\/uploads\/tarifs.pdf\" target=\"_blank\" rel=\"noreferrer noopener\">Consulter les tarifs et r\u00e9ductions<\/a><br><strong>CHOISISSEZ LIBREMENT VOTRE MOYEN DE PAIEMENT, RAPIDE ET S\u00c9CURIS\u00c9<\/strong><\/td><\/tr><\/tbody><\/table><\/figure>\n\n\n\n<figure class=\"wp-block-table\"><table><tbody><tr><td><img decoding=\"async\" src=\"http:\/\/syndicat-snalc.net\/AWURTSJ67\/editedimg_361b042f34.jpg\" alt=\"\"><a href=\"https:\/\/snalc.fr\/adhesion-carte\/\" target=\"_blank\" rel=\"noreferrer noopener\">carte bancaire<\/a><img decoding=\"async\" src=\"http:\/\/syndicat-snalc.net\/AWURTSJ67\/adhesion_prelevements_0703b426ca.JPG\" alt=\"\"><a href=\"https:\/\/snalc.fr\/adhesion\/\" target=\"_blank\" rel=\"noreferrer noopener\">pr\u00e9l\u00e8vements mensuels<\/a><img decoding=\"async\" src=\"https:\/\/syndicat-snalc.net\/AWURTSJ67\/editedimg_c6a21d792d.png\" alt=\"\"><a href=\"https:\/\/snalc.fr\/adhesion-virement\/\" target=\"_blank\" rel=\"noreferrer noopener\">virement<\/a><img decoding=\"async\" src=\"http:\/\/syndicat-snalc.net\/AWURTSJ67\/adhesion_cheque_699976dc59.JPG\" alt=\"\"><a href=\"https:\/\/snalc.fr\/adhesion-cheque\/\" target=\"_blank\" rel=\"noreferrer noopener\">ch\u00e8que<\/a><\/td><\/tr><\/tbody><\/table><\/figure>\n\n\n\n<figure class=\"wp-block-table\"><table><tbody><tr><td><strong>L&rsquo;adh\u00e9sion comprend<\/strong>&nbsp;: <a href=\"https:\/\/snalc.fr\/gmf-protection-juridique\/\" target=\"_blank\" rel=\"noreferrer noopener\">l&rsquo;assistance et la protection<\/a> juridiques p\u00e9nales aupr\u00e8s de la GMF (agressions, diffamation&#8230;) ;&nbsp;le dispositif exclusif d&rsquo;accompagnement et d&rsquo;aide \u00e0 la mobilit\u00e9&nbsp;: <a href=\"https:\/\/snalc.fr\/mobi-snalc-presentation-et-acces\/\" target=\"_blank\" rel=\"noreferrer noopener\">mobi-SNALC<\/a>&nbsp;; et des tarifs n\u00e9goci\u00e9s aupr\u00e8s de nombreux partenaires&nbsp;: <a href=\"https:\/\/snalc.fr\/avantages-snalc\/\" target=\"_blank\" rel=\"noreferrer noopener\">avantages-SNALC<\/a>.<\/td><\/tr><\/tbody><\/table><\/figure>\n\n\n\n<figure class=\"wp-block-table\"><table><tbody><tr><td><img decoding=\"async\" src=\"https:\/\/syndicat-snalc.net\/AWURTSJ67\/SNALC-_-Estelle-Meunier-Rejoignez-nous_opt_92f8641508.jpg\" alt=\"\"><\/td><\/tr><\/tbody><\/table><\/figure>\n\n\n\n<figure class=\"wp-block-table\"><table><tbody><tr><td><a href=\"https:\/\/facebook.com\/SNALC_national\" target=\"_blank\" rel=\"noreferrer noopener\"><\/a><a href=\"https:\/\/twitter.com\/snalc_national\" target=\"_blank\" rel=\"noreferrer noopener\"><\/a><a href=\"https:\/\/snalc.fr\" target=\"_blank\" rel=\"noreferrer noopener\"><\/a><\/td><\/tr><\/tbody><\/table><\/figure>\n\n\n\n<figure class=\"wp-block-table\"><table><tbody><tr><td>cr\u00e9dits&nbsp;: sur las articles en lien<\/td><\/tr><\/tbody><\/table><\/figure>\n","protected":false},"excerpt":{"rendered":"<p>Personnels TRF, ATRF, IGE, IGESR, IGR Pour une revalorisation imm\u00e9diate de l&rsquo;IFSE pour TOUS les ITRF Suite \u00e0 la participation du SNALC \u00e0 la r\u00e9union minist\u00e9rielle du 28 mai 2024 [&hellip;]<\/p>\n","protected":false},"author":1,"featured_media":0,"comment_status":"closed","ping_status":"closed","sticky":false,"template":"","format":"standard","meta":{"_lmt_disableupdate":"","_lmt_disable":"","site-sidebar-layout":"default","site-content-layout":"","ast-site-content-layout":"default","site-content-style":"default","site-sidebar-style":"default","ast-global-header-display":"","ast-banner-title-visibility":"","ast-main-header-display":"","ast-hfb-above-header-display":"","ast-hfb-below-header-display":"","ast-hfb-mobile-header-display":"","site-post-title":"","ast-breadcrumbs-content":"","ast-featured-img":"","footer-sml-layout":"","ast-disable-related-posts":"","theme-transparent-header-meta":"","adv-header-id-meta":"","stick-header-meta":"","header-above-stick-meta":"","header-main-stick-meta":"","header-below-stick-meta":"","astra-migrate-meta-layouts":"set","ast-page-background-enabled":"default","ast-page-background-meta":{"desktop":{"background-color":"var(--ast-global-color-4)","background-image":"","background-repeat":"repeat","background-position":"center center","background-size":"auto","background-attachment":"scroll","background-type":"","background-media":"","overlay-type":"","overlay-color":"","overlay-opacity":"","overlay-gradient":""},"tablet":{"background-color":"","background-image":"","background-repeat":"repeat","background-position":"center center","background-size":"auto","background-attachment":"scroll","background-type":"","background-media":"","overlay-type":"","overlay-color":"","overlay-opacity":"","overlay-gradient":""},"mobile":{"background-color":"","background-image":"","background-repeat":"repeat","background-position":"center center","background-size":"auto","background-attachment":"scroll","background-type":"","background-media":"","overlay-type":"","overlay-color":"","overlay-opacity":"","overlay-gradient":""}},"ast-content-background-meta":{"desktop":{"background-color":"var(--ast-global-color-5)","background-image":"","background-repeat":"repeat","background-position":"center center","background-size":"auto","background-attachment":"scroll","background-type":"","background-media":"","overlay-type":"","overlay-color":"","overlay-opacity":"","overlay-gradient":""},"tablet":{"background-color":"var(--ast-global-color-5)","background-image":"","background-repeat":"repeat","background-position":"center center","background-size":"auto","background-attachment":"scroll","background-type":"","background-media":"","overlay-type":"","overlay-color":"","overlay-opacity":"","overlay-gradient":""},"mobile":{"background-color":"var(--ast-global-color-5)","background-image":"","background-repeat":"repeat","background-position":"center center","background-size":"auto","background-attachment":"scroll","background-type":"","background-media":"","overlay-type":"","overlay-color":"","overlay-opacity":"","overlay-gradient":""}},"footnotes":""},"categories":[38],"tags":[],"class_list":["post-3365","post","type-post","status-publish","format-standard","hentry","category-actualites-2023-2024"],"modified_by":"slecourtier","_links":{"self":[{"href":"https:\/\/snalc.org\/snalc2023\/index.php?rest_route=\/wp\/v2\/posts\/3365","targetHints":{"allow":["GET"]}}],"collection":[{"href":"https:\/\/snalc.org\/snalc2023\/index.php?rest_route=\/wp\/v2\/posts"}],"about":[{"href":"https:\/\/snalc.org\/snalc2023\/index.php?rest_route=\/wp\/v2\/types\/post"}],"author":[{"embeddable":true,"href":"https:\/\/snalc.org\/snalc2023\/index.php?rest_route=\/wp\/v2\/users\/1"}],"replies":[{"embeddable":true,"href":"https:\/\/snalc.org\/snalc2023\/index.php?rest_route=%2Fwp%2Fv2%2Fcomments&post=3365"}],"version-history":[{"count":1,"href":"https:\/\/snalc.org\/snalc2023\/index.php?rest_route=\/wp\/v2\/posts\/3365\/revisions"}],"predecessor-version":[{"id":3366,"href":"https:\/\/snalc.org\/snalc2023\/index.php?rest_route=\/wp\/v2\/posts\/3365\/revisions\/3366"}],"wp:attachment":[{"href":"https:\/\/snalc.org\/snalc2023\/index.php?rest_route=%2Fwp%2Fv2%2Fmedia&parent=3365"}],"wp:term":[{"taxonomy":"category","embeddable":true,"href":"https:\/\/snalc.org\/snalc2023\/index.php?rest_route=%2Fwp%2Fv2%2Fcategories&post=3365"},{"taxonomy":"post_tag","embeddable":true,"href":"https:\/\/snalc.org\/snalc2023\/index.php?rest_route=%2Fwp%2Fv2%2Ftags&post=3365"}],"curies":[{"name":"wp","href":"https:\/\/api.w.org\/{rel}","templated":true}]}}