{"id":3410,"date":"2024-07-12T21:59:11","date_gmt":"2024-07-12T19:59:11","guid":{"rendered":"https:\/\/snalc.org\/snalc2023\/?p=3410"},"modified":"2024-07-12T21:59:14","modified_gmt":"2024-07-12T19:59:14","slug":"quinzaine-universitaire-n1491","status":"publish","type":"post","link":"https:\/\/snalc.org\/snalc2023\/?p=3410","title":{"rendered":"QUINZAINE UNIVERSITAIRE n\u00b01491"},"content":{"rendered":"\n<figure class=\"wp-block-image\"><img decoding=\"async\" src=\"https:\/\/snalc.fr\/wp-content\/uploads\/QU1491.jpg\" alt=\"\" class=\"wp-image-43333\"\/><\/figure>\n\n\n\n<p><strong>\u00c9DITO : <a href=\"https:\/\/snalc.fr\/pause\/\">PAUSE !<\/a><\/strong><\/p>\n\n\n\n<figure class=\"wp-block-image\"><img decoding=\"async\" src=\"https:\/\/snalc.fr\/wp-content\/uploads\/elementor\/thumbs\/SNALC-congres-Strasbourg-mai-2023-Photo-Philippe-Sautier-3-e1686317689865-qfu77nw4qlxwj5dktm23kiay8chujy1r6wng15ek0o.jpg\" alt=\"SNALC congres Strasbourg mai 2023 - Photo Philippe Sautier (3)\" title=\"SNALC congres Strasbourg mai 2023 \u2013 Photo Philippe Sautier (3)\"\/><\/figure>\n\n\n\n<p>Jean-R\u00e9mi Girard<br>Pr\u00e9sident du SNALC<\/p>\n\n\n\n<p>M\u00eame si le SNALC est ind\u00e9pendant des partis politiques, il para\u00eetrait \u00e9trange de ne pas s\u2019arr\u00eater sur les r\u00e9sultats des \u00e9lections l\u00e9gislatives cons\u00e9cutives \u00e0 la dissolution d\u00e9cid\u00e9e par le pr\u00e9sident de la R\u00e9publique. Non pas pour commenter les \u00e9quilibres, mais pour signaler que nous entrons dans l\u2019inconnu, et que l\u2019inconnu s\u2019\u00e9tend au minist\u00e8re de l\u2019\u00c9ducation nationale.<\/p>\n\n\n\n<p>\u00c0 l\u2019heure o\u00f9 j\u2019\u00e9cris ces lignes, Nicole Belloubet est toujours ministre, et la vie continue comme si rien ou presque ne s\u2019\u00e9tait pass\u00e9&nbsp;<a href=\"https:\/\/snalc.fr\/pause\/\"><strong> [Lire la suite]<\/strong><\/a><\/p>\n\n\n\n<p><strong>SYST\u00c8ME \u00c9DUCATIF<\/strong><\/p>\n\n\n\n<ul class=\"wp-block-list\">\n<li><a href=\"https:\/\/snalc.fr\/systeme-educatif-une-annee-pour-eviter-le-mur\/\">Syst\u00e8me \u00e9ducatif : une ann\u00e9e pour \u00e9viter le mur ?<\/a><\/li>\n\n\n\n<li><a href=\"https:\/\/snalc.fr\/lgt-equation-a-une-inconnue\/\">LGT : \u00e9quation \u00e0 une inconnue<\/a><\/li>\n\n\n\n<li><a href=\"https:\/\/snalc.fr\/college-passe-le-choc-ou-sont-les-savoirs\/\">Coll\u00e8ge : pass\u00e9 le choc, o\u00f9 sont les savoirs ?<\/a><\/li>\n\n\n\n<li><a href=\"https:\/\/snalc.fr\/un-meilleur-dnb-possible\/\">Un meilleur DNB possible ?<\/a><\/li>\n\n\n\n<li><a href=\"https:\/\/snalc.fr\/lycees-professionnels-les-revendications-du-snalc\/\">Lyc\u00e9es professionnels : les revendications du SNALC<\/a><\/li>\n\n\n\n<li><a href=\"https:\/\/snalc.fr\/le-snalc-reste-le-seul-syndicat-engage-pour-les-lettres-classiques\/\">Le SNALC reste le seul syndicat engag\u00e9 pour les lettres classiques<\/a><\/li>\n\n\n\n<li><a href=\"https:\/\/snalc.fr\/jo-quel-heritage-pour-lecole-et-leps\/\">JO : quel h\u00e9ritage pour l\u2019\u00e9cole et l\u2019EPS ?<\/a><\/li>\n\n\n\n<li><a href=\"https:\/\/snalc.fr\/le-snalc-sur-tous-les-fronts-du-numerique-a-lecole\/\">Le SNALC sur tous les fronts du num\u00e9rique \u00e0 l\u2019\u00e9cole<\/a><\/li>\n\n\n\n<li><a href=\"https:\/\/snalc.fr\/formation-initiale-jai-le-master-qui-coince\/\">Formation initiale : j\u2019ai le master qui coince<\/a><\/li>\n\n\n\n<li><a href=\"https:\/\/snalc.fr\/evaluations-attention-danger\/\">\u00c9valuations : attention danger<\/a><\/li>\n\n\n\n<li><a href=\"https:\/\/snalc.fr\/remettre-le-professeur-au-centre-du-village\/\">Remettre le professeur au centre du village<\/a><\/li>\n\n\n\n<li><a href=\"https:\/\/snalc.fr\/cpge-nuageux-peu-declaircies-a-prevoir\/\">CPGE : nuageux, peu d\u2019\u00e9claircies \u00e0 pr\u00e9voir<\/a><\/li>\n<\/ul>\n\n\n\n<p><strong>CONDITIONS DE TRAVAIL<\/strong><\/p>\n\n\n\n<ul class=\"wp-block-list\">\n<li><a href=\"https:\/\/snalc.fr\/souffrance-au-travail-ne-pas-sisoler\/\">Souffrance au travail : ne pas s\u2019isoler !<\/a><\/li>\n\n\n\n<li><a href=\"https:\/\/snalc.fr\/sante-et-prevoyance-les-avancees-se-concretisent\/\">Sant\u00e9 et pr\u00e9voyance : les avanc\u00e9es se concr\u00e9tisent<\/a><\/li>\n\n\n\n<li><a href=\"https:\/\/snalc.fr\/en-fais-moi-peur\/\">EN, fais-moi peur<\/a><\/li>\n\n\n\n<li><a href=\"https:\/\/snalc.fr\/des-outils-modernes-permettent-de-creer-de-meilleures-conditions-de-travail-albert-einstein\/\"><em>\u00ab Des outils modernes permettent de cr\u00e9er de meilleures conditions de travail. \u00bb<\/em> (Albert Einstein)<\/a><\/li>\n<\/ul>\n\n\n\n<p><strong>LES PERSONNELS<\/strong><\/p>\n\n\n\n<ul class=\"wp-block-list\">\n<li><a href=\"https:\/\/snalc.fr\/remunerations-annee-blanche\/\">R\u00e9mun\u00e9rations : ann\u00e9e blanche<\/a><\/li>\n\n\n\n<li><a href=\"https:\/\/snalc.fr\/retraites-reforme-annee-1\/\">Retraites : r\u00e9forme, ann\u00e9e 1<\/a><\/li>\n\n\n\n<li><a href=\"https:\/\/snalc.fr\/classe-exceptionnelle-lexception-reste-la-regle\/\">Classe exceptionnelle : l\u2019exception reste la r\u00e8gle<\/a><\/li>\n\n\n\n<li><a href=\"https:\/\/snalc.fr\/wp-content\/uploads\/QU1491-NLOP.jpg\">Ne l\u2019oubliez pas !<\/a><\/li>\n\n\n\n<li><a href=\"https:\/\/snalc.fr\/reclassement-hors-classe-et-classe-exceptionnelle-quel-sera-votre-salaire\/\">Promotions de grade au 1er septembre : modalit\u00e9s des reclassements<\/a><\/li>\n\n\n\n<li><a href=\"https:\/\/snalc.fr\/contractuels-ne-pas-en-rester-aux-bonnes-intentions\/\">Contractuels : ne pas en rester aux bonnes intentions<\/a><\/li>\n\n\n\n<li><a href=\"https:\/\/snalc.fr\/aesh-le-meilleur-ou-le-pire-reste-a-venir\/\">AESH : le meilleur \u2013 ou le pire ? \u2013 reste \u00e0 venir<\/a><\/li>\n\n\n\n<li><a href=\"https:\/\/snalc.fr\/inclusion-scolaire-lorsque-le-politique-sentete-a-etre-hors-sol\/\">Inclusion scolaire : lorsque le politique s\u2019ent\u00eate \u00e0 \u00eatre hors-sol<\/a><\/li>\n\n\n\n<li><a href=\"https:\/\/snalc.fr\/aesh-nouvelle-disposition-legislative-pour-laccompagnement-sur-le-temps-meridien\/\">AESH : nouvelle disposition l\u00e9gislative pour l\u2019accompagnement sur le temps m\u00e9ridien<\/a><\/li>\n\n\n\n<li><a href=\"https:\/\/snalc.fr\/aed-du-home-staging-au-gros-oeuvre\/\">AED : du <em>home staging<\/em> au gros \u0153uvre<\/a><\/li>\n\n\n\n<li><a href=\"https:\/\/snalc.fr\/conges-pour-raison-de-sante-des-avancees-sensibles\/\">Cong\u00e9s pour raison de sant\u00e9 : des avanc\u00e9es sensibles<\/a><\/li>\n\n\n\n<li><a href=\"https:\/\/snalc.fr\/2023-2024-une-annee-a-oublier-pour-les-personnels-biatss\/\" target=\"_blank\" rel=\"noreferrer noopener\">2023-2024 : une ann\u00e9e \u00e0 oublier pour les personnels BIATSS !<\/a><\/li>\n<\/ul>\n\n\n\n<p><a href=\"https:\/\/snalc.fr\/wp-content\/uploads\/QU1491.pdf\">T\u00e9l\u00e9charger la revue en PDF<\/a><\/p>\n\n\n\n<figure class=\"wp-block-image\"><img decoding=\"async\" src=\"https:\/\/snalc.fr\/wp-content\/uploads\/QU1491-1D-722x1024.jpg\" alt=\"\" class=\"wp-image-43321\"\/><\/figure>\n\n\n\n<p><em><strong>Afin d\u2019\u00eatre au plus pr\u00e8s de vos attentes <\/strong><strong>et de vous informer au mieux, la revue du SNALC a <\/strong><strong>\u00e9volu\u00e9 d\u00e8s cette rentr\u00e9e, avec d\u00e9sormais <\/strong><strong>deux num\u00e9ros mensuels au lieu d\u2019un : <\/strong><strong>l\u2019un centr\u00e9 sur le second degr\u00e9 et le sup\u00e9rieur, <\/strong><strong>et le second sur les probl\u00e9matiques <\/strong><strong>sp\u00e9cifiques de l\u2019\u00e9cole primaire.<\/strong><\/em><\/p>\n\n\n\n<p><a href=\"https:\/\/snalc.fr\/quinzaine-universitaire-n1491-1d\/\">D\u00e9couvrir la revue Premier degr\u00e9<\/a><\/p>\n\n\n\n<figure class=\"wp-block-embed\"><div class=\"wp-block-embed__wrapper\">\nhttps:\/\/v.calameo.com\/?bkcode=00683745882c24f3ce496&#038;mode=mini\n<\/div><\/figure>\n","protected":false},"excerpt":{"rendered":"<p>\u00c9DITO : PAUSE ! Jean-R\u00e9mi GirardPr\u00e9sident du SNALC M\u00eame si le SNALC est ind\u00e9pendant des partis politiques, il para\u00eetrait \u00e9trange de ne pas s\u2019arr\u00eater sur les r\u00e9sultats des \u00e9lections l\u00e9gislatives [&hellip;]<\/p>\n","protected":false},"author":1,"featured_media":0,"comment_status":"closed","ping_status":"closed","sticky":false,"template":"","format":"standard","meta":{"_lmt_disableupdate":"","_lmt_disable":"","site-sidebar-layout":"default","site-content-layout":"","ast-site-content-layout":"default","site-content-style":"default","site-sidebar-style":"default","ast-global-header-display":"","ast-banner-title-visibility":"","ast-main-header-display":"","ast-hfb-above-header-display":"","ast-hfb-below-header-display":"","ast-hfb-mobile-header-display":"","site-post-title":"","ast-breadcrumbs-content":"","ast-featured-img":"","footer-sml-layout":"","ast-disable-related-posts":"","theme-transparent-header-meta":"","adv-header-id-meta":"","stick-header-meta":"","header-above-stick-meta":"","header-main-stick-meta":"","header-below-stick-meta":"","astra-migrate-meta-layouts":"set","ast-page-background-enabled":"default","ast-page-background-meta":{"desktop":{"background-color":"var(--ast-global-color-4)","background-image":"","background-repeat":"repeat","background-position":"center center","background-size":"auto","background-attachment":"scroll","background-type":"","background-media":"","overlay-type":"","overlay-color":"","overlay-opacity":"","overlay-gradient":""},"tablet":{"background-color":"","background-image":"","background-repeat":"repeat","background-position":"center center","background-size":"auto","background-attachment":"scroll","background-type":"","background-media":"","overlay-type":"","overlay-color":"","overlay-opacity":"","overlay-gradient":""},"mobile":{"background-color":"","background-image":"","background-repeat":"repeat","background-position":"center center","background-size":"auto","background-attachment":"scroll","background-type":"","background-media":"","overlay-type":"","overlay-color":"","overlay-opacity":"","overlay-gradient":""}},"ast-content-background-meta":{"desktop":{"background-color":"var(--ast-global-color-5)","background-image":"","background-repeat":"repeat","background-position":"center center","background-size":"auto","background-attachment":"scroll","background-type":"","background-media":"","overlay-type":"","overlay-color":"","overlay-opacity":"","overlay-gradient":""},"tablet":{"background-color":"var(--ast-global-color-5)","background-image":"","background-repeat":"repeat","background-position":"center center","background-size":"auto","background-attachment":"scroll","background-type":"","background-media":"","overlay-type":"","overlay-color":"","overlay-opacity":"","overlay-gradient":""},"mobile":{"background-color":"var(--ast-global-color-5)","background-image":"","background-repeat":"repeat","background-position":"center center","background-size":"auto","background-attachment":"scroll","background-type":"","background-media":"","overlay-type":"","overlay-color":"","overlay-opacity":"","overlay-gradient":""}},"footnotes":""},"categories":[38,37],"tags":[],"class_list":["post-3410","post","type-post","status-publish","format-standard","hentry","category-actualites-2023-2024","category-qu"],"modified_by":"slecourtier","_links":{"self":[{"href":"https:\/\/snalc.org\/snalc2023\/index.php?rest_route=\/wp\/v2\/posts\/3410","targetHints":{"allow":["GET"]}}],"collection":[{"href":"https:\/\/snalc.org\/snalc2023\/index.php?rest_route=\/wp\/v2\/posts"}],"about":[{"href":"https:\/\/snalc.org\/snalc2023\/index.php?rest_route=\/wp\/v2\/types\/post"}],"author":[{"embeddable":true,"href":"https:\/\/snalc.org\/snalc2023\/index.php?rest_route=\/wp\/v2\/users\/1"}],"replies":[{"embeddable":true,"href":"https:\/\/snalc.org\/snalc2023\/index.php?rest_route=%2Fwp%2Fv2%2Fcomments&post=3410"}],"version-history":[{"count":1,"href":"https:\/\/snalc.org\/snalc2023\/index.php?rest_route=\/wp\/v2\/posts\/3410\/revisions"}],"predecessor-version":[{"id":3411,"href":"https:\/\/snalc.org\/snalc2023\/index.php?rest_route=\/wp\/v2\/posts\/3410\/revisions\/3411"}],"wp:attachment":[{"href":"https:\/\/snalc.org\/snalc2023\/index.php?rest_route=%2Fwp%2Fv2%2Fmedia&parent=3410"}],"wp:term":[{"taxonomy":"category","embeddable":true,"href":"https:\/\/snalc.org\/snalc2023\/index.php?rest_route=%2Fwp%2Fv2%2Fcategories&post=3410"},{"taxonomy":"post_tag","embeddable":true,"href":"https:\/\/snalc.org\/snalc2023\/index.php?rest_route=%2Fwp%2Fv2%2Ftags&post=3410"}],"curies":[{"name":"wp","href":"https:\/\/api.w.org\/{rel}","templated":true}]}}