{"id":347,"date":"2022-10-27T19:42:26","date_gmt":"2022-10-27T17:42:26","guid":{"rendered":"http:\/\/snalc.org\/snalc2023\/?p=347"},"modified":"2022-11-03T13:06:52","modified_gmt":"2022-11-03T12:06:52","slug":"mobilite-des-personnels-du-second-degre-2023","status":"publish","type":"post","link":"https:\/\/snalc.org\/snalc2023\/?p=347","title":{"rendered":"Mobilit\u00e9 des personnels du second degr\u00e9 2023"},"content":{"rendered":"\n<h4 class=\"wp-block-heading\">Mobilit\u00e9 des personnels du second degr\u00e9<\/h4>\n\n\n\n<p>Mouvement national \u00e0 gestion d\u00e9concentr\u00e9e &#8211; Dates et modalit\u00e9s de d\u00e9p\u00f4t des demandes de premi\u00e8re affectation, de mutation et de r\u00e9int\u00e9gration &#8211; Rentr\u00e9e scolaire 2023<\/p>\n\n\n\n<p>Arr\u00eat\u00e9 du 20-10-2022 (NOR : MENH2230373A)<\/p>\n\n\n\n<p><a href=\"https:\/\/www.education.gouv.fr\/bo\/22\/Hebdo40\/MENH2230373A.htm\">Consulter le texte<\/a><\/p>\n\n\n\n<h4 class=\"wp-block-heading\">Mouvement<\/h4>\n\n\n\n<p>Mise \u00e0 disposition aupr\u00e8s de la Polyn\u00e9sie fran\u00e7aise des personnels enseignants, d&rsquo;\u00e9ducation et des psychologues de l&rsquo;\u00e9ducation nationale &#8211; Rentr\u00e9e 2023<\/p>\n\n\n\n<p>Note de service du 6-10-2022 (NOR : MENH2225460N)<\/p>\n\n\n\n<p><a href=\"https:\/\/www.education.gouv.fr\/bo\/22\/Hebdo40\/MENH2225460N.htm\">Consulter le texte<\/a><\/p>\n\n\n\n<h4 class=\"wp-block-heading\">Mobilit\u00e9<\/h4>\n\n\n\n<p>D\u00e9p\u00f4t et instruction des candidatures \u00e0 un poste dans les \u00e9coles europ\u00e9ennes &#8211; Rentr\u00e9e scolaire 2023-2024<\/p>\n\n\n\n<p>Note de service du 14-10-2022 (NOR : MENH2227329N)<\/p>\n\n\n\n<p><a href=\"https:\/\/www.education.gouv.fr\/bo\/22\/Hebdo40\/MENH2227329N.htm\">Consulter le texte<\/a><\/p>\n\n\n\n<h4 class=\"wp-block-heading\">Mobilit\u00e9<\/h4>\n\n\n\n<p>Personnels enseignants du second degr\u00e9, personnels d&rsquo;\u00e9ducation et psychologues de l&rsquo;\u00e9ducation nationale : r\u00e8gles et proc\u00e9dures du mouvement national \u00e0 gestion d\u00e9concentr\u00e9e &#8211; Rentr\u00e9e scolaire 2023<\/p>\n\n\n\n<p>Note de service du 20-10-2022 (NOR : MENH2228652N)<\/p>\n\n\n\n<p><a href=\"https:\/\/www.education.gouv.fr\/bo\/22\/Hebdo40\/MENH2228652N.htm\">Consulter le texte<\/a><\/p>\n","protected":false},"excerpt":{"rendered":"<p>Mobilit\u00e9 des personnels du second degr\u00e9 Mouvement national \u00e0 gestion d\u00e9concentr\u00e9e &#8211; Dates et modalit\u00e9s de d\u00e9p\u00f4t des demandes de premi\u00e8re affectation, de mutation et de r\u00e9int\u00e9gration &#8211; Rentr\u00e9e scolaire [&hellip;]<\/p>\n","protected":false},"author":1,"featured_media":0,"comment_status":"closed","ping_status":"open","sticky":false,"template":"","format":"standard","meta":{"_lmt_disableupdate":"no","_lmt_disable":"","site-sidebar-layout":"default","site-content-layout":"","ast-site-content-layout":"default","site-content-style":"default","site-sidebar-style":"default","ast-global-header-display":"","ast-banner-title-visibility":"","ast-main-header-display":"","ast-hfb-above-header-display":"","ast-hfb-below-header-display":"","ast-hfb-mobile-header-display":"","site-post-title":"","ast-breadcrumbs-content":"","ast-featured-img":"","footer-sml-layout":"","ast-disable-related-posts":"","theme-transparent-header-meta":"","adv-header-id-meta":"","stick-header-meta":"","header-above-stick-meta":"","header-main-stick-meta":"","header-below-stick-meta":"","astra-migrate-meta-layouts":"default","ast-page-background-enabled":"default","ast-page-background-meta":{"desktop":{"background-color":"var(--ast-global-color-4)","background-image":"","background-repeat":"repeat","background-position":"center center","background-size":"auto","background-attachment":"scroll","background-type":"","background-media":"","overlay-type":"","overlay-color":"","overlay-opacity":"","overlay-gradient":""},"tablet":{"background-color":"","background-image":"","background-repeat":"repeat","background-position":"center center","background-size":"auto","background-attachment":"scroll","background-type":"","background-media":"","overlay-type":"","overlay-color":"","overlay-opacity":"","overlay-gradient":""},"mobile":{"background-color":"","background-image":"","background-repeat":"repeat","background-position":"center center","background-size":"auto","background-attachment":"scroll","background-type":"","background-media":"","overlay-type":"","overlay-color":"","overlay-opacity":"","overlay-gradient":""}},"ast-content-background-meta":{"desktop":{"background-color":"var(--ast-global-color-5)","background-image":"","background-repeat":"repeat","background-position":"center center","background-size":"auto","background-attachment":"scroll","background-type":"","background-media":"","overlay-type":"","overlay-color":"","overlay-opacity":"","overlay-gradient":""},"tablet":{"background-color":"var(--ast-global-color-5)","background-image":"","background-repeat":"repeat","background-position":"center center","background-size":"auto","background-attachment":"scroll","background-type":"","background-media":"","overlay-type":"","overlay-color":"","overlay-opacity":"","overlay-gradient":""},"mobile":{"background-color":"var(--ast-global-color-5)","background-image":"","background-repeat":"repeat","background-position":"center center","background-size":"auto","background-attachment":"scroll","background-type":"","background-media":"","overlay-type":"","overlay-color":"","overlay-opacity":"","overlay-gradient":""}},"footnotes":""},"categories":[8,11],"tags":[],"class_list":["post-347","post","type-post","status-publish","format-standard","hentry","category-inter-academique","category-professeurs-2nd-degre"],"modified_by":"slecourtier","_links":{"self":[{"href":"https:\/\/snalc.org\/snalc2023\/index.php?rest_route=\/wp\/v2\/posts\/347","targetHints":{"allow":["GET"]}}],"collection":[{"href":"https:\/\/snalc.org\/snalc2023\/index.php?rest_route=\/wp\/v2\/posts"}],"about":[{"href":"https:\/\/snalc.org\/snalc2023\/index.php?rest_route=\/wp\/v2\/types\/post"}],"author":[{"embeddable":true,"href":"https:\/\/snalc.org\/snalc2023\/index.php?rest_route=\/wp\/v2\/users\/1"}],"replies":[{"embeddable":true,"href":"https:\/\/snalc.org\/snalc2023\/index.php?rest_route=%2Fwp%2Fv2%2Fcomments&post=347"}],"version-history":[{"count":1,"href":"https:\/\/snalc.org\/snalc2023\/index.php?rest_route=\/wp\/v2\/posts\/347\/revisions"}],"predecessor-version":[{"id":348,"href":"https:\/\/snalc.org\/snalc2023\/index.php?rest_route=\/wp\/v2\/posts\/347\/revisions\/348"}],"wp:attachment":[{"href":"https:\/\/snalc.org\/snalc2023\/index.php?rest_route=%2Fwp%2Fv2%2Fmedia&parent=347"}],"wp:term":[{"taxonomy":"category","embeddable":true,"href":"https:\/\/snalc.org\/snalc2023\/index.php?rest_route=%2Fwp%2Fv2%2Fcategories&post=347"},{"taxonomy":"post_tag","embeddable":true,"href":"https:\/\/snalc.org\/snalc2023\/index.php?rest_route=%2Fwp%2Fv2%2Ftags&post=347"}],"curies":[{"name":"wp","href":"https:\/\/api.w.org\/{rel}","templated":true}]}}