{"id":3485,"date":"2024-07-23T20:30:12","date_gmt":"2024-07-23T18:30:12","guid":{"rendered":"https:\/\/snalc.org\/snalc2023\/?p=3485"},"modified":"2024-08-15T10:18:48","modified_gmt":"2024-08-15T08:18:48","slug":"aefe-en-avant-premiere-listes-indicatives-des-postes-dencadrement-et-de-formation-de-la-campagne-de-recrutement-de-septembre","status":"publish","type":"post","link":"https:\/\/snalc.org\/snalc2023\/?p=3485","title":{"rendered":"AEFE -> En avant-premi\u00e8re, listes indicatives des postes d&rsquo;encadrement et de formation de la campagne de recrutement de septembre"},"content":{"rendered":"\n<p>Sources: <a href=\"https:\/\/www.aefe.fr\/vie-du-reseau\/toute-lactualite\/en-avant-premiere-listes-indicatives-des-postes-dencadrement-et-de-formation-de-la-campagne-de?s=03\">https:\/\/www.aefe.fr\/vie-du-reseau\/toute-lactualite\/en-avant-premiere-listes-indicatives-des-postes-dencadrement-et-de-formation-de-la-campagne-de?s=03<\/a><\/p>\n\n\n\n<p><strong>L&rsquo;AEFE propose \u00e0 la simple consultation des listes indicatives et provisoires des postes <\/strong><strong>de d\u00e9tach\u00e9s sur missions d\u2019encadrement ou sur missions de formation<\/strong><strong> qui pourraient \u00eatre \u00e0 pourvoir \u00e0 la rentr\u00e9e&nbsp;2025. L&rsquo;objectif de cette publication en avant-premi\u00e8re ? P<\/strong><strong>ermettre aux personnels de la fonction publique int\u00e9ress\u00e9s de pr\u00e9parer plus en amont leur projet de mobilit\u00e9 professionnelle dans le r\u00e9seau des lyc\u00e9es fran\u00e7ais internationaux. Les listes d\u00e9finitives seront disponibles \u00e0 partir du 5 septembre&nbsp;2024, au moment de l\u2019ouverture du site de saisie des candidatures.<\/strong><\/p>\n\n\n\n<p>L&rsquo;AEFE va ouvrir au recrutement des postes de&nbsp;d\u00e9tach\u00e9s sur contrat aupr\u00e8s de l\u2019AEFE pour exercer \u00e0 l\u2019\u00e9tranger \u00e0 partir de la rentr\u00e9e 2025 dans des \u00e9tablissements d\u2019enseignement en gestion directe ou conventionn\u00e9s.<\/p>\n\n\n\n<p><strong>Pour les missions d&rsquo;encadrement, il s&rsquo;agit de postes de&nbsp; :<\/strong><\/p>\n\n\n\n<ul class=\"wp-block-list\">\n<li>personnels de direction (proviseures ou proviseurs, adjoints \u00e0 la cheffe ou au chef d&rsquo;\u00e9tablissement, principal ou principale),<\/li>\n\n\n\n<li>personnels au profil administratif et financier (DAF, ACS, DAF-ACS, secr\u00e9taire g\u00e9n\u00e9ral),<\/li>\n\n\n\n<li>directeurs ou directrices d&rsquo;\u00e9cole primaire,<\/li>\n\n\n\n<li>inspectrice ou inspecteur de l&rsquo;\u00c9ducation nationale (IEN).<\/li>\n<\/ul>\n\n\n\n<p><em><strong><a href=\"https:\/\/www.aefe.fr\/personnels\/recrutement-des-personnes-detachees-sur-missions-dencadrement\/pre-liste-de-postes\">Voir la page Pr\u00e9-liste de postes d&rsquo;encadrement \u00e0 pourvoir<\/a><\/strong><\/em>.<\/p>\n\n\n\n<p><br><strong>Pour les missions de formation, il s&rsquo;agit de postes de :<\/strong><\/p>\n\n\n\n<ul class=\"wp-block-list\">\n<li>formateurs ou formatrices du premier degr\u00e9 [conseill\u00e8res ou conseillers p\u00e9dagogiques aupr\u00e8s de l&rsquo;IEN (CPAIEN) et enseignants ou enseignantes ma\u00eetres formateurs en \u00e9tablissement (EMFE)],<\/li>\n\n\n\n<li>d&rsquo;enseignants formateurs ou enseignantes formatrices du second degr\u00e9 (EF2D).<\/li>\n<\/ul>\n\n\n\n<p><em><strong><a href=\"https:\/\/www.aefe.fr\/personnels\/recrutement-des-personnes-detachees-sur-missions-de-formation\/pre-liste-de-postes-de\">Voir la page Pr\u00e9-liste de postes de formation \u00e0 pourvoir<\/a><\/strong><\/em><\/p>\n\n\n\n<p><br><strong>\u00c0 l&rsquo;ouverture de la campagne de recrutement le 5&nbsp;septembre 2024, les listes d\u00e9finitives des postes \u00e0 pourvoir de d\u00e9tach\u00e9s d&rsquo;encadrement et de formation \u00e0 pourvoir \u00e0 la rentr\u00e9e&nbsp;2025<\/strong> seront mises en ligne. Les candidates et candidats, tous et toutes<strong> fonctionnaires titulaires<\/strong>, pourront alors saisir leur dossier sur la plateforme num\u00e9rique d\u00e9di\u00e9e.<\/p>\n","protected":false},"excerpt":{"rendered":"<p>Sources: https:\/\/www.aefe.fr\/vie-du-reseau\/toute-lactualite\/en-avant-premiere-listes-indicatives-des-postes-dencadrement-et-de-formation-de-la-campagne-de?s=03 L&rsquo;AEFE propose \u00e0 la simple consultation des listes indicatives et provisoires des postes de d\u00e9tach\u00e9s sur missions d\u2019encadrement ou sur missions de formation qui pourraient \u00eatre \u00e0 pourvoir [&hellip;]<\/p>\n","protected":false},"author":1,"featured_media":0,"comment_status":"closed","ping_status":"closed","sticky":false,"template":"","format":"standard","meta":{"_lmt_disableupdate":"no","_lmt_disable":"","site-sidebar-layout":"default","site-content-layout":"","ast-site-content-layout":"default","site-content-style":"default","site-sidebar-style":"default","ast-global-header-display":"","ast-banner-title-visibility":"","ast-main-header-display":"","ast-hfb-above-header-display":"","ast-hfb-below-header-display":"","ast-hfb-mobile-header-display":"","site-post-title":"","ast-breadcrumbs-content":"","ast-featured-img":"","footer-sml-layout":"","ast-disable-related-posts":"","theme-transparent-header-meta":"","adv-header-id-meta":"","stick-header-meta":"","header-above-stick-meta":"","header-main-stick-meta":"","header-below-stick-meta":"","astra-migrate-meta-layouts":"set","ast-page-background-enabled":"default","ast-page-background-meta":{"desktop":{"background-color":"var(--ast-global-color-4)","background-image":"","background-repeat":"repeat","background-position":"center center","background-size":"auto","background-attachment":"scroll","background-type":"","background-media":"","overlay-type":"","overlay-color":"","overlay-opacity":"","overlay-gradient":""},"tablet":{"background-color":"","background-image":"","background-repeat":"repeat","background-position":"center center","background-size":"auto","background-attachment":"scroll","background-type":"","background-media":"","overlay-type":"","overlay-color":"","overlay-opacity":"","overlay-gradient":""},"mobile":{"background-color":"","background-image":"","background-repeat":"repeat","background-position":"center center","background-size":"auto","background-attachment":"scroll","background-type":"","background-media":"","overlay-type":"","overlay-color":"","overlay-opacity":"","overlay-gradient":""}},"ast-content-background-meta":{"desktop":{"background-color":"var(--ast-global-color-5)","background-image":"","background-repeat":"repeat","background-position":"center center","background-size":"auto","background-attachment":"scroll","background-type":"","background-media":"","overlay-type":"","overlay-color":"","overlay-opacity":"","overlay-gradient":""},"tablet":{"background-color":"var(--ast-global-color-5)","background-image":"","background-repeat":"repeat","background-position":"center center","background-size":"auto","background-attachment":"scroll","background-type":"","background-media":"","overlay-type":"","overlay-color":"","overlay-opacity":"","overlay-gradient":""},"mobile":{"background-color":"var(--ast-global-color-5)","background-image":"","background-repeat":"repeat","background-position":"center center","background-size":"auto","background-attachment":"scroll","background-type":"","background-media":"","overlay-type":"","overlay-color":"","overlay-opacity":"","overlay-gradient":""}},"footnotes":""},"categories":[41,7],"tags":[],"class_list":["post-3485","post","type-post","status-publish","format-standard","hentry","category-actualites-2024-2025","category-mutation"],"modified_by":"slecourtier","_links":{"self":[{"href":"https:\/\/snalc.org\/snalc2023\/index.php?rest_route=\/wp\/v2\/posts\/3485","targetHints":{"allow":["GET"]}}],"collection":[{"href":"https:\/\/snalc.org\/snalc2023\/index.php?rest_route=\/wp\/v2\/posts"}],"about":[{"href":"https:\/\/snalc.org\/snalc2023\/index.php?rest_route=\/wp\/v2\/types\/post"}],"author":[{"embeddable":true,"href":"https:\/\/snalc.org\/snalc2023\/index.php?rest_route=\/wp\/v2\/users\/1"}],"replies":[{"embeddable":true,"href":"https:\/\/snalc.org\/snalc2023\/index.php?rest_route=%2Fwp%2Fv2%2Fcomments&post=3485"}],"version-history":[{"count":2,"href":"https:\/\/snalc.org\/snalc2023\/index.php?rest_route=\/wp\/v2\/posts\/3485\/revisions"}],"predecessor-version":[{"id":3487,"href":"https:\/\/snalc.org\/snalc2023\/index.php?rest_route=\/wp\/v2\/posts\/3485\/revisions\/3487"}],"wp:attachment":[{"href":"https:\/\/snalc.org\/snalc2023\/index.php?rest_route=%2Fwp%2Fv2%2Fmedia&parent=3485"}],"wp:term":[{"taxonomy":"category","embeddable":true,"href":"https:\/\/snalc.org\/snalc2023\/index.php?rest_route=%2Fwp%2Fv2%2Fcategories&post=3485"},{"taxonomy":"post_tag","embeddable":true,"href":"https:\/\/snalc.org\/snalc2023\/index.php?rest_route=%2Fwp%2Fv2%2Ftags&post=3485"}],"curies":[{"name":"wp","href":"https:\/\/api.w.org\/{rel}","templated":true}]}}