{"id":3535,"date":"2024-09-07T12:59:59","date_gmt":"2024-09-07T10:59:59","guid":{"rendered":"https:\/\/snalc.org\/snalc2023\/?p=3535"},"modified":"2024-09-07T13:00:03","modified_gmt":"2024-09-07T11:00:03","slug":"europe-1-une-rentree-des-classes-sans-ministre-de-leducation-nationale-est-ce-un-probleme-europe-1-une-rentree-des-classes-sans-ministre-de-leducation-nationale","status":"publish","type":"post","link":"https:\/\/snalc.org\/snalc2023\/?p=3535","title":{"rendered":"Europe 1 \u2013 Une rentr\u00e9e des classes sans ministre de l\u2019\u00c9ducation nationale, est-ce un probl\u00e8me ?Europe 1 \u2013 Une rentr\u00e9e des classes sans ministre de l\u2019\u00c9ducation nationale, est-ce un probl\u00e8me ?"},"content":{"rendered":"\n<figure class=\"wp-block-image\"><img decoding=\"async\" src=\"https:\/\/snalc.fr\/wp-content\/uploads\/0cefd5f43e46d264b2ecfa5c72181824da1c7623-e1702023740382.png\" alt=\"\" class=\"wp-image-4206\"\/><\/figure>\n\n\n\n<p>\u00ab&#8230; Cela montre bien que le ou la ministre de l&rsquo;\u00c9ducation nationale n&rsquo;est pas vraiment la personne la plus importante. Le syst\u00e8me fonctionne, ou plut\u00f4t dysfonctionne, car il est en crise, mais il repose beaucoup plus sur les personnels. Un enseignant, une accompagnante d&rsquo;\u00e9l\u00e8ves en situation de handicap, un personnel de direction ou un personnel administratif ont bien plus de responsabilit\u00e9s et d&rsquo;impact qu&rsquo;un ministre&#8230;.\u00bb<\/p>\n\n\n\n<figure class=\"wp-block-image\"><img decoding=\"async\" src=\"https:\/\/snalc.fr\/wp-content\/uploads\/SNALC-congres-Strasbourg-mai-2023-Photo-Philippe-Sautier-3-e1686317689865.jpg\" alt=\"\" class=\"wp-image-27808\"\/><\/figure>\n\n\n\n<p>Jean-R\u00e9mi Girard<\/p>\n\n\n\n<p>Pr\u00e9sident du SNALC<\/p>\n\n\n\n<p><strong>12 millions d\u2019\u00e9l\u00e8ves vont reprendre le chemin des cours demain, sans ministre attitr\u00e9, et avec des r\u00e9formes \u00e0 venir, notamment en ce qui concerne le brevet. Jean-R\u00e9mi Girard, professeur de fran\u00e7ais, fera sa rentr\u00e9e.<\/strong><\/p>\n\n\n\n<p>Jean-R\u00e9mi Girard, pr\u00e9sident du SNALC, est l\u2019invit\u00e9 de Lena\u00efg Monier sur <a href=\"https:\/\/www.europe1.fr\/emissions\/Europe-1-Midi2\/europe-midi-le-journal-avec-pascal-perrineau-et-jean-remi-girard-4264964\">Europe 1<\/a> le premier septembre 2024.<\/p>\n\n\n\n<p><strong>Europe 1 \u2013 L\u00e9na\u00efg Monier<\/strong><\/p>\n\n\n\n<p>12 millions d\u2019\u00e9l\u00e8ves vont reprendre le chemin des cours demain, sans ministre attitr\u00e9, et avec des r\u00e9formes \u00e0 venir, notamment en ce qui concerne le brevet. Jean-R\u00e9mi Girard, professeur de fran\u00e7ais, fera sa rentr\u00e9e. Il est \u00e9galement pr\u00e9sident du SNALC, le Syndicat National des Lyc\u00e9es et Coll\u00e8ges, et il est \u00e0 mes c\u00f4t\u00e9s.<\/p>\n\n\n\n<p>Derni\u00e8re journ\u00e9e de vacances pour tous les \u00e9coliers fran\u00e7ais. Il faut s\u2019y r\u00e9soudre, et nous allons en parler dans un instant avec Jean-R\u00e9mi Girard.<\/p>\n\n\n\n<p>Mais avant cela, voyons si les petits comme les grands sont pr\u00eats \u00e0 retrouver le chemin de l\u2019\u00e9cole. Nous sommes all\u00e9s vous poser la question dans les rues de Toulouse.<\/p>\n\n\n\n<p>Propos recueillis pour Europe 1 par Alexis Bourdon. En tout cas, les Toulousains semblent pr\u00eats.<\/p>\n\n\n\n<p>Et vous, Jean-R\u00e9mi Girard, \u00eates-vous pr\u00eat ?<\/p>\n\n\n\n<p><strong>SNALC \u2013 Jean-R\u00e9mi Girard<\/strong><\/p>\n\n\n\n<p>\u00c9coutez, oui, j\u2019ai fait ma pr\u00e9-rentr\u00e9e vendredi, comme tous les coll\u00e8gues. Oui, nous sommes pr\u00eats.<\/p>\n\n\n\n<p><strong>Europe 1 \u2013 L\u00e9na\u00efg Monier<\/strong><\/p>\n\n\n\n<p>Vous \u00eates pr\u00eat, alors je vous poserai la question \u00e0 nouveau dans un instant. Mais avant cela, le minist\u00e8re de l\u2019\u00c9ducation nationale, est-il lui aussi pr\u00eat ? (\u2026)<\/p>\n\n\n\n<p>Je reviens vers vous, Jean-R\u00e9mi Girard. Vous repr\u00e9sentez le SNALC, le Syndicat National des Lyc\u00e9es et Coll\u00e8ges.<\/p>\n\n\n\n<p>Nous allons d\u2019abord nous pencher sur le brevet des coll\u00e8ges. Vous \u00eates professeur de lyc\u00e9e.<\/p>\n\n\n\n<p><strong>SNALC \u2013 Jean-R\u00e9mi Girard<\/strong><\/p>\n\n\n\n<p>J\u2019ai fait 9 ans de coll\u00e8ge.<\/p>\n\n\n\n<p><strong>Europe 1 \u2013 L\u00e9na\u00efg Monier<\/strong><\/p>\n\n\n\n<p>Alors, apr\u00e8s 9 ans pass\u00e9s au coll\u00e8ge, comment accueille-t-on les parents et les \u00e9l\u00e8ves de 3e cette ann\u00e9e ? Que leur dit-on ?<\/p>\n\n\n\n<p><strong>SNALC \u2013 Jean-R\u00e9mi Girard<\/strong><\/p>\n\n\n\n<p>On leur dit que, pour le moment, c\u2019est comme d\u2019habitude et que, si des changements doivent intervenir, ils seront \u00e9videmment tenus au courant.<\/p>\n\n\n\n<p>Mais nous-m\u00eames ne sommes pas d\u00e9cisionnaires, donc pour l\u2019instant, nous faisons comme si le brevet ne devait pas changer.<\/p>\n\n\n\n<p>Si, \u00e0 un moment donn\u00e9, le ou la ministre d\u00e9cide de publier des textes, alors nous nous adapterons.<\/p>\n\n\n\n<p>Au SNALC, nous trouvons tr\u00e8s \u00e9trange que des textes modifiant un examen soient publi\u00e9s la m\u00eame ann\u00e9e.\u201d<\/p>\n\n\n\n<p><strong>Europe 1 \u2013 L\u00e9na\u00efg Monier<\/strong><\/p>\n\n\n\n<p>L\u2019ann\u00e9e m\u00eame de l\u2019examen ?<\/p>\n\n\n\n<p>Un peu comme le stage de premi\u00e8re et de seconde qui est arriv\u00e9 un peu\u2026<\/p>\n\n\n\n<p><strong>SNALC \u2013 Jean-R\u00e9mi Girard<\/strong><\/p>\n\n\n\n<p>Comme le stage de seconde, qui a \u00e9t\u00e9 introduit en cours d\u2019ann\u00e9e, et qui, en plus, n\u2019avait pas grand sens en soi.<\/p>\n\n\n\n<p>Pour nous, l\u2019\u00e9ducation s\u2019inscrit dans un temps long. Cela implique que les personnels se pr\u00e9parent, ainsi que les \u00e9l\u00e8ves et les familles.<\/p>\n\n\n\n<p>Donc, lorsqu\u2019une nouvelle mesure est d\u00e9cid\u00e9e, il semble logique de l\u2019appliquer \u00e0 la rentr\u00e9e suivante.<\/p>\n\n\n\n<p><strong>Europe 1 \u2013 L\u00e9na\u00efg Monier<\/strong><\/p>\n\n\n\n<p>Alors, on a parl\u00e9, et on a \u00e9galement entendu dans le sujet de Louis Sal\u00e9, la question des classes de niveau. Cela reste en suspens, c\u2019est bien \u00e7a ?<\/p>\n\n\n\n<p>Comment allez-vous pouvoir \u00e9valuer tout cela ?<\/p>\n\n\n\n<p><strong>SNALC \u2013 Jean-R\u00e9mi Girard<\/strong><\/p>\n\n\n\n<p>Alors, les classes de niveau, les groupes de besoins, les groupes de niveau\u2026 C\u2019est un peu flou. D\u00e9j\u00e0, Gabriel Attal et Nicole Belloubet n\u2019\u00e9taient pas d\u2019accord sur la terminologie, ce qui ne nous a pas vraiment aid\u00e9s.<\/p>\n\n\n\n<p>Ce que nous constatons, c\u2019est qu\u2019il y a autant de fa\u00e7ons de faire que de coll\u00e8ges. Certains \u00e9tablissements suivent scrupuleusement ce que le minist\u00e8re a mis en place au printemps dernier.<\/p>\n\n\n\n<p>D\u2019autres coll\u00e8ges, il faut le dire, n\u2019organiseront pas de groupes de besoins. Ils utiliseront les quelques heures suppl\u00e9mentaires, quand elles existent, pour faire des d\u00e9doublements.<\/p>\n\n\n\n<p>L\u2019enseignement priv\u00e9 sous contrat a clairement d\u00e9clar\u00e9 que, sans moyens suppl\u00e9mentaires, il n\u2019appliquerait pas cette r\u00e9forme.<\/p>\n\n\n\n<p>Dans ce contexte, sans v\u00e9ritable volont\u00e9 politique, les \u00e9tablissements feront de leur mieux. Il faut aussi noter que ces groupes de besoins, tels qu\u2019ils ont \u00e9t\u00e9 pens\u00e9s par Gabriel Attal et Nicole Belloubet, demandent beaucoup plus de personnel que ce qui nous a \u00e9t\u00e9 allou\u00e9, notamment dans des disciplines en crise.<\/p>\n\n\n\n<p>Le fran\u00e7ais et les math\u00e9matiques, deux disciplines qui ne font pas le plein au concours, sont particuli\u00e8rement concern\u00e9es. De plus, cela cr\u00e9e des contraintes logistiques terrifiantes. Il faut aligner toutes les classes de sixi\u00e8me sur les m\u00eames cr\u00e9neaux horaires pour le fran\u00e7ais et les math\u00e9matiques.<\/p>\n\n\n\n<p>Cela signifie que vous verrez passer des \u00e9l\u00e8ves que vous n\u2019aurez m\u00eame pas vraiment l\u2019occasion de conna\u00eetre au cours de l\u2019ann\u00e9e, et vous ne serez m\u00eame pas leur professeur attitr\u00e9. Cela va rendre les rendez-vous avec les parents tr\u00e8s compliqu\u00e9s.<\/p>\n\n\n\n<p>En fran\u00e7ais, par exemple, comment \u00e7a se passe ? Il faudra demander \u00e0 M. Machin ou Mme Bidule, qui l\u2019aura vu trois semaines ou quatre semaines.<\/p>\n\n\n\n<p>Je pense que cette initiative va se dissoudre d\u2019elle-m\u00eame au fil du temps, car elle n\u2019a pas \u00e9t\u00e9 pens\u00e9e de mani\u00e8re concr\u00e8te et pratique.<\/p>\n\n\n\n<p><strong>Europe 1 \u2013 L\u00e9na\u00efg Monier<\/strong><\/p>\n\n\n\n<p>Justement, nous entendions il y a quelques instants Pascal Perrineau nous dire que nous pourrions avoir un nouveau Premier ministre demain, en la personne de Bernard Cazeneuve.<\/p>\n\n\n\n<p>Vous avez vu d\u00e9filer un bon nombre de ministres de l\u2019\u00c9ducation ces derni\u00e8res ann\u00e9es, alors que, comme vous le rappeliez, l\u2019\u00c9ducation nationale a besoin de stabilit\u00e9.<\/p>\n\n\n\n<p><strong>SNALC \u2013 Jean-R\u00e9mi Girard<\/strong><\/p>\n\n\n\n<p>Oui, c\u2019est peut-\u00eatre une question de karma. Nous avons eu Jean-Michel Blanquer, qui a battu le record de long\u00e9vit\u00e9 en tant que ministre de l\u2019\u00c9ducation, m\u00eame si son mandat n\u2019a pas \u00e9t\u00e9 forc\u00e9ment brillant. Il est rest\u00e9 en poste pendant cinq ans.<\/p>\n\n\n\n<p>Ensuite, nous avons vu passer Pap Ndiaye, Gabriel Attal, Am\u00e9lie Oud\u00e9a-Cast\u00e9ra \u2014 qui n\u2019est pas rest\u00e9e longtemps \u2014, et maintenant Nicole Belloubet. Et peut-\u00eatre quelqu\u2019un d\u2019autre bient\u00f4t.<\/p>\n\n\n\n<p>Cela montre bien que le ou la ministre de l\u2019\u00c9ducation nationale n\u2019est pas vraiment la personne la plus importante. Le syst\u00e8me fonctionne, ou plut\u00f4t dysfonctionne, car il est en crise, mais il repose beaucoup plus sur les personnels.<\/p>\n\n\n\n<p>Un enseignant, une accompagnante d\u2019\u00e9l\u00e8ves en situation de handicap, un personnel de direction ou un personnel administratif ont bien plus de responsabilit\u00e9s et d\u2019impact qu\u2019un ministre.<\/p>\n\n\n\n<p>En r\u00e9alit\u00e9, on voit bien que les ministres prennent des d\u00e9cisions, puis passent \u00e0 autre chose. S\u2019ils ont fait une r\u00e9forme qui n\u2019a pas march\u00e9, ce n\u2019est pas tr\u00e8s grave pour eux.<\/p>\n\n\n\n<p>Pour nous, en revanche, si \u00e7a ne se passe pas bien, c\u2019est beaucoup plus grave.<\/p>\n\n\n\n<p><strong>Europe 1 \u2013 L\u00e9na\u00efg Monier<\/strong><\/p>\n\n\n\n<p>Et vous serez donc demain aux avant-postes, un peu livr\u00e9 \u00e0 vous-m\u00eame, comme nous l\u2019avons bien compris en cette p\u00e9riode interm\u00e9diaire.<\/p>\n\n\n\n<p>Merci beaucoup, Jean-R\u00e9mi Girard. Bonne rentr\u00e9e !<\/p>\n\n\n\n<p><strong>SNALC \u2013 Jean-R\u00e9mi Girard<\/strong><\/p>\n\n\n\n<p>\u00c9coutez, merci, et bonne rentr\u00e9e \u00e0 tous les coll\u00e8gues ainsi qu\u2019\u00e0 tous les \u00e9l\u00e8ves.<\/p>\n\n\n\n<p><strong>Europe 1 \u2013 L\u00e9na\u00efg Monier<\/strong><\/p>\n\n\n\n<p>Et \u00e0 tous les 12 millions de petits et grands qui reprennent le chemin de l\u2019\u00e9cole demain. Je rappelle que vous pr\u00e9sidez le SNALC, le Syndicat National des Lyc\u00e9es et Coll\u00e8ges.<\/p>\n\n\n\n<p>\u00ab&#8230;On leur dit que, pour le moment, c&rsquo;est comme d&rsquo;habitude et que, si des changements doivent intervenir, ils seront \u00e9videmment tenus au courant. Mais nous-m\u00eames ne sommes pas d\u00e9cisionnaires, donc pour l&rsquo;instant, nous faisons comme si le brevet ne devait pas changer. Si, \u00e0 un moment donn\u00e9, le ou la ministre d\u00e9cide de publier des textes, alors nous nous adapterons&#8230;\u00bb<\/p>\n\n\n\n<figure class=\"wp-block-image\"><img decoding=\"async\" src=\"https:\/\/snalc.fr\/wp-content\/uploads\/SNALC-congres-Strasbourg-mai-2023-Photo-Philippe-Sautier-3-e1686317689865.jpg\" alt=\"\" class=\"wp-image-27808\"\/><\/figure>\n\n\n\n<p>Jean-R\u00e9mi Girard<\/p>\n\n\n\n<p>Pr\u00e9sident du SNALC<\/p>\n","protected":false},"excerpt":{"rendered":"<p>\u00ab&#8230; Cela montre bien que le ou la ministre de l&rsquo;\u00c9ducation nationale n&rsquo;est pas vraiment la personne la plus importante. Le syst\u00e8me fonctionne, ou plut\u00f4t dysfonctionne, car il est en [&hellip;]<\/p>\n","protected":false},"author":1,"featured_media":0,"comment_status":"closed","ping_status":"closed","sticky":false,"template":"","format":"standard","meta":{"_lmt_disableupdate":"","_lmt_disable":"","site-sidebar-layout":"default","site-content-layout":"","ast-site-content-layout":"default","site-content-style":"default","site-sidebar-style":"default","ast-global-header-display":"","ast-banner-title-visibility":"","ast-main-header-display":"","ast-hfb-above-header-display":"","ast-hfb-below-header-display":"","ast-hfb-mobile-header-display":"","site-post-title":"","ast-breadcrumbs-content":"","ast-featured-img":"","footer-sml-layout":"","ast-disable-related-posts":"","theme-transparent-header-meta":"","adv-header-id-meta":"","stick-header-meta":"","header-above-stick-meta":"","header-main-stick-meta":"","header-below-stick-meta":"","astra-migrate-meta-layouts":"set","ast-page-background-enabled":"default","ast-page-background-meta":{"desktop":{"background-color":"var(--ast-global-color-4)","background-image":"","background-repeat":"repeat","background-position":"center center","background-size":"auto","background-attachment":"scroll","background-type":"","background-media":"","overlay-type":"","overlay-color":"","overlay-opacity":"","overlay-gradient":""},"tablet":{"background-color":"","background-image":"","background-repeat":"repeat","background-position":"center center","background-size":"auto","background-attachment":"scroll","background-type":"","background-media":"","overlay-type":"","overlay-color":"","overlay-opacity":"","overlay-gradient":""},"mobile":{"background-color":"","background-image":"","background-repeat":"repeat","background-position":"center center","background-size":"auto","background-attachment":"scroll","background-type":"","background-media":"","overlay-type":"","overlay-color":"","overlay-opacity":"","overlay-gradient":""}},"ast-content-background-meta":{"desktop":{"background-color":"var(--ast-global-color-5)","background-image":"","background-repeat":"repeat","background-position":"center center","background-size":"auto","background-attachment":"scroll","background-type":"","background-media":"","overlay-type":"","overlay-color":"","overlay-opacity":"","overlay-gradient":""},"tablet":{"background-color":"var(--ast-global-color-5)","background-image":"","background-repeat":"repeat","background-position":"center center","background-size":"auto","background-attachment":"scroll","background-type":"","background-media":"","overlay-type":"","overlay-color":"","overlay-opacity":"","overlay-gradient":""},"mobile":{"background-color":"var(--ast-global-color-5)","background-image":"","background-repeat":"repeat","background-position":"center center","background-size":"auto","background-attachment":"scroll","background-type":"","background-media":"","overlay-type":"","overlay-color":"","overlay-opacity":"","overlay-gradient":""}},"footnotes":""},"categories":[41],"tags":[],"class_list":["post-3535","post","type-post","status-publish","format-standard","hentry","category-actualites-2024-2025"],"modified_by":"slecourtier","_links":{"self":[{"href":"https:\/\/snalc.org\/snalc2023\/index.php?rest_route=\/wp\/v2\/posts\/3535","targetHints":{"allow":["GET"]}}],"collection":[{"href":"https:\/\/snalc.org\/snalc2023\/index.php?rest_route=\/wp\/v2\/posts"}],"about":[{"href":"https:\/\/snalc.org\/snalc2023\/index.php?rest_route=\/wp\/v2\/types\/post"}],"author":[{"embeddable":true,"href":"https:\/\/snalc.org\/snalc2023\/index.php?rest_route=\/wp\/v2\/users\/1"}],"replies":[{"embeddable":true,"href":"https:\/\/snalc.org\/snalc2023\/index.php?rest_route=%2Fwp%2Fv2%2Fcomments&post=3535"}],"version-history":[{"count":1,"href":"https:\/\/snalc.org\/snalc2023\/index.php?rest_route=\/wp\/v2\/posts\/3535\/revisions"}],"predecessor-version":[{"id":3536,"href":"https:\/\/snalc.org\/snalc2023\/index.php?rest_route=\/wp\/v2\/posts\/3535\/revisions\/3536"}],"wp:attachment":[{"href":"https:\/\/snalc.org\/snalc2023\/index.php?rest_route=%2Fwp%2Fv2%2Fmedia&parent=3535"}],"wp:term":[{"taxonomy":"category","embeddable":true,"href":"https:\/\/snalc.org\/snalc2023\/index.php?rest_route=%2Fwp%2Fv2%2Fcategories&post=3535"},{"taxonomy":"post_tag","embeddable":true,"href":"https:\/\/snalc.org\/snalc2023\/index.php?rest_route=%2Fwp%2Fv2%2Ftags&post=3535"}],"curies":[{"name":"wp","href":"https:\/\/api.w.org\/{rel}","templated":true}]}}