{"id":3539,"date":"2024-09-07T13:06:11","date_gmt":"2024-09-07T11:06:11","guid":{"rendered":"https:\/\/snalc.org\/snalc2023\/?p=3539"},"modified":"2024-09-07T13:06:16","modified_gmt":"2024-09-07T11:06:16","slug":"sqooltv-une-rentree-avec-ou-sans-ministre","status":"publish","type":"post","link":"https:\/\/snalc.org\/snalc2023\/?p=3539","title":{"rendered":"SQOOLTV : Une rentr\u00e9e avec ou sans ministre ?"},"content":{"rendered":"\n<ul class=\"wp-block-list\">\n<li><\/li>\n<\/ul>\n\n\n\n<figure class=\"wp-block-image\"><img decoding=\"async\" src=\"https:\/\/snalc.fr\/wp-content\/uploads\/Unowhy-Sqool-TV-chaine-television-imaginer-ecole-demain.jpg\" alt=\"\" class=\"wp-image-14991\"\/><\/figure>\n\n\n\n<p>\u00ab Les difficult\u00e9s que nous pouvons rencontrer sont effectivement : avons-nous 100 % des enseignants ? La r\u00e9ponse est non. Et nous ne les aurons pas tout au long de l&rsquo;ann\u00e9e. \u00bb<\/p>\n\n\n\n<figure class=\"wp-block-image\"><img decoding=\"async\" src=\"https:\/\/snalc.fr\/wp-content\/uploads\/SNALC_Jean_Remi_GIRARD.jpg\" alt=\"\" class=\"wp-image-3071\"\/><\/figure>\n\n\n\n<p>Jean-R\u00e9mi Girard<\/p>\n\n\n\n<p>Pr\u00e9sident du SNALC<\/p>\n\n\n\n<p><strong>En ce jour de rentr\u00e9e scolaire, comment appr\u00e9hender cette nouvelle ann\u00e9e, en pleine instabilit\u00e9 politique ? Ces vacances auront-elles \u00e9t\u00e9 une tr\u00eave ou un moment de r\u00e9flexion ? Qu\u2019en pensent les acteurs de l\u2019\u00e9ducation ?&nbsp;<\/strong><\/p>\n\n\n\n<p>Jean-R\u00e9mi Girard, pr\u00e9sident du SNALC,&nbsp; r\u00e9pond aux questions sur <a href=\"https:\/\/www.sqooltv.com\/videos\/le-grand-jt-de-leducation-02-09-2024-une-rentree-scolaire-sous-le-signe-de-linconnu\/\">SQOOL TV <\/a>Le grand JT de l\u2019\u00e9ducation le 02 septembre 2024.<\/p>\n\n\n\n<p><strong>SQOOL TV \u2013 Virginie Guilhaume<\/strong><\/p>\n\n\n\n<p>[\u2026] Pour vous citer, vous l\u2019aviez d\u00e9j\u00e0 dit d\u00e9but juillet dernier, \u201cla rentr\u00e9e est d\u00e9j\u00e0 faite\u201d, Jean-R\u00e9mi Girard.<\/p>\n\n\n\n<p>\u00c7a veut donc dire quoi ? \u00c7a veut dire que les chefs d\u2019\u00e9tablissement et les recteurs, finalement, ce sont eux qui, aujourd\u2019hui, g\u00e8rent cette rentr\u00e9e bien plus que le ministre ?<\/p>\n\n\n\n<p><strong>SNALC \u2013 Jean-R\u00e9mi Girard<\/strong><\/p>\n\n\n\n<p>Oui, tout \u00e0 fait. Le travail du minist\u00e8re se fait tr\u00e8s, tr\u00e8s en amont, et c\u2019est surtout un agenda politique : des r\u00e9formes, la mise en \u0153uvre d\u2019un certain nombre de choses.<\/p>\n\n\n\n<p>Mais le travail concret, lui, se fait au niveau des acad\u00e9mies, puis au niveau des \u00e9coles et des \u00e9tablissements scolaires. C\u2019est-\u00e0-dire que nous, on va s\u2019occuper des \u00e9l\u00e8ves.<\/p>\n\n\n\n<p>Les difficult\u00e9s que nous pouvons rencontrer sont effectivement : avons-nous 100 % des enseignants ? La r\u00e9ponse est non. Et nous ne les aurons pas tout au long de l\u2019ann\u00e9e.<\/p>\n\n\n\n<p>On le sait d\u00e9j\u00e0, puisqu\u2019en cette ann\u00e9e, la situation est assez similaire \u00e0 celle des deux ann\u00e9es pr\u00e9c\u00e9dentes en termes de manque de postes et de difficult\u00e9s \u00e0 remplacer.<\/p>\n\n\n\n<p><strong>SQOOL TV \u2013 Virginie Guilhaume<\/strong><\/p>\n\n\n\n<p>Pourtant, ce matin, Nicole Belloubet a bien dit sur France Inter qu\u2019elle faisait tout pour qu\u2019il y ait un professeur devant chaque \u00e9l\u00e8ve pour cette rentr\u00e9e 2024.<\/p>\n\n\n\n<p><strong>SNALC \u2013 Jean-R\u00e9mi Girard<\/strong><\/p>\n\n\n\n<p>Elle fait tout, mais ce n\u2019est pas parce qu\u2019elle fait tout que cela va se r\u00e9aliser.<\/p>\n\n\n\n<p>\u00abon a l&rsquo;impression que tout le monde n&rsquo;a pas pris conscience qu&rsquo;en r\u00e9alit\u00e9, elle n&rsquo;est pas vraiment ministre.\u00bb<\/p>\n\n\n\n<figure class=\"wp-block-image\"><img decoding=\"async\" src=\"https:\/\/snalc.fr\/wp-content\/uploads\/SNALC_Jean_Remi_GIRARD.jpg\" alt=\"\" class=\"wp-image-3071\"\/><\/figure>\n\n\n\n<p>Jean-R\u00e9mi Girard<\/p>\n\n\n\n<p>Pr\u00e9sident du SNALC<\/p>\n\n\n\n<p><strong>SQOOL TV \u2013 Virginie Guilhaume<\/strong><\/p>\n\n\n\n<p>Pourquoi prendre la parole ce matin, dans ces conditions, sur une grande station comme France Inter, en tant que ministre, certes d\u00e9missionnaire, mais tout de m\u00eame ministre de l\u2019\u00c9ducation, ou du moins en charge des affaires courantes, pour affirmer qu\u2019il y aurait un professeur devant chaque \u00e9l\u00e8ve, ou en tout cas sauf cas exceptionnels, mais qu\u2019elle faisait tout pour cela ?&nbsp;Pourquoi cette communication ?<\/p>\n\n\n\n<p><strong>SNALC \u2013 Jean-R\u00e9mi Girard<\/strong><\/p>\n\n\n\n<p>Alors, moi je trouve \u00e7a tr\u00e8s \u00e9trange, parce que cela fait maintenant environ 50 jours que le gouvernement a d\u00e9missionn\u00e9.&nbsp;La ministre d\u00e9missionnaire a quand m\u00eame tenu une conf\u00e9rence de presse de rentr\u00e9e.<\/p>\n\n\n\n<p>J\u2019avoue que je n\u2019ai pas tr\u00e8s bien compris, et au SNALC non plus, en quoi une conf\u00e9rence de presse de rentr\u00e9e fait partie des affaires courantes. Il ne nous semblait pas que c\u2019\u00e9tait le cas\u2026 ou encore ses visites dans les \u00e9coles, etc.&nbsp;On a l\u2019impression que ministre d\u00e9missionnaire et ministre, c\u2019est \u00e0 peu pr\u00e8s la m\u00eame chose.<\/p>\n\n\n\n<p>Elle parlait d\u00e9j\u00e0 de g\u00e9n\u00e9raliser l\u2019exp\u00e9rimentation concernant les t\u00e9l\u00e9phones portables en janvier ; elle disait que les mesures sur la r\u00e9forme du brevet \u00e9taient pour l\u2019instant gel\u00e9es, mais qu\u2019elles allaient reprendre d\u00e8s qu\u2019il y aurait un nouveau gouvernement.<\/p>\n\n\n\n<p>Enfin, on a l\u2019impression que tout le monde n\u2019a pas pris conscience qu\u2019en r\u00e9alit\u00e9, elle n\u2019est pas vraiment ministre.<\/p>\n\n\n\n<p>Donc, c\u2019est tr\u00e8s bizarre qu\u2019elle fixe un cap alors qu\u2019elle n\u2019est pas en capacit\u00e9 de le fixer. Peut-\u00eatre que dans une semaine, ce cap sera compl\u00e8tement diff\u00e9rent.<\/p>\n\n\n\n<p>\u00ab&#8230;[les] \u00e9valuations nationales et la multiplication de celles-ci [&#8230;] sont tr\u00e8s fortement rejet\u00e9es par les professeurs des \u00e9coles depuis le d\u00e9but.\u00bb<\/p>\n\n\n\n<figure class=\"wp-block-image\"><img decoding=\"async\" src=\"https:\/\/snalc.fr\/wp-content\/uploads\/SNALC_Jean_Remi_GIRARD.jpg\" alt=\"\" class=\"wp-image-3071\"\/><\/figure>\n\n\n\n<p>Jean-R\u00e9mi Girard<\/p>\n\n\n\n<p>Pr\u00e9sident du SNALC<\/p>\n\n\n\n<p><strong>SQOOL TV \u2013 Virginie Guilhaume<\/strong><\/p>\n\n\n\n<p>Vous \u00eates tous unis, je parle des syndicats, dans cette gr\u00e8ve ?<\/p>\n\n\n\n<p><strong>SNALC \u2013 Jean-R\u00e9mi Girard<\/strong><\/p>\n\n\n\n<p>Pour l\u2019instant, nous n\u2019avons pas encore appel\u00e9 \u00e0 la gr\u00e8ve. \u00c0 l\u2019heure o\u00f9 nous nous parlons, nous sommes en train d\u2019en discuter en intersyndicale, et ce n\u2019est pas une gr\u00e8ve de rentr\u00e9e de l\u2019\u00c9ducation nationale.<\/p>\n\n\n\n<p>La proposition concerne uniquement le premier degr\u00e9, sp\u00e9cifiquement sur le point des \u00e9valuations nationales et la multiplication de celles-ci, qui sont tr\u00e8s fortement rejet\u00e9es par les professeurs des \u00e9coles depuis le d\u00e9but.<\/p>\n\n\n\n<p>Donc, s\u2019il y a une journ\u00e9e de gr\u00e8ve, ce sera tr\u00e8s sp\u00e9cifiquement sur ce sujet.<\/p>\n\n\n\n<p>Ce n\u2019est pas la \u201cgr\u00e8ve fourre-tout\u201d o\u00f9 l\u2019on rassemble toutes les revendications pour les pr\u00e9senter \u00e0 la rentr\u00e9e.<\/p>\n\n\n\n<p>Pour l\u2019instant, au SNALC, nous n\u2019avons pas pris position.<\/p>\n\n\n\n<p>\u00abEffectivement, les moyens concrets, ce sont ceux de l&rsquo;\u00e9tablissement ou de la collectivit\u00e9 locale, donc du d\u00e9partement pour les coll\u00e8ges, qui a peut-\u00eatre autre chose \u00e0 faire que d&rsquo;acheter des casiers en urgence pour la rentr\u00e9e.\u00bb<\/p>\n\n\n\n<figure class=\"wp-block-image\"><img decoding=\"async\" src=\"https:\/\/snalc.fr\/wp-content\/uploads\/SNALC_Jean_Remi_GIRARD.jpg\" alt=\"\" class=\"wp-image-3071\"\/><\/figure>\n\n\n\n<p>Jean-R\u00e9mi Girard<\/p>\n\n\n\n<p>Pr\u00e9sident du SNALC<\/p>\n\n\n\n<p><strong>SQOOL TV \u2013 Virginie Guilhaume<\/strong><\/p>\n\n\n\n<p>On parle de la pause num\u00e9rique, vous l\u2019avez \u00e9voqu\u00e9e, cela a \u00e9t\u00e9 annonc\u00e9 dans le discours de rentr\u00e9e.<\/p>\n\n\n\n<p>On en a reparl\u00e9 effectivement ce matin avec une exp\u00e9rimentation dans 200 coll\u00e8ges \u2014 je crois que ce ne sont que des coll\u00e8ges, pas des lyc\u00e9es \u2014 avant une g\u00e9n\u00e9ralisation pr\u00e9vue pour janvier 2025.<\/p>\n\n\n\n<p>Concr\u00e8tement, \u00e7a veut dire quoi ? Des casiers ? Les t\u00e9l\u00e9phones dans les sacs ? Qui va payer les casiers ? Comment fait-on ? L\u2019argent vient d\u2019o\u00f9 ?<\/p>\n\n\n\n<p><strong>SNALC \u2013 Jean-R\u00e9mi Girard<\/strong><\/p>\n\n\n\n<p>Alors, l\u2019argent provient soit des collectivit\u00e9s locales, soit de l\u2019\u00e9tablissement lui-m\u00eame. Ce n\u2019est pas l\u2019\u00c9tat qui finance, cela a \u00e9t\u00e9 clairement dit : l\u2019\u00c9tat ne met pas d\u2019argent.<\/p>\n\n\n\n<p>Donc l\u2019\u00c9tat propose une exp\u00e9rimentation et envisage une g\u00e9n\u00e9ralisation sans avoir le pouvoir politique de le faire, une fois encore on le rappelle, parce qu\u2019en janvier, on ne sait pas tr\u00e8s bien ce qui va se passer.<\/p>\n\n\n\n<p>Mais effectivement, les moyens concrets, ce sont ceux de l\u2019\u00e9tablissement ou de la collectivit\u00e9 locale, donc du d\u00e9partement pour les coll\u00e8ges, qui a peut-\u00eatre autre chose \u00e0 faire que d\u2019acheter des casiers en urgence pour la rentr\u00e9e.<\/p>\n\n\n\n<p>En soi, nous ne sommes pas contre, au SNALC, sur le principe \u2014 le t\u00e9l\u00e9phone portable est un vrai souci, je crois que c\u2019est \u00e0 peu pr\u00e8s la quatri\u00e8me fois qu\u2019on l\u2019interdit au coll\u00e8ge.<\/p>\n\n\n\n<p><strong>SQOOL TV \u2013 Virginie Guilhaume<\/strong><\/p>\n\n\n\n<p>Oui, parce que ce n\u2019est pas tout nouveau, n\u2019est-ce pas ? \u00c7a date de 2019, non ? Ou 2018, c\u2019est \u00e7a ?<\/p>\n\n\n\n<p><strong>SNALC \u2013 Jean-R\u00e9mi Girard<\/strong><\/p>\n\n\n\n<p>Oui, c\u2019\u00e9tait Jean-Michel Blanquer.&nbsp;L\u00e0, c\u2019est une modalit\u00e9 diff\u00e9rente. Si c\u2019est appliqu\u00e9, il est difficile de v\u00e9rifier, d\u2019\u00eatre derri\u00e8re chaque \u00e9l\u00e8ve, de s\u2019assurer que le t\u00e9l\u00e9phone est bien \u00e9teint au fond du sac et qu\u2019il ne soit pas allum\u00e9 dans la poche.<\/p>\n\n\n\n<p>\u00ab Tr\u00e8s clairement, c&rsquo;est ce que nous avons toujours dit au SNALC. D&rsquo;ailleurs, nous avions transmis aux chefs d&rsquo;\u00e9tablissement et aux enseignants un document indiquant que le texte r\u00e9glementaire \u00e9tait tellement mal \u00e9crit et flou, qu&rsquo;il \u00e9tait possible de l&rsquo;interpr\u00e9ter de diverses fa\u00e7ons et donc de faire \u00e0 peu pr\u00e8s ce que l&rsquo;on voulait.\u00bb<\/p>\n\n\n\n<figure class=\"wp-block-image\"><img decoding=\"async\" src=\"https:\/\/snalc.fr\/wp-content\/uploads\/SNALC_Jean_Remi_GIRARD.jpg\" alt=\"\" class=\"wp-image-3071\"\/><\/figure>\n\n\n\n<p>Jean-R\u00e9mi Girard<\/p>\n\n\n\n<p>Pr\u00e9sident du SNALC<\/p>\n\n\n\n<p><strong>SNALC \u2013 Jean-R\u00e9mi Girard<\/strong><\/p>\n\n\n\n<p><em>[Sur l\u2019organisation du \u201cchoc des savoirs\u201d en coll\u00e8ge]<\/em><\/p>\n\n\n\n<p>Autant de coll\u00e8ges, autant d\u2019organisations.<\/p>\n\n\n\n<p>On avait d\u00e9j\u00e0 eu un s\u00e9rieux signal d\u2019alerte lorsque l\u2019enseignement priv\u00e9 sous contrat avait d\u00e9clar\u00e9 : \u201cSi nous n\u2019avons pas les moyens suffisants, nous ne l\u2019appliquerons pas.\u201d&nbsp;Je ne crois pas que les rectorats aient vraiment v\u00e9rifi\u00e9 de pr\u00e8s ce qui s\u2019est pass\u00e9 \u00e0 la rentr\u00e9e dans les coll\u00e8ges priv\u00e9s.<\/p>\n\n\n\n<p>Partant de l\u00e0, les coll\u00e8ges publics pourraient aussi se dire : \u201cDe toute fa\u00e7on, puisque le priv\u00e9 fait bien ce qu\u2019il veut, et qu\u2019il n\u2019y a plus de pouvoir politique suffisamment fort pour nous l\u2019imposer, nous allons essayer de trouver les solutions les plus adapt\u00e9es aux \u00e9l\u00e8ves.\u201d Cela pourrait signifier, par exemple, organiser des demi-groupes, proposer des heures de soutien, et ne pas forc\u00e9ment aligner toutes les heures de fran\u00e7ais et de math\u00e9matiques pour tous les niveaux de 6e et 5e, sur toutes les heures de toute la semaine, ni \u00e9changer les \u00e9l\u00e8ves toutes les quatre semaines, comme cela avait \u00e9t\u00e9 pens\u00e9 par la ministre.&nbsp;C\u2019est d\u00e9structurant au possible.<\/p>\n\n\n\n<p><strong>SQOOL TV \u2013 Virginie Guilhaume<\/strong><\/p>\n\n\n\n<p>Cela vous para\u00eet-il incoh\u00e9rent de dire que, si l\u2019on n\u2019a pas les moyens de le faire, on ne le fait pas, quitte \u00e0 ne pas d\u00e9stabiliser ?<\/p>\n\n\n\n<p><strong>SNALC \u2013 Jean-R\u00e9mi Girard<\/strong><\/p>\n\n\n\n<p>Non, cela nous semble coh\u00e9rent de ne pas le faire si on n\u2019a pas les moyens de le faire.<\/p>\n\n\n\n<p>Tr\u00e8s clairement, c\u2019est ce que nous avons toujours dit au SNALC. D\u2019ailleurs, nous avions transmis aux chefs d\u2019\u00e9tablissement et aux enseignants un document indiquant que le texte r\u00e9glementaire \u00e9tait tellement mal \u00e9crit et flou, qu\u2019il \u00e9tait possible de l\u2019interpr\u00e9ter de diverses fa\u00e7ons et donc de faire \u00e0 peu pr\u00e8s ce que l\u2019on voulait.<\/p>\n\n\n\n<p>Nous pensons que cela va progressivement s\u2019effilocher et se dissoudre, comme beaucoup de r\u00e9formes de ce type, surtout quand il n\u2019y a pas de pouvoir politique derri\u00e8re pour les maintenir. On verra tr\u00e8s vite dans les \u00e9tablissements que, faute de personnel, d\u2019heures suffisantes, et avec les tensions cr\u00e9\u00e9es au sein des \u00e9quipes \u2014 par exemple, en prenant des heures d\u2019anglais pour les convertir en heures de fran\u00e7ais, ou en supprimant des doublons en sciences pour fabriquer des heures de math\u00e9matiques \u2014, il est tr\u00e8s probable que l\u2019on abandonne rapidement.<\/p>\n\n\n\n<p>\u00ab Peu importe o\u00f9 en est le texte, nous aurons un ou une ministre de l&rsquo;\u00c9ducation nationale \u00e0 un moment donn\u00e9, et si cette personne ne souhaite pas publier les textes, ils ne seront pas publi\u00e9s. \u00bb<\/p>\n\n\n\n<figure class=\"wp-block-image\"><img decoding=\"async\" src=\"https:\/\/snalc.fr\/wp-content\/uploads\/SNALC_Jean_Remi_GIRARD.jpg\" alt=\"\" class=\"wp-image-3071\"\/><\/figure>\n\n\n\n<p>Jean-R\u00e9mi Girard<\/p>\n\n\n\n<p>Pr\u00e9sident du SNALC<\/p>\n\n\n\n<p><strong>SQOOL TV \u2013 Virginie Guilhaume<\/strong><\/p>\n\n\n\n<p>Donc, pas de redoublement en tout cas,&nbsp;c\u2019est s\u00fbr, c\u2019est ce qui a \u00e9t\u00e9 annonc\u00e9 ce matin, pour ceux qui ratent le brevet ?<\/p>\n\n\n\n<p><strong>SNALC \u2013 Jean-R\u00e9mi Girard<\/strong><\/p>\n\n\n\n<p>Alors, il ne s\u2019agissait pas du redoublement, mais des pr\u00e9pa-secondes, c\u2019est-\u00e0-dire que l\u2019id\u00e9e \u00e9tait de g\u00e9n\u00e9raliser les classes de pr\u00e9pa-seconde pour ceux qui n\u2019ont pas obtenu le brevet.<\/p>\n\n\n\n<p>Nous, au SNALC, nous n\u2019\u00e9tions pas contre le principe \u2014 nous \u00e9tions d\u2019ailleurs un peu les seuls, mais peu importe, nous l\u2019assumons. En revanche, nous avions averti d\u00e8s le d\u00e9part des probl\u00e8mes de logistique. Les r\u00e9sultats du brevet, cette ann\u00e9e, sont tomb\u00e9s le 6 juillet.&nbsp;Donc, d\u00e9cider de l\u2019orientation d\u2019un \u00e9l\u00e8ve le 6 juillet, c\u2019est un peu tard. Nous avions donc dit que ce serait inorganisable. Et effectivement, la ministre a mis les deux pieds sur le frein en disant : \u201cNon, non, \u00e7a, on ne va pas le faire.\u201d<\/p>\n\n\n\n<p><strong>SQOOL TV \u2013 Virginie Guilhaume<\/strong><\/p>\n\n\n\n<p>Pour \u00eatre coh\u00e9rent jusqu\u2019au bout, pourquoi \u00e9tiez-vous \u201cpour\u201d ?<\/p>\n\n\n\n<p><strong>SNALC \u2013 Jean-R\u00e9mi Girard<\/strong><\/p>\n\n\n\n<p>Nous, au SNALC, nous sommes plut\u00f4t favorables \u00e0 ce que l\u2019on appelle des ann\u00e9es de \u201cprop\u00e9deutique\u201d, c\u2019est-\u00e0-dire des ann\u00e9es pr\u00e9paratoires pour les \u00e9l\u00e8ves qui vont rencontrer de grandes difficult\u00e9s en seconde, ce que les coll\u00e8gues constatent souvent.<\/p>\n\n\n\n<p>Nous trouvions int\u00e9ressant de cr\u00e9er une classe pour les pr\u00e9parer \u00e0 la seconde, mais dans des conditions qui n\u2019\u00e9taient absolument pas garanties. Si c\u2019est pour mettre 34 \u00e9l\u00e8ves qui n\u2019ont pas obtenu le brevet dans une m\u00eame classe de pr\u00e9pa-seconde, je peux d\u00e9j\u00e0 vous dire que cela ne fonctionnera pas.<\/p>\n\n\n\n<p><strong>SQOOL TV \u2013 Virginie Guilhaume<\/strong><\/p>\n\n\n\n<p>Et pourquoi une pr\u00e9pa-seconde et pas un redoublement de troisi\u00e8me ?<\/p>\n\n\n\n<p><strong>SNALC \u2013 Jean-R\u00e9mi Girard<\/strong><\/p>\n\n\n\n<p>Cela se passait au lyc\u00e9e, et nous trouvions plus int\u00e9ressant que ce soient les professeurs de lyc\u00e9e qui pr\u00e9parent les \u00e9l\u00e8ves \u00e0 la classe de seconde, car ce sont eux qui allaient pouvoir assurer la continuit\u00e9.<\/p>\n\n\n\n<p>De toute fa\u00e7on, \u00e7a ne va pas avoir lieu, puisque tr\u00e8s clairement, ce n\u2019est plus d\u2019actualit\u00e9.<\/p>\n\n\n\n<p>En revanche, quand la ministre dit que \u201cle brevet 2025, le brevet \u00e0 venir, va changer\u201d, je tiens \u00e0 rappeler qu\u2019elle n\u2019a pas la comp\u00e9tence politique ni d\u00e9cisionnaire pour faire ce genre d\u2019annonce aujourd\u2019hui.&nbsp;Peu importe o\u00f9 en est le texte, nous aurons un ou une ministre de l\u2019\u00c9ducation nationale \u00e0 un moment donn\u00e9, et si cette personne ne souhaite pas publier les textes, ils ne seront pas publi\u00e9s.<\/p>\n\n\n\n<p>Pour l\u2019instant, nous disons simplement : \u201cLe brevet ne change pas.\u201d<\/p>\n\n\n\n<p><strong>SQOOL TV \u2013 Virginie Guilhaume<\/strong><\/p>\n\n\n\n<p>Mais c\u2019est d\u2019ailleurs ce qu\u2019elle dit, elle affirme que \u201cles annonces ont \u00e9t\u00e9 gel\u00e9es\u201d.<\/p>\n\n\n\n<p>\u00ab c&rsquo;est le principe d&rsquo;une exp\u00e9rimentation dans l&rsquo;\u00c9ducation nationale : on n&rsquo;\u00e9value jamais rien. C&rsquo;est toujours la grande sp\u00e9cialit\u00e9 de notre pays \u00bb<\/p>\n\n\n\n<figure class=\"wp-block-image\"><img decoding=\"async\" src=\"https:\/\/snalc.fr\/wp-content\/uploads\/SNALC_Jean_Remi_GIRARD.jpg\" alt=\"\" class=\"wp-image-3071\"\/><\/figure>\n\n\n\n<p>Jean-R\u00e9mi Girard<\/p>\n\n\n\n<p>Pr\u00e9sident du SNALC<\/p>\n\n\n\n<p><strong>SQOOL TV \u2013 Virginie Guilhaume<\/strong><\/p>\n\n\n\n<p>Il s\u2019agit surtout de combattre l\u2019in\u00e9galit\u00e9 et le communautarisme scolaire, car c\u2019est tout de m\u00eame le sujet principal.<\/p>\n\n\n\n<p><strong>SNALC \u2013 Jean-R\u00e9mi Girard<\/strong><\/p>\n\n\n\n<p>Oui, alors l\u2019uniforme reste assez symbolique de ce point de vue. Par exemple, on ne fournit pas les chaussures, donc les in\u00e9galit\u00e9s vestimentaires vont appara\u00eetre ailleurs, en dehors du polo, du blazer ou de ce qui aura \u00e9t\u00e9 choisi.<\/p>\n\n\n\n<p>Il faut aussi noter que cette exp\u00e9rimentation est financ\u00e9e par des deniers publics, ce ne sont pas les familles qui paient.&nbsp;Cela signifie que si l\u2019on envisage une g\u00e9n\u00e9ralisation de cette mesure, \u00e7a va co\u00fbter une somme absolument colossale. Il est donc irr\u00e9aliste de penser que tout cela puisse \u00eatre financ\u00e9 par l\u2019\u00c9tat seul.<\/p>\n\n\n\n<p>Pour nous, l\u2019uniforme n\u2019est pas une priorit\u00e9. \u00c7a existe, par exemple, en Martinique, o\u00f9 la tenue d\u2019\u00e9tablissement est en place depuis longtemps. \u00c7a ne pose pas de probl\u00e8me particulier, mais \u00e7a n\u2019a pas non plus transform\u00e9 l\u2019acad\u00e9mie de Martinique.&nbsp;<\/p>\n\n\n\n<p>En r\u00e9alit\u00e9, tout cela rel\u00e8ve plus de l\u2019occupationnel et de la communication politique.&nbsp;On en a beaucoup parl\u00e9, et au final, il y a 90 \u00e9tablissements o\u00f9 \u00e7a va \u00eatre mis en place. Mais on est d\u00e9j\u00e0 incapables d\u2019\u00e9valuer l\u2019impact, on le sait d\u2019avance.<\/p>\n\n\n\n<p><strong>SQOOL TV \u2013 Virginie Guilhaume<\/strong><\/p>\n\n\n\n<p>C\u2019est tout de m\u00eame le principe d\u2019une exp\u00e9rimentation.<\/p>\n\n\n\n<p><strong>SNALC \u2013 Jean-R\u00e9mi Girard<\/strong><\/p>\n\n\n\n<p>Oui, c\u2019est le principe d\u2019une exp\u00e9rimentation dans l\u2019\u00c9ducation nationale : on n\u2019\u00e9value jamais rien.&nbsp;C\u2019est toujours la grande sp\u00e9cialit\u00e9 de notre pays.<\/p>\n\n\n\n<p><strong>SQOOL TV \u2013 Virginie Guilhaume<\/strong><\/p>\n\n\n\n<p>D\u00e8s le d\u00e9but de la rentr\u00e9e, Jean-R\u00e9mi Girard est d\u00e9j\u00e0 bien l\u00e0 !<\/p>\n\n\n\n<p>\u00ab on s&rsquo;est rendu compte que finalement, ce n\u2019\u00e9tait pas si mal, en fait, une rentr\u00e9e sans ministre. Et qu\u2019au final, pour la rentr\u00e9e, le ou la ministre n\u2019est peut-\u00eatre pas la personne la plus importante. \u00bb<\/p>\n\n\n\n<figure class=\"wp-block-image\"><img decoding=\"async\" src=\"https:\/\/snalc.fr\/wp-content\/uploads\/SNALC_Jean_Remi_GIRARD.jpg\" alt=\"\" class=\"wp-image-3071\"\/><\/figure>\n\n\n\n<p>Jean-R\u00e9mi Girard<\/p>\n\n\n\n<p>Pr\u00e9sident du SNALC<\/p>\n\n\n\n<p><strong>SQOOL TV \u2013 Virginie Guilhaume<\/strong><\/p>\n\n\n\n<p>Derni\u00e8re petite question, vraiment, \u00e7a ressemble \u00e0 un quiz. Qui ? Rue de Grenelle ?<\/p>\n\n\n\n<p>Une id\u00e9e ?<\/p>\n\n\n\n<p><strong>SNALC \u2013 Jean-R\u00e9mi Girard<\/strong><\/p>\n\n\n\n<p>Non, mais on s\u2019est rendu compte que finalement, ce n\u2019\u00e9tait pas si mal, en fait, une rentr\u00e9e sans ministre.&nbsp;Et qu\u2019au final, pour la rentr\u00e9e, le ou la ministre n\u2019est peut-\u00eatre pas la personne la plus importante.<\/p>\n\n\n\n<figure class=\"wp-block-image\"><img decoding=\"async\" src=\"https:\/\/snalc.fr\/wp-content\/uploads\/Capture-decran-2024-09-06-a-10.09.13.png\" alt=\"\" class=\"wp-image-43627\"\/><\/figure>\n\n\n\n<p><a href=\"https:\/\/www.youtube.com\/watch?time_continue=1&amp;v=nfQKLVok-uA\"><\/a><\/p>\n","protected":false},"excerpt":{"rendered":"<p>\u00ab Les difficult\u00e9s que nous pouvons rencontrer sont effectivement : avons-nous 100 % des enseignants ? La r\u00e9ponse est non. Et nous ne les aurons pas tout au long de [&hellip;]<\/p>\n","protected":false},"author":1,"featured_media":0,"comment_status":"closed","ping_status":"closed","sticky":false,"template":"","format":"standard","meta":{"_lmt_disableupdate":"","_lmt_disable":"","site-sidebar-layout":"default","site-content-layout":"","ast-site-content-layout":"default","site-content-style":"default","site-sidebar-style":"default","ast-global-header-display":"","ast-banner-title-visibility":"","ast-main-header-display":"","ast-hfb-above-header-display":"","ast-hfb-below-header-display":"","ast-hfb-mobile-header-display":"","site-post-title":"","ast-breadcrumbs-content":"","ast-featured-img":"","footer-sml-layout":"","ast-disable-related-posts":"","theme-transparent-header-meta":"","adv-header-id-meta":"","stick-header-meta":"","header-above-stick-meta":"","header-main-stick-meta":"","header-below-stick-meta":"","astra-migrate-meta-layouts":"set","ast-page-background-enabled":"default","ast-page-background-meta":{"desktop":{"background-color":"var(--ast-global-color-4)","background-image":"","background-repeat":"repeat","background-position":"center center","background-size":"auto","background-attachment":"scroll","background-type":"","background-media":"","overlay-type":"","overlay-color":"","overlay-opacity":"","overlay-gradient":""},"tablet":{"background-color":"","background-image":"","background-repeat":"repeat","background-position":"center center","background-size":"auto","background-attachment":"scroll","background-type":"","background-media":"","overlay-type":"","overlay-color":"","overlay-opacity":"","overlay-gradient":""},"mobile":{"background-color":"","background-image":"","background-repeat":"repeat","background-position":"center center","background-size":"auto","background-attachment":"scroll","background-type":"","background-media":"","overlay-type":"","overlay-color":"","overlay-opacity":"","overlay-gradient":""}},"ast-content-background-meta":{"desktop":{"background-color":"var(--ast-global-color-5)","background-image":"","background-repeat":"repeat","background-position":"center center","background-size":"auto","background-attachment":"scroll","background-type":"","background-media":"","overlay-type":"","overlay-color":"","overlay-opacity":"","overlay-gradient":""},"tablet":{"background-color":"var(--ast-global-color-5)","background-image":"","background-repeat":"repeat","background-position":"center center","background-size":"auto","background-attachment":"scroll","background-type":"","background-media":"","overlay-type":"","overlay-color":"","overlay-opacity":"","overlay-gradient":""},"mobile":{"background-color":"var(--ast-global-color-5)","background-image":"","background-repeat":"repeat","background-position":"center center","background-size":"auto","background-attachment":"scroll","background-type":"","background-media":"","overlay-type":"","overlay-color":"","overlay-opacity":"","overlay-gradient":""}},"footnotes":""},"categories":[41],"tags":[],"class_list":["post-3539","post","type-post","status-publish","format-standard","hentry","category-actualites-2024-2025"],"modified_by":"slecourtier","_links":{"self":[{"href":"https:\/\/snalc.org\/snalc2023\/index.php?rest_route=\/wp\/v2\/posts\/3539","targetHints":{"allow":["GET"]}}],"collection":[{"href":"https:\/\/snalc.org\/snalc2023\/index.php?rest_route=\/wp\/v2\/posts"}],"about":[{"href":"https:\/\/snalc.org\/snalc2023\/index.php?rest_route=\/wp\/v2\/types\/post"}],"author":[{"embeddable":true,"href":"https:\/\/snalc.org\/snalc2023\/index.php?rest_route=\/wp\/v2\/users\/1"}],"replies":[{"embeddable":true,"href":"https:\/\/snalc.org\/snalc2023\/index.php?rest_route=%2Fwp%2Fv2%2Fcomments&post=3539"}],"version-history":[{"count":1,"href":"https:\/\/snalc.org\/snalc2023\/index.php?rest_route=\/wp\/v2\/posts\/3539\/revisions"}],"predecessor-version":[{"id":3540,"href":"https:\/\/snalc.org\/snalc2023\/index.php?rest_route=\/wp\/v2\/posts\/3539\/revisions\/3540"}],"wp:attachment":[{"href":"https:\/\/snalc.org\/snalc2023\/index.php?rest_route=%2Fwp%2Fv2%2Fmedia&parent=3539"}],"wp:term":[{"taxonomy":"category","embeddable":true,"href":"https:\/\/snalc.org\/snalc2023\/index.php?rest_route=%2Fwp%2Fv2%2Fcategories&post=3539"},{"taxonomy":"post_tag","embeddable":true,"href":"https:\/\/snalc.org\/snalc2023\/index.php?rest_route=%2Fwp%2Fv2%2Ftags&post=3539"}],"curies":[{"name":"wp","href":"https:\/\/api.w.org\/{rel}","templated":true}]}}