{"id":3546,"date":"2024-09-07T13:20:08","date_gmt":"2024-09-07T11:20:08","guid":{"rendered":"https:\/\/snalc.org\/snalc2023\/?p=3546"},"modified":"2024-09-07T13:20:12","modified_gmt":"2024-09-07T11:20:12","slug":"quinzaine-universitaire-n1492","status":"publish","type":"post","link":"https:\/\/snalc.org\/snalc2023\/?p=3546","title":{"rendered":"QUINZAINE UNIVERSITAIRE n\u00b01492"},"content":{"rendered":"\n<ul class=\"wp-block-list\">\n<li><a href=\"https:\/\/snalc.fr\/category\/actualites\/\"><\/a><\/li>\n<\/ul>\n\n\n\n<figure class=\"wp-block-image\"><img decoding=\"async\" src=\"https:\/\/snalc.fr\/wp-content\/uploads\/QU1492.jpg\" alt=\"\" class=\"wp-image-43720\"\/><\/figure>\n\n\n\n<p><strong>\u00c9DITO :&nbsp;<\/strong><a href=\"https:\/\/snalc.fr\/dessine-moi-un-ministre\/\"><strong>DESSINE-MOI UN MINISTRE&nbsp;!<\/strong><\/a><\/p>\n\n\n\n<figure class=\"wp-block-image\"><img decoding=\"async\" src=\"https:\/\/snalc.fr\/wp-content\/uploads\/elementor\/thumbs\/SNALC-congres-Strasbourg-mai-2023-Photo-Philippe-Sautier-3-e1686317689865-qfu77nw4qlxwj5dktm23kiay8chujy1r6wng15ek0o.jpg\" alt=\"SNALC congres Strasbourg mai 2023 - Photo Philippe Sautier (3)\" title=\"SNALC congres Strasbourg mai 2023 \u2013 Photo Philippe Sautier (3)\"\/><\/figure>\n\n\n\n<p>Jean-R\u00e9mi Girard<br>Pr\u00e9sident du SNALC<\/p>\n\n\n\n<p>Il conna\u00eetra ses dossiers. Elle aura de l\u2019ambition politique. Il aura mis ses enfants dans le priv\u00e9. Elle voudra faire SA r\u00e9forme. Il supprimera des postes. Elle ne trouvera pas de candidats. Il abrogera les groupes de besoin ou de niveau \u2014 il n\u2019aura jamais r\u00e9ussi \u00e0 comprendre la diff\u00e9rence \u2014 en 6<sup>e<\/sup> et 5<sup>e<\/sup>. Elle placera le SNU sur temps scolaire. Il parlera du pilotage. Elle parlera de la gouvernance. Il \u00e9crira ensuite un livre sur le fait qu\u2019il a \u00e9t\u00e9 incompris. Elle deviendra ensuite directrice d\u2019un groupe priv\u00e9 dans le num\u00e9rique \u00e9ducatif\u2026 <a href=\"https:\/\/snalc.fr\/dessine-moi-un-ministre\/\"><strong>[Lire la suite]<\/strong><\/a><\/p>\n\n\n\n<p><strong>DOSSIER DU MOIS :&nbsp;<\/strong><a href=\"https:\/\/snalc.fr\/sil-vous-plait-dessine-moi-un-syndicat\/\"><strong>S\u2019IL VOUS PLA\u00ceT\u2026 DESSINE-MOI UN SYNDICAT !<\/strong><\/a><\/p>\n\n\n\n<ul class=\"wp-block-list\">\n<li><a href=\"https:\/\/snalc.fr\/sil-vous-plait-dessine-moi-un-syndicat\/\">S\u2019il vous pla\u00eet\u2026 dessine-moi un syndicat !<\/a><\/li>\n\n\n\n<li><a href=\"https:\/\/snalc.fr\/sil-vous-plait-dessine-moi-un-syndicat#s1\">Ce que vous pouvez faire avec le SNALC<\/a><\/li>\n\n\n\n<li><a href=\"https:\/\/snalc.fr\/sil-vous-plait-dessine-moi-un-syndicat#editions\">Les <em>\u00c9ditions du SNALC<\/em> vous proposent des outils pour vous informer<\/a><\/li>\n\n\n\n<li><a href=\"https:\/\/snalc.fr\/7-bonnes-raisons\/\">Pourquoi choisir le SNALC : 7 bonnes raisons<\/a><\/li>\n\n\n\n<li><a href=\"https:\/\/snalc.fr\/conseil-dadministration-une-place-strategique\/\">Conseil d\u2019administration : une place strat\u00e9gique<\/a><\/li>\n<\/ul>\n\n\n\n<p><strong>SYST\u00c8ME \u00c9DUCATIF<\/strong><\/p>\n\n\n\n<ul class=\"wp-block-list\">\n<li><a href=\"https:\/\/snalc.fr\/non-a-luniformisation\/\">Non \u00e0 l\u2019uniformisation !<\/a><\/li>\n\n\n\n<li><a href=\"https:\/\/snalc.fr\/oui-a-leffet-professeur\/\">Oui \u00e0 l\u2019effet professeur !<\/a><\/li>\n\n\n\n<li><a href=\"https:\/\/snalc.fr\/education-aux-medias-et-a-linformation\/\">\u00c9ducation aux m\u00e9dias et \u00e0 l\u2019information : les fondamentaux du SNALC \u00e0 la rentr\u00e9e<\/a><\/li>\n\n\n\n<li><a href=\"https:\/\/snalc.fr\/conseil-devaluation-de-lecole-evaluer-pour-evaluer-ou-pour-evoluer\/\">Conseil d\u2019\u00e9valuation de l\u2019\u00e9cole : \u00e9valuer pour \u00e9valuer ou pour \u00e9voluer ?<\/a><\/li>\n\n\n\n<li><a href=\"https:\/\/snalc.fr\/jo-2024-le-revers-des-medailles-pour-leps\/\">JO 2024 : le revers des m\u00e9dailles pour l\u2019EPS<\/a><\/li>\n<\/ul>\n\n\n\n<p><strong>LES PERSONNELS<\/strong><\/p>\n\n\n\n<ul class=\"wp-block-list\">\n<li><a href=\"https:\/\/snalc.fr\/wp-content\/uploads\/QU1492-NLOP.jpg\">Ne l\u2019oubliez pas !<\/a><\/li>\n\n\n\n<li><a href=\"https:\/\/snalc.fr\/accompagnement-humain-sur-le-temps-meridien-un-miroir-aux-alouettes\/\">Accompagnement humain sur le temps m\u00e9ridien : un miroir aux alouettes<\/a><\/li>\n\n\n\n<li><a href=\"https:\/\/snalc.fr\/revalorisation-de-lifse-pour-la-filiere-itrf-du-menj-en-2024\/\">Revalorisation de l\u2019IFSE pour la fili\u00e8re ITRF du MENJ en 2024<\/a><\/li>\n\n\n\n<li><a href=\"https:\/\/snalc.fr\/logement-perdir\/\">Le logement de fonction : entre mythe et r\u00e9alit\u00e9 !<\/a><\/li>\n\n\n\n<li><a href=\"https:\/\/snalc.fr\/retraites-il-faut-abroger-a-la-racine\/\">Retraites : il faut abroger \u00e0 la racine<\/a><\/li>\n<\/ul>\n\n\n\n<p><strong>CONDITIONS DE TRAVAIL<\/strong><\/p>\n\n\n\n<ul class=\"wp-block-list\">\n<li><a href=\"https:\/\/snalc.fr\/prise-en-compte-de-la-vulnerabilite-des-personnels-il-y-a-urgence\/\">Prise en compte de la vuln\u00e9rabilit\u00e9 des personnels : il y a urgence!<\/a><\/li>\n\n\n\n<li><a href=\"https:\/\/snalc.fr\/avantages-snalc-des-reductions-sur-vos-parcs-a-themes\/\">Avantages-SNALC : des r\u00e9ductions sur vos parcs \u00e0 th\u00e8mes<\/a><\/li>\n<\/ul>\n\n\n\n<p><a href=\"https:\/\/snalc.fr\/wp-content\/uploads\/QU1492.pdf\">T\u00e9l\u00e9charger la revue en PDF<\/a><\/p>\n\n\n\n<figure class=\"wp-block-embed\"><div class=\"wp-block-embed__wrapper\">\nhttps:\/\/v.calameo.com\/?bkcode=006837458a9343c2e19b9&#038;mode=mini\n<\/div><\/figure>\n\n\n\n<figure class=\"wp-block-image\"><img decoding=\"async\" src=\"https:\/\/snalc.fr\/wp-content\/uploads\/QU1492-1D-724x1024.jpg\" alt=\"\" class=\"wp-image-43719\"\/><\/figure>\n\n\n\n<p><em><strong>Afin d\u2019\u00eatre au plus pr\u00e8s de vos attentes <\/strong><strong>et de vous informer au mieux, la revue du SNALC a <\/strong><strong>\u00e9volu\u00e9 d\u00e8s cette rentr\u00e9e, avec d\u00e9sormais <\/strong><strong>deux num\u00e9ros mensuels au lieu d\u2019un : <\/strong><strong>l\u2019un centr\u00e9 sur le second degr\u00e9 et le sup\u00e9rieur, <\/strong><strong>et le second sur les probl\u00e9matiques <\/strong><strong>sp\u00e9cifiques de l\u2019\u00e9cole primaire.<\/strong><\/em><\/p>\n\n\n\n<p><a href=\"https:\/\/snalc.fr\/quinzaine-universitaire-n1492-1d\/\">D\u00e9couvrir la revue Premier degr\u00e9<\/a><\/p>\n\n\n\n<figure class=\"wp-block-image\"><img decoding=\"async\" src=\"https:\/\/snalc.fr\/wp-content\/uploads\/SNALC-Estelle-Meunier-Saut-de-haies-1024x729.jpg\" alt=\"\" class=\"wp-image-38627\"\/><\/figure>\n\n\n\n<p><a href=\"https:\/\/snalc.fr\/contact\/\" target=\"_blank\" rel=\"noreferrer noopener\">Nous \u00e9crire<\/a><\/p>\n","protected":false},"excerpt":{"rendered":"<p>\u00c9DITO :&nbsp;DESSINE-MOI UN MINISTRE&nbsp;! Jean-R\u00e9mi GirardPr\u00e9sident du SNALC Il conna\u00eetra ses dossiers. Elle aura de l\u2019ambition politique. Il aura mis ses enfants dans le priv\u00e9. Elle voudra faire SA r\u00e9forme. [&hellip;]<\/p>\n","protected":false},"author":1,"featured_media":0,"comment_status":"closed","ping_status":"closed","sticky":false,"template":"","format":"standard","meta":{"_lmt_disableupdate":"","_lmt_disable":"","site-sidebar-layout":"default","site-content-layout":"","ast-site-content-layout":"default","site-content-style":"default","site-sidebar-style":"default","ast-global-header-display":"","ast-banner-title-visibility":"","ast-main-header-display":"","ast-hfb-above-header-display":"","ast-hfb-below-header-display":"","ast-hfb-mobile-header-display":"","site-post-title":"","ast-breadcrumbs-content":"","ast-featured-img":"","footer-sml-layout":"","ast-disable-related-posts":"","theme-transparent-header-meta":"","adv-header-id-meta":"","stick-header-meta":"","header-above-stick-meta":"","header-main-stick-meta":"","header-below-stick-meta":"","astra-migrate-meta-layouts":"set","ast-page-background-enabled":"default","ast-page-background-meta":{"desktop":{"background-color":"var(--ast-global-color-4)","background-image":"","background-repeat":"repeat","background-position":"center center","background-size":"auto","background-attachment":"scroll","background-type":"","background-media":"","overlay-type":"","overlay-color":"","overlay-opacity":"","overlay-gradient":""},"tablet":{"background-color":"","background-image":"","background-repeat":"repeat","background-position":"center center","background-size":"auto","background-attachment":"scroll","background-type":"","background-media":"","overlay-type":"","overlay-color":"","overlay-opacity":"","overlay-gradient":""},"mobile":{"background-color":"","background-image":"","background-repeat":"repeat","background-position":"center center","background-size":"auto","background-attachment":"scroll","background-type":"","background-media":"","overlay-type":"","overlay-color":"","overlay-opacity":"","overlay-gradient":""}},"ast-content-background-meta":{"desktop":{"background-color":"var(--ast-global-color-5)","background-image":"","background-repeat":"repeat","background-position":"center center","background-size":"auto","background-attachment":"scroll","background-type":"","background-media":"","overlay-type":"","overlay-color":"","overlay-opacity":"","overlay-gradient":""},"tablet":{"background-color":"var(--ast-global-color-5)","background-image":"","background-repeat":"repeat","background-position":"center center","background-size":"auto","background-attachment":"scroll","background-type":"","background-media":"","overlay-type":"","overlay-color":"","overlay-opacity":"","overlay-gradient":""},"mobile":{"background-color":"var(--ast-global-color-5)","background-image":"","background-repeat":"repeat","background-position":"center center","background-size":"auto","background-attachment":"scroll","background-type":"","background-media":"","overlay-type":"","overlay-color":"","overlay-opacity":"","overlay-gradient":""}},"footnotes":""},"categories":[41,37],"tags":[],"class_list":["post-3546","post","type-post","status-publish","format-standard","hentry","category-actualites-2024-2025","category-qu"],"modified_by":"slecourtier","_links":{"self":[{"href":"https:\/\/snalc.org\/snalc2023\/index.php?rest_route=\/wp\/v2\/posts\/3546","targetHints":{"allow":["GET"]}}],"collection":[{"href":"https:\/\/snalc.org\/snalc2023\/index.php?rest_route=\/wp\/v2\/posts"}],"about":[{"href":"https:\/\/snalc.org\/snalc2023\/index.php?rest_route=\/wp\/v2\/types\/post"}],"author":[{"embeddable":true,"href":"https:\/\/snalc.org\/snalc2023\/index.php?rest_route=\/wp\/v2\/users\/1"}],"replies":[{"embeddable":true,"href":"https:\/\/snalc.org\/snalc2023\/index.php?rest_route=%2Fwp%2Fv2%2Fcomments&post=3546"}],"version-history":[{"count":1,"href":"https:\/\/snalc.org\/snalc2023\/index.php?rest_route=\/wp\/v2\/posts\/3546\/revisions"}],"predecessor-version":[{"id":3547,"href":"https:\/\/snalc.org\/snalc2023\/index.php?rest_route=\/wp\/v2\/posts\/3546\/revisions\/3547"}],"wp:attachment":[{"href":"https:\/\/snalc.org\/snalc2023\/index.php?rest_route=%2Fwp%2Fv2%2Fmedia&parent=3546"}],"wp:term":[{"taxonomy":"category","embeddable":true,"href":"https:\/\/snalc.org\/snalc2023\/index.php?rest_route=%2Fwp%2Fv2%2Fcategories&post=3546"},{"taxonomy":"post_tag","embeddable":true,"href":"https:\/\/snalc.org\/snalc2023\/index.php?rest_route=%2Fwp%2Fv2%2Ftags&post=3546"}],"curies":[{"name":"wp","href":"https:\/\/api.w.org\/{rel}","templated":true}]}}