{"id":355,"date":"2022-10-27T20:01:28","date_gmt":"2022-10-27T18:01:28","guid":{"rendered":"http:\/\/snalc.org\/snalc2023\/?p=355"},"modified":"2022-10-27T20:56:41","modified_gmt":"2022-10-27T18:56:41","slug":"actualites-s4","status":"publish","type":"post","link":"https:\/\/snalc.org\/snalc2023\/?p=355","title":{"rendered":"Actualit\u00e9s (S4)"},"content":{"rendered":"\n<p>D\u00e9couvrez les actualit\u00e9s du SNALC (site national S4)<\/p>\n\n\n<ul class=\"has-dates has-authors has-excerpts wp-block-rss\"><li class='wp-block-rss__item'><div class='wp-block-rss__item-title'><a href='https:\/\/snalc.fr\/letudiant-refonte-ambitieuse-du-bac-de-francais-lavis-du-snalc\/'>L\u2019ETUDIANT \u2013 Refonte ambitieuse du bac de fran\u00e7ais, l\u2019avis du SNALC<\/a><\/div><time datetime=\"2026-04-23T11:15:25+02:00\" class=\"wp-block-rss__item-publish-date\">23 avril 2026<\/time> <span class=\"wp-block-rss__item-author\">par Pascal Vincenti<\/span><div class=\"wp-block-rss__item-excerpt\">Avec Jean-R\u00e9mi Girard, pr\u00e9sident du SNALC<\/div><\/li><li class='wp-block-rss__item'><div class='wp-block-rss__item-title'><a href='https:\/\/snalc.fr\/la-montagne-proces-dun-adolescent-pour-le-poignardage-dune-professeure-le-debat-sur-la-securite-a-lecole-relance\/'>La Montagne  \u2013 Proc\u00e8s d\u2019un adolescent pour le poignardage d\u2019une professeure : le d\u00e9bat sur la s\u00e9curit\u00e9 \u00e0 l\u2019\u00e9cole relanc\u00e9<\/a><\/div><time datetime=\"2026-04-22T11:23:06+02:00\" class=\"wp-block-rss__item-publish-date\">22 avril 2026<\/time> <span class=\"wp-block-rss__item-author\">par Pascal Vincenti<\/span><div class=\"wp-block-rss__item-excerpt\">Avec Maxime Reppert, vice-pr\u00e9sident du SNALC<\/div><\/li><li class='wp-block-rss__item'><div class='wp-block-rss__item-title'><a href='https:\/\/snalc.fr\/accident-de-trajet-ne-laissez-pas-vos-droits-se-faire-ecraser\/'>Accident de trajet : ne laissez pas vos droits se faire \u00e9craser<\/a><\/div><time datetime=\"2026-04-21T19:05:17+02:00\" class=\"wp-block-rss__item-publish-date\">21 avril 2026<\/time> <span class=\"wp-block-rss__item-author\">par Pascal Vincenti<\/span><div class=\"wp-block-rss__item-excerpt\">Vous partez travailler, comme chaque matin. Vous fermez la porte, vous traversez la cour, vous ouvrez le garage ou vous \u00eates d\u00e9j\u00e0 sur la route de votre \u00e9tablissement. Une seconde d\u2019inattention, un trottoir verglac\u00e9, une voiture qui ne [&hellip;]<\/div><\/li><li class='wp-block-rss__item'><div class='wp-block-rss__item-title'><a href='https:\/\/snalc.fr\/prevoyance-collective-des-details-qui-nen-sont-pas\/'>Pr\u00e9voyance collective\u00a0: des d\u00e9tails qui n\u2019en sont pas\u00a0!<\/a><\/div><time datetime=\"2026-04-21T18:26:46+02:00\" class=\"wp-block-rss__item-publish-date\">21 avril 2026<\/time> <span class=\"wp-block-rss__item-author\">par Pascal Vincenti<\/span><div class=\"wp-block-rss__item-excerpt\">Pour bien comparer la pr\u00e9voyance collective MGEN-CNP-MAGE actuellement propos\u00e9e avec d\u2019autres contrats, ce qui est l\u00e9gitime puisqu\u2019elle est facultative, encore faut-il avoir toutes les informations en main, notamment en termes p\u00e9cuniaires\u00a0! Ne vous pr\u00e9cipitez pas : le SNALC [&hellip;]<\/div><\/li><li class='wp-block-rss__item'><div class='wp-block-rss__item-title'><a href='https:\/\/snalc.fr\/des-alertes-devenues-impossible-a-ignorer-le-snalc-face-au-malaise-grandissant-dans-leducation-nationale\/'>Des alertes devenues impossibles \u00e0 ignorer : le SNALC face au malaise grandissant dans l\u2019\u00c9ducation nationale<\/a><\/div><time datetime=\"2026-04-21T17:55:54+02:00\" class=\"wp-block-rss__item-publish-date\">21 avril 2026<\/time> <span class=\"wp-block-rss__item-author\">par Pascal Vincenti<\/span><div class=\"wp-block-rss__item-excerpt\">De plus en plus, les signaux se multiplient : \u00e9puisement, mal-\u00eatre diffus, perte de sens, de motivation, sentiment d\u2019isolement, tensions relationnelles. Le SNALC voit affluer des t\u00e9moignages qui dessinent une r\u00e9alit\u00e9 pr\u00e9occupante pour l\u2019ensemble des personnels. Ce malaise [&hellip;]<\/div><\/li><li class='wp-block-rss__item'><div class='wp-block-rss__item-title'><a href='https:\/\/snalc.fr\/agressivite-violence-len-doit-tracer-une-ligne-rouge\/'>Agressivit\u00e9, violence : l\u2019EN doit tracer une ligne rouge<\/a><\/div><time datetime=\"2026-04-21T17:43:06+02:00\" class=\"wp-block-rss__item-publish-date\">21 avril 2026<\/time> <span class=\"wp-block-rss__item-author\">par Pascal Vincenti<\/span><div class=\"wp-block-rss__item-excerpt\">L\u2019agressivit\u00e9 qui monte \u00e0 l\u2019\u00e9cole n\u2019est pas une fatalit\u00e9, mais le signe d\u2019un syst\u00e8me relationnel d\u00e9faillant. Le SNALC le rappelle : on ne r\u00e9glera rien en culpabilisant les enseignants, mais en regardant l\u2019ensemble du dispositif, de la classe [&hellip;]<\/div><\/li><li class='wp-block-rss__item'><div class='wp-block-rss__item-title'><a href='https:\/\/snalc.fr\/aesh-et-accompagnement-aux-examens-mode-demploi\/'>AESH et accompagnement aux examens\u00a0: mode d\u2019emploi<\/a><\/div><time datetime=\"2026-04-21T16:49:47+02:00\" class=\"wp-block-rss__item-publish-date\">21 avril 2026<\/time> <span class=\"wp-block-rss__item-author\">par Pascal Vincenti<\/span><div class=\"wp-block-rss__item-excerpt\">Les AESH peuvent \u00eatre missionn\u00e9s pour assister des candidats ayant des am\u00e9nagements aux examens. Tout \u00e9l\u00e8ve, qui en a fait la demande aupr\u00e8s de l\u2019autorit\u00e9 comp\u00e9tente et qui a re\u00e7u un avis favorable, qu\u2019il soit accompagn\u00e9 ou non [&hellip;]<\/div><\/li><li class='wp-block-rss__item'><div class='wp-block-rss__item-title'><a href='https:\/\/snalc.fr\/retroactivite-des-indemnites-rep-rep-aed-et-aesh-sacrifies-par-une-decision-du-conseil-detat\/'>R\u00e9troactivit\u00e9\u00a0des indemnit\u00e9s REP\/REP+\u00a0: AED et AESH sacrifi\u00e9s par une d\u00e9cision du conseil d\u2019\u00e9tat<\/a><\/div><time datetime=\"2026-04-21T16:42:46+02:00\" class=\"wp-block-rss__item-publish-date\">21 avril 2026<\/time> <span class=\"wp-block-rss__item-author\">par Pascal Vincenti<\/span><div class=\"wp-block-rss__item-excerpt\">Dans sa d\u00e9cision du 8 avril 2026, n\u00b0 510435, le Conseil d\u2019Etat\u00a0vient de rejeter le recours d\u2019une organisation syndicale contre l\u2019application de la prescription quadriennale, impos\u00e9e par le minist\u00e8re, dans le calcul du montant des indemnit\u00e9s r\u00e9troactives et [&hellip;]<\/div><\/li><li class='wp-block-rss__item'><div class='wp-block-rss__item-title'><a href='https:\/\/snalc.fr\/conditions-dexercice-des-aesh-rapport-2026-de-la-depp\/'>Conditions d\u2019exercice des AESH\u00a0: rapport 2026 de la DEPP<\/a><\/div><time datetime=\"2026-04-21T16:34:07+02:00\" class=\"wp-block-rss__item-publish-date\">21 avril 2026<\/time> <span class=\"wp-block-rss__item-author\">par Pascal Vincenti<\/span><div class=\"wp-block-rss__item-excerpt\">La DEPP (Direction de l\u2019\u00c9valuation, de la Prospective et de la Performance) du minist\u00e8re de l\u2019\u00c9ducation nationale a publi\u00e9 le 26 mars 2026 un panorama des conditions d\u2019exercice des AESH*. Le SNALC vous en r\u00e9sume les grandes lignes. [&hellip;]<\/div><\/li><li class='wp-block-rss__item'><div class='wp-block-rss__item-title'><a href='https:\/\/snalc.fr\/aesh-enquete-sur-le-passage-des-pial-aux-pas\/'>AESH : Enqu\u00eate sur le passage des PIAL aux PAS<\/a><\/div><time datetime=\"2026-04-21T16:20:10+02:00\" class=\"wp-block-rss__item-publish-date\">21 avril 2026<\/time> <span class=\"wp-block-rss__item-author\">par Pascal Vincenti<\/span><div class=\"wp-block-rss__item-excerpt\">Vos r\u00e9ponses permettront au SNALC d\u2019alimenter son argumentation et de mieux porter les revendications des AESH lors de ses \u00e9changes avec le Minist\u00e8re. Pour r\u00e9pondre, cliquez sur le bouton \u00ab\u00a0QUESTIONNAIRE\u00a0\u00bb ci-dessous\u00a0: QUESTIONNAIRE<\/div><\/li><\/ul>","protected":false},"excerpt":{"rendered":"<p>D\u00e9couvrez les actualit\u00e9s du SNALC (site national S4)<\/p>\n","protected":false},"author":1,"featured_media":0,"comment_status":"closed","ping_status":"open","sticky":false,"template":"","format":"standard","meta":{"_lmt_disableupdate":"","_lmt_disable":"","site-sidebar-layout":"default","site-content-layout":"","ast-site-content-layout":"default","site-content-style":"default","site-sidebar-style":"default","ast-global-header-display":"","ast-banner-title-visibility":"","ast-main-header-display":"","ast-hfb-above-header-display":"","ast-hfb-below-header-display":"","ast-hfb-mobile-header-display":"","site-post-title":"","ast-breadcrumbs-content":"","ast-featured-img":"","footer-sml-layout":"","ast-disable-related-posts":"","theme-transparent-header-meta":"","adv-header-id-meta":"","stick-header-meta":"","header-above-stick-meta":"","header-main-stick-meta":"","header-below-stick-meta":"","astra-migrate-meta-layouts":"default","ast-page-background-enabled":"default","ast-page-background-meta":{"desktop":{"background-color":"var(--ast-global-color-4)","background-image":"","background-repeat":"repeat","background-position":"center center","background-size":"auto","background-attachment":"scroll","background-type":"","background-media":"","overlay-type":"","overlay-color":"","overlay-opacity":"","overlay-gradient":""},"tablet":{"background-color":"","background-image":"","background-repeat":"repeat","background-position":"center center","background-size":"auto","background-attachment":"scroll","background-type":"","background-media":"","overlay-type":"","overlay-color":"","overlay-opacity":"","overlay-gradient":""},"mobile":{"background-color":"","background-image":"","background-repeat":"repeat","background-position":"center center","background-size":"auto","background-attachment":"scroll","background-type":"","background-media":"","overlay-type":"","overlay-color":"","overlay-opacity":"","overlay-gradient":""}},"ast-content-background-meta":{"desktop":{"background-color":"var(--ast-global-color-5)","background-image":"","background-repeat":"repeat","background-position":"center center","background-size":"auto","background-attachment":"scroll","background-type":"","background-media":"","overlay-type":"","overlay-color":"","overlay-opacity":"","overlay-gradient":""},"tablet":{"background-color":"var(--ast-global-color-5)","background-image":"","background-repeat":"repeat","background-position":"center center","background-size":"auto","background-attachment":"scroll","background-type":"","background-media":"","overlay-type":"","overlay-color":"","overlay-opacity":"","overlay-gradient":""},"mobile":{"background-color":"var(--ast-global-color-5)","background-image":"","background-repeat":"repeat","background-position":"center center","background-size":"auto","background-attachment":"scroll","background-type":"","background-media":"","overlay-type":"","overlay-color":"","overlay-opacity":"","overlay-gradient":""}},"footnotes":""},"categories":[30],"tags":[],"class_list":["post-355","post","type-post","status-publish","format-standard","hentry","category-actualites"],"modified_by":"slecourtier","_links":{"self":[{"href":"https:\/\/snalc.org\/snalc2023\/index.php?rest_route=\/wp\/v2\/posts\/355","targetHints":{"allow":["GET"]}}],"collection":[{"href":"https:\/\/snalc.org\/snalc2023\/index.php?rest_route=\/wp\/v2\/posts"}],"about":[{"href":"https:\/\/snalc.org\/snalc2023\/index.php?rest_route=\/wp\/v2\/types\/post"}],"author":[{"embeddable":true,"href":"https:\/\/snalc.org\/snalc2023\/index.php?rest_route=\/wp\/v2\/users\/1"}],"replies":[{"embeddable":true,"href":"https:\/\/snalc.org\/snalc2023\/index.php?rest_route=%2Fwp%2Fv2%2Fcomments&post=355"}],"version-history":[{"count":2,"href":"https:\/\/snalc.org\/snalc2023\/index.php?rest_route=\/wp\/v2\/posts\/355\/revisions"}],"predecessor-version":[{"id":358,"href":"https:\/\/snalc.org\/snalc2023\/index.php?rest_route=\/wp\/v2\/posts\/355\/revisions\/358"}],"wp:attachment":[{"href":"https:\/\/snalc.org\/snalc2023\/index.php?rest_route=%2Fwp%2Fv2%2Fmedia&parent=355"}],"wp:term":[{"taxonomy":"category","embeddable":true,"href":"https:\/\/snalc.org\/snalc2023\/index.php?rest_route=%2Fwp%2Fv2%2Fcategories&post=355"},{"taxonomy":"post_tag","embeddable":true,"href":"https:\/\/snalc.org\/snalc2023\/index.php?rest_route=%2Fwp%2Fv2%2Ftags&post=355"}],"curies":[{"name":"wp","href":"https:\/\/api.w.org\/{rel}","templated":true}]}}