{"id":3555,"date":"2024-09-14T08:52:58","date_gmt":"2024-09-14T06:52:58","guid":{"rendered":"https:\/\/snalc.org\/snalc2023\/?p=3555"},"modified":"2024-09-14T08:53:00","modified_gmt":"2024-09-14T06:53:00","slug":"audience-sur-la-rentree-a-lassemblee-nationale-le-11-septembre-2024","status":"publish","type":"post","link":"https:\/\/snalc.org\/snalc2023\/?p=3555","title":{"rendered":"Audience sur la rentr\u00e9e \u00e0 l\u2019Assembl\u00e9e nationale le 11 septembre 2024"},"content":{"rendered":"\n<ul class=\"wp-block-list\">\n<li><a href=\"https:\/\/snalc.fr\/category\/actualites\/\"><\/a><\/li>\n<\/ul>\n\n\n\n<figure class=\"wp-block-image\"><img decoding=\"async\" src=\"https:\/\/snalc.fr\/wp-content\/uploads\/assembleenationale_orphea.jpg\" alt=\"\" class=\"wp-image-3915\"\/><figcaption class=\"wp-element-caption\">\u00a9 Palais Bourbon<\/figcaption><\/figure>\n\n\n\n<h2 class=\"wp-block-heading\">COMMISSION DES AFFAIRES CULTURELLES<\/h2>\n\n\n\n<h2 class=\"wp-block-heading\">TABLE RONDE SUR LA RENTR\u00c9E SCOLAIRE R\u00c9UNISSANT DES REPR\u00c9SENTANTS DES SYNDICATS REPR\u00c9SENTATIFS D\u2019ENSEIGNANTS<\/h2>\n\n\n\n<h2 class=\"wp-block-heading\">Mercredi 11 septembre 2024<\/h2>\n\n\n\n<figure class=\"wp-block-image\"><img decoding=\"async\" src=\"https:\/\/snalc.fr\/wp-content\/uploads\/20240911_AssembleeNationale_VideoCapturedecran-1-1024x487.jpg\" alt=\"\" class=\"wp-image-44078\"\/><\/figure>\n\n\n\n<p><strong>LES VID\u00c9OS<\/strong><\/p>\n\n\n\n<p><strong>PREMIER DEGR\u00c9<\/strong><\/p>\n\n\n\n<p><a>Premi\u00e8re intervention de Jean-R\u00e9mi GIRARD, pr\u00e9sident du SNALC<\/a><\/p>\n\n\n\n<p><em>Cliquez sur l\u2019image pour lancer la vid\u00e9o :<\/em><a href=\"https:\/\/event.assemblee-nationale.fr\/video.13859033_650aea5c8e267?timecode=3168460\"><br><\/a><a href=\"https:\/\/videos.assemblee-nationale.fr\/video.15450724_66e144f5835e1?timecode=3291850\"><\/a><\/p>\n\n\n\n<p><a>Deuxi\u00e8me intervention de Jean-R\u00e9mi GIRARD, pr\u00e9sident du SNALC<\/a><\/p>\n\n\n\n<p><a>Troisi\u00e8me intervention de Jean-R\u00e9mi GIRARD, pr\u00e9sident du SNALC<\/a><\/p>\n\n\n\n<p><a>La vid\u00e9o compl\u00e8te de la commission<\/a><\/p>\n\n\n\n<p><strong>SECOND DEGR\u00c9<\/strong><\/p>\n\n\n\n<p><a>Premi\u00e8re intervention de Jean-R\u00e9mi GIRARD, pr\u00e9sident du SNALC<\/a><\/p>\n\n\n\n<p><em>Cliquez sur l\u2019image pour lancer la vid\u00e9o :<\/em><a href=\"https:\/\/event.assemblee-nationale.fr\/video.13859033_650aea5c8e267?timecode=3168460\"><br><\/a><a href=\"https:\/\/videos.assemblee-nationale.fr\/video.15453042_66e1922a82f81?timecode=3194840\"><\/a><\/p>\n\n\n\n<p><a>Deuxi\u00e8me intervention de Jean-R\u00e9mi GIRARD, pr\u00e9sident du SNALC<\/a><\/p>\n\n\n\n<p><a>Intervention de S\u00e9bastien VIEILLE, secr\u00e9taire national du SNALC charg\u00e9 de la p\u00e9dagogie<\/a><\/p>\n\n\n\n<p><a>Troisi\u00e8me intervention de Jean-R\u00e9mi GIRARD, pr\u00e9sident du SNALC<\/a><\/p>\n\n\n\n<p><a>La vid\u00e9o compl\u00e8te de la commission<\/a><\/p>\n\n\n\n<p>COMPTE RENDU DU SNALC \u2013 SECOND DEGR\u00c9<\/p>\n\n\n\n<p><strong>L\u2019ESSENTIEL<\/strong><\/p>\n\n\n\n<p>Apr\u00e8s une matin\u00e9e consacr\u00e9e au premier degr\u00e9, l\u2019apr\u00e8s-midi sera consacr\u00e9 au second degr\u00e9 (g\u00e9n\u00e9ral et professionnel).<\/p>\n\n\n\n<ul class=\"wp-block-list\">\n<li>Dans ce contexte in\u00e9dit, 1575 postes vacants\u00a0: quelles cons\u00e9quences sur les professeurs\u00a0et sur les \u00e9l\u00e8ves\u00a0?<\/li>\n\n\n\n<li>Carte des formations<\/li>\n\n\n\n<li>Choc des savoirs<\/li>\n\n\n\n<li>Pr\u00e9pa secondes<\/li>\n<\/ul>\n\n\n\n<p><strong>LE SNALC A INSIST\u00c9 SUR<\/strong><\/p>\n\n\n\n<ul class=\"wp-block-list\">\n<li>La crise du recrutement que nous traversons depuis trois ans, la pire que l\u2019\u00c9ducation nationale ait connue.<\/li>\n\n\n\n<li>Au coll\u00e8ge, la r\u00e9forme des groupes de niveaux \/ besoins est l\u2019exemple de ce qui ne va pas. On prend une id\u00e9e qui peut \u00eatre bonne et on en fait n\u2019importe quoi sans consulter, sans \u00e9couter, m\u00eame si \u00e7a d\u00e9sorganise les \u00e9tablissements.<\/li>\n\n\n\n<li>Au LGT, les stages de fin de seconde sont mis en place sans concertation et sans aucun int\u00e9r\u00eat p\u00e9dagogique.<\/li>\n\n\n\n<li>Le lyc\u00e9e professionnel souffre de r\u00e9formes qui s\u2019encha\u00eenent et qui font perdre du sens au m\u00e9tier.<\/li>\n\n\n\n<li>Les personnels sont mis en difficult\u00e9 et en souffrance sans m\u00eame avoir acc\u00e8s \u00e0 une m\u00e9decine du travail.<\/li>\n\n\n\n<li>Suite aux questions des d\u00e9put\u00e9s, le SNALC a pu montrer \u00e9galement\u00a0:\n<ul class=\"wp-block-list\">\n<li>La n\u00e9cessit\u00e9 de r\u00e9former la formation initiale et l\u2019entr\u00e9e dans le m\u00e9tier, mais pas comme le souhaitait derni\u00e8rement le minist\u00e8re.<\/li>\n\n\n\n<li>Le mal fait par la r\u00e9forme du lyc\u00e9e \u00e0 certaines disciplines, notamment par le passage de trois sp\u00e9cialit\u00e9s en premi\u00e8re \u00e0 deux sp\u00e9cialit\u00e9s en terminale.<\/li>\n\n\n\n<li>La mise en danger de fili\u00e8res technologiques \u2013 comme STMG o\u00f9 l\u2019on envoie massivement des \u00e9l\u00e8ves en difficult\u00e9s ou STI2D trop peu implant\u00e9e car jug\u00e9e trop co\u00fbteuse.<\/li>\n\n\n\n<li>Le peu d\u2019int\u00e9r\u00eat du pacte et des remplacements de courte dur\u00e9e ; le vrai probl\u00e8me est celui du manque de professeurs qui cause de longues p\u00e9riodes sans cours pour de nombreux \u00e9l\u00e8ves, ou l\u2019absence de moyens de remplacement.<\/li>\n\n\n\n<li>Le besoin d\u2019une vraie revalorisation ; les promesses n\u2019ont pas \u00e9t\u00e9 tenues car les actes n\u2019ont jamais permis une augmentation des salaires aussi importante que l\u2019inflation, ni m\u00eame que la hausse du SMIC.<\/li>\n\n\n\n<li>Le traitement des AESH est alarmant. Dans peu de temps, m\u00eame les plus exp\u00e9riment\u00e9es seront \u00e0 peine au SMIC.<\/li>\n<\/ul>\n<\/li>\n<\/ul>\n\n\n\n<p><strong>L\u2019AVIS DU SNALC<\/strong><\/p>\n\n\n\n<p>Apr\u00e8s un exercice difficile <a href=\"https:\/\/snalc.fr\/des-deputes-insultent-les-elus-du-personnel\/\" target=\"_blank\" rel=\"noreferrer noopener\">l\u2019an dernier<\/a>, le bilan dress\u00e9 par les organisations syndicales a \u00e9t\u00e9 \u00e9cout\u00e9, et les d\u00e9put\u00e9s se sont int\u00e9ress\u00e9s. L\u2019\u00c9ducation nationale est dans une situation grave. C\u2019est pour cela que le SNALC souhaite que la repr\u00e9sentation soit inform\u00e9e au mieux et puisse venir en appui de nos revendications.<\/p>\n","protected":false},"excerpt":{"rendered":"<p>COMMISSION DES AFFAIRES CULTURELLES TABLE RONDE SUR LA RENTR\u00c9E SCOLAIRE R\u00c9UNISSANT DES REPR\u00c9SENTANTS DES SYNDICATS REPR\u00c9SENTATIFS D\u2019ENSEIGNANTS Mercredi 11 septembre 2024 LES VID\u00c9OS PREMIER DEGR\u00c9 Premi\u00e8re intervention de Jean-R\u00e9mi GIRARD, [&hellip;]<\/p>\n","protected":false},"author":1,"featured_media":0,"comment_status":"closed","ping_status":"closed","sticky":false,"template":"","format":"standard","meta":{"_lmt_disableupdate":"","_lmt_disable":"","site-sidebar-layout":"default","site-content-layout":"","ast-site-content-layout":"default","site-content-style":"default","site-sidebar-style":"default","ast-global-header-display":"","ast-banner-title-visibility":"","ast-main-header-display":"","ast-hfb-above-header-display":"","ast-hfb-below-header-display":"","ast-hfb-mobile-header-display":"","site-post-title":"","ast-breadcrumbs-content":"","ast-featured-img":"","footer-sml-layout":"","ast-disable-related-posts":"","theme-transparent-header-meta":"","adv-header-id-meta":"","stick-header-meta":"","header-above-stick-meta":"","header-main-stick-meta":"","header-below-stick-meta":"","astra-migrate-meta-layouts":"set","ast-page-background-enabled":"default","ast-page-background-meta":{"desktop":{"background-color":"var(--ast-global-color-4)","background-image":"","background-repeat":"repeat","background-position":"center center","background-size":"auto","background-attachment":"scroll","background-type":"","background-media":"","overlay-type":"","overlay-color":"","overlay-opacity":"","overlay-gradient":""},"tablet":{"background-color":"","background-image":"","background-repeat":"repeat","background-position":"center center","background-size":"auto","background-attachment":"scroll","background-type":"","background-media":"","overlay-type":"","overlay-color":"","overlay-opacity":"","overlay-gradient":""},"mobile":{"background-color":"","background-image":"","background-repeat":"repeat","background-position":"center center","background-size":"auto","background-attachment":"scroll","background-type":"","background-media":"","overlay-type":"","overlay-color":"","overlay-opacity":"","overlay-gradient":""}},"ast-content-background-meta":{"desktop":{"background-color":"var(--ast-global-color-5)","background-image":"","background-repeat":"repeat","background-position":"center center","background-size":"auto","background-attachment":"scroll","background-type":"","background-media":"","overlay-type":"","overlay-color":"","overlay-opacity":"","overlay-gradient":""},"tablet":{"background-color":"var(--ast-global-color-5)","background-image":"","background-repeat":"repeat","background-position":"center center","background-size":"auto","background-attachment":"scroll","background-type":"","background-media":"","overlay-type":"","overlay-color":"","overlay-opacity":"","overlay-gradient":""},"mobile":{"background-color":"var(--ast-global-color-5)","background-image":"","background-repeat":"repeat","background-position":"center center","background-size":"auto","background-attachment":"scroll","background-type":"","background-media":"","overlay-type":"","overlay-color":"","overlay-opacity":"","overlay-gradient":""}},"footnotes":""},"categories":[41],"tags":[],"class_list":["post-3555","post","type-post","status-publish","format-standard","hentry","category-actualites-2024-2025"],"modified_by":"slecourtier","_links":{"self":[{"href":"https:\/\/snalc.org\/snalc2023\/index.php?rest_route=\/wp\/v2\/posts\/3555","targetHints":{"allow":["GET"]}}],"collection":[{"href":"https:\/\/snalc.org\/snalc2023\/index.php?rest_route=\/wp\/v2\/posts"}],"about":[{"href":"https:\/\/snalc.org\/snalc2023\/index.php?rest_route=\/wp\/v2\/types\/post"}],"author":[{"embeddable":true,"href":"https:\/\/snalc.org\/snalc2023\/index.php?rest_route=\/wp\/v2\/users\/1"}],"replies":[{"embeddable":true,"href":"https:\/\/snalc.org\/snalc2023\/index.php?rest_route=%2Fwp%2Fv2%2Fcomments&post=3555"}],"version-history":[{"count":1,"href":"https:\/\/snalc.org\/snalc2023\/index.php?rest_route=\/wp\/v2\/posts\/3555\/revisions"}],"predecessor-version":[{"id":3556,"href":"https:\/\/snalc.org\/snalc2023\/index.php?rest_route=\/wp\/v2\/posts\/3555\/revisions\/3556"}],"wp:attachment":[{"href":"https:\/\/snalc.org\/snalc2023\/index.php?rest_route=%2Fwp%2Fv2%2Fmedia&parent=3555"}],"wp:term":[{"taxonomy":"category","embeddable":true,"href":"https:\/\/snalc.org\/snalc2023\/index.php?rest_route=%2Fwp%2Fv2%2Fcategories&post=3555"},{"taxonomy":"post_tag","embeddable":true,"href":"https:\/\/snalc.org\/snalc2023\/index.php?rest_route=%2Fwp%2Fv2%2Ftags&post=3555"}],"curies":[{"name":"wp","href":"https:\/\/api.w.org\/{rel}","templated":true}]}}