{"id":3596,"date":"2024-10-01T19:52:20","date_gmt":"2024-10-01T17:52:20","guid":{"rendered":"https:\/\/snalc.org\/snalc2023\/?p=3596"},"modified":"2024-10-01T19:52:22","modified_gmt":"2024-10-01T17:52:22","slug":"budget-2025-et-retraites-audience-a-lassemblee-nationale-le-30-septembre-2024","status":"publish","type":"post","link":"https:\/\/snalc.org\/snalc2023\/?p=3596","title":{"rendered":"Budget 2025 et retraites\u00a0: audience \u00e0 l\u2019Assembl\u00e9e nationale le 30 septembre 2024"},"content":{"rendered":"\n<h1 class=\"wp-block-heading\">Budget 2025 et retraites&nbsp;: audience \u00e0 l\u2019Assembl\u00e9e nationale le 30 septembre 2024<\/h1>\n\n\n\n<ul class=\"wp-block-list\">\n<li>R\u00e9dig\u00e9 par Jean-R\u00e9mi GIRARD, pr\u00e9sident du SNALC<\/li>\n\n\n\n<li><a href=\"https:\/\/snalc.fr\/2024\/09\/30\/\">publi\u00e9 le <time>30 septembre 2024<\/time><\/a><\/li>\n\n\n\n<li><a href=\"https:\/\/snalc.fr\/category\/le-snalc\/action-syndicale\/cr\/\">Comptes rendus<\/a>, <a href=\"https:\/\/snalc.fr\/category\/actualites\/\">Les Actualit\u00e9s<\/a><\/li>\n<\/ul>\n\n\n\n<figure class=\"wp-block-image\"><img decoding=\"async\" src=\"https:\/\/snalc.fr\/wp-content\/uploads\/assembleenationale_orphea.jpg\" alt=\"\" class=\"wp-image-3915\"\/><figcaption class=\"wp-element-caption\">\u00a9 Palais Bourbon<\/figcaption><\/figure>\n\n\n\n<h2 class=\"wp-block-heading\">AUDIENCE DES ORGANISATIONS REPR\u00c9SENTATIVES DES FONCTIONNAIRES<\/h2>\n\n\n\n<h2 class=\"wp-block-heading\">par Aur\u00e9lien Le Coq, d\u00e9put\u00e9 et rapporteur sp\u00e9cial<\/h2>\n\n\n\n<h2 class=\"wp-block-heading\">Lundi 30 septembre 2024<\/h2>\n\n\n\n<p><strong>Compte rendu du SNALC<\/strong><\/p>\n\n\n\n<p><strong>L\u2019ESSENTIEL<\/strong><\/p>\n\n\n\n<p>\u00c9change sur la situation budg\u00e9taire et les retraites dans la fonction publique d\u2019\u00c9tat.<\/p>\n\n\n\n<p>Discussion sur les effets de la derni\u00e8re r\u00e9forme des retraites.<\/p>\n\n\n\n<p><strong>LE SNALC A INSIST\u00c9 SUR<\/strong><\/p>\n\n\n\n<ul class=\"wp-block-list\">\n<li><strong>les effets de l\u2019allongement des carri\u00e8res<\/strong> dans notre fonction publique\u00a0: d\u00e9part avec d\u00e9cotes, d\u00e9parts \u00e0 67 ans pour \u00e9viter la d\u00e9cote, pr\u00e9carisation pour les personnels avec des carri\u00e8res hach\u00e9es (comme beaucoup d\u2019AESH, par exemple)\u00a0;<\/li>\n\n\n\n<li><strong>la notion de p\u00e9nibilit\u00e9<\/strong>, qui est tr\u00e8s restreinte en France. De nombreux m\u00e9tiers de la fonction publique ont des formes de p\u00e9nibilit\u00e9 qui ne sont pas reconnues\u00a0;<\/li>\n\n\n\n<li><strong>les risques pos\u00e9s par l\u2019int\u00e9gration du r\u00e9gime indemnitaire dans le calcul de la retraite<\/strong>, car il y a une tr\u00e8s grande disparit\u00e9 des r\u00e9gimes indemnitaires d\u2019un minist\u00e8re \u00e0 l\u2019autre. Les minist\u00e8res dont s\u2019occupent le SNALC ont un tr\u00e8s faible r\u00e9gime indemnitaire, et seraient donc davantage encore d\u00e9valoris\u00e9s dans un tel sc\u00e9nario\u00a0;<\/li>\n\n\n\n<li><strong>la question des in\u00e9galit\u00e9s hommes\/femmes<\/strong>, qui n\u2019est pas \u00e0 poser qu\u2019\u00e0 emploi \u00e9gal, mais aussi entre minist\u00e8res. Les minist\u00e8res les plus f\u00e9minis\u00e9s, comme l\u2019\u00c9ducation nationale, sont rarement les mieux trait\u00e9s\u00a0;<\/li>\n\n\n\n<li><strong>le flou li\u00e9 \u00e0 la retraite progressive<\/strong>. Sur le papier, elle pr\u00e9sente un int\u00e9r\u00eat \u2014 surtout dans un minist\u00e8re qui utilisait beaucoup la cessation progressive d\u2019activit\u00e9 \u00e0 l\u2019\u00e9poque \u2014 mais nous n\u2019avons que peu d\u2019\u00e9l\u00e9ments sur l\u2019ampleur de son d\u00e9ploiement. Cela risque de rester tr\u00e8s symbolique alors m\u00eame que nous ne parvenons pas \u00e0 recruter, et que nous n\u2019avons pas les personnels pour remplacer.<\/li>\n<\/ul>\n\n\n\n<p><strong>L\u2019AVIS DU SNALC<\/strong><\/p>\n\n\n\n<p>Le rapporteur rejoint les analyses du SNALC, mais cela ne pr\u00e9juge en rien de ce que feront les d\u00e9put\u00e9s lors de l\u2019examen du PLF.<\/p>\n\n\n\n<p>Un \u00e9change int\u00e9ressant sur les possibilit\u00e9s de transfert primes\/points afin de modifier les grilles dans la fonction publique sans aggraver l\u2019\u00e9cart entre les minist\u00e8res, ce qui permettrait un meilleur calcul pour les pensions\u2026 mais ne changerait strictement rien \u00e0 la r\u00e9mun\u00e9ration des coll\u00e8gues.<\/p>\n","protected":false},"excerpt":{"rendered":"<p>Budget 2025 et retraites&nbsp;: audience \u00e0 l\u2019Assembl\u00e9e nationale le 30 septembre 2024 AUDIENCE DES ORGANISATIONS REPR\u00c9SENTATIVES DES FONCTIONNAIRES par Aur\u00e9lien Le Coq, d\u00e9put\u00e9 et rapporteur sp\u00e9cial Lundi 30 septembre 2024 [&hellip;]<\/p>\n","protected":false},"author":1,"featured_media":0,"comment_status":"closed","ping_status":"closed","sticky":false,"template":"","format":"standard","meta":{"_lmt_disableupdate":"","_lmt_disable":"","site-sidebar-layout":"default","site-content-layout":"","ast-site-content-layout":"default","site-content-style":"default","site-sidebar-style":"default","ast-global-header-display":"","ast-banner-title-visibility":"","ast-main-header-display":"","ast-hfb-above-header-display":"","ast-hfb-below-header-display":"","ast-hfb-mobile-header-display":"","site-post-title":"","ast-breadcrumbs-content":"","ast-featured-img":"","footer-sml-layout":"","ast-disable-related-posts":"","theme-transparent-header-meta":"","adv-header-id-meta":"","stick-header-meta":"","header-above-stick-meta":"","header-main-stick-meta":"","header-below-stick-meta":"","astra-migrate-meta-layouts":"set","ast-page-background-enabled":"default","ast-page-background-meta":{"desktop":{"background-color":"var(--ast-global-color-4)","background-image":"","background-repeat":"repeat","background-position":"center center","background-size":"auto","background-attachment":"scroll","background-type":"","background-media":"","overlay-type":"","overlay-color":"","overlay-opacity":"","overlay-gradient":""},"tablet":{"background-color":"","background-image":"","background-repeat":"repeat","background-position":"center center","background-size":"auto","background-attachment":"scroll","background-type":"","background-media":"","overlay-type":"","overlay-color":"","overlay-opacity":"","overlay-gradient":""},"mobile":{"background-color":"","background-image":"","background-repeat":"repeat","background-position":"center center","background-size":"auto","background-attachment":"scroll","background-type":"","background-media":"","overlay-type":"","overlay-color":"","overlay-opacity":"","overlay-gradient":""}},"ast-content-background-meta":{"desktop":{"background-color":"var(--ast-global-color-5)","background-image":"","background-repeat":"repeat","background-position":"center center","background-size":"auto","background-attachment":"scroll","background-type":"","background-media":"","overlay-type":"","overlay-color":"","overlay-opacity":"","overlay-gradient":""},"tablet":{"background-color":"var(--ast-global-color-5)","background-image":"","background-repeat":"repeat","background-position":"center center","background-size":"auto","background-attachment":"scroll","background-type":"","background-media":"","overlay-type":"","overlay-color":"","overlay-opacity":"","overlay-gradient":""},"mobile":{"background-color":"var(--ast-global-color-5)","background-image":"","background-repeat":"repeat","background-position":"center center","background-size":"auto","background-attachment":"scroll","background-type":"","background-media":"","overlay-type":"","overlay-color":"","overlay-opacity":"","overlay-gradient":""}},"footnotes":""},"categories":[41],"tags":[],"class_list":["post-3596","post","type-post","status-publish","format-standard","hentry","category-actualites-2024-2025"],"modified_by":"slecourtier","_links":{"self":[{"href":"https:\/\/snalc.org\/snalc2023\/index.php?rest_route=\/wp\/v2\/posts\/3596","targetHints":{"allow":["GET"]}}],"collection":[{"href":"https:\/\/snalc.org\/snalc2023\/index.php?rest_route=\/wp\/v2\/posts"}],"about":[{"href":"https:\/\/snalc.org\/snalc2023\/index.php?rest_route=\/wp\/v2\/types\/post"}],"author":[{"embeddable":true,"href":"https:\/\/snalc.org\/snalc2023\/index.php?rest_route=\/wp\/v2\/users\/1"}],"replies":[{"embeddable":true,"href":"https:\/\/snalc.org\/snalc2023\/index.php?rest_route=%2Fwp%2Fv2%2Fcomments&post=3596"}],"version-history":[{"count":1,"href":"https:\/\/snalc.org\/snalc2023\/index.php?rest_route=\/wp\/v2\/posts\/3596\/revisions"}],"predecessor-version":[{"id":3597,"href":"https:\/\/snalc.org\/snalc2023\/index.php?rest_route=\/wp\/v2\/posts\/3596\/revisions\/3597"}],"wp:attachment":[{"href":"https:\/\/snalc.org\/snalc2023\/index.php?rest_route=%2Fwp%2Fv2%2Fmedia&parent=3596"}],"wp:term":[{"taxonomy":"category","embeddable":true,"href":"https:\/\/snalc.org\/snalc2023\/index.php?rest_route=%2Fwp%2Fv2%2Fcategories&post=3596"},{"taxonomy":"post_tag","embeddable":true,"href":"https:\/\/snalc.org\/snalc2023\/index.php?rest_route=%2Fwp%2Fv2%2Ftags&post=3596"}],"curies":[{"name":"wp","href":"https:\/\/api.w.org\/{rel}","templated":true}]}}