{"id":3600,"date":"2024-10-04T19:30:44","date_gmt":"2024-10-04T17:30:44","guid":{"rendered":"https:\/\/snalc.org\/snalc2023\/?p=3600"},"modified":"2024-10-04T19:34:05","modified_gmt":"2024-10-04T17:34:05","slug":"quinzaine-universitaire-n1493-ecole","status":"publish","type":"post","link":"https:\/\/snalc.org\/snalc2023\/?p=3600","title":{"rendered":"QUINZAINE UNIVERSITAIRE n\u00b01493 \u2013 \u00e9cole"},"content":{"rendered":"\n<h1 class=\"wp-block-heading\">QUINZAINE UNIVERSITAIRE n\u00b01493 \u2013 \u00e9cole<\/h1>\n\n\n\n<ul class=\"wp-block-list\">\n<li>R\u00e9dig\u00e9 par SNALC premier degr\u00e9<\/li>\n\n\n\n<li><a href=\"https:\/\/snalc.fr\/2024\/10\/04\/\">publi\u00e9 le <time>4 octobre 2024<\/time><\/a><\/li>\n\n\n\n<li><a href=\"https:\/\/snalc.fr\/category\/publications\/revue\/\">La revue Quinzaine universitaire<\/a>, <a href=\"https:\/\/snalc.fr\/category\/actualites\/\">Les Actualit\u00e9s<\/a><\/li>\n<\/ul>\n\n\n\n<figure class=\"wp-block-image\"><img decoding=\"async\" src=\"https:\/\/snalc.fr\/wp-content\/uploads\/QU1493-1D.jpg\" alt=\"\" class=\"wp-image-45232\"\/><\/figure>\n\n\n\n<p><strong>\u00c9DITO : <a href=\"https:\/\/snalc.fr\/reparer-la-coque\/\">R\u00c9PARER LA COQUE<\/a><\/strong><\/p>\n\n\n\n<figure class=\"wp-block-image\"><img decoding=\"async\" src=\"https:\/\/snalc.fr\/wp-content\/uploads\/elementor\/thumbs\/SNALC-congres-Strasbourg-mai-2023-Photo-Philippe-Sautier-3-e1686317689865-qfu77nw4qlxwj5dktm23kiay8chujy1r6wng15ek0o.jpg\" alt=\"SNALC congres Strasbourg mai 2023 - Photo Philippe Sautier (3)\" title=\"SNALC congres Strasbourg mai 2023 \u2013 Photo Philippe Sautier (3)\"\/><\/figure>\n\n\n\n<p>J-R\u00e9mi Girard<br>Pr\u00e9sident du SNALC<\/p>\n\n\n\n<p>Au moment o\u00f9 j\u2019\u00e9cris ces lignes, les ministres Anne Genetet (\u00c9ducation nationale) et Alexandre Portier (R\u00e9ussite scolaire et Enseignement professionnel) ont \u00e9t\u00e9 nomm\u00e9s, et le SNALC devrait bient\u00f4t les rencontrer pour porter les revendications des coll\u00e8gues.<\/p>\n\n\n\n<p>La situation est d\u2019une tr\u00e8s forte instabilit\u00e9, comme nous le confient les d\u00e9put\u00e9s qui nous auditionnent, et qui semblent s\u2019int\u00e9resser de plus en plus aux organisations repr\u00e9sentatives. \u00c9tonnant de voir que lorsque le politique est dans la tourmente et l\u2019incertitude, les \u00ab corps interm\u00e9diaires \u00bb retrouvent soudain de l\u2019int\u00e9r\u00eat. [<strong><a href=\"https:\/\/snalc.fr\/reparer-la-coque\/\">Lire la suite<\/a><\/strong>]<\/p>\n\n\n\n<p><strong>ACTUALIT\u00c9S DU MOIS<\/strong><\/p>\n\n\n\n<ul class=\"wp-block-list\">\n<li><a href=\"https:\/\/snalc.fr\/prof-cest-plutot-bien-paye-non\/\">\u00ab Prof ? C\u2019est plut\u00f4t bien pay\u00e9 ?\u2026Non ? \u00bb<\/a><\/li>\n\n\n\n<li><a href=\"https:\/\/snalc.fr\/pe-grilles-de-salaire-au-1er-septembre-2024\/\">Grilles de salaire des professeurs des \u00e9coles au 1er septembre 2024<\/a><\/li>\n\n\n\n<li><a href=\"https:\/\/snalc.fr\/reclassement-hors-classe-et-classe-exceptionnelle-quel-sera-votre-salaire\/\">Promotions de grade au 1er septembre 2024 : modalit\u00e9s des reclassements<\/a><\/li>\n\n\n\n<li><a href=\"https:\/\/snalc.fr\/indemnite-rep-tout-ce-quil-faut-savoir\/\">Indemnit\u00e9 REP+ : tout ce qu\u2019il faut savoir<\/a><\/li>\n\n\n\n<li><a href=\"https:\/\/snalc.fr\/pe-principales-indemnites-et-primes\/\">Principales indemnit\u00e9s et primes<\/a><\/li>\n\n\n\n<li><a href=\"https:\/\/snalc.fr\/pe-incidences-de-la-maladie-sur-les-indemnites\/\">Incidences de la maladie sur les indemnit\u00e9s<\/a><\/li>\n<\/ul>\n\n\n\n<p><strong>LES PERSONNELS&nbsp;<\/strong><\/p>\n\n\n\n<ul class=\"wp-block-list\">\n<li><a href=\"https:\/\/snalc.fr\/remuneration-des-missions-supplementaires\/\">R\u00e9mun\u00e9ration des missions suppl\u00e9mentaires<\/a><\/li>\n\n\n\n<li><a href=\"https:\/\/snalc.fr\/wp-content\/uploads\/QU1493_NLOP.jpg\">Ne l\u2019oubliez pas !<\/a><\/li>\n\n\n\n<li><a href=\"https:\/\/snalc.fr\/retenue-sur-salaire-une-bombe-a-retardement\/\">Retenue sur salaire : une bombe \u00e0 retardement<\/a><\/li>\n\n\n\n<li><a href=\"https:\/\/snalc.fr\/trop-percus-quelles-obligations-pour-les-pe\/\">Trop-per\u00e7us : quelles obligations pour les PE ?<\/a><\/li>\n<\/ul>\n\n\n\n<p><strong>CONDITIONS DE TRAVAIL<\/strong><\/p>\n\n\n\n<ul class=\"wp-block-list\">\n<li><a href=\"https:\/\/snalc.fr\/accidents-incidents-ayez-le-reflexe-citis\/\">Accidents, incidents : ayez le r\u00e9flexe CITIS !<\/a><\/li>\n<\/ul>\n\n\n\n<p><a href=\"https:\/\/snalc.fr\/wp-content\/uploads\/QU1493-1D.pdf\">T\u00e9l\u00e9charger la revue en PDF<\/a><\/p>\n\n\n\n<figure class=\"wp-block-embed\"><div class=\"wp-block-embed__wrapper\">\nhttps:\/\/v.calameo.com\/?bkcode=00683745863ac86bd9e78&#038;mode=mini\n<\/div><\/figure>\n","protected":false},"excerpt":{"rendered":"<p>QUINZAINE UNIVERSITAIRE n\u00b01493 \u2013 \u00e9cole \u00c9DITO : R\u00c9PARER LA COQUE J-R\u00e9mi GirardPr\u00e9sident du SNALC Au moment o\u00f9 j\u2019\u00e9cris ces lignes, les ministres Anne Genetet (\u00c9ducation nationale) et Alexandre Portier (R\u00e9ussite [&hellip;]<\/p>\n","protected":false},"author":1,"featured_media":0,"comment_status":"closed","ping_status":"closed","sticky":false,"template":"","format":"standard","meta":{"_lmt_disableupdate":"no","_lmt_disable":"","site-sidebar-layout":"default","site-content-layout":"","ast-site-content-layout":"default","site-content-style":"default","site-sidebar-style":"default","ast-global-header-display":"","ast-banner-title-visibility":"","ast-main-header-display":"","ast-hfb-above-header-display":"","ast-hfb-below-header-display":"","ast-hfb-mobile-header-display":"","site-post-title":"","ast-breadcrumbs-content":"","ast-featured-img":"","footer-sml-layout":"","ast-disable-related-posts":"","theme-transparent-header-meta":"","adv-header-id-meta":"","stick-header-meta":"","header-above-stick-meta":"","header-main-stick-meta":"","header-below-stick-meta":"","astra-migrate-meta-layouts":"set","ast-page-background-enabled":"default","ast-page-background-meta":{"desktop":{"background-color":"var(--ast-global-color-4)","background-image":"","background-repeat":"repeat","background-position":"center center","background-size":"auto","background-attachment":"scroll","background-type":"","background-media":"","overlay-type":"","overlay-color":"","overlay-opacity":"","overlay-gradient":""},"tablet":{"background-color":"","background-image":"","background-repeat":"repeat","background-position":"center center","background-size":"auto","background-attachment":"scroll","background-type":"","background-media":"","overlay-type":"","overlay-color":"","overlay-opacity":"","overlay-gradient":""},"mobile":{"background-color":"","background-image":"","background-repeat":"repeat","background-position":"center center","background-size":"auto","background-attachment":"scroll","background-type":"","background-media":"","overlay-type":"","overlay-color":"","overlay-opacity":"","overlay-gradient":""}},"ast-content-background-meta":{"desktop":{"background-color":"var(--ast-global-color-5)","background-image":"","background-repeat":"repeat","background-position":"center center","background-size":"auto","background-attachment":"scroll","background-type":"","background-media":"","overlay-type":"","overlay-color":"","overlay-opacity":"","overlay-gradient":""},"tablet":{"background-color":"var(--ast-global-color-5)","background-image":"","background-repeat":"repeat","background-position":"center center","background-size":"auto","background-attachment":"scroll","background-type":"","background-media":"","overlay-type":"","overlay-color":"","overlay-opacity":"","overlay-gradient":""},"mobile":{"background-color":"var(--ast-global-color-5)","background-image":"","background-repeat":"repeat","background-position":"center center","background-size":"auto","background-attachment":"scroll","background-type":"","background-media":"","overlay-type":"","overlay-color":"","overlay-opacity":"","overlay-gradient":""}},"footnotes":""},"categories":[41,23,37],"tags":[],"class_list":["post-3600","post","type-post","status-publish","format-standard","hentry","category-actualites-2024-2025","category-professeurs-1er-degre","category-qu"],"modified_by":"slecourtier","_links":{"self":[{"href":"https:\/\/snalc.org\/snalc2023\/index.php?rest_route=\/wp\/v2\/posts\/3600","targetHints":{"allow":["GET"]}}],"collection":[{"href":"https:\/\/snalc.org\/snalc2023\/index.php?rest_route=\/wp\/v2\/posts"}],"about":[{"href":"https:\/\/snalc.org\/snalc2023\/index.php?rest_route=\/wp\/v2\/types\/post"}],"author":[{"embeddable":true,"href":"https:\/\/snalc.org\/snalc2023\/index.php?rest_route=\/wp\/v2\/users\/1"}],"replies":[{"embeddable":true,"href":"https:\/\/snalc.org\/snalc2023\/index.php?rest_route=%2Fwp%2Fv2%2Fcomments&post=3600"}],"version-history":[{"count":1,"href":"https:\/\/snalc.org\/snalc2023\/index.php?rest_route=\/wp\/v2\/posts\/3600\/revisions"}],"predecessor-version":[{"id":3601,"href":"https:\/\/snalc.org\/snalc2023\/index.php?rest_route=\/wp\/v2\/posts\/3600\/revisions\/3601"}],"wp:attachment":[{"href":"https:\/\/snalc.org\/snalc2023\/index.php?rest_route=%2Fwp%2Fv2%2Fmedia&parent=3600"}],"wp:term":[{"taxonomy":"category","embeddable":true,"href":"https:\/\/snalc.org\/snalc2023\/index.php?rest_route=%2Fwp%2Fv2%2Fcategories&post=3600"},{"taxonomy":"post_tag","embeddable":true,"href":"https:\/\/snalc.org\/snalc2023\/index.php?rest_route=%2Fwp%2Fv2%2Ftags&post=3600"}],"curies":[{"name":"wp","href":"https:\/\/api.w.org\/{rel}","templated":true}]}}