{"id":3604,"date":"2024-10-04T19:33:24","date_gmt":"2024-10-04T17:33:24","guid":{"rendered":"https:\/\/snalc.org\/snalc2023\/?p=3604"},"modified":"2024-10-04T19:33:27","modified_gmt":"2024-10-04T17:33:27","slug":"quinzaine-universitaire-n1493","status":"publish","type":"post","link":"https:\/\/snalc.org\/snalc2023\/?p=3604","title":{"rendered":"QUINZAINE UNIVERSITAIRE n\u00b01493"},"content":{"rendered":"\n<h1 class=\"wp-block-heading\">QUINZAINE UNIVERSITAIRE n\u00b01493<\/h1>\n\n\n\n<ul class=\"wp-block-list\">\n<li>R\u00e9dig\u00e9 par SNALC<\/li>\n\n\n\n<li><a href=\"https:\/\/snalc.fr\/2024\/10\/04\/\">publi\u00e9 le <time>4 octobre 2024<\/time><\/a><\/li>\n\n\n\n<li><a href=\"https:\/\/snalc.fr\/category\/publications\/revue\/\">La revue Quinzaine universitaire<\/a>, <a href=\"https:\/\/snalc.fr\/category\/actualites\/\">Les Actualit\u00e9s<\/a><\/li>\n<\/ul>\n\n\n\n<figure class=\"wp-block-image\"><img decoding=\"async\" src=\"https:\/\/snalc.fr\/wp-content\/uploads\/QU1493.jpg\" alt=\"\" class=\"wp-image-45231\"\/><\/figure>\n\n\n\n<p><strong>\u00c9DITO : <a href=\"https:\/\/snalc.fr\/cap-sur-liceberg\/\">CAP SUR L\u2019ICEBERG&nbsp;!<\/a><\/strong><\/p>\n\n\n\n<figure class=\"wp-block-image\"><img decoding=\"async\" src=\"https:\/\/snalc.fr\/wp-content\/uploads\/elementor\/thumbs\/SNALC-congres-Strasbourg-mai-2023-Photo-Philippe-Sautier-3-e1686317689865-qfu77nw4qlxwj5dktm23kiay8chujy1r6wng15ek0o.jpg\" alt=\"SNALC congres Strasbourg mai 2023 - Photo Philippe Sautier (3)\" title=\"SNALC congres Strasbourg mai 2023 \u2013 Photo Philippe Sautier (3)\"\/><\/figure>\n\n\n\n<p>Jean-R\u00e9mi Girard<br>Pr\u00e9sident du SNALC<\/p>\n\n\n\n<p>Au moment o\u00f9 j\u2019\u00e9cris ces lignes, les ministres Anne Genetet (\u00c9ducation nationale), Patrick Hetzel (Enseignement sup\u00e9rieur) et Alexandre Portier (R\u00e9ussite scolaire et Enseignement professionnel) ont \u00e9t\u00e9 nomm\u00e9s, et le SNALC devrait bient\u00f4t les rencontrer pour porter les revendications des coll\u00e8gues.<\/p>\n\n\n\n<p>La situation est d\u2019une tr\u00e8s forte instabilit\u00e9, comme nous le confient les d\u00e9put\u00e9s qui nous auditionnent, et qui semblent s\u2019int\u00e9resser de plus en plus aux organisations repr\u00e9sentatives. \u00c9tonnant de voir que lorsque le politique est dans la tourmente et l\u2019incertitude, les \u00ab&nbsp;corps interm\u00e9diaires&nbsp;\u00bb retrouvent soudain de l\u2019int\u00e9r\u00eat. [<a href=\"https:\/\/snalc.fr\/cap-sur-liceberg\/\"><strong>Lire la suite<\/strong><\/a>]<\/p>\n\n\n\n<p><strong>DOSSIER DU MOIS :&nbsp;<\/strong><a href=\"https:\/\/snalc.fr\/etre-professeur-en-2024\/\"><strong>\u00caTRE PROFESSEUR EN 2024<\/strong><\/a><\/p>\n\n\n\n<ul class=\"wp-block-list\">\n<li><a href=\"https:\/\/snalc.fr\/etre-professeur-en-2024#metier\">\u00ab Le m\u00e9tier, il a chang\u00e9 \u00bb<\/a><\/li>\n\n\n\n<li><a href=\"https:\/\/snalc.fr\/etre-professeur-en-2024#collectif\">L\u2019important, c\u2019est le collectif !<\/a><\/li>\n\n\n\n<li><a href=\"https:\/\/snalc.fr\/etre-professeur-en-2024#reunions\">\u00ab Moi, je suis professeur de r\u00e9unions \u00bb<\/a><\/li>\n\n\n\n<li><a href=\"https:\/\/snalc.fr\/etre-professeur-en-2024#projets\">La machine \u00e0 projets ?<\/a><\/li>\n\n\n\n<li><a href=\"https:\/\/snalc.fr\/etre-professeur-en-2024#donnee\">Une donn\u00e9e dans un tableur<\/a><\/li>\n\n\n\n<li><a href=\"https:\/\/snalc.fr\/etre-professeur-en-2024#ingenierie\">Une ing\u00e9nierie sp\u00e9ciale<\/a><\/li>\n\n\n\n<li><a href=\"https:\/\/snalc.fr\/etre-professeur-en-2024#sympa\">\u00ab C\u2019est un bon prof, il est sympa \u00bb<\/a><\/li>\n\n\n\n<li><a href=\"https:\/\/snalc.fr\/etre-professeur-en-2024#snalc\">Le professeur selon le SNALC<\/a><\/li>\n<\/ul>\n\n\n\n<p><strong>SYST\u00c8ME \u00c9DUCATIF<\/strong><\/p>\n\n\n\n<ul class=\"wp-block-list\">\n<li><a href=\"https:\/\/snalc.fr\/langues-vivantes-le-niveau-des-eleves-en-question\/\">Langues vivantes : le niveau des \u00e9l\u00e8ves en question<\/a><\/li>\n\n\n\n<li><a href=\"https:\/\/snalc.fr\/jeux-paralympiques-le-defi-de-linclusion-en-eps\/\">Jeux paralympiques : le d\u00e9fi de l\u2019inclusion en EPS<\/a><\/li>\n\n\n\n<li><a href=\"https:\/\/snalc.fr\/choc-des-savoirs-piege-fatal-pour-les-lca-en-college\/\">\u00ab Choc des savoirs \u00bb : pi\u00e8ge fatal pour les LCA en coll\u00e8ge<\/a><\/li>\n<\/ul>\n\n\n\n<p><strong>LES PERSONNELS<\/strong><\/p>\n\n\n\n<ul class=\"wp-block-list\">\n<li><a href=\"https:\/\/snalc.fr\/wp-content\/uploads\/QU1493_NLOP.jpg\">Ne l\u2019oubliez pas !<\/a><\/li>\n<\/ul>\n\n\n\n<p><strong>CONDITIONS DE TRAVAIL<\/strong><\/p>\n\n\n\n<ul class=\"wp-block-list\">\n<li><a href=\"https:\/\/snalc.fr\/pic\/\">Il tombe \u00e0 PIC\u2026 le Parcours Individualis\u00e9 de Comp\u00e9tences<\/a><\/li>\n\n\n\n<li><a href=\"https:\/\/snalc.fr\/la-prise-en-compte-du-handicap-dans-len-2\/\">Prise en compte du handicap dans l\u2019\u00c9ducation nationale<\/a><\/li>\n\n\n\n<li><a href=\"https:\/\/snalc.fr\/samuel-paty-dominique-bernard-le-16-octobre-ne-les-oublions-pas\/\">Samuel Paty, Dominique Bernard\u2026 Le 16 octobre, ne les oublions pas<\/a><\/li>\n\n\n\n<li><a href=\"https:\/\/snalc.fr\/avantages-snalc-envie-de-vacances-a-la-montagne\/\">Avantages-SNALC : envie de vacances \u00e0 la montagne ?<\/a><\/li>\n\n\n\n<li><a href=\"https:\/\/snalc.fr\/dans-linteret-du-service\/\">\u00ab Dans l\u2019int\u00e9r\u00eat du service \u00bb ou comment l\u00e9gitimer un management \u00ab froid \u00bb, injuste et inefficace<\/a><\/li>\n\n\n\n<li><a href=\"https:\/\/snalc.fr\/investissez-vous\/\">Investissez-vous !<\/a><\/li>\n<\/ul>\n\n\n\n<p><a href=\"https:\/\/snalc.fr\/wp-content\/uploads\/QU1493.pdf\">T\u00e9l\u00e9charger la revue en PDF<\/a><\/p>\n\n\n\n<figure class=\"wp-block-embed\"><div class=\"wp-block-embed__wrapper\">\nhttps:\/\/v.calameo.com\/?bkcode=006837458b020c3b8149b&#038;mode=mini\n<\/div><\/figure>\n","protected":false},"excerpt":{"rendered":"<p>QUINZAINE UNIVERSITAIRE n\u00b01493 \u00c9DITO : CAP SUR L\u2019ICEBERG&nbsp;! Jean-R\u00e9mi GirardPr\u00e9sident du SNALC Au moment o\u00f9 j\u2019\u00e9cris ces lignes, les ministres Anne Genetet (\u00c9ducation nationale), Patrick Hetzel (Enseignement sup\u00e9rieur) et Alexandre [&hellip;]<\/p>\n","protected":false},"author":1,"featured_media":0,"comment_status":"closed","ping_status":"closed","sticky":false,"template":"","format":"standard","meta":{"_lmt_disableupdate":"","_lmt_disable":"","site-sidebar-layout":"default","site-content-layout":"","ast-site-content-layout":"default","site-content-style":"default","site-sidebar-style":"default","ast-global-header-display":"","ast-banner-title-visibility":"","ast-main-header-display":"","ast-hfb-above-header-display":"","ast-hfb-below-header-display":"","ast-hfb-mobile-header-display":"","site-post-title":"","ast-breadcrumbs-content":"","ast-featured-img":"","footer-sml-layout":"","ast-disable-related-posts":"","theme-transparent-header-meta":"","adv-header-id-meta":"","stick-header-meta":"","header-above-stick-meta":"","header-main-stick-meta":"","header-below-stick-meta":"","astra-migrate-meta-layouts":"set","ast-page-background-enabled":"default","ast-page-background-meta":{"desktop":{"background-color":"var(--ast-global-color-4)","background-image":"","background-repeat":"repeat","background-position":"center center","background-size":"auto","background-attachment":"scroll","background-type":"","background-media":"","overlay-type":"","overlay-color":"","overlay-opacity":"","overlay-gradient":""},"tablet":{"background-color":"","background-image":"","background-repeat":"repeat","background-position":"center center","background-size":"auto","background-attachment":"scroll","background-type":"","background-media":"","overlay-type":"","overlay-color":"","overlay-opacity":"","overlay-gradient":""},"mobile":{"background-color":"","background-image":"","background-repeat":"repeat","background-position":"center center","background-size":"auto","background-attachment":"scroll","background-type":"","background-media":"","overlay-type":"","overlay-color":"","overlay-opacity":"","overlay-gradient":""}},"ast-content-background-meta":{"desktop":{"background-color":"var(--ast-global-color-5)","background-image":"","background-repeat":"repeat","background-position":"center center","background-size":"auto","background-attachment":"scroll","background-type":"","background-media":"","overlay-type":"","overlay-color":"","overlay-opacity":"","overlay-gradient":""},"tablet":{"background-color":"var(--ast-global-color-5)","background-image":"","background-repeat":"repeat","background-position":"center center","background-size":"auto","background-attachment":"scroll","background-type":"","background-media":"","overlay-type":"","overlay-color":"","overlay-opacity":"","overlay-gradient":""},"mobile":{"background-color":"var(--ast-global-color-5)","background-image":"","background-repeat":"repeat","background-position":"center center","background-size":"auto","background-attachment":"scroll","background-type":"","background-media":"","overlay-type":"","overlay-color":"","overlay-opacity":"","overlay-gradient":""}},"footnotes":""},"categories":[41,37],"tags":[],"class_list":["post-3604","post","type-post","status-publish","format-standard","hentry","category-actualites-2024-2025","category-qu"],"modified_by":"slecourtier","_links":{"self":[{"href":"https:\/\/snalc.org\/snalc2023\/index.php?rest_route=\/wp\/v2\/posts\/3604","targetHints":{"allow":["GET"]}}],"collection":[{"href":"https:\/\/snalc.org\/snalc2023\/index.php?rest_route=\/wp\/v2\/posts"}],"about":[{"href":"https:\/\/snalc.org\/snalc2023\/index.php?rest_route=\/wp\/v2\/types\/post"}],"author":[{"embeddable":true,"href":"https:\/\/snalc.org\/snalc2023\/index.php?rest_route=\/wp\/v2\/users\/1"}],"replies":[{"embeddable":true,"href":"https:\/\/snalc.org\/snalc2023\/index.php?rest_route=%2Fwp%2Fv2%2Fcomments&post=3604"}],"version-history":[{"count":1,"href":"https:\/\/snalc.org\/snalc2023\/index.php?rest_route=\/wp\/v2\/posts\/3604\/revisions"}],"predecessor-version":[{"id":3605,"href":"https:\/\/snalc.org\/snalc2023\/index.php?rest_route=\/wp\/v2\/posts\/3604\/revisions\/3605"}],"wp:attachment":[{"href":"https:\/\/snalc.org\/snalc2023\/index.php?rest_route=%2Fwp%2Fv2%2Fmedia&parent=3604"}],"wp:term":[{"taxonomy":"category","embeddable":true,"href":"https:\/\/snalc.org\/snalc2023\/index.php?rest_route=%2Fwp%2Fv2%2Fcategories&post=3604"},{"taxonomy":"post_tag","embeddable":true,"href":"https:\/\/snalc.org\/snalc2023\/index.php?rest_route=%2Fwp%2Fv2%2Ftags&post=3604"}],"curies":[{"name":"wp","href":"https:\/\/api.w.org\/{rel}","templated":true}]}}