{"id":3642,"date":"2024-10-15T06:38:28","date_gmt":"2024-10-15T04:38:28","guid":{"rendered":"https:\/\/snalc.org\/snalc2023\/?p=3642"},"modified":"2024-10-15T06:38:34","modified_gmt":"2024-10-15T04:38:34","slug":"lintersyndicale-depose-une-alerte-sociale","status":"publish","type":"post","link":"https:\/\/snalc.org\/snalc2023\/?p=3642","title":{"rendered":"L\u2019intersyndicale d\u00e9pose une alerte sociale"},"content":{"rendered":"\n<figure class=\"wp-block-image\"><img decoding=\"async\" src=\"https:\/\/snalc.fr\/wp-content\/uploads\/danger_Freepik_user6702303_3105.jpg\" alt=\"\" class=\"wp-image-45555\"\/><figcaption class=\"wp-element-caption\">\u00a9 Freepik_user6702303_3105<\/figcaption><\/figure>\n\n\n\n<figure class=\"wp-block-image\"><img decoding=\"async\" src=\"https:\/\/snalc.fr\/wp-content\/uploads\/Bandeau_IS_CSAM-1-1024x191.jpg\" alt=\"\" class=\"wp-image-44044\"\/><\/figure>\n\n\n\n<p><em><strong>Objet : D\u00e9p\u00f4t d\u2019une alerte sociale<\/strong> par l\u2019ensemble des organisations syndicales repr\u00e9sentatives au Minist\u00e8re de l\u2019\u00c9ducation Nationale : FSU, UNSA, FO, CFDT \u00c9ducation Formation Recherche Publique, CGT Educ\u2019Action, SNALC, Sud-\u00c9ducation<\/em><\/p>\n\n\n\n<p>Madame la Ministre,<\/p>\n\n\n\n<p>Alors que toutes les \u00e9tudes internationales affichent le syst\u00e8me \u00e9ducatif fran\u00e7ais comme \u00e9tant l\u2019un de ceux o\u00f9 les in\u00e9galit\u00e9s scolaires se creusent et sont particuli\u00e8rement marqu\u00e9es socialement, o\u00f9 les enseignants travaillent plus pour un salaire inf\u00e9rieur, o\u00f9 les classes sont charg\u00e9es, le projet de budget 2025 pr\u00e9sent\u00e9 cette semaine par le gouvernement envisage des retraits d\u2019emplois d\u2019une ampleur d\u00e9vastatrice.<\/p>\n\n\n\n<p>Une ligne rouge est franchie : au moment o\u00f9 l\u2019Ecole publique va mal, la seule r\u00e9ponse du gouvernement est de fermer des postes et donc de maintenir l\u2019illusion qu\u2019on peut faire mieux avec moins.<\/p>\n\n\n\n<p>La baisse de la d\u00e9mographie scolaire apporte pourtant l\u2019occasion d\u2019am\u00e9liorer le syst\u00e8me scolaire fran\u00e7ais en poursuivant un investissement soutenable pour notre pays.<\/p>\n\n\n\n<p>Conform\u00e9ment aux dispositions de la loi 2008-790 du 20\/08\/2008, nous vous notifions<strong> le d\u00e9p\u00f4t d\u2019une alerte sociale pr\u00e9alable au d\u00e9p\u00f4t d\u2019un pr\u00e9avis de gr\u00e8ve national unitaire, \u00e0 compter du lundi 4 novembre 2024 jusqu\u2019au lundi 31 mars 2025 inclus.<\/strong><\/p>\n\n\n\n<p>Cette alerte sociale est d\u00e9pos\u00e9e par l\u2019ensemble des organisations syndicales repr\u00e9sentatives au Minist\u00e8re de l\u2019\u00c9ducation Nationale : FSU, UNSA, FO, CFDT \u00c9ducation Formation Recherche Publique, CGT Educ\u2019Action, SNALC, Sud-\u00c9ducation. La gravit\u00e9 du moment et des mesures envisag\u00e9es contre le service public d\u2019\u00e9ducation, ses personnels et ses \u00e9l\u00e8ves nous conduisent \u00e0 r\u00e9agir dans un cadre intersyndical in\u00e9dit depuis la mise en place de cette proc\u00e9dure, en 2008.<\/p>\n\n\n\n<p>Nous vous demandons de nous recevoir \u00ab dans le d\u00e9lai de trois jours \u00bb pr\u00e9vu par le d\u00e9cret n\u00b02008-1246 du 1er\/12\/2008 et d\u2019engager une n\u00e9gociation pr\u00e9alable afin d\u2019\u00e9tablir un relev\u00e9 de conclusions qui sera port\u00e9 \u00e0 la connaissance des personnels concern\u00e9s.<\/p>\n\n\n\n<p>Nous vous prions de croire, Madame la Ministre, en notre attachement et notre engagement en faveur du service public d\u2019\u00e9ducation.<\/p>\n\n\n\n<p><a href=\"https:\/\/snalc.fr\/wp-content\/uploads\/20241014_Courrier_IS_alerte_sociale.pdf\">T\u00e9l\u00e9charger<\/a><\/p>\n","protected":false},"excerpt":{"rendered":"<p>Objet : D\u00e9p\u00f4t d\u2019une alerte sociale par l\u2019ensemble des organisations syndicales repr\u00e9sentatives au Minist\u00e8re de l\u2019\u00c9ducation Nationale : FSU, UNSA, FO, CFDT \u00c9ducation Formation Recherche Publique, CGT Educ\u2019Action, SNALC, Sud-\u00c9ducation [&hellip;]<\/p>\n","protected":false},"author":1,"featured_media":0,"comment_status":"closed","ping_status":"closed","sticky":false,"template":"","format":"standard","meta":{"_lmt_disableupdate":"","_lmt_disable":"","site-sidebar-layout":"default","site-content-layout":"","ast-site-content-layout":"default","site-content-style":"default","site-sidebar-style":"default","ast-global-header-display":"","ast-banner-title-visibility":"","ast-main-header-display":"","ast-hfb-above-header-display":"","ast-hfb-below-header-display":"","ast-hfb-mobile-header-display":"","site-post-title":"","ast-breadcrumbs-content":"","ast-featured-img":"","footer-sml-layout":"","ast-disable-related-posts":"","theme-transparent-header-meta":"","adv-header-id-meta":"","stick-header-meta":"","header-above-stick-meta":"","header-main-stick-meta":"","header-below-stick-meta":"","astra-migrate-meta-layouts":"set","ast-page-background-enabled":"default","ast-page-background-meta":{"desktop":{"background-color":"var(--ast-global-color-4)","background-image":"","background-repeat":"repeat","background-position":"center center","background-size":"auto","background-attachment":"scroll","background-type":"","background-media":"","overlay-type":"","overlay-color":"","overlay-opacity":"","overlay-gradient":""},"tablet":{"background-color":"","background-image":"","background-repeat":"repeat","background-position":"center center","background-size":"auto","background-attachment":"scroll","background-type":"","background-media":"","overlay-type":"","overlay-color":"","overlay-opacity":"","overlay-gradient":""},"mobile":{"background-color":"","background-image":"","background-repeat":"repeat","background-position":"center center","background-size":"auto","background-attachment":"scroll","background-type":"","background-media":"","overlay-type":"","overlay-color":"","overlay-opacity":"","overlay-gradient":""}},"ast-content-background-meta":{"desktop":{"background-color":"var(--ast-global-color-5)","background-image":"","background-repeat":"repeat","background-position":"center center","background-size":"auto","background-attachment":"scroll","background-type":"","background-media":"","overlay-type":"","overlay-color":"","overlay-opacity":"","overlay-gradient":""},"tablet":{"background-color":"var(--ast-global-color-5)","background-image":"","background-repeat":"repeat","background-position":"center center","background-size":"auto","background-attachment":"scroll","background-type":"","background-media":"","overlay-type":"","overlay-color":"","overlay-opacity":"","overlay-gradient":""},"mobile":{"background-color":"var(--ast-global-color-5)","background-image":"","background-repeat":"repeat","background-position":"center center","background-size":"auto","background-attachment":"scroll","background-type":"","background-media":"","overlay-type":"","overlay-color":"","overlay-opacity":"","overlay-gradient":""}},"footnotes":""},"categories":[41],"tags":[],"class_list":["post-3642","post","type-post","status-publish","format-standard","hentry","category-actualites-2024-2025"],"modified_by":"slecourtier","_links":{"self":[{"href":"https:\/\/snalc.org\/snalc2023\/index.php?rest_route=\/wp\/v2\/posts\/3642","targetHints":{"allow":["GET"]}}],"collection":[{"href":"https:\/\/snalc.org\/snalc2023\/index.php?rest_route=\/wp\/v2\/posts"}],"about":[{"href":"https:\/\/snalc.org\/snalc2023\/index.php?rest_route=\/wp\/v2\/types\/post"}],"author":[{"embeddable":true,"href":"https:\/\/snalc.org\/snalc2023\/index.php?rest_route=\/wp\/v2\/users\/1"}],"replies":[{"embeddable":true,"href":"https:\/\/snalc.org\/snalc2023\/index.php?rest_route=%2Fwp%2Fv2%2Fcomments&post=3642"}],"version-history":[{"count":1,"href":"https:\/\/snalc.org\/snalc2023\/index.php?rest_route=\/wp\/v2\/posts\/3642\/revisions"}],"predecessor-version":[{"id":3643,"href":"https:\/\/snalc.org\/snalc2023\/index.php?rest_route=\/wp\/v2\/posts\/3642\/revisions\/3643"}],"wp:attachment":[{"href":"https:\/\/snalc.org\/snalc2023\/index.php?rest_route=%2Fwp%2Fv2%2Fmedia&parent=3642"}],"wp:term":[{"taxonomy":"category","embeddable":true,"href":"https:\/\/snalc.org\/snalc2023\/index.php?rest_route=%2Fwp%2Fv2%2Fcategories&post=3642"},{"taxonomy":"post_tag","embeddable":true,"href":"https:\/\/snalc.org\/snalc2023\/index.php?rest_route=%2Fwp%2Fv2%2Ftags&post=3642"}],"curies":[{"name":"wp","href":"https:\/\/api.w.org\/{rel}","templated":true}]}}