{"id":3645,"date":"2024-10-17T08:04:05","date_gmt":"2024-10-17T06:04:05","guid":{"rendered":"https:\/\/snalc.org\/snalc2023\/?p=3645"},"modified":"2024-10-17T08:04:07","modified_gmt":"2024-10-17T06:04:07","slug":"audience-avec-la-ministre-le-snalc-veut-des-actes","status":"publish","type":"post","link":"https:\/\/snalc.org\/snalc2023\/?p=3645","title":{"rendered":"AUDIENCE AVEC LA MINISTRE : LE SNALC VEUT DES ACTES"},"content":{"rendered":"\n<figure class=\"wp-block-table\"><table class=\"has-fixed-layout\"><tbody><tr><td>Si vous ne voyez pas ce message correctement,&nbsp;<a href=\"https:\/\/syndicat-snalc.net\/AWURTSJ67\/28BDFEB2737D485BBF8727FE5DDB3258.php#\">consultez-le en ligne<\/a>.Syndicat national des lyc\u00e9es, coll\u00e8ges, \u00e9coles et du sup\u00e9rieur<img decoding=\"async\" src=\"https:\/\/syndicat-snalc.net\/AWURTSJ67\/editedimg_1982a4bb50.png\" alt=\"\"><br><a href=\"https:\/\/snalc.fr\/\" target=\"_blank\" rel=\"noreferrer noopener\">snalc.fr<\/a>&nbsp;&#8211; @SNALC_nationalAUDIENCE AVEC LA MINISTRE&nbsp;:&nbsp;LE SNALC VEUT DES ACTES<img decoding=\"async\" src=\"https:\/\/snalc.fr\/wp-content\/uploads\/action_Freepik.com_maks_lab_1835.jpg\" alt=\"\u00a9 Freepik.com\">Communiqu\u00e9 de presse du SNALC du&nbsp;16 octobre 2024Le&nbsp;<strong>SNALC<\/strong>, syndicat repr\u00e9sentatif \u00e0 l\u2019\u00c9ducation nationale, a \u00e9t\u00e9 re\u00e7u ce 15 octobre par la ministre Anne Genetet.<br>Nous avons bien entendu mis l\u2019accent sur la question budg\u00e9taire, qui montre bien que l\u2019\u00c9ducation nationale est tout sauf une priorit\u00e9 pour l\u2019actuel gouvernement. Nous avons aussi insist\u00e9 sur la crise d\u2019attractivit\u00e9 chez les professeurs et la n\u00e9cessit\u00e9 d\u2019un rattrapage salarial sans contrepartie, par exemple via une loi de programmation pluriannuelle. Le&nbsp;<strong>SNALC<\/strong>&nbsp;a rappel\u00e9, actualit\u00e9 \u00e0 l\u2019appui, le climat anxiog\u00e8ne avec une banalisation des violences, et des rapports tr\u00e8s tendus avec certains \u00e9l\u00e8ves et parents intrusifs.<br>Le&nbsp;<strong>SNALC<\/strong>, qui a souhait\u00e9 que cette audience soit exclusivement consacr\u00e9e aux conditions de travail et de r\u00e9mun\u00e9ration des personnels, a prouv\u00e9 la d\u00e9valorisation de nos m\u00e9tiers dans la soci\u00e9t\u00e9, l\u2019absence de consid\u00e9ration \u00e0 notre \u00e9gard, l\u2019abandon m\u00e9dical dans lequel nous sommes laiss\u00e9s, ou encore la surcharge administrative qui s\u2019est abattue sur nous, prenant sur ce point l\u2019exemple des directions d\u2019\u00e9cole.<br>Le&nbsp;<strong>SNALC<\/strong>&nbsp;a pris le temps d\u2019aborder le dossier de l\u2019\u00c9cole inclusive, g\u00e9r\u00e9e au rabais et sans consid\u00e9ration pour le travail fourni par les personnels, devenue source de souffrance pour tous, souffrance qui ne fera que s\u2019accro\u00eetre si l\u2019acte II annonc\u00e9 se met en place. Nous avons bien entendu dress\u00e9 le portrait de la pr\u00e9carit\u00e9 dans laquelle le premier employeur de France maintient nos 132&nbsp;000 AESH, comme il le fait \u00e9galement pour nos 62&nbsp;000 AED, en refusant notamment d\u2019accorder \u00e0 ces personnels un statut de la fonction publique.<br>Si la ministre a fait preuve d\u2019\u00e9coute et semble comprendre les difficult\u00e9s li\u00e9es \u00e0 l\u2019\u00c9cole inclusive et \u00e0 la m\u00e9decine du travail, elle a n\u00e9anmoins d\u00e9fendu le budget pr\u00e9vu, arguant de la baisse des effectifs. Le&nbsp;<strong>SNALC<\/strong>&nbsp;n\u2019a pas manqu\u00e9 de lui rappeler que la crise de l\u2019\u00c9ducation nationale est aujourd\u2019hui structurelle, et que d\u2019autres avant elles ont supprim\u00e9 des postes alors que le nombre d\u2019\u00e9l\u00e8ves augmentait.<br>Quelle que soit la personne qui occupe le poste \u2014 d\u2019autant que le fauteuil minist\u00e9riel s\u2019est r\u00e9v\u00e9l\u00e9 un si\u00e8ge \u00e9jectable ces derniers temps \u2014 le&nbsp;<strong>SNALC<\/strong>&nbsp;attend des actes et une politique qui vise \u00e0 am\u00e9liorer la situation des personnels. Le&nbsp;<strong>SNALC<\/strong>&nbsp;n\u2019acceptera jamais qu\u2019on lui dise \u00ab&nbsp;\u00e7a aurait pu \u00eatre pire&nbsp;\u00bb, et maintient donc son alerte sociale, qu\u2019il a lanc\u00e9e avec l\u2019ensemble des organisations repr\u00e9sentatives.&#8212;&#8212;&#8212;&#8212;&#8212;&#8212;&#8212;&#8212;&#8212;<br><strong>Contact&nbsp;<\/strong>:<strong>Jean-R\u00e9mi GIRARD<\/strong>, pr\u00e9sident du SNALC,&nbsp;<a href=\"mailto:jr.girard@snalc.fr\">jr.girard@snalc.fr<\/a>&nbsp;, 06&nbsp;16&nbsp;72&nbsp;86&nbsp;56<a href=\"https:\/\/snalc.fr\/wp-content\/uploads\/20241016_compresse_audience_ministre.pdf\" target=\"_blank\" rel=\"noreferrer noopener\">T\u00e9l\u00e9charger (PDF) ce communiqu\u00e9 sur le site du SNALC<\/a><a href=\"https:\/\/snalc.fr\/contact\" target=\"_blank\" rel=\"noreferrer noopener\">Toutes nos coordonn\u00e9es<\/a><a href=\"https:\/\/facebook.com\/SNALC_national\" target=\"_blank\" rel=\"noreferrer noopener\"><\/a><a href=\"https:\/\/twitter.com\/snalc_national\" target=\"_blank\" rel=\"noreferrer noopener\"><\/a><a href=\"https:\/\/snalc.fr\/\" target=\"_blank\" rel=\"noreferrer noopener\"><\/a>Veuillez&nbsp;<a href=\"https:\/\/syndicat-snalc.net\/AWURTSJ67\/28BDFEB2737D485BBF8727FE5DDB3258.php#UNSUB#\">me d\u00e9sinscrire<\/a>&nbsp;de tous les mails envoy\u00e9s directement par le SNALC<\/td><\/tr><\/tbody><\/table><\/figure>\n","protected":false},"excerpt":{"rendered":"<p>Si vous ne voyez pas ce message correctement,&nbsp;consultez-le en ligne.Syndicat national des lyc\u00e9es, coll\u00e8ges, \u00e9coles et du sup\u00e9rieursnalc.fr&nbsp;&#8211; @SNALC_nationalAUDIENCE AVEC LA MINISTRE&nbsp;:&nbsp;LE SNALC VEUT DES ACTESCommuniqu\u00e9 de presse du SNALC [&hellip;]<\/p>\n","protected":false},"author":1,"featured_media":0,"comment_status":"closed","ping_status":"closed","sticky":false,"template":"","format":"standard","meta":{"_lmt_disableupdate":"","_lmt_disable":"","site-sidebar-layout":"default","site-content-layout":"","ast-site-content-layout":"default","site-content-style":"default","site-sidebar-style":"default","ast-global-header-display":"","ast-banner-title-visibility":"","ast-main-header-display":"","ast-hfb-above-header-display":"","ast-hfb-below-header-display":"","ast-hfb-mobile-header-display":"","site-post-title":"","ast-breadcrumbs-content":"","ast-featured-img":"","footer-sml-layout":"","ast-disable-related-posts":"","theme-transparent-header-meta":"","adv-header-id-meta":"","stick-header-meta":"","header-above-stick-meta":"","header-main-stick-meta":"","header-below-stick-meta":"","astra-migrate-meta-layouts":"set","ast-page-background-enabled":"default","ast-page-background-meta":{"desktop":{"background-color":"var(--ast-global-color-4)","background-image":"","background-repeat":"repeat","background-position":"center center","background-size":"auto","background-attachment":"scroll","background-type":"","background-media":"","overlay-type":"","overlay-color":"","overlay-opacity":"","overlay-gradient":""},"tablet":{"background-color":"","background-image":"","background-repeat":"repeat","background-position":"center center","background-size":"auto","background-attachment":"scroll","background-type":"","background-media":"","overlay-type":"","overlay-color":"","overlay-opacity":"","overlay-gradient":""},"mobile":{"background-color":"","background-image":"","background-repeat":"repeat","background-position":"center center","background-size":"auto","background-attachment":"scroll","background-type":"","background-media":"","overlay-type":"","overlay-color":"","overlay-opacity":"","overlay-gradient":""}},"ast-content-background-meta":{"desktop":{"background-color":"var(--ast-global-color-5)","background-image":"","background-repeat":"repeat","background-position":"center center","background-size":"auto","background-attachment":"scroll","background-type":"","background-media":"","overlay-type":"","overlay-color":"","overlay-opacity":"","overlay-gradient":""},"tablet":{"background-color":"var(--ast-global-color-5)","background-image":"","background-repeat":"repeat","background-position":"center center","background-size":"auto","background-attachment":"scroll","background-type":"","background-media":"","overlay-type":"","overlay-color":"","overlay-opacity":"","overlay-gradient":""},"mobile":{"background-color":"var(--ast-global-color-5)","background-image":"","background-repeat":"repeat","background-position":"center center","background-size":"auto","background-attachment":"scroll","background-type":"","background-media":"","overlay-type":"","overlay-color":"","overlay-opacity":"","overlay-gradient":""}},"footnotes":""},"categories":[41],"tags":[],"class_list":["post-3645","post","type-post","status-publish","format-standard","hentry","category-actualites-2024-2025"],"modified_by":"slecourtier","_links":{"self":[{"href":"https:\/\/snalc.org\/snalc2023\/index.php?rest_route=\/wp\/v2\/posts\/3645","targetHints":{"allow":["GET"]}}],"collection":[{"href":"https:\/\/snalc.org\/snalc2023\/index.php?rest_route=\/wp\/v2\/posts"}],"about":[{"href":"https:\/\/snalc.org\/snalc2023\/index.php?rest_route=\/wp\/v2\/types\/post"}],"author":[{"embeddable":true,"href":"https:\/\/snalc.org\/snalc2023\/index.php?rest_route=\/wp\/v2\/users\/1"}],"replies":[{"embeddable":true,"href":"https:\/\/snalc.org\/snalc2023\/index.php?rest_route=%2Fwp%2Fv2%2Fcomments&post=3645"}],"version-history":[{"count":1,"href":"https:\/\/snalc.org\/snalc2023\/index.php?rest_route=\/wp\/v2\/posts\/3645\/revisions"}],"predecessor-version":[{"id":3646,"href":"https:\/\/snalc.org\/snalc2023\/index.php?rest_route=\/wp\/v2\/posts\/3645\/revisions\/3646"}],"wp:attachment":[{"href":"https:\/\/snalc.org\/snalc2023\/index.php?rest_route=%2Fwp%2Fv2%2Fmedia&parent=3645"}],"wp:term":[{"taxonomy":"category","embeddable":true,"href":"https:\/\/snalc.org\/snalc2023\/index.php?rest_route=%2Fwp%2Fv2%2Fcategories&post=3645"},{"taxonomy":"post_tag","embeddable":true,"href":"https:\/\/snalc.org\/snalc2023\/index.php?rest_route=%2Fwp%2Fv2%2Ftags&post=3645"}],"curies":[{"name":"wp","href":"https:\/\/api.w.org\/{rel}","templated":true}]}}