{"id":3647,"date":"2024-10-17T08:10:52","date_gmt":"2024-10-17T06:10:52","guid":{"rendered":"https:\/\/snalc.org\/snalc2023\/?p=3647"},"modified":"2024-10-17T08:10:55","modified_gmt":"2024-10-17T06:10:55","slug":"lettre-dinformation-du-snalc-16-octobre-2024","status":"publish","type":"post","link":"https:\/\/snalc.org\/snalc2023\/?p=3647","title":{"rendered":"Lettre d&rsquo;information du SNALC &#8211;\u00a016 octobre 2024"},"content":{"rendered":"\n<figure class=\"wp-block-table\"><table class=\"has-fixed-layout\"><tbody><tr><td>Si vous ne voyez pas ce message correctement,&nbsp;<a href=\"https:\/\/syndicat-snalc.net\/AWURTSJ67\/FE9C21AF950E469CA150E6C2BE8C1B3F.php#\">consultez-le en ligne<\/a>.<strong>Lettre d&rsquo;information du SNALC &#8211;&nbsp;16 octobre 2024<\/strong><br>Professeurs de lyc\u00e9e professionnel<img decoding=\"async\" src=\"https:\/\/syndicat-snalc.net\/AWURTSJ67\/editedimg_69d3980ac7.png\" alt=\"\">Syndicat national des lyc\u00e9es, coll\u00e8ges, \u00e9coles et du sup\u00e9rieur<a href=\"https:\/\/oxiforms.com\/form.php?f=C0142C2D-100A-444D-ADF1-23828DF440C9\" target=\"_blank\" rel=\"noreferrer noopener\">Nous contacter<\/a><br>La r\u00e9forme des lyc\u00e9es professionnelsFAIRE TOUJOURS PLUS AVEC MOINS&nbsp;!Comme l\u2019a d\u00e9nonc\u00e9 le&nbsp;<strong>SNALC&nbsp;<\/strong>d\u00e8s la parution du dossier de presse du MEN , la r\u00e9forme des lyc\u00e9es pros, contrairement \u00e0 l\u2019affichage du Minist\u00e8re, n\u2019a pas \u00e9t\u00e9 pens\u00e9e pour am\u00e9liorer l\u2019insertion professionnelle ou la poursuite d\u2019\u00e9tudes des lyc\u00e9ens pros et d\u00e9grade les conditions de travail des PLP.Les parcours diff\u00e9renci\u00e9s, en terminale Bac pro, au regard de leur caract\u00e8re non prescriptif pour la poursuite d\u2019\u00e9tudes se traduisent, dans les faits, par 6 semaines facultatives pour les \u00e9l\u00e8ves.C\u2019est pourquoi, le&nbsp;<strong>SNALC<\/strong>&nbsp;rappelle aux PLP qu\u2019ils ne sont tenus r\u00e8glementairement qu\u2019\u00e0 leur ventilation de service et que, comme tout enseignant, leur libert\u00e9 p\u00e9dagogique est garantie par la loi&nbsp;<em>(<\/em><a href=\"https:\/\/snalc.fr\/plp-deux-seuls-mots-dordre-respect-de-votre-ventilation-de-service-et-de-votre-liberte-pedagogique\/\" target=\"_blank\" rel=\"noreferrer noopener\"><em>Les parcours diff\u00e9renci\u00e9s en terminale Bac Pro&nbsp;: PLP deux seuls mots d\u2019ordre&nbsp;: respect de votre ventilation de service et de votre libert\u00e9 p\u00e9dagogique<\/em><\/a><em>).<\/em>Les 9&nbsp;000 \u00e9l\u00e8ves non affect\u00e9s, en attente d\u2019une place en LP, \u00e0 la rentr\u00e9e 2024, montre \u00e9galement que la transformation de la carte des formations professionnelles n\u2019est toujours pas clairement arr\u00eat\u00e9e et se traduit pour les PLP par une double peine&nbsp;: incertitude quant \u00e0 leur avenir professionnel et sur-effectifs dans leurs classes pour la deuxi\u00e8me ann\u00e9e cons\u00e9cutive&nbsp;<em>(<a href=\"https:\/\/snalc.fr\/transformation-de-la-carte-des-formations-professionnelles\/\" target=\"_blank\" rel=\"noreferrer noopener\">Transformation de la carte des formations professionnelles&nbsp;: La double peine pour les PLP<\/a>).<\/em>Pour l\u2019heure, seuls les programmes d\u2019EMC ont \u00e9t\u00e9 modifi\u00e9s, ils traduisent bien la r\u00e9alit\u00e9 du lyc\u00e9e professionnel&nbsp;: l\u2019ambition sans les moyens&nbsp;<em>(<a href=\"https:\/\/snalc.fr\/nouveaux-programmes-demc-lambition-sans-les-moyens\/\" target=\"_blank\" rel=\"noreferrer noopener\">Nouveaux programmes d\u2019EMC&nbsp;: l\u2019ambition sans les moyens<\/a>).<\/em>Enfin, cette r\u00e9forme comme les pr\u00e9c\u00e9dentes augmentent les dur\u00e9es de PFMP, sans interroger, la capacit\u00e9 d\u2019accueil de stagiaires des organisations d\u00e9j\u00e0 fort sollicit\u00e9es pour accueillir des apprentis et r\u00e9cemment des \u00e9l\u00e8ves de seconde GT. Les PLP n\u2019ont pas \u00e0 \u00eatre tenus pour responsables des \u00e9l\u00e8ves sans stage et encore moins \u00e0 se sentir coupables&nbsp;<em>(<a href=\"https:\/\/snalc.fr\/pfmp-plp-vos-droits-et-obligations-reelles\/\" target=\"_blank\" rel=\"noreferrer noopener\">PFMP&nbsp;: PLP vos droits et obligations r\u00e9elles<\/a>.).<\/em><br>Le&nbsp;<strong>SNALC<\/strong>&nbsp;ne nie pas l\u2019int\u00e9r\u00eat des PFMP dans les formations professionnelles, mais il souhaite savoir si les diff\u00e9rents dispositifs (bureau des entreprises, mixit\u00e9 des publics, tutorat\u2026) facilitent comme le Minist\u00e8re le pr\u00e9tend l\u2019obtention de stages de qualit\u00e9 pour les \u00e9l\u00e8ves sous statut scolaire. Aussi, il vous remercie de bien vouloir participer \u00e0 son&nbsp;<strong><a href=\"https:\/\/oxiforms.com\/?6Ukpe\" target=\"_blank\" rel=\"noreferrer noopener\">enqu\u00eate PFMP<\/a><\/strong>.<strong>Val\u00e9rie LEJEUNE-LAMBERT<\/strong>secr\u00e9taire nationale du SNALC charg\u00e9e des contractuels<a href=\"https:\/\/oxiforms.com\/?MvIDe\" target=\"_blank\" rel=\"noreferrer noopener\">Contact<\/a><img decoding=\"async\" src=\"https:\/\/snalc.fr\/wp-content\/uploads\/manipulation_istock_wildpixel-1447238577.jpg\" alt=\"\"><strong>Les parcours diff\u00e9renci\u00e9s en terminale&nbsp;Bac Pro<\/strong><strong>PLP DEUX SEULS MOTS D&rsquo;ORDRE&nbsp;:&nbsp;RESPECT DE VOTRE VENTILATION DE SERVICE ET DE VOTRE LIBERT\u00c9 P\u00c9DAGOGIQUE<\/strong>Comme le d\u00e9nonce le SNALC, la mise en place de parcours diff\u00e9renci\u00e9s en terminale Bac Pro est une escroquerie p\u00e9dagogique.[&#8230;<a href=\"https:\/\/snalc.fr\/plp-deux-seuls-mots-dordre-respect-de-votre-ventilation-de-service-et-de-votre-liberte-pedagogique\/\" target=\"_blank\" rel=\"noreferrer noopener\">Lire la suite<\/a>]<img decoding=\"async\" src=\"https:\/\/snalc.fr\/wp-content\/uploads\/echelle_istockphoto_DNY59-824377984.jpg\" alt=\"\"><strong>NOUVEAUX&nbsp;PROGRAMMES D\u2019EMC&nbsp;:&nbsp;L&rsquo;AMBITION SANS LES MOYENS<\/strong>Le minist\u00e8re a pr\u00e9sent\u00e9 en juin dernier les nouveaux programmes d\u2019EMC, lesquels entreront en application progressivement, d\u00e8s cette rentr\u00e9e pour ce qui concerne les secondes Bac pro et les premi\u00e8res CAP.&nbsp; A y regarder de pr\u00e8s, ces nouveaux programmes ne le sont pas compl\u00e8tement&nbsp;: beaucoup de th\u00e8mes ou de notions \u00e9taient d\u00e9j\u00e0 pr\u00e9sents dans les anciens programmes. Globalement, le SNALC ne trouve rien \u00e0 redire aux th\u00e8mes abord\u00e9s ( \u00ab&nbsp;Droits, libert\u00e9s et responsabilit\u00e9&nbsp;\u00bb, \u00ab&nbsp;Coh\u00e9sion et diversit\u00e9 dans une soci\u00e9t\u00e9 d\u00e9mocratique&nbsp;\u00bb, \u00ab&nbsp;La vie d\u00e9mocratique&nbsp;: d\u00e9bat, d\u00e9lib\u00e9ration et prise de d\u00e9cision&nbsp;\u00bb) et m\u00eame \u00e0 la finalit\u00e9 de leur enseignement, puisqu\u2019il s\u2019agit de promouvoir les valeurs de la R\u00e9publique et la coh\u00e9sion nationale.<br>[&#8230;<a href=\"https:\/\/snalc.fr\/nouveaux-programmes-demc-lambition-sans-les-moyens\/\" target=\"_blank\" rel=\"noreferrer noopener\">Lire la suite<\/a>]<img decoding=\"async\" src=\"https:\/\/snalc.fr\/wp-content\/uploads\/prof_istockphoto_Mariia-Vitkovska-1819385176.jpg\" alt=\"\"><strong>TRANSFORMATION DE LA CARTE DES FORMATIONS&nbsp;:&nbsp;LA DOUBLE PEINE POUR LES PLP<\/strong>Les ann\u00e9es se suivent et malheureusement se ressemblent pour les PLP. Apr\u00e8s une campagne tonitruante sur la fermeture des formations soi-disant non ins\u00e9rantes, au printemps 2023, Le Minist\u00e8re n\u2019a toujours pas pris ses responsabilit\u00e9s d\u2019employeur vis-\u00e0-vis des PLP concern\u00e9s. Pire encore pour de nombreux PLP, la campagne m\u00e9diatique de la revalorisation de la Voie Professionnelle, avec la mise en \u0153uvre de l\u2019allocation de stage, se traduit par l\u2019accueil d\u2019un sur-effectif, notamment, mais pas seulement dans les fili\u00e8res dites non ins\u00e9rantes.<br>[&#8230;<a href=\"https:\/\/snalc.fr\/transformation-de-la-carte-des-formations-professionnelles\/\" target=\"_blank\" rel=\"noreferrer noopener\">Lire la suite<\/a>]<img decoding=\"async\" src=\"https:\/\/snalc.fr\/wp-content\/uploads\/droit_istock_Media-Raw-Stock-1287420509.jpg\" alt=\"\"><strong>PFMP \u2013&nbsp; PLP&nbsp;VOS DROITS ET OBLIGATIONS R\u00c9ELLES<\/strong><br>De plus en plus d\u2019\u00e9l\u00e8ves rencontrent des difficult\u00e9s pour trouver des lieux d\u2019accueil pour r\u00e9aliser leurs PFMP. Face \u00e0 ce constat, de nombreux \u00e9tablissements mettent en place diff\u00e9rentes proc\u00e9dures au m\u00e9pris de l\u2019article 31 du statut des PLP qui d\u00e9taille pourtant clairement leurs obligations et la compensation financi\u00e8re \u00e9ventuelle due, dans le cadre du suivi des PFMP. Plus inadmissible encore, certains chefs d\u2019\u00e9tablissement all\u00e8guent une obligation de r\u00e9sultat des PLP pour trouver des lieux de stage totalement imaginaire. Le SNALC d\u00e9crypte la r\u00e8glementation et vous donne des conseils pour faire respecter vos droits et pour r\u00e9pondre aux \u00e9ventuelles pressions ill\u00e9gitime de votre hi\u00e9rarchie.<br>[&#8230;<a href=\"https:\/\/snalc.fr\/pfmp-plp-vos-droits-et-obligations-reelles\/\" target=\"_blank\" rel=\"noreferrer noopener\">Lire la suite<\/a>]<img decoding=\"async\" src=\"https:\/\/syndicat-snalc.net\/AWURTSJ67\/image_10_recommandations_opt_0314f1e827.jpg\" alt=\"\"><strong>10 RECOMMANDATIONS DU SNALC&nbsp;POUR \u00caTRE PLUS FORT AU TRAVAIL<\/strong><br>M\u00eame si \u00ab&nbsp;cela n\u2019arrive qu\u2019aux autres&nbsp;\u00bb, nous vous invitons \u00e0 prendre connaissance des 10 recommandations du SNALC&nbsp;: autant d\u2019erreurs \u00e0 ne pas commettre, de conseils \u00e0 appliquer, de pi\u00e8ges \u00e0 rep\u00e9rer. Le SNALC, fort de son exp\u00e9rience de terrain, d\u2019\u00e9coute, de d\u00e9fense, vous donne les outils pour \u00eatre plus fort au travail.<br>[&#8230;<a href=\"https:\/\/snalc.fr\/10-recommandations-pour-etre-plus-fort-au-travail\/\" target=\"_blank\" rel=\"noreferrer noopener\">Lire la suite<\/a>]L&rsquo;ADH\u00c9SION AU SNALCPLP&nbsp;:&nbsp;90 \u20ac&nbsp;pour un an<strong>LE SNALC EST LE SYNDICAT REPR\u00c9SENTATIF<\/strong><strong>LE MOINS CHER DE L\u2019\u00c9DUCATION NATIONALE<\/strong><strong>Nos salaires sont trop bas. Le point d\u2019indice est ne suit pas l&rsquo;inflation.<\/strong><strong>Logiquement, le SNALC n\u2019augmente pas ses tarifs pour la 14<sup>e<\/sup>&nbsp;ann\u00e9e cons\u00e9cutive.<\/strong><a href=\"https:\/\/snalc.fr\/wp-content\/uploads\/tarifs.pdf\" target=\"_blank\" rel=\"noreferrer noopener\">Consulter les tarifs et r\u00e9ductions<\/a><br><strong>CHOISISSEZ VOTRE MOYEN DE PAIEMENT, RAPIDE ET S\u00c9CURIS\u00c9<\/strong><br><img decoding=\"async\" src=\"http:\/\/syndicat-snalc.net\/AWURTSJ67\/editedimg_361b042f34.jpg\" alt=\"\"><a href=\"https:\/\/www.snalc.fr\/adhesion-carte\/\" target=\"_blank\" rel=\"noreferrer noopener\">carte bancaire<\/a><img decoding=\"async\" src=\"http:\/\/syndicat-snalc.net\/AWURTSJ67\/adhesion_prelevements_0703b426ca.JPG\" alt=\"\"><a href=\"https:\/\/www.snalc.fr\/adhesion\/\" target=\"_blank\" rel=\"noreferrer noopener\">pr\u00e9l\u00e8vements mensuels<\/a><img decoding=\"async\" src=\"https:\/\/syndicat-snalc.net\/AWURTSJ67\/editedimg_c6a21d792d.png\" alt=\"\"><a href=\"https:\/\/www.snalc.fr\/adhesion-virement\/\" target=\"_blank\" rel=\"noreferrer noopener\">virement<\/a><img decoding=\"async\" src=\"http:\/\/syndicat-snalc.net\/AWURTSJ67\/adhesion_cheque_699976dc59.JPG\" alt=\"\"><a href=\"https:\/\/www.snalc.fr\/uploads\/bulletin.pdf\" target=\"_blank\" rel=\"noreferrer noopener\">ch\u00e8que<\/a>Le SNALC est le syndicat le moins cher de l&rsquo;\u00c9ducation nationale. Votre cotisation comprend l&rsquo;assistance&nbsp;<a href=\"https:\/\/snalc.fr\/gmf-protection-juridique\/\" target=\"_blank\" rel=\"noreferrer noopener\">et la protection juridiques<\/a>&nbsp;p\u00e9nales (agressions, diffamation, harc\u00e8lement&#8230;) ; l&rsquo;acc\u00e8s au dispositif exclusif d&rsquo;accompagnement&nbsp; \u00e0 la souffrance au travail et d&rsquo;aide \u00e0 la mobilit\u00e9 (bilan de comp\u00e9tences)&nbsp;: \u00ab\u00a0<a href=\"https:\/\/snalc.fr\/mobi-snalc\/\" target=\"_blank\" rel=\"noreferrer noopener\">mobi-SNALC<\/a>\u00a0\u00bb ; des tarifs n\u00e9goci\u00e9s aupr\u00e8s de nombreux partenaires&nbsp;: \u00ab\u00a0<a href=\"https:\/\/snalc.fr\/avantages-snalc\/\" target=\"_blank\" rel=\"noreferrer noopener\">Avantages-SNALC<\/a>\u00ab\u00a0.<br>LE SNALC EST TOTALEMENT IND\u00c9PENDANT&nbsp;:<br>les cotisations sont ses seules ressources. Il n&rsquo;a de compte \u00e0 rendre qu&rsquo;\u00e0 ses adh\u00e9rents.<a href=\"https:\/\/snalc.fr\/contact\/\" target=\"_blank\" rel=\"noreferrer noopener\">Contacter le SNALC<\/a><a href=\"https:\/\/www.facebook.com\/SNALCNational\/\" target=\"_blank\" rel=\"noreferrer noopener\"><\/a><a href=\"https:\/\/twitter.com\/snalc_national\" target=\"_blank\" rel=\"noreferrer noopener\"><\/a><a href=\"https:\/\/snalc.fr\/\" target=\"_blank\" rel=\"noreferrer noopener\"><\/a>Ce message du SNALC est achemin\u00e9 vers votre bo\u00eete professionnelle par le minist\u00e8re via une liste aveugle de diffusion de fa\u00e7on conforme et r\u00e8glementaire, selon les termes du Bulletin officiel n\u00b038 du 17 octobre 2019. Seul le minist\u00e8re a acc\u00e8s \u00e0 la gestion des d\u00e9sabonnements. Vous pouvez choisir de vous d\u00e9sabonner des envois des organisations syndicales de votre choix en cliquant sur le lien ci-dessous ins\u00e9r\u00e9 par le minist\u00e8re.<\/td><\/tr><\/tbody><\/table><\/figure>\n","protected":false},"excerpt":{"rendered":"<p>Si vous ne voyez pas ce message correctement,&nbsp;consultez-le en ligne.Lettre d&rsquo;information du SNALC &#8211;&nbsp;16 octobre 2024Professeurs de lyc\u00e9e professionnelSyndicat national des lyc\u00e9es, coll\u00e8ges, \u00e9coles et du sup\u00e9rieurNous contacterLa r\u00e9forme des [&hellip;]<\/p>\n","protected":false},"author":1,"featured_media":0,"comment_status":"closed","ping_status":"closed","sticky":false,"template":"","format":"standard","meta":{"_lmt_disableupdate":"","_lmt_disable":"","site-sidebar-layout":"default","site-content-layout":"","ast-site-content-layout":"default","site-content-style":"default","site-sidebar-style":"default","ast-global-header-display":"","ast-banner-title-visibility":"","ast-main-header-display":"","ast-hfb-above-header-display":"","ast-hfb-below-header-display":"","ast-hfb-mobile-header-display":"","site-post-title":"","ast-breadcrumbs-content":"","ast-featured-img":"","footer-sml-layout":"","ast-disable-related-posts":"","theme-transparent-header-meta":"","adv-header-id-meta":"","stick-header-meta":"","header-above-stick-meta":"","header-main-stick-meta":"","header-below-stick-meta":"","astra-migrate-meta-layouts":"set","ast-page-background-enabled":"default","ast-page-background-meta":{"desktop":{"background-color":"var(--ast-global-color-4)","background-image":"","background-repeat":"repeat","background-position":"center center","background-size":"auto","background-attachment":"scroll","background-type":"","background-media":"","overlay-type":"","overlay-color":"","overlay-opacity":"","overlay-gradient":""},"tablet":{"background-color":"","background-image":"","background-repeat":"repeat","background-position":"center center","background-size":"auto","background-attachment":"scroll","background-type":"","background-media":"","overlay-type":"","overlay-color":"","overlay-opacity":"","overlay-gradient":""},"mobile":{"background-color":"","background-image":"","background-repeat":"repeat","background-position":"center center","background-size":"auto","background-attachment":"scroll","background-type":"","background-media":"","overlay-type":"","overlay-color":"","overlay-opacity":"","overlay-gradient":""}},"ast-content-background-meta":{"desktop":{"background-color":"var(--ast-global-color-5)","background-image":"","background-repeat":"repeat","background-position":"center center","background-size":"auto","background-attachment":"scroll","background-type":"","background-media":"","overlay-type":"","overlay-color":"","overlay-opacity":"","overlay-gradient":""},"tablet":{"background-color":"var(--ast-global-color-5)","background-image":"","background-repeat":"repeat","background-position":"center center","background-size":"auto","background-attachment":"scroll","background-type":"","background-media":"","overlay-type":"","overlay-color":"","overlay-opacity":"","overlay-gradient":""},"mobile":{"background-color":"var(--ast-global-color-5)","background-image":"","background-repeat":"repeat","background-position":"center center","background-size":"auto","background-attachment":"scroll","background-type":"","background-media":"","overlay-type":"","overlay-color":"","overlay-opacity":"","overlay-gradient":""}},"footnotes":""},"categories":[41],"tags":[],"class_list":["post-3647","post","type-post","status-publish","format-standard","hentry","category-actualites-2024-2025"],"modified_by":"slecourtier","_links":{"self":[{"href":"https:\/\/snalc.org\/snalc2023\/index.php?rest_route=\/wp\/v2\/posts\/3647","targetHints":{"allow":["GET"]}}],"collection":[{"href":"https:\/\/snalc.org\/snalc2023\/index.php?rest_route=\/wp\/v2\/posts"}],"about":[{"href":"https:\/\/snalc.org\/snalc2023\/index.php?rest_route=\/wp\/v2\/types\/post"}],"author":[{"embeddable":true,"href":"https:\/\/snalc.org\/snalc2023\/index.php?rest_route=\/wp\/v2\/users\/1"}],"replies":[{"embeddable":true,"href":"https:\/\/snalc.org\/snalc2023\/index.php?rest_route=%2Fwp%2Fv2%2Fcomments&post=3647"}],"version-history":[{"count":1,"href":"https:\/\/snalc.org\/snalc2023\/index.php?rest_route=\/wp\/v2\/posts\/3647\/revisions"}],"predecessor-version":[{"id":3648,"href":"https:\/\/snalc.org\/snalc2023\/index.php?rest_route=\/wp\/v2\/posts\/3647\/revisions\/3648"}],"wp:attachment":[{"href":"https:\/\/snalc.org\/snalc2023\/index.php?rest_route=%2Fwp%2Fv2%2Fmedia&parent=3647"}],"wp:term":[{"taxonomy":"category","embeddable":true,"href":"https:\/\/snalc.org\/snalc2023\/index.php?rest_route=%2Fwp%2Fv2%2Fcategories&post=3647"},{"taxonomy":"post_tag","embeddable":true,"href":"https:\/\/snalc.org\/snalc2023\/index.php?rest_route=%2Fwp%2Fv2%2Ftags&post=3647"}],"curies":[{"name":"wp","href":"https:\/\/api.w.org\/{rel}","templated":true}]}}