{"id":3662,"date":"2024-10-18T18:54:06","date_gmt":"2024-10-18T16:54:06","guid":{"rendered":"https:\/\/snalc.org\/snalc2023\/?p=3662"},"modified":"2024-10-18T18:54:07","modified_gmt":"2024-10-18T16:54:07","slug":"alerte-sociale-compte-rendu-daudience-du-16-octobre-2024","status":"publish","type":"post","link":"https:\/\/snalc.org\/snalc2023\/?p=3662","title":{"rendered":"Alerte sociale : compte rendu d\u2019audience du 16 octobre 2024"},"content":{"rendered":"\n<figure class=\"wp-block-image\"><img decoding=\"async\" src=\"https:\/\/snalc.fr\/wp-content\/uploads\/reunion_Freepik.com_master1305_43524.jpg\" alt=\"\" class=\"wp-image-46009\"\/><figcaption class=\"wp-element-caption\">\u00a9 Freepik.com_master1305_43524<\/figcaption><\/figure>\n\n\n\n<h2 class=\"wp-block-heading\">Alerte sociale d\u00e9pos\u00e9e le 14\/10\/2024<\/h2>\n\n\n\n<h2 class=\"wp-block-heading\">Audience intersyndicale au minist\u00e8re<\/h2>\n\n\n\n<h2 class=\"wp-block-heading\">Mercredi 16 octobre 2024<\/h2>\n\n\n\n<p><strong>Compte rendu du SNALC<\/strong><\/p>\n\n\n\n<p><strong>Avec les syndicats repr\u00e9sentatifs de l\u2019\u00c9ducation nationale : SNALC, FSU, UNSA, FO, CFDT, CGT, SUD<\/strong><\/p>\n\n\n\n<h6 class=\"wp-block-heading\">ATTENTION : UNE MISE AU POINT EST N\u00c9CESSAIRE FACE \u00c0 LA CIRCULATION DE FAKE NEWS*<\/h6>\n\n\n\n<p>* fausses informations<\/p>\n\n\n\n<p><strong>LE TH\u00c8ME<\/strong><\/p>\n\n\n\n<p>Les organisations repr\u00e9sentatives sont re\u00e7ues, comme le veut la Loi, suite \u00e0 <a href=\"https:\/\/snalc.fr\/lintersyndicale-depose-une-alerte-sociale\/\">l\u2019alerte sociale<\/a> qu\u2019elles ont conjointement d\u00e9pos\u00e9e sur le budget et les suppressions de postes.<\/p>\n\n\n\n<p><strong>L\u2019ESSENTIEL<\/strong><\/p>\n\n\n\n<p><strong>CE QUI SUIT EST CE QUE LE MINIST\u00c8RE A R\u00c9ELLEMENT DIT<\/strong><\/p>\n\n\n\n<p><em>Lorsque la Ministre a re\u00e7u l\u2019alerte sociale, elle a pris la chose tr\u00e8s au s\u00e9rieux.<\/em><\/p>\n\n\n\n<p><em>Sur les moyens, le Minist\u00e8re redit que le budget a \u00e9t\u00e9 sanctuaris\u00e9 et que les cr\u00e9dits sont en hausse. La situation budg\u00e9taire du pays fait que des efforts cons\u00e9quents sont r\u00e9alis\u00e9s par tous les Minist\u00e8res. Nous ne sommes donc pas les plus mal lotis.<\/em><\/p>\n\n\n\n<p><em>Sur les postes, la Ministre est ouverte \u00e0 la discussion lors des d\u00e9bats parlementaires. C\u2019est au Parlement que des \u00e9volutions du budget sont possibles.<\/em><\/p>\n\n\n\n<p><em>\u00c9videmment, le point de vue des organisations syndicales est entendu. Mais la d\u00e9mographie et les pr\u00e9visions \u00e0 la baisse doivent \u00eatre prises en compte : c\u2019est m\u00e9canique.<\/em><\/p>\n\n\n\n<p><em>Si les moyens d\u2019enseignement avaient \u00e9t\u00e9 r\u00e9\u00e9valu\u00e9s au regard de cette baisse, plus de 4 000 postes auraient \u00e9t\u00e9 supprim\u00e9s. Le taux d\u2019encadrement est d\u2019ailleurs l\u00e9g\u00e8rement am\u00e9lior\u00e9.<\/em><\/p>\n\n\n\n<p><em>Par ailleurs, la directrice de cabinet souhaite la r\u00e9ouverture de l\u2019agenda social sur la r\u00e9mun\u00e9ration des milieux de carri\u00e8re, sur les conditions de travail et sur tous les m\u00e9tiers de l\u2019\u00c9ducation nationale.<\/em><\/p>\n\n\n\n<p><em>Enfin, tout n\u2019est pas aussi noir que les syndicats le disent. Le nombre d\u2019\u00e9l\u00e8ves par classe n\u2019a jamais \u00e9t\u00e9 aussi bas. Les AESH ont vu leurs carri\u00e8res am\u00e9lior\u00e9es.<\/em><\/p>\n\n\n\n<p><strong>LE SNALC A INSIST\u00c9 SUR<\/strong><\/p>\n\n\n\n<p>On a connu des hausses d\u00e9mographiques qui ne se sont jamais accompagn\u00e9es de hausses des postes. La baisse du nombre d\u2019enseignants n\u2019est donc pas une cons\u00e9quence m\u00e9canique de la baisse d\u00e9mographique. Cela r\u00e9v\u00e8le en r\u00e9alit\u00e9 un choix politique, choix dans lequel l\u2019\u00c9ducation nationale n\u2019est en fait pas une priorit\u00e9.<\/p>\n\n\n\n<p>En effet, en suivant presque m\u00e9caniquement la d\u00e9mographie, le Minist\u00e8re fait fi de l\u2019inclusion, de la multiplication des \u00ab dys \u00bb, des UPE2A et, simplement, des \u00e9l\u00e8ves en difficult\u00e9\u2026 Bref, il semble ne pas comprendre que l\u2019\u00c9ducation nationale a chang\u00e9 et demande plus de moyens.<\/p>\n\n\n\n<p>Le SNALC d\u00e9nonce une vision court-termiste qui a pour cons\u00e9quence une d\u00e9gradation des conditions de travail, donc de l\u2019attractivit\u00e9, mais aussi des conditions d\u2019apprentissage des \u00e9l\u00e8ves.<\/p>\n\n\n\n<p>Le SNALC attend de la ministre non pas qu\u2019elle soit dans une position d\u2019ouverture dans les d\u00e9bats \u00e0 l\u2019assembl\u00e9e, mais qu\u2019elle soit dans le combat pour d\u00e9fendre son Minist\u00e8re en disant clairement que les suppressions de postes ne sont pas acceptables.<\/p>\n\n\n\n<p>Enfin, puisque le minist\u00e8re souhaite rouvrir l\u2019agenda social, le SNALC veut un agenda social dans lequel la question des r\u00e9mun\u00e9rations soit centrale.<\/p>\n\n\n\n<p><strong>L\u2019AVIS DU SNALC<\/strong><\/p>\n\n\n\n<p>Les organisations syndicales sont unanimes sur l\u2019aspect d\u00e9l\u00e9t\u00e8re du budget et des suppressions de postes. Donc entendre, en gros, que cela pourrait \u00eatre pire et que, depuis 2017, des choses ont \u00e9t\u00e9 faites n\u2019est pas acceptable, car c\u2019est en substance ce qui est ressorti&nbsp; des \u00e9changes <strong>CONTRAIREMENT \u00c0 CE QUE LE MINIST\u00c8RE A D\u00c9CLAR\u00c9 \u00c0 LA PRESSE<\/strong>.<\/p>\n\n\n\n<p>En effet, d\u00e8s la sortie de la r\u00e9union, nous avons d\u00e9couvert dans les m\u00e9dias que le Minist\u00e8re nous aurait propos\u00e9 des revalorisations chiffr\u00e9es pour les enseignants en milieu de carri\u00e8re, ainsi que pour les AED et AESH en d\u00e9but de carri\u00e8re. Selon nos interlocuteurs, la r\u00e9union s\u2019est d\u2019ailleurs bien pass\u00e9e\u2026<\/p>\n\n\n\n<p>Disons-le tout net : nous atteignons un niveau d\u2019insinc\u00e9rit\u00e9 dans le dialogue que nous n\u2019avons jamais rencontr\u00e9 auparavant. C\u2019est tr\u00e8s grave.<\/p>\n\n\n\n<p><a href=\"https:\/\/snalc.fr\/wp-content\/uploads\/SNALC_CR_Audience_Alerte_sociale_20241016.pdf\">T\u00e9l\u00e9charger ce compte rendu en PDF<\/a><\/p>\n\n\n\n<figure class=\"wp-block-image\"><img decoding=\"async\" src=\"https:\/\/snalc.fr\/wp-content\/uploads\/Bandeau_IS_CSAM-1-1024x191.jpg\" alt=\"\" class=\"wp-image-44044\"\/><\/figure>\n\n\n\n<figure class=\"wp-block-image\"><img decoding=\"async\" src=\"https:\/\/snalc.fr\/wp-content\/uploads\/Audience_MEN_alerte_sociale_20241016-1024x749.jpg\" alt=\"\" class=\"wp-image-46011\"\/><\/figure>\n\n\n\n<p><em>Les repr\u00e9sentants des organisations syndicales \u00e0 la sortie de l\u2019audience du 16 octobre 2024&nbsp;<\/em><\/p>\n\n\n\n<p><em>(S\u00e9bastien Vieille, pour le SNALC, au 1er rang, 2e en partant de la gauche)<\/em><\/p>\n\n\n\n<p><em><strong>Lire aussi :<\/strong><\/em><\/p>\n\n\n\n<figure class=\"wp-block-image\"><img decoding=\"async\" src=\"https:\/\/snalc.fr\/wp-content\/uploads\/danger_Freepik_user6702303_3105.jpg\" alt=\"\" class=\"wp-image-45555\"\/><\/figure>\n\n\n\n<p><strong>L\u2019intersyndicale d\u00e9pose une alerte sociale<\/strong><\/p>\n\n\n\n<p>Conform\u00e9ment aux dispositions de la loi 2008-790 du 20\/08\/2008, nous vous notifions&nbsp;le d\u00e9p\u00f4t d\u2019une alerte sociale pr\u00e9alable au d\u00e9p\u00f4t d\u2019un pr\u00e9avis de gr\u00e8ve national unitaire, \u00e0 compter du lundi 4 novembre 2024 jusqu\u2019au lundi 31 mars 2025 inclus.<\/p>\n\n\n\n<p><a href=\"https:\/\/snalc.fr\/lintersyndicale-depose-une-alerte-sociale\/\"><strong>Lire l\u2019article<\/strong><\/a><\/p>\n","protected":false},"excerpt":{"rendered":"<p>Alerte sociale d\u00e9pos\u00e9e le 14\/10\/2024 Audience intersyndicale au minist\u00e8re Mercredi 16 octobre 2024 Compte rendu du SNALC Avec les syndicats repr\u00e9sentatifs de l\u2019\u00c9ducation nationale : SNALC, FSU, UNSA, FO, CFDT, [&hellip;]<\/p>\n","protected":false},"author":1,"featured_media":0,"comment_status":"closed","ping_status":"closed","sticky":false,"template":"","format":"standard","meta":{"_lmt_disableupdate":"","_lmt_disable":"","site-sidebar-layout":"default","site-content-layout":"","ast-site-content-layout":"default","site-content-style":"default","site-sidebar-style":"default","ast-global-header-display":"","ast-banner-title-visibility":"","ast-main-header-display":"","ast-hfb-above-header-display":"","ast-hfb-below-header-display":"","ast-hfb-mobile-header-display":"","site-post-title":"","ast-breadcrumbs-content":"","ast-featured-img":"","footer-sml-layout":"","ast-disable-related-posts":"","theme-transparent-header-meta":"","adv-header-id-meta":"","stick-header-meta":"","header-above-stick-meta":"","header-main-stick-meta":"","header-below-stick-meta":"","astra-migrate-meta-layouts":"set","ast-page-background-enabled":"default","ast-page-background-meta":{"desktop":{"background-color":"var(--ast-global-color-4)","background-image":"","background-repeat":"repeat","background-position":"center center","background-size":"auto","background-attachment":"scroll","background-type":"","background-media":"","overlay-type":"","overlay-color":"","overlay-opacity":"","overlay-gradient":""},"tablet":{"background-color":"","background-image":"","background-repeat":"repeat","background-position":"center center","background-size":"auto","background-attachment":"scroll","background-type":"","background-media":"","overlay-type":"","overlay-color":"","overlay-opacity":"","overlay-gradient":""},"mobile":{"background-color":"","background-image":"","background-repeat":"repeat","background-position":"center center","background-size":"auto","background-attachment":"scroll","background-type":"","background-media":"","overlay-type":"","overlay-color":"","overlay-opacity":"","overlay-gradient":""}},"ast-content-background-meta":{"desktop":{"background-color":"var(--ast-global-color-5)","background-image":"","background-repeat":"repeat","background-position":"center center","background-size":"auto","background-attachment":"scroll","background-type":"","background-media":"","overlay-type":"","overlay-color":"","overlay-opacity":"","overlay-gradient":""},"tablet":{"background-color":"var(--ast-global-color-5)","background-image":"","background-repeat":"repeat","background-position":"center center","background-size":"auto","background-attachment":"scroll","background-type":"","background-media":"","overlay-type":"","overlay-color":"","overlay-opacity":"","overlay-gradient":""},"mobile":{"background-color":"var(--ast-global-color-5)","background-image":"","background-repeat":"repeat","background-position":"center center","background-size":"auto","background-attachment":"scroll","background-type":"","background-media":"","overlay-type":"","overlay-color":"","overlay-opacity":"","overlay-gradient":""}},"footnotes":""},"categories":[41],"tags":[],"class_list":["post-3662","post","type-post","status-publish","format-standard","hentry","category-actualites-2024-2025"],"modified_by":"slecourtier","_links":{"self":[{"href":"https:\/\/snalc.org\/snalc2023\/index.php?rest_route=\/wp\/v2\/posts\/3662","targetHints":{"allow":["GET"]}}],"collection":[{"href":"https:\/\/snalc.org\/snalc2023\/index.php?rest_route=\/wp\/v2\/posts"}],"about":[{"href":"https:\/\/snalc.org\/snalc2023\/index.php?rest_route=\/wp\/v2\/types\/post"}],"author":[{"embeddable":true,"href":"https:\/\/snalc.org\/snalc2023\/index.php?rest_route=\/wp\/v2\/users\/1"}],"replies":[{"embeddable":true,"href":"https:\/\/snalc.org\/snalc2023\/index.php?rest_route=%2Fwp%2Fv2%2Fcomments&post=3662"}],"version-history":[{"count":1,"href":"https:\/\/snalc.org\/snalc2023\/index.php?rest_route=\/wp\/v2\/posts\/3662\/revisions"}],"predecessor-version":[{"id":3663,"href":"https:\/\/snalc.org\/snalc2023\/index.php?rest_route=\/wp\/v2\/posts\/3662\/revisions\/3663"}],"wp:attachment":[{"href":"https:\/\/snalc.org\/snalc2023\/index.php?rest_route=%2Fwp%2Fv2%2Fmedia&parent=3662"}],"wp:term":[{"taxonomy":"category","embeddable":true,"href":"https:\/\/snalc.org\/snalc2023\/index.php?rest_route=%2Fwp%2Fv2%2Fcategories&post=3662"},{"taxonomy":"post_tag","embeddable":true,"href":"https:\/\/snalc.org\/snalc2023\/index.php?rest_route=%2Fwp%2Fv2%2Ftags&post=3662"}],"curies":[{"name":"wp","href":"https:\/\/api.w.org\/{rel}","templated":true}]}}