{"id":3668,"date":"2024-10-28T15:22:03","date_gmt":"2024-10-28T14:22:03","guid":{"rendered":"https:\/\/snalc.org\/snalc2023\/?p=3668"},"modified":"2024-10-28T15:22:04","modified_gmt":"2024-10-28T14:22:04","slug":"budget-2025-le-gouvernement-poursuit-sa-destruction-de-lecole","status":"publish","type":"post","link":"https:\/\/snalc.org\/snalc2023\/?p=3668","title":{"rendered":"Budget 2025\u00a0: le gouvernement poursuit sa destruction de l\u2019\u00c9cole"},"content":{"rendered":"\n<figure class=\"wp-block-image\"><img decoding=\"async\" src=\"https:\/\/snalc.fr\/wp-content\/uploads\/destruction_freepik.com_dimaberlin_749.jpg\" alt=\"\" class=\"wp-image-46528\"\/><figcaption class=\"wp-element-caption\">\u00a9 freepik.com_dimaberlin_749<\/figcaption><\/figure>\n\n\n\n<p><em>Communiqu\u00e9 de presse du SNALC du 28 octobre 2024<\/em><\/p>\n\n\n\n<hr class=\"wp-block-separator has-alpha-channel-opacity\"\/>\n\n\n\n<p>Le <strong>SNALC<\/strong> d\u00e9nonce le projet de casse de l\u2019\u00c9ducation nationale que d\u00e9veloppe chaque jour un peu plus le gouvernement en place.<\/p>\n\n\n\n<p>Pour faire quelques \u00e9conomies, mais aussi au nom du principe d\u2019\u00e9galit\u00e9 avec le secteur priv\u00e9, le Ministre de la Fonction publique souhaite augmenter le nombre de jours de carence de 1 \u00e0 3, et r\u00e9mun\u00e9rer les trois premiers mois de cong\u00e9 maladie ordinaire \u00e0 hauteur 90&nbsp;% au lieu de 100&nbsp;% actuellement.<\/p>\n\n\n\n<p>Le <strong>SNALC<\/strong> pr\u00e9f\u00e8rerait nettement que M. le Ministre fasse d\u00e9j\u00e0 \u00e0 titre personnel l\u2019\u00e9conomie d\u2019annonces d\u00e9magogiques, naus\u00e9abondes et totalement d\u00e9connect\u00e9es de la r\u00e9alit\u00e9.<\/p>\n\n\n\n<p>Le <strong>SNALC<\/strong> rappelle que :<\/p>\n\n\n\n<ul class=\"wp-block-list\">\n<li>Dans le secteur priv\u00e9, les trois jours de carence sont tr\u00e8s majoritairement pris en charge par l\u2019employeur, ce qui n\u2019est pas le cas actuellement dans le secteur public o\u00f9 ce jour constitue une perte s\u00e8che d\u2019un jour de salaire. Le porter \u00e0 trois jours serait une brimade envers des personnels qu\u2019il est cens\u00e9 prot\u00e9ger\u00a0;<\/li>\n\n\n\n<li>Malgr\u00e9 des st\u00e9r\u00e9otypes qui ont la vie dure, malgr\u00e9 un travail de plus en plus p\u00e9nible devenu \u00e0 risques, les personnels de l\u2019\u00c9ducation nationale, et notamment les enseignants, sont en moyenne beaucoup moins absents que les salari\u00e9s du secteur priv\u00e9. D\u2019apr\u00e8s une enqu\u00eate men\u00e9e par <a href=\"https:\/\/www.liberation.fr\/societe\/education\/les-enseignants-prennent-moins-de-conges-maladie-que-les-autres-travailleurs-20240115_WSL4CD6KB5ABFJPZOKDHJVCLBM\/\">Lib\u00e9ration<\/a> et parue en janvier dernier, \u00ab les membres du corps enseignant sont 50 % moins absents pour maladie que les employ\u00e9s du priv\u00e9 \u00bb.<\/li>\n<\/ul>\n\n\n\n<p>Si le Ministre de la Fonction publique veut introduire davantage d\u2019\u00e9galit\u00e9 entre secteur public et secteur priv\u00e9, qu\u2019il commence par doter notre Minist\u00e8re d\u2019une m\u00e9decine du travail digne de ce nom. Avec 1 m\u00e9decin pour 15 600 personnels de l\u2019EN, c\u2019est une seule visite m\u00e9dicale au cours d\u2019une carri\u00e8re !<\/p>\n\n\n\n<p>Faire ce genre d\u2019annonce lunaire, \u00e0 la seule motivation budg\u00e9taire, constitue une faute grave, au m\u00eame titre que la suppression des 4&nbsp;000 emplois d\u2019enseignants.<\/p>\n\n\n\n<p>Nous en appelons aux d\u00e9put\u00e9s, aux s\u00e9nateurs : ne vous rendez pas complices de la destruction programm\u00e9e de l\u2019une des plus importantes institutions de notre R\u00e9publique.<\/p>\n\n\n\n<p>En tant que syndicat responsable, refusant cette situation et ce d\u00e9mant\u00e8lement, le <strong>SNALC<\/strong> a d\u00e9pos\u00e9 un pr\u00e9avis de gr\u00e8ve jusqu\u2019au 31 mars 2025.<\/p>\n\n\n\n<p><a href=\"https:\/\/snalc.fr\/wp-content\/uploads\/20241028_compresse_Budget_destruction.pdf\">T\u00e9l\u00e9charger<\/a><\/p>\n","protected":false},"excerpt":{"rendered":"<p>Communiqu\u00e9 de presse du SNALC du 28 octobre 2024 Le SNALC d\u00e9nonce le projet de casse de l\u2019\u00c9ducation nationale que d\u00e9veloppe chaque jour un peu plus le gouvernement en place. [&hellip;]<\/p>\n","protected":false},"author":1,"featured_media":0,"comment_status":"closed","ping_status":"closed","sticky":false,"template":"","format":"standard","meta":{"_lmt_disableupdate":"","_lmt_disable":"","site-sidebar-layout":"default","site-content-layout":"","ast-site-content-layout":"default","site-content-style":"default","site-sidebar-style":"default","ast-global-header-display":"","ast-banner-title-visibility":"","ast-main-header-display":"","ast-hfb-above-header-display":"","ast-hfb-below-header-display":"","ast-hfb-mobile-header-display":"","site-post-title":"","ast-breadcrumbs-content":"","ast-featured-img":"","footer-sml-layout":"","ast-disable-related-posts":"","theme-transparent-header-meta":"","adv-header-id-meta":"","stick-header-meta":"","header-above-stick-meta":"","header-main-stick-meta":"","header-below-stick-meta":"","astra-migrate-meta-layouts":"set","ast-page-background-enabled":"default","ast-page-background-meta":{"desktop":{"background-color":"var(--ast-global-color-4)","background-image":"","background-repeat":"repeat","background-position":"center center","background-size":"auto","background-attachment":"scroll","background-type":"","background-media":"","overlay-type":"","overlay-color":"","overlay-opacity":"","overlay-gradient":""},"tablet":{"background-color":"","background-image":"","background-repeat":"repeat","background-position":"center center","background-size":"auto","background-attachment":"scroll","background-type":"","background-media":"","overlay-type":"","overlay-color":"","overlay-opacity":"","overlay-gradient":""},"mobile":{"background-color":"","background-image":"","background-repeat":"repeat","background-position":"center center","background-size":"auto","background-attachment":"scroll","background-type":"","background-media":"","overlay-type":"","overlay-color":"","overlay-opacity":"","overlay-gradient":""}},"ast-content-background-meta":{"desktop":{"background-color":"var(--ast-global-color-5)","background-image":"","background-repeat":"repeat","background-position":"center center","background-size":"auto","background-attachment":"scroll","background-type":"","background-media":"","overlay-type":"","overlay-color":"","overlay-opacity":"","overlay-gradient":""},"tablet":{"background-color":"var(--ast-global-color-5)","background-image":"","background-repeat":"repeat","background-position":"center center","background-size":"auto","background-attachment":"scroll","background-type":"","background-media":"","overlay-type":"","overlay-color":"","overlay-opacity":"","overlay-gradient":""},"mobile":{"background-color":"var(--ast-global-color-5)","background-image":"","background-repeat":"repeat","background-position":"center center","background-size":"auto","background-attachment":"scroll","background-type":"","background-media":"","overlay-type":"","overlay-color":"","overlay-opacity":"","overlay-gradient":""}},"footnotes":""},"categories":[41],"tags":[],"class_list":["post-3668","post","type-post","status-publish","format-standard","hentry","category-actualites-2024-2025"],"modified_by":"slecourtier","_links":{"self":[{"href":"https:\/\/snalc.org\/snalc2023\/index.php?rest_route=\/wp\/v2\/posts\/3668","targetHints":{"allow":["GET"]}}],"collection":[{"href":"https:\/\/snalc.org\/snalc2023\/index.php?rest_route=\/wp\/v2\/posts"}],"about":[{"href":"https:\/\/snalc.org\/snalc2023\/index.php?rest_route=\/wp\/v2\/types\/post"}],"author":[{"embeddable":true,"href":"https:\/\/snalc.org\/snalc2023\/index.php?rest_route=\/wp\/v2\/users\/1"}],"replies":[{"embeddable":true,"href":"https:\/\/snalc.org\/snalc2023\/index.php?rest_route=%2Fwp%2Fv2%2Fcomments&post=3668"}],"version-history":[{"count":1,"href":"https:\/\/snalc.org\/snalc2023\/index.php?rest_route=\/wp\/v2\/posts\/3668\/revisions"}],"predecessor-version":[{"id":3669,"href":"https:\/\/snalc.org\/snalc2023\/index.php?rest_route=\/wp\/v2\/posts\/3668\/revisions\/3669"}],"wp:attachment":[{"href":"https:\/\/snalc.org\/snalc2023\/index.php?rest_route=%2Fwp%2Fv2%2Fmedia&parent=3668"}],"wp:term":[{"taxonomy":"category","embeddable":true,"href":"https:\/\/snalc.org\/snalc2023\/index.php?rest_route=%2Fwp%2Fv2%2Fcategories&post=3668"},{"taxonomy":"post_tag","embeddable":true,"href":"https:\/\/snalc.org\/snalc2023\/index.php?rest_route=%2Fwp%2Fv2%2Ftags&post=3668"}],"curies":[{"name":"wp","href":"https:\/\/api.w.org\/{rel}","templated":true}]}}