{"id":3709,"date":"2024-11-01T14:08:10","date_gmt":"2024-11-01T13:08:10","guid":{"rendered":"https:\/\/snalc.org\/snalc2023\/?p=3709"},"modified":"2024-11-01T14:08:12","modified_gmt":"2024-11-01T13:08:12","slug":"mobilite-des-personnels-du-premier-degre-rentree-scolaire-2025","status":"publish","type":"post","link":"https:\/\/snalc.org\/snalc2023\/?p=3709","title":{"rendered":"Mobilit\u00e9 des personnels du premier degr\u00e9 \u2013 Rentr\u00e9e scolaire 2025"},"content":{"rendered":"\n<h2 class=\"wp-block-heading\">Mobilit\u00e9 des personnels du premier degr\u00e9 \u2013 Rentr\u00e9e scolaire 2025<\/h2>\n\n\n\n<p>NOR : MENH2425740N<\/p>\n\n\n\n<p>Note de service du 22-10-2024<\/p>\n\n\n\n<p>MEN \u2013 DGRH B1-3<\/p>\n\n\n\n<p>Texte adress\u00e9 aux recteurs et rectrices d\u2019acad\u00e9mie&nbsp;; aux directeurs et directrices acad\u00e9miques des services de l\u2019\u00e9ducation nationale<\/p>\n\n\n\n<p>Texte abrog\u00e9&nbsp;: note de service du 12-10-2023 (MENH2326873N)<\/p>\n\n\n\n<p>Le mouvement interd\u00e9partemental des enseignants du premier degr\u00e9 au titre de 2025 et le mouvement sur postes \u00e0 profil (POP) premier degr\u00e9 sont organis\u00e9s selon les modalit\u00e9s d\u00e9crites dans les lignes directrices de gestion minist\u00e9rielles en mati\u00e8re de mobilit\u00e9.<\/p>\n\n\n\n<p>Des informations g\u00e9n\u00e9rales relatives aux op\u00e9rations de mobilit\u00e9 interd\u00e9partementale et au mouvement POP sont mises en ligne sur le site Internet du minist\u00e8re de l\u2019\u00c9ducation nationale&nbsp;: <a href=\"https:\/\/www.education.gouv.fr\" target=\"_blank\" rel=\"noreferrer noopener\">www.education.gouv.fr<\/a><em> \/ <\/em><strong><em>rubrique<\/em><\/strong>\u00ab&nbsp;Mutation des personnels enseignants du premier degr\u00e9&nbsp;\u00bb(<a href=\"https:\/\/www.education.gouv.fr\/mutation-des-personnels-enseignants-du-premier-degre-5498\" target=\"_blank\" rel=\"noreferrer noopener\">https:\/\/www.education.gouv.fr\/mutation-des-personnels-enseignants-du-premier-degre-5498<\/a>).<\/p>\n\n\n\n<p>La pr\u00e9sente note de service vise \u00e0 pr\u00e9ciser les \u00e9l\u00e9ments de calendrier propres aux deux campagnes de mobilit\u00e9 susmentionn\u00e9es en vue de la rentr\u00e9e scolaire&nbsp;2025 et \u00e0 en pr\u00e9senter les nouveaut\u00e9s. Elle est suivie d\u2019une annexe.<\/p>\n\n\n\n<h2 class=\"wp-block-heading\" id=\"edugouv-summary-item-0\">1. Les op\u00e9rations de mobilit\u00e9 interd\u00e9partementale<\/h2>\n\n\n\n<h3 class=\"wp-block-heading\" id=\"edugouv-summary-item-1\">1.1. Le calendrier du mouvement interd\u00e9partemental au titre de 2025<\/h3>\n\n\n\n<figure class=\"wp-block-table\"><table class=\"has-fixed-layout\"><thead><tr><th>Dates<\/th><th>Op\u00e9rations<\/th><\/tr><\/thead><tbody><tr><td colspan=\"2\">Formulation des demandes et accompagnement des agents<\/td><\/tr><tr><td>Mardi&nbsp;5&nbsp;novembre 2024<\/td><td><strong>Ouverture de la plateforme Info mobilit\u00e9<\/strong> <strong><u>minist\u00e9rielle,<\/u><\/strong> accessible les jours ouvr\u00e9s entre 9&nbsp;h&nbsp;et 18&nbsp;h&nbsp;30 (heure de Paris) au 01.55.55.44.44<\/td><\/tr><tr><td>Mercredi&nbsp;6&nbsp;novembre 2024 \u00e0 12&nbsp;h&nbsp;(heure de Paris)<\/td><td><strong>Ouverture de l\u2019application Siam<\/strong> permettant aux <strong>enseignants de saisir leurs v\u0153ux<\/strong> de mutation interd\u00e9partementale<\/td><\/tr><tr><td>Mercredi&nbsp;27&nbsp;novembre 2024 \u00e0 12&nbsp;h&nbsp;(heure de Paris)<\/td><td><strong>Fin de la saisie des v\u0153ux<\/strong> de mutations sur l\u2019application Siam et <strong>fermeture de la plateforme Info mobilit\u00e9 <u>minist\u00e9rielle<\/u><\/strong><\/td><\/tr><tr><td colspan=\"2\">Confirmation des demandes et transmission des pi\u00e8ces justificatives<\/td><\/tr><tr><td>\u00c0 compter du jeudi&nbsp;28&nbsp;novembre 2024<\/td><td><strong>Transmission \u00e0 chaque enseignant des confirmations de demande de changement de d\u00e9partement<\/strong> sur leur messagerie \u00e9lectronique I-Prof par les services d\u00e9partementaux<\/td><\/tr><tr><td>Jeudi&nbsp;12&nbsp;d\u00e9cembre 2024 <strong>au plus tard<\/strong><\/td><td>Date limite d\u2019<strong>envoi<\/strong> par les enseignants de leur <strong>confirmation de demande de changement de d\u00e9partement et des pi\u00e8ces justificatives<\/strong> aux directions des services d\u00e9partementaux de l\u2019\u00e9ducation nationale selon la modalit\u00e9 figurant sur l\u2019en-t\u00eate de la confirmation de demande de changement de d\u00e9partement<\/td><\/tr><tr><td colspan=\"2\"><em><strong>\u26a0<\/strong><\/em><em><strong>L\u2019absence de transmission de la confirmation de demande au plus tard le 12&nbsp;d\u00e9cembre&nbsp;2024 <\/strong><\/em><em>entra\u00eenera<\/em><em>automatiquement<\/em><strong> <em>l\u2019annulation de la participation<\/em> <\/strong><em>au<\/em><em>mouvement<\/em><em>du<\/em><em>candidat.<\/em><\/td><\/tr><tr><td colspan=\"2\">Demandes de modification et demandes tardives<\/td><\/tr><tr><td>Lundi&nbsp;13&nbsp;janvier 2025 <strong>au plus tard<\/strong><\/td><td>Date limite de r\u00e9ception par les services d\u00e9partementaux des <strong>demandes tardives pour rapprochement de conjoints<\/strong> ou des <strong>demandes de modifications de la situation familiale<\/strong><\/td><\/tr><tr><td colspan=\"2\">Phase de consultation des bar\u00e8mes initiaux<\/td><\/tr><tr><td>Mercredi&nbsp;15&nbsp;janvier 2025<\/td><td><strong>Affichage des bar\u00e8mes initiaux dans Siam pour v\u00e9rification par les enseignants<\/strong><\/td><\/tr><tr><td>Du mercredi&nbsp;15&nbsp;janvier au mercredi&nbsp;29&nbsp;janvier 2025<\/td><td><strong>Phase de demandes de correction des bar\u00e8mes<\/strong> <strong>initiaux<\/strong> formul\u00e9es par les enseignants et <strong>traitement des demandes par les services d\u00e9partementaux<\/strong><\/td><\/tr><tr><td colspan=\"2\">Demande d\u2019annulation de participation<\/td><\/tr><tr><td>Mardi&nbsp;4&nbsp;f\u00e9vrier 2025 <strong>au plus tard<\/strong><\/td><td>Date limite de r\u00e9ception par les services d\u00e9partementaux des <strong>demandes d\u2019annulation de participation<\/strong> (date d\u2019envoi du courriel ou cachet de la Poste faisant foi en fonction)<\/td><\/tr><tr><td colspan=\"2\">Phase de publication des bar\u00e8mes arr\u00eat\u00e9s<\/td><\/tr><tr><td>Mercredi&nbsp;5&nbsp;f\u00e9vrier 2025<\/td><td><strong>Les bar\u00e8mes sont arr\u00eat\u00e9s d\u00e9finitivement <\/strong>par chaque IA-Dasen et visibles par les agents dans Siam. <strong>Ils ne sont plus susceptibles d\u2019appel.<\/strong><\/td><\/tr><tr><td colspan=\"2\">R\u00e9sultats des op\u00e9rations de mobilit\u00e9 interd\u00e9partementale<\/td><\/tr><tr><td>Mercredi&nbsp;12&nbsp;mars 2025 \u00e0 12&nbsp;h&nbsp;(heure de Paris)<\/td><td><strong>Diffusion individuelle des r\u00e9sultats<\/strong> aux candidats \u00e0 la mutation<\/td><\/tr><tr><td colspan=\"2\"><em>\u26a0 Les participants au mouvement recevront le mercredi&nbsp;12&nbsp;mars 2025 le r\u00e9sultat de leur demande de mutation par messagerie I-prof et, le cas \u00e9ch\u00e9ant, par message sur leur t\u00e9l\u00e9phone portable s\u2019ils ont indiqu\u00e9 un num\u00e9ro valide dans Siam lors de la p\u00e9riode de saisie des v\u0153ux.<\/em><\/td><\/tr><\/tbody><\/table><\/figure>\n\n\n\n<h3 class=\"wp-block-heading\" id=\"edugouv-summary-item-2\">1.2. Les nouveaut\u00e9s du mouvement interd\u00e9partemental 2025<\/h3>\n\n\n\n<p>Deux dispositions pr\u00e9vues par les lignes directrices de gestion minist\u00e9rielles entrent en vigueur lors du mouvement interd\u00e9partemental&nbsp;2025&nbsp;:<\/p>\n\n\n\n<ul class=\"wp-block-list\">\n<li><strong>La bonification sp\u00e9cifique pour les enseignants ayant exerc\u00e9 trois ans sur un poste \u00e0 profil<\/strong><\/li>\n<\/ul>\n\n\n\n<p>Apr\u00e8s trois ann\u00e9es d\u2019exercice sur poste \u00e0 profil, en position d\u2019activit\u00e9, l\u2019exp\u00e9rience et le parcours professionnel des agents sont valoris\u00e9s \u00e0 hauteur de <strong><u>27&nbsp;points<\/u><\/strong> sur tous les v\u0153ux exprim\u00e9s dans le cadre du mouvement interd\u00e9partemental.<\/p>\n\n\n\n<ul class=\"wp-block-list\">\n<li><strong>Retour automatique pour les enseignants ayant exerc\u00e9 trois ans sur un poste \u00e0 profil<\/strong><\/li>\n<\/ul>\n\n\n\n<p>Les enseignants mut\u00e9s dans un d\u00e9partement dans le cadre du mouvement sur postes \u00e0 profil pourront revenir dans leur d\u00e9partement d\u2019origine d\u00e8s lors qu\u2019ils auront exerc\u00e9 au moins trois ann\u00e9es sur le poste \u00e0 profil et qu\u2019ils en feront explicitement la demande dans le cadre du mouvement interd\u00e9partemental. Cette possibilit\u00e9 est ouverte tant qu\u2019ils sont affect\u00e9s sur le poste \u00e0 profil obtenu.<\/p>\n\n\n\n<h3 class=\"wp-block-heading\" id=\"edugouv-summary-item-3\">1.3. Les pi\u00e8ces justificatives et formulaires \u00e0 transmettre<\/h3>\n\n\n\n<ul class=\"wp-block-list\">\n<li><strong>Pi\u00e8ces justificatives\u00a0<\/strong><\/li>\n<\/ul>\n\n\n\n<p>Dans le cadre de sa demande de mobilit\u00e9 interd\u00e9partementale, un enseignant peut se pr\u00e9valoir de priorit\u00e9s l\u00e9gales ou r\u00e9glementaires (cf.&nbsp;articles&nbsp;L.&nbsp;512-19 \u00e0 20 du Code g\u00e9n\u00e9ral de la fonction publique). Dans ce cas, \u00e0 l\u2019appui de la transmission de sa <strong>confirmation de demande de changement de d\u00e9partement, <\/strong>il doit transmettre<strong> les pi\u00e8ces justificatives<\/strong> aff\u00e9rentes (cf.&nbsp;annexe&nbsp;1) \u00e0 la direction des services d\u00e9partementaux de l\u2019\u00e9ducation nationale (DSDEN) de son d\u00e9partement de rattachement. Ces documents devront alors \u00eatre transmis par le candidat, au plus tard le <strong><u>12&nbsp;d\u00e9cembre&nbsp;2024,<\/u><\/strong> selon la modalit\u00e9 figurant sur l\u2019en-t\u00eate de la confirmation de demande de changement de d\u00e9partement dont il aura \u00e9t\u00e9 destinataire dans sa messagerie I-Prof \u00e0 compter du 28&nbsp;novembre&nbsp;2024 (date de d\u00e9p\u00f4t, date d\u2019envoi du courriel ou cachet de la Poste faisant foi en fonction de la modalit\u00e9 fix\u00e9e sur le document).<\/p>\n\n\n\n<p>Il est pr\u00e9cis\u00e9 que les documents administratifs en langue \u00e9trang\u00e8re doivent \u00eatre officiellement traduits en fran\u00e7ais.<\/p>\n\n\n\n<ul class=\"wp-block-list\">\n<li><strong>Formulaires sp\u00e9cifiques<\/strong><\/li>\n<\/ul>\n\n\n\n<p>Un formulaire sp\u00e9cifique doit \u00eatre renseign\u00e9 par l\u2019enseignant s\u2019il se trouve dans l\u2019une des cinq situations suivantes&nbsp;:<\/p>\n\n\n\n<ul class=\"wp-block-list\">\n<li>s\u2019il souhaite se pr\u00e9valoir de la reconnaissance du centre de ses int\u00e9r\u00eats mat\u00e9riels et moraux (Cimm) dans un d\u00e9partement d\u2019outre-mer (ce document doit \u00eatre joint \u00e0 la confirmation de demande de mutation avec les justificatifs correspondants et transmis selon la modalit\u00e9 fix\u00e9e sur ladite confirmation)\u00a0;<\/li>\n\n\n\n<li>s\u2019il souhaite solliciter l\u2019octroi de la bonification handicap n\u00b0\u00a02 de 800\u00a0points (ce formulaire doit \u00eatre transmis, avec les pi\u00e8ces justificatives aff\u00e9rentes, selon la modalit\u00e9 fix\u00e9e en annexe\u00a02 du formulaire pour le d\u00e9partement actuel de rattachement de l\u2019enseignant)\u00a0;<\/li>\n\n\n\n<li>s\u2019il souhaite faire une demande de participation tardive au mouvement pour les cas pr\u00e9vus par les lignes directrices de gestion minist\u00e9rielles (les participants au mouvement interd\u00e9partemental dont la titularisation a \u00e9t\u00e9 prononc\u00e9e tardivement \u00e0 effet du 1<sup>er<\/sup>\u00a0septembre\u00a02024 ou ceux dont la mutation du conjoint est connue apr\u00e8s la cl\u00f4ture de la p\u00e9riode de saisie des v\u0153ux sur Siam). <em>Une notice d\u2019accompagnement est mise \u00e0 disposition des enseignants pour les aider \u00e0 compl\u00e9ter le formulaire de demande de participation tardive au mouvement\u00a0;<\/em><\/li>\n\n\n\n<li>s\u2019il souhaite solliciter une modification de sa demande de mutation (pour tenir compte d\u2019un enfant n\u00e9 ou \u00e0 na\u00eetre ou d\u2019une mutation impr\u00e9visible du conjoint)\u00a0;<\/li>\n\n\n\n<li>s\u2019il veut demander l\u2019annulation de sa participation au mouvement interd\u00e9partemental le 4\u00a0f\u00e9vrier\u00a02025 au plus tard.<\/li>\n<\/ul>\n\n\n\n<figure class=\"wp-block-table\"><table class=\"has-fixed-layout\"><thead><tr><th>Situation<\/th><th>Acc\u00e8s au formulaire<\/th><th>Date limite de retour<\/th><\/tr><\/thead><tbody><tr><td>Reconnaissance Cimm<\/td><td>Siam \/ Portail minist\u00e9riel<\/td><td>Jeudi&nbsp;12&nbsp;d\u00e9cembre 2024<\/td><\/tr><tr><td>Bonification handicap n\u00b0&nbsp;2<\/td><td>Siam \/ Portail minist\u00e9riel<\/td><td>Jeudi&nbsp;12&nbsp;d\u00e9cembre 2024<\/td><\/tr><tr><td>Participation tardive au mouvement<\/td><td>Portail minist\u00e9riel<\/td><td>Lundi&nbsp;13&nbsp;janvier 2025<\/td><\/tr><tr><td>Modification de la demande de mutation<\/td><td>Portail minist\u00e9riel<\/td><td>Lundi&nbsp;13&nbsp;janvier 2025<\/td><\/tr><tr><td>Annulation de la participation au mouvement<\/td><td>Portail minist\u00e9riel<\/td><td>Mardi&nbsp;4&nbsp;f\u00e9vrier 2025<\/td><\/tr><\/tbody><\/table><\/figure>\n\n\n\n<p>Ces cinq formulaires doivent, le cas \u00e9ch\u00e9ant, \u00eatre transmis \u00e0 la DSDEN de rattachement dans les d\u00e9lais fix\u00e9s.<\/p>\n\n\n\n<h3 class=\"wp-block-heading\" id=\"edugouv-summary-item-4\">1.4. Les dispositifs d\u2019accompagnement et d\u2019information<\/h3>\n\n\n\n<p>Afin de faciliter la d\u00e9marche des enseignants du premier degr\u00e9 dans leur projet de mobilit\u00e9, plusieurs outils sont mis \u00e0 leur disposition&nbsp;:<\/p>\n\n\n\n<ul class=\"wp-block-list\">\n<li><strong>un service t\u00e9l\u00e9phonique d\u2019aide et de conseil personnalis\u00e9s<\/strong>\u00a0;<br>Les candidats \u00e0 une mutation interd\u00e9partementale peuvent y recourir du <strong>mardi\u00a05\u00a0<\/strong><strong>novembre au mercredi\u00a027\u00a0novembre 2024,<\/strong> en contactant le <strong>01.55.55.44.44 du lundi au vendredi de 9\u00a0h\u00a0\u00e0 18\u00a0h\u00a030 (heure de Paris). <\/strong>Cette <strong>plateforme Info mobilit\u00e9, <\/strong>constitu\u00e9e d\u2019agents de l\u2019administration centrale du minist\u00e8re de l\u2019\u00c9ducation nationale, est charg\u00e9e de leur apporter une aide individualis\u00e9e pour accompagner leur projet de mobilit\u00e9.<br><em>Apr\u00e8s la fermeture des serveurs Siam1\/I-Prof et de la plateforme Info mobilit\u00e9 minist\u00e9rielle, le 27\u00a0novembre 2024 \u00e0 12\u00a0h\u00a0(heure de Paris), les candidats peuvent s\u2019adresser aux cellules d\u00e9partementales qui les informent sur le suivi de leur dossier jusqu\u2019\u00e0 la fin des op\u00e9rations de validation des bar\u00e8mes.<\/em><\/li>\n\n\n\n<li><strong>les sites d\u00e9partementaux et acad\u00e9miques<\/strong> sur lesquels figurent diff\u00e9rentes informations relatives \u00e0 la mobilit\u00e9 des enseignants du premier degr\u00e9 ainsi que le <strong>portail minist\u00e9riel<\/strong> (<a href=\"https:\/\/www.education.gouv.fr\/mutation-des-personnels-enseignants-du-premier-degre-5498\" target=\"_blank\" rel=\"noreferrer noopener\">https:\/\/www.education.gouv.fr\/mutation-des-personnels-enseignants-du-premier-degre-5498<\/a>)\u00a0;<\/li>\n\n\n\n<li><strong>un comparateur de mobilit\u00e9, <\/strong>qui permet \u00e0 l\u2019enseignant de simuler son bar\u00e8me et de conna\u00eetre les pi\u00e8ces justificatives qui seront demand\u00e9es lors de sa demande de mutation, mais \u00e9galement d\u2019estimer, au regard des r\u00e9sultats des mutations de l\u2019ann\u00e9e pr\u00e9c\u00e9dente, ses possibilit\u00e9s d\u2019obtenir une mutation vers un autre d\u00e9partement (<a href=\"https:\/\/info-mutations.phm.education.gouv.fr\/sirh-cmpmo-front\/\" target=\"_blank\" rel=\"noreferrer noopener\">https:\/\/info-mutations.phm.education.gouv.fr\/sirh-cmpmo-front\/<\/a>)\u00a0;<\/li>\n\n\n\n<li><strong>une foire aux questions <\/strong>rassemblant les questions les plus fr\u00e9quemment pos\u00e9es par les enseignants du premier degr\u00e9 concernant la mobilit\u00e9 interd\u00e9partementale et les r\u00e9ponses apport\u00e9es par l\u2019administration (<a href=\"https:\/\/www.education.gouv.fr\/questions-reponses-sur-la-mutation-des-enseignants-du-premier-degre-325795\" target=\"_blank\" rel=\"noreferrer noopener\">https:\/\/www.education.gouv.fr\/questions-reponses-sur-la-mutation-des-enseignants-du-premier-degre-325795<\/a>).<\/li>\n<\/ul>\n\n\n\n<p>Par ailleurs, les enseignants du premier degr\u00e9 re\u00e7oivent \u00e9galement des <strong>messages via leur messagerie I-Prof aux \u00e9tapes importantes du calendrier.<\/strong> Les candidats \u00e0 une mutation peuvent communiquer, lors de la saisie des v\u0153ux, un num\u00e9ro de t\u00e9l\u00e9phone portable. Ce dernier sera uniquement destin\u00e9 \u00e0 les informer rapidement du r\u00e9sultat de leur demande de mutation.<\/p>\n\n\n\n<h3 class=\"wp-block-heading\" id=\"edugouv-summary-item-5\">1.5. La proc\u00e9dure d\u2019acc\u00e8s par Internet au syst\u00e8me d\u2019information et d\u2019aide aux mutations (Siam)<\/h3>\n\n\n\n<p><strong>Les professeurs des \u00e9coles stagiaires ne peuvent pas formuler de v\u0153ux via l\u2019application Siam.<\/strong> En effet, le mouvement interd\u00e9partemental est ouvert aux personnels enseignants du premier degr\u00e9 (professeurs des \u00e9coles et instituteurs) <strong><u>titulaires<\/u><\/strong> au plus tard au 1<sup>er<\/sup>&nbsp;septembre&nbsp;2024 et <strong>aptes<\/strong> \u00e0 exercer leurs fonctions.<\/p>\n\n\n\n<p>Il est toutefois rappel\u00e9 qu\u2019une mutation obtenue lors du mouvement interd\u00e9partemental ne saurait \u00eatre remise en cause ni par la demande ou le renouvellement d\u2019un cong\u00e9 parental \u00e9mis par l\u2019agent au cours de l\u2019ann\u00e9e scolaire, ni par la demande, l\u2019obtention ou le renouvellement d\u2019un cong\u00e9 li\u00e9 \u00e0 son \u00e9tat de sant\u00e9 (cong\u00e9 longue maladie, cong\u00e9 longue dur\u00e9e, etc.).<\/p>\n\n\n\n<p>Par ailleurs, les agents retenus sur des postes \u00e0 profil au titre des campagnes 2023 et 2024 ne peuvent pas participer au mouvement interd\u00e9partemental 2025 compte tenu de<strong> la dur\u00e9e minimale d\u2019occupation d\u2019un poste obtenu par le mouvement sur postes \u00e0 profil, qui est de trois ans.<\/strong><\/p>\n\n\n\n<p>L\u2019acc\u00e8s \u00e0 Siam, outil permettant de formuler les v\u0153ux de mutation interd\u00e9partementale, peut se faire de tout poste informatique connect\u00e9 \u00e0 Internet selon les modalit\u00e9s suivantes.<\/p>\n\n\n\n<p>Pour se connecter, l\u2019enseignant doit&nbsp;:<\/p>\n\n\n\n<ul class=\"wp-block-list\">\n<li>se rendre sur l\u2019adresse suivante\u00a0: <a href=\"https:\/\/www.education.gouv.fr\/personnel\/iprof.html\" target=\"_blank\" rel=\"noreferrer noopener\">https:\/\/www.education.gouv.fr\/personnel\/iprof.html<\/a>\u00a0;<\/li>\n\n\n\n<li>cliquer sur l\u2019acad\u00e9mie d\u2019affectation pr\u00e9sent\u00e9e sur la carte de France\u00a0;<\/li>\n\n\n\n<li>s\u2019authentifier en saisissant son compte utilisateur et son mot de passe qu\u2019il utilise habituellement pour se connecter \u00e0 I-Prof puis valider son authentification en cliquant sur le bouton \u00ab\u00a0Connexion\u00a0\u00bb\u00a0;<br><em>Attention\u00a0: Si l\u2019enseignant a modifi\u00e9 son mot de passe en utilisant les outils propos\u00e9s par le bureau virtuel, il devra continuer \u00e0 utiliser ce nouveau mot de passe pour toute nouvelle connexion.<\/em><\/li>\n\n\n\n<li>Cliquer ensuite sur l\u2019ic\u00f4ne \u00ab\u00a0I-Prof\u00a0\u00bb pour acc\u00e9der aux diff\u00e9rents services propos\u00e9s dans le cadre de la gestion de sa carri\u00e8re\u00a0;<\/li>\n\n\n\n<li>cliquer ensuite sur le bouton \u00ab\u00a0Les services \u00bb, puis sur le lien \u00ab\u00a0Siam\u00a0\u00bb, et enfin sur \u00ab\u00a0Phase interd\u00e9partementale\u00a0\u00bb pour acc\u00e9der \u00e0 l\u2019application Siam premier degr\u00e9.<\/li>\n<\/ul>\n\n\n\n<p>Cette application permet en particulier \u00e0 l\u2019enseignant de saisir ses v\u0153ux de mutation et de consulter les \u00e9l\u00e9ments de son bar\u00e8me ainsi que les r\u00e9sultats du mouvement interd\u00e9partemental.<\/p>\n\n\n\n<p><em>Attention&nbsp;: L\u2019enseignant ayant initi\u00e9 une demande de mutation par Siam recevra son accus\u00e9 de r\u00e9ception <strong>uniquement<\/strong> <strong>dans sa messagerie I-Prof.<\/strong><\/em><\/p>\n\n\n\n<h2 class=\"wp-block-heading\" id=\"edugouv-summary-item-6\">2. Le mouvement sur postes \u00e0 profil<\/h2>\n\n\n\n<p>Un mouvement sur postes \u00e0 profil est organis\u00e9 par les directeurs acad\u00e9miques des services de l\u2019\u00e9ducation nationale en parall\u00e8le des op\u00e9rations de mobilit\u00e9 interd\u00e9partementale.<\/p>\n\n\n\n<p>Ce mouvement a pour objectif de r\u00e9pondre \u00e0 des besoins sp\u00e9cifiques que connaissent des \u00e9coles&nbsp;: besoins li\u00e9s aux caract\u00e9ristiques territoriales, au projet d\u2019\u00e9tablissement, \u00e0 la coordination d\u2019\u00e9quipe, etc., qui requi\u00e8rent une comp\u00e9tence particuli\u00e8re ou une aptitude \u00e0 exercer dans un contexte particulier (par exemple&nbsp;: ruralit\u00e9, isolement g\u00e9ographique [montagne, \u00eeles], etc.).<\/p>\n\n\n\n<p><strong>Ce dispositif de mouvement hors bar\u00e8me<\/strong> permet de pourvoir des <strong>postes \u00e0 forts enjeux<\/strong> par des enseignants issus de tout d\u00e9partement (y compris du d\u00e9partement o\u00f9 est propos\u00e9 le poste).<\/p>\n\n\n\n<h3 class=\"wp-block-heading\" id=\"edugouv-summary-item-7\">2.1. Le calendrier du mouvement POP au titre de 2025<\/h3>\n\n\n\n<figure class=\"wp-block-table\"><table class=\"has-fixed-layout\"><thead><tr><th>Dates<\/th><th>Op\u00e9rations<\/th><\/tr><\/thead><tbody><tr><td colspan=\"2\">Formulation des demandes et accompagnement des agents<\/td><\/tr><tr><td>Mardi&nbsp;5&nbsp;novembre 2024<\/td><td><strong>Ouverture de la plateforme Info mobilit\u00e9<\/strong> <strong>minist\u00e9rielle<\/strong> accessible les jours ouvr\u00e9s entre 9&nbsp;h&nbsp;et 18&nbsp;h&nbsp;30 (heure de Paris) au 01.55.55.44.44<\/td><\/tr><tr><td>Mercredi&nbsp;6&nbsp;novembre 2024 \u00e0 12&nbsp;h&nbsp;(heure de Paris)<\/td><td><strong>Date de l\u2019ouverture de l\u2019application Colibris <\/strong>permettant aux <strong>enseignants de formuler leurs v\u0153ux<\/strong> dans le cadre du mouvement POP<\/td><\/tr><tr><td>Mercredi&nbsp;27&nbsp;novembre 2024 \u00e0 12&nbsp;h&nbsp;(heure de Paris)<\/td><td><strong>Fin de la saisie des v\u0153ux<\/strong> de mutations POP sur l\u2019application Colibris <strong>Fermeture de la plateforme Info mobilit\u00e9 minist\u00e9rielle<\/strong><\/td><\/tr><tr><td colspan=\"2\">Instruction des candidatures par les services d\u00e9partementaux et r\u00e9sultats<\/td><\/tr><tr><td>Du jeudi&nbsp;28&nbsp;novembre 2024 au mardi&nbsp;21&nbsp;janvier 2025<\/td><td><strong>Instruction des dossiers de candidature,<\/strong> <strong>organisation des entretiens avec les candidats<\/strong><\/td><\/tr><tr><td>Mercredi&nbsp;22&nbsp;janvier 2025<\/td><td><strong>Date limite d\u2019annulation de v\u0153ux<\/strong><\/td><\/tr><tr><td>Vendredi&nbsp;24&nbsp;janvier 2024<\/td><td><strong>Date limite de classement des agents sur les postes par les DSDEN<\/strong><\/td><\/tr><tr><td>Mercredi&nbsp;19&nbsp;f\u00e9vrier 2025 (12&nbsp;h)<\/td><td><strong>Communication des r\u00e9sultats par courriel<\/strong><\/td><\/tr><\/tbody><\/table><\/figure>\n\n\n\n<h3 class=\"wp-block-heading\" id=\"edugouv-summary-item-8\">2.2. La formulation des v\u0153ux POP<\/h3>\n\n\n\n<p>Les enseignants consultent les fiches de poste propos\u00e9es au mouvement POP pour la rentr\u00e9e scolaire 2024 et formulent des v\u0153ux via l\u2019application Colibris du 6&nbsp;novembre au 27&nbsp;novembre&nbsp;2024. Ils peuvent formuler jusqu\u2019\u00e0 <strong><u>6&nbsp;v\u0153ux maximum<\/u><\/strong> (ind\u00e9pendamment du nombre de v\u0153ux qu\u2019ils peuvent \u00e9ventuellement \u00e9mettre dans le cadre du mouvement interd\u00e9partemental en parall\u00e8le), qu\u2019ils doivent imp\u00e9rativement <strong><u>saisir par ordre de pr\u00e9f\u00e9rence.<\/u><\/strong><\/p>\n\n\n\n<p>L\u2019agent devra joindre \u00e0 sa candidature un curriculum vitae (CV) et une lettre de motivation, ainsi que, le cas \u00e9ch\u00e9ant, tout justificatif (titre ou certification) exig\u00e9 pour le poste sur lequel il se porte candidat. Il est pr\u00e9cis\u00e9 que les candidats ne peuvent d\u00e9poser, en plus de la lettre de motivation et du CV, que deux documents maximum. Aucun enseignant ne peut se porter candidat \u00e0 un poste \u00e0 exigence particuli\u00e8re s\u2019il n\u2019est pas <strong>d\u2019ores et d\u00e9j\u00e0 titulaire<\/strong> du titre requis pour ce poste.<\/p>\n\n\n\n<p>Les enseignants dont la candidature est s\u00e9lectionn\u00e9e pour un entretien avec la commission de s\u00e9lection en seront inform\u00e9s par courriel. Ces entretiens seront organis\u00e9s par les services d\u00e9partementaux, en distanciel ou en pr\u00e9sentiel, entre le 28&nbsp;novembre 2024 et le 21&nbsp;janvier 2025.<\/p>\n\n\n\n<p>Suite aux entretiens, les candidats avec un avis favorable au recrutement sont class\u00e9s, dans l\u2019application POP1D d\u00e9di\u00e9e, en fonction de l\u2019ad\u00e9quation de leur profil avec le poste.<\/p>\n\n\n\n<p>Les agents in\u00e9ligibles (agents qui ne sont pas titulaires du corps des instituteurs ou des professeurs des \u00e9coles), ceux dont la candidature n\u2019est pas recevable ou n\u2019est pas s\u00e9lectionn\u00e9e pour un entretien (absence de transmission du justificatif requis dans les d\u00e9lais, etc.) et ceux qui ne sont pas class\u00e9s par la commission de s\u00e9lection \u00e0 l\u2019issue de l\u2019entretien en seront inform\u00e9s par courriel.<\/p>\n\n\n\n<h3 class=\"wp-block-heading\" id=\"edugouv-summary-item-9\">2.3. Les dispositifs d\u2019accompagnement et d\u2019information<\/h3>\n\n\n\n<p>Afin de faciliter la d\u00e9marche des enseignants du premier degr\u00e9 dans la formalisation de leur demande de mobilit\u00e9 dans le cadre du mouvement POP, plusieurs outils sont mis \u00e0 leur disposition&nbsp;:<\/p>\n\n\n\n<ul class=\"wp-block-list\">\n<li><strong>un service t\u00e9l\u00e9phonique d\u2019aide et de conseil personnalis\u00e9s<\/strong>\u00a0;<br>Les candidats \u00e0 une mutation POP peuvent y recourir du <strong>5\u00a0 au 27\u00a0novembre 2024<\/strong>, en contactant le <strong>01.55.55.44.44 du lundi au vendredi de 9\u00a0h\u00a0\u00e0 18\u00a0h\u00a030. <\/strong>Cette <strong>plateforme Info mobilit\u00e9, <\/strong>constitu\u00e9e d\u2019agents de l\u2019administration centrale du minist\u00e8re de l\u2019\u00c9ducation nationale, est charg\u00e9e de leur apporter une aide individualis\u00e9e pour accompagner leur projet de mobilit\u00e9.<br><em>Apr\u00e8s la fermeture du serveur Colibris et de la plateforme Info mobilit\u00e9 minist\u00e9rielle le 27\u00a0novembre 2024, les enseignants seront contact\u00e9s par courriel par la ou les DSDEN des d\u00e9partements o\u00f9 ils ont postul\u00e9 pour la suite de la proc\u00e9dure.<\/em><\/li>\n\n\n\n<li><strong>le<\/strong> <strong>portail minist\u00e9riel<\/strong> o\u00f9 figurent des informations sur le mouvement sur postes \u00e0 profil du premier degr\u00e9 et notamment un guide pour la saisie des v\u0153ux sur Colibris (<a href=\"https:\/\/www.education.gouv.fr\/le-mouvement-postes-profil-pop-325592\" target=\"_blank\" rel=\"noreferrer noopener\">https:\/\/www.education.gouv.fr\/le-mouvement-postes-profil-pop-325592<\/a>)\u00a0;<\/li>\n\n\n\n<li><strong>une foire aux questions <\/strong>rassemblant les questions les plus fr\u00e9quemment pos\u00e9es par les enseignants du premier degr\u00e9 concernant le mouvement POP et les r\u00e9ponses apport\u00e9es par l\u2019administration (<a href=\"https:\/\/www.education.gouv.fr\/le-mouvement-postes-profil-pop-pour-le-premier-degre-questions-reponses-325783\" target=\"_blank\" rel=\"noreferrer noopener\">https:\/\/www.education.gouv.fr\/le-mouvement-postes-profil-pop-pour-le-premier-degre-questions-reponses-325783<\/a>)\u00a0.<\/li>\n<\/ul>\n\n\n\n<h3 class=\"wp-block-heading\" id=\"edugouv-summary-item-10\">2.4. L\u2019annulation de v\u0153ux ou de la mobilit\u00e9 POP obtenue<\/h3>\n\n\n\n<p>Un agent qui formule des v\u0153ux dans le cadre du mouvement POP peut d\u00e9sormais annuler un ou plusieurs de ses v\u0153ux ou la mobilit\u00e9 obtenue selon les conditions fix\u00e9es dans le tableau suivant&nbsp;:<\/p>\n\n\n\n<figure class=\"wp-block-table\"><table class=\"has-fixed-layout\"><thead><tr><th>Dates<\/th><th>Modalit\u00e9s d\u2019annulation d\u2019un ou de plusieurs v\u0153ux<\/th><\/tr><\/thead><tbody><tr><td>Du&nbsp;6 au 27&nbsp;novembre 2024 (12&nbsp;h, heure de Paris)<\/td><td>Le candidat peut annuler librement un ou plusieurs v\u0153ux directement dans l\u2019application Colibris<\/td><\/tr><tr><td>Du 27&nbsp;novembre (12&nbsp;h) 2024 au 22&nbsp;janvier 2025 (inclus)<\/td><td>Le candidat peut supprimer un ou plusieurs v\u0153ux en adressant un courriel \u00e0 la DSDEN concern\u00e9e (\u00e0 l\u2019adresse courriel qui lui a transmis la convocation) sans avoir \u00e0 invoquer de motif particulier<\/td><\/tr><tr><td>Du 23&nbsp;janvier au 19&nbsp;f\u00e9vrier 2025 (12&nbsp;h)<\/td><td>Le candidat ne peut plus annuler de v\u0153ux<\/td><\/tr><tr><td>\u00c0 compter du 19&nbsp;f\u00e9vrier 2025 (12&nbsp;h)<\/td><td>Le candidat peut formuler la demande d\u2019annulation de la mobilit\u00e9 obtenue \u00e0 sa DSDEN d\u2019origine, qui examinera cette demande au regard des motifs d\u2019annulation actuellement fix\u00e9s dans les lignes directrices de gestion minist\u00e9rielles. Si l\u2019agent obtient l\u2019annulation de sa mobilit\u00e9 POP, cela n\u2019aura pas d\u2019effet sur l\u2019annulation de sa participation au mouvement interd\u00e9partemental 2025<\/td><\/tr><\/tbody><\/table><\/figure>\n\n\n\n<h3 class=\"wp-block-heading\" id=\"edugouv-summary-item-11\">2.5. Les r\u00e9sultats du mouvement POP 2025<\/h3>\n\n\n\n<p>Les agents class\u00e9s sur un poste POP, quel que soit le rang de classement sur ce poste, seront inform\u00e9s <strong><u>par courriel<\/u><\/strong> le <strong><u>19&nbsp;f\u00e9vrier 2025<\/u><\/strong> de la suite donn\u00e9e \u00e0 leur candidature.<\/p>\n\n\n\n<p>Dans le cas d\u2019une participation \u00e0 la fois au mouvement POP et au mouvement interd\u00e9partemental, un candidat retenu sur un de ses v\u0153ux formul\u00e9s dans le cadre du mouvement POP verra sa participation au mouvement interd\u00e9partemental <strong><u>automatiquement annul\u00e9e<\/u><\/strong> par la DGRH, ind\u00e9pendamment d\u2019une \u00e9ventuelle demande d\u2019annulation d\u2019une mobilit\u00e9 POP.<\/p>\n\n\n\n<p>Les enseignants retenus au mouvement POP seront par la suite destinataires des arr\u00eat\u00e9s aff\u00e9rant \u00e0 cette mobilit\u00e9.<\/p>\n\n\n\n<p><strong><u>Rappel&nbsp;:<\/u><\/strong> <strong>La dur\u00e9e minimale d\u2019occupation d\u2019un poste obtenu par le mouvement sur postes \u00e0 profil est de trois ans.<\/strong><\/p>\n\n\n\n<h3 class=\"wp-block-heading\" id=\"edugouv-summary-item-12\">2.6. Proc\u00e9dure d\u2019acc\u00e8s par Internet \u00e0 l\u2019outil de saisie des candidatures&nbsp;: Colibris<\/h3>\n\n\n\n<p>L\u2019acc\u00e8s \u00e0 Colibris peut se faire de tout poste informatique connect\u00e9 \u00e0 Internet selon les modalit\u00e9s suivantes.<\/p>\n\n\n\n<p>Pour se connecter, l\u2019enseignant doit&nbsp;:<\/p>\n\n\n\n<ul class=\"wp-block-list\">\n<li>se rendre sur l\u2019adresse suivante\u00a0: <a href=\"https:\/\/www.education.gouv.fr\/personnel\/iprof.html\" target=\"_blank\" rel=\"noreferrer noopener\">https:\/\/www.education.gouv.fr\/personnel\/iprof.html<\/a>\u00a0;<\/li>\n\n\n\n<li>cliquer sur l\u2019acad\u00e9mie d\u2019affectation pr\u00e9sent\u00e9e dans la carte de France\u00a0;<\/li>\n\n\n\n<li>s\u2019authentifier en saisissant son compte utilisateur et son mot de passe, puis valider son authentification en cliquant sur le bouton \u00ab\u00a0Connexion\u00a0\u00bb\u00a0;<br><em>Attention\u00a0: Si l\u2019enseignant a modifi\u00e9 son mot de passe en utilisant les outils propos\u00e9s par le bureau virtuel, il doit continuer \u00e0 utiliser ce nouveau mot de passe pour toute nouvelle connexion.<\/em><\/li>\n\n\n\n<li>cliquer ensuite sur l\u2019ic\u00f4ne I-Prof pour acc\u00e9der aux diff\u00e9rents services Internet propos\u00e9s dans le cadre de la gestion de sa carri\u00e8re\u00a0;<\/li>\n\n\n\n<li>cliquer enfin sur le bouton \u00ab\u00a0Les services\u00a0\u00bb, puis sur le lien \u00ab\u00a0Siam\u00a0\u00bb, pour acc\u00e9der \u00e0 l\u2019application Siam premier degr\u00e9\u00a0; d<strong>ans cette rubrique, l\u2019enseignant doit s\u00e9lectionner la rubrique <\/strong><strong>\u00ab\u00a0Mouvement POP\u00a0\u00bb<\/strong><strong>afin d\u2019acc\u00e9der \u00e0 l\u2019application de saisie des candidatures\u00a0:<\/strong><strong> Colibris.<\/strong><\/li>\n<\/ul>\n\n\n\n<p>Pour la ministre de l\u2019\u00c9ducation nationale, et par d\u00e9l\u00e9gation,<br>Le directeur g\u00e9n\u00e9ral des ressources humaines,<br>Boris Melmoux-Eude<\/p>\n\n\n\n<h2 class=\"wp-block-heading\">Annexe(s)<\/h2>\n\n\n\n<p><a href=\"https:\/\/www.education.gouv.fr\/sites\/default\/files\/spe740_annexe.pdf\" target=\"_blank\" rel=\"noreferrer noopener\">Annexe \u2014 Pi\u00e8ces justificatives<\/a><\/p>\n","protected":false},"excerpt":{"rendered":"<p>Mobilit\u00e9 des personnels du premier degr\u00e9 \u2013 Rentr\u00e9e scolaire 2025 NOR : MENH2425740N Note de service du 22-10-2024 MEN \u2013 DGRH B1-3 Texte adress\u00e9 aux recteurs et rectrices d\u2019acad\u00e9mie&nbsp;; aux [&hellip;]<\/p>\n","protected":false},"author":1,"featured_media":0,"comment_status":"closed","ping_status":"closed","sticky":false,"template":"","format":"standard","meta":{"_lmt_disableupdate":"","_lmt_disable":"","site-sidebar-layout":"default","site-content-layout":"","ast-site-content-layout":"default","site-content-style":"default","site-sidebar-style":"default","ast-global-header-display":"","ast-banner-title-visibility":"","ast-main-header-display":"","ast-hfb-above-header-display":"","ast-hfb-below-header-display":"","ast-hfb-mobile-header-display":"","site-post-title":"","ast-breadcrumbs-content":"","ast-featured-img":"","footer-sml-layout":"","ast-disable-related-posts":"","theme-transparent-header-meta":"","adv-header-id-meta":"","stick-header-meta":"","header-above-stick-meta":"","header-main-stick-meta":"","header-below-stick-meta":"","astra-migrate-meta-layouts":"set","ast-page-background-enabled":"default","ast-page-background-meta":{"desktop":{"background-color":"var(--ast-global-color-4)","background-image":"","background-repeat":"repeat","background-position":"center center","background-size":"auto","background-attachment":"scroll","background-type":"","background-media":"","overlay-type":"","overlay-color":"","overlay-opacity":"","overlay-gradient":""},"tablet":{"background-color":"","background-image":"","background-repeat":"repeat","background-position":"center center","background-size":"auto","background-attachment":"scroll","background-type":"","background-media":"","overlay-type":"","overlay-color":"","overlay-opacity":"","overlay-gradient":""},"mobile":{"background-color":"","background-image":"","background-repeat":"repeat","background-position":"center center","background-size":"auto","background-attachment":"scroll","background-type":"","background-media":"","overlay-type":"","overlay-color":"","overlay-opacity":"","overlay-gradient":""}},"ast-content-background-meta":{"desktop":{"background-color":"var(--ast-global-color-5)","background-image":"","background-repeat":"repeat","background-position":"center center","background-size":"auto","background-attachment":"scroll","background-type":"","background-media":"","overlay-type":"","overlay-color":"","overlay-opacity":"","overlay-gradient":""},"tablet":{"background-color":"var(--ast-global-color-5)","background-image":"","background-repeat":"repeat","background-position":"center center","background-size":"auto","background-attachment":"scroll","background-type":"","background-media":"","overlay-type":"","overlay-color":"","overlay-opacity":"","overlay-gradient":""},"mobile":{"background-color":"var(--ast-global-color-5)","background-image":"","background-repeat":"repeat","background-position":"center center","background-size":"auto","background-attachment":"scroll","background-type":"","background-media":"","overlay-type":"","overlay-color":"","overlay-opacity":"","overlay-gradient":""}},"footnotes":""},"categories":[41,8,7],"tags":[],"class_list":["post-3709","post","type-post","status-publish","format-standard","hentry","category-actualites-2024-2025","category-inter-academique","category-mutation"],"modified_by":"slecourtier","_links":{"self":[{"href":"https:\/\/snalc.org\/snalc2023\/index.php?rest_route=\/wp\/v2\/posts\/3709","targetHints":{"allow":["GET"]}}],"collection":[{"href":"https:\/\/snalc.org\/snalc2023\/index.php?rest_route=\/wp\/v2\/posts"}],"about":[{"href":"https:\/\/snalc.org\/snalc2023\/index.php?rest_route=\/wp\/v2\/types\/post"}],"author":[{"embeddable":true,"href":"https:\/\/snalc.org\/snalc2023\/index.php?rest_route=\/wp\/v2\/users\/1"}],"replies":[{"embeddable":true,"href":"https:\/\/snalc.org\/snalc2023\/index.php?rest_route=%2Fwp%2Fv2%2Fcomments&post=3709"}],"version-history":[{"count":1,"href":"https:\/\/snalc.org\/snalc2023\/index.php?rest_route=\/wp\/v2\/posts\/3709\/revisions"}],"predecessor-version":[{"id":3710,"href":"https:\/\/snalc.org\/snalc2023\/index.php?rest_route=\/wp\/v2\/posts\/3709\/revisions\/3710"}],"wp:attachment":[{"href":"https:\/\/snalc.org\/snalc2023\/index.php?rest_route=%2Fwp%2Fv2%2Fmedia&parent=3709"}],"wp:term":[{"taxonomy":"category","embeddable":true,"href":"https:\/\/snalc.org\/snalc2023\/index.php?rest_route=%2Fwp%2Fv2%2Fcategories&post=3709"},{"taxonomy":"post_tag","embeddable":true,"href":"https:\/\/snalc.org\/snalc2023\/index.php?rest_route=%2Fwp%2Fv2%2Ftags&post=3709"}],"curies":[{"name":"wp","href":"https:\/\/api.w.org\/{rel}","templated":true}]}}