{"id":3713,"date":"2024-11-01T14:10:36","date_gmt":"2024-11-01T13:10:36","guid":{"rendered":"https:\/\/snalc.org\/snalc2023\/?p=3713"},"modified":"2024-11-01T14:10:38","modified_gmt":"2024-11-01T13:10:38","slug":"mobilite-des-personnels-enseignants-du-second-degre-des-personnels-deducation-et-des-psychologues-de-leducation-nationale-regles-et-procedures-du-mouvement-national-a-gestion-deco-2","status":"publish","type":"post","link":"https:\/\/snalc.org\/snalc2023\/?p=3713","title":{"rendered":"Mobilit\u00e9 des personnels enseignants du second degr\u00e9, des personnels d\u2019\u00e9ducation et des psychologues de l\u2019\u00e9ducation nationale : r\u00e8gles et proc\u00e9dures du mouvement national \u00e0 gestion d\u00e9concentr\u00e9e \u2013 Rentr\u00e9e scolaire 2025"},"content":{"rendered":"\n<p>NOR : MENH2423580N<\/p>\n\n\n\n<p>Note de service du 22-10-2024<\/p>\n\n\n\n<p>MEN \u2013 DGRH B1-3<\/p>\n\n\n\n<p>Texte adress\u00e9 aux recteurs et rectrices d&rsquo;acad\u00e9mie ; aux vice-recteurs de la Polyn\u00e9sie fran\u00e7aise et de la Nouvelle-Cal\u00e9donie et \u00e0 la vice-rectrice de Wallis-et-Futuna ; \u00e0 la cheffe du bureau DGRH B2-3 (gestion des personnels du second degr\u00e9 hors acad\u00e9mie)<br>Textes abrog\u00e9s&nbsp;: Note de service MENH2325643N &nbsp;du 12-10-2023, arr\u00eat\u00e9 MENH2325645A du 12-10-2023<\/p>\n\n\n\n<p>Au titre de la rentr\u00e9e scolaire 2025, le mouvement interacad\u00e9mique des enseignants du second degr\u00e9, des personnels d\u2019\u00e9ducation et des psychologues de l\u2019\u00e9ducation nationale est organis\u00e9 selon des modalit\u00e9s d\u00e9crites dans les lignes directrices de gestion minist\u00e9rielles en mati\u00e8re de mobilit\u00e9.<\/p>\n\n\n\n<p>La pr\u00e9sente note de service vise \u00e0 pr\u00e9ciser les \u00e9l\u00e9ments de calendrier propres \u00e0 la campagne de mobilit\u00e9 en vue de la rentr\u00e9e scolaire 2025, et \u00e0 en pr\u00e9ciser les nouveaut\u00e9s.<\/p>\n\n\n\n<p>Elle est suivie de quatre annexes.<\/p>\n\n\n\n<h2 class=\"wp-block-heading\" id=\"edugouv-summary-item-0\">1. Calendrier des op\u00e9rations de mutation<\/h2>\n\n\n\n<figure class=\"wp-block-table\"><table class=\"has-fixed-layout\"><thead><tr><td><strong>Dates<\/strong><\/td><td><strong>Op\u00e9rations<\/strong><\/td><td colspan=\"2\"><strong>Destinataires<\/strong><\/td><\/tr><\/thead><tbody><tr><td>28 octobre 2024<\/td><td>Date limite de remont\u00e9e des postes sp\u00e9cifiques nationaux et des postes \u00e0 profil par les recteurs<\/td><td colspan=\"2\">DGRH B1-3<\/td><\/tr><tr><td>Du 5 au 27 novembre 2024<\/td><td>Accueil t\u00e9l\u00e9phonique des candidats \u00e0 une mutation<\/td><td colspan=\"2\">Participant<\/td><\/tr><tr><td>6 novembre 2024<\/td><td>Publication des postes sp\u00e9cifiques nationaux et des postes \u00e0 profil vacants<\/td><td colspan=\"2\">Participant<\/td><\/tr><tr><td>Du 6 au 27 novembre 2024<\/td><td>Formulation des demandes de mutation sur I-Prof phase interacad\u00e9mique et mouvements sp\u00e9cifiques nationaux (Spen) et sur postes \u00e0 profil (POP)<\/td><td colspan=\"2\">Participant<\/td><\/tr><tr><td>\u00c0 partir du 28 novembre 2024<\/td><td>T\u00e9l\u00e9chargement des confirmations individuelles de demande de mutation (phase interacad\u00e9mique, Spen et POP)<\/td><td colspan=\"2\">Participant<\/td><\/tr><tr><td>16 d\u00e9cembre 2024<\/td><td>&#8211; Date limite d\u2019envoi des travaux personnels par les candidats aux mouvements sp\u00e9cifiques nationaux des m\u00e9tiers d\u2019arts et du design &#8211; Date limite d\u2019envoi du dossier de candidature par les candidats en (DR)Onisep et au Cnam\/Inetop pour les PsyEN<\/td><td colspan=\"2\">DGRH B1-3<\/td><\/tr><tr><td>Janvier 2025<\/td><td>Affichage des bar\u00e8mes<\/td><td colspan=\"2\">Rectorat de l\u2019acad\u00e9mie d\u2019affectation<\/td><\/tr><tr><td>8 janvier 2025<\/td><td>PEGC&nbsp;: date limite de transmission de la confirmation de demande de mutation<\/td><td colspan=\"2\">Chef d\u2019\u00e9tablissement ou de service<\/td><\/tr><tr><td>14 janvier 2025<\/td><td>PEGC&nbsp;: date limite de transmission par voie hi\u00e9rarchique des dossiers de candidature<\/td><td colspan=\"2\">Rectorat de l\u2019acad\u00e9mie d\u2019affectation<\/td><\/tr><tr><td>27 janvier 2025<\/td><td>PEGC&nbsp;: date limite de transmission des dossiers par les recteurs des acad\u00e9mies d\u2019origine aux recteurs des acad\u00e9mies demand\u00e9es<\/td><td colspan=\"2\">Rectorat de l\u2019acad\u00e9mie sollicit\u00e9e<\/td><\/tr><tr><td>5 f\u00e9vrier 2025<\/td><td>PEGC&nbsp;: date limite de transmission par les recteurs des dossiers de candidatures rev\u00eatus de leur avis motiv\u00e9, par voie d\u00e9mat\u00e9rialis\u00e9e<\/td><td colspan=\"2\">DGRH B1-3<\/td><\/tr><tr><td>7 f\u00e9vrier 2025<\/td><td>Date limite de demande tardive de participation au mouvement, d\u2019annulation et de modification de demande<\/td><td colspan=\"2\">DGRH B1-3<\/td><\/tr><tr><td>12 mars 2025<\/td><td><strong>R\u00e9sultats<\/strong> \u2013 mouvement interacad\u00e9mique, sp\u00e9cifique national (Spen) et postes \u00e0 profil (POP)<\/td><td colspan=\"2\">Participant<\/td><\/tr><tr><td>\u00c0 partir de mi-mars 2025<\/td><td>D\u00e9but de l\u2019ouverture de la phase intra-acad\u00e9mique (dates pr\u00e9cises d\u00e9finies par les services acad\u00e9miques)<\/td><td>Participant<\/td><td>&nbsp;<\/td><\/tr><\/tbody><\/table><\/figure>\n\n\n\n<h2 class=\"wp-block-heading\" id=\"edugouv-summary-item-1\">2. Dispositif d\u2019accueil et d\u2019information<\/h2>\n\n\n\n<p>Afin de faciliter la d\u00e9marche des agents dans le processus de mobilit\u00e9, un service d\u2019aide et de conseil personnalis\u00e9s est mis \u00e0 leur disposition, pour les informer et les conseiller \u00e0 toutes les \u00e9tapes du suivi de leur demande.<\/p>\n\n\n\n<p>Les candidats \u00e0 une mutation <strong>interacad\u00e9mique <\/strong>ont acc\u00e8s <strong>du 5 au 27&nbsp;novembre&nbsp;2024, <\/strong>en appelant le <strong>01&nbsp;55&nbsp;55&nbsp;44&nbsp;45<\/strong>,\u00e0 un service minist\u00e9riel charg\u00e9 de leur apporter une aide individualis\u00e9e d\u00e8s la conception de leur projet de mobilit\u00e9. Apr\u00e8s la fermeture des serveurs SIAM\/I-Prof, <strong>le 27&nbsp;novembre&nbsp;2024, ils peuvent s\u2019adresser aux cellules t\u00e9l\u00e9phoniques acad\u00e9miques <\/strong>qui les informent sur le suivi de leur dossier jusqu\u2019\u00e0 la fin des op\u00e9rations de validation des v\u0153ux et des bar\u00e8mes en janvier 2025.<\/p>\n\n\n\n<p>Par ailleurs, les candidats ont acc\u00e8s aux diff\u00e9rentes sources d\u2019informations mises \u00e0 leur disposition sur les sites acad\u00e9miques et le portail de l\u2019\u00e9ducation <a href=\"https:\/\/www.education.gouv.fr\">https:\/\/www.education.gouv.fr<\/a>, notamment les lignes directrices de gestion minist\u00e9rielles, les notes de services, les vid\u00e9os d\u2019aide \u00e0 la d\u00e9cision, le comparateur de mobilit\u00e9 et la foire aux questions.<\/p>\n\n\n\n<p>Ils re\u00e7oivent \u00e9galement des messages dans leur messagerie I-Prof \u00e0 toutes les \u00e9tapes importantes du calendrier. Ce dispositif d\u2019aide et de conseil est facilit\u00e9 d\u00e8s lors que les candidats \u00e0 une mutation communiquent lors de la saisie des v\u0153ux un num\u00e9ro de t\u00e9l\u00e9phone portable indispensable pour leur faire conna\u00eetre rapidement les r\u00e9sultats de leur demande de mutation.<\/p>\n\n\n\n<h2 class=\"wp-block-heading\" id=\"edugouv-summary-item-2\">3. Mouvement des professeurs de la section CPIF\/Enseignants de la MLDS<\/h2>\n\n\n\n<p>A compter de la rentr\u00e9e scolaire 2025, les postes offerts au mouvement des professeurs de lyc\u00e9e professionnel de la section coordination p\u00e9dagogique et ing\u00e9nierie de formation (CPIF) et des personnels exer\u00e7ant la totalit\u00e9 de leur service au titre de la mission pour la lutte contre le d\u00e9crochage scolaire (MLDS) font l\u2019objet d\u2019une publication sur le site <a href=\"https:\/\/www.education.gouv.fr\">www.education.gouv.fr<\/a>.<\/p>\n\n\n\n<p>Les personnels d\u00e9sirant y participer sont invit\u00e9s \u00e0 se rendre sur la page <a href=\"https:\/\/www.education.gouv.fr\/mutation-des-personnels-du-second-degre-siam-phase-interacademique-3218\">https:\/\/www.education.gouv.fr\/mutation-des-personnels-du-second-degre-siam-phase-interacademique-3218<\/a>, rubrique \u00ab&nbsp;Poste CPIF\/MLDS&nbsp;\u00bb.<\/p>\n\n\n\n<p>Les fiches de postes comporteront le mode op\u00e9ratoire ainsi que les contacts \u00e0 qui envoyer le dossier de candidature.<\/p>\n\n\n\n<h2 class=\"wp-block-heading\" id=\"edugouv-summary-item-3\">4. Mouvement des professeurs d&rsquo;enseignement g\u00e9n\u00e9ral de coll\u00e8ge<\/h2>\n\n\n\n<p>Les professeurs d&rsquo;enseignement g\u00e9n\u00e9ral de coll\u00e8ge (PEGC) candidats \u00e0 la mutation participent aux op\u00e9rations du mouvement interacad\u00e9mique et\/ou intra-acad\u00e9mique. Ils formulent cinq v\u0153ux au maximum par le portail internet <strong>I-Prof<\/strong> (<a href=\"https:\/\/www.education.gouv.fr\/iprof-siam\">www.education.gouv.fr\/iprof-siam<\/a>) <strong>entre le<\/strong><strong>6 et le 27&nbsp;novembre&nbsp;2024 midi, heure de Paris.<\/strong><\/p>\n\n\n\n<h3 class=\"wp-block-heading\" id=\"edugouv-summary-item-4\">1) D\u00e9p\u00f4t et transmission des demandes<\/h3>\n\n\n\n<p>Apr\u00e8s cl\u00f4ture de la p\u00e9riode de saisie des v\u0153ux, chaque participant au mouvement t\u00e9l\u00e9charge dans I-Prof puis imprime, un formulaire de confirmation de demande de mutation. Ce formulaire, d\u00fbment sign\u00e9 et comportant les pi\u00e8ces justificatives demand\u00e9es est remis au plus tard le <strong>8&nbsp;janvier&nbsp;2025<\/strong> au chef d\u2019\u00e9tablissement ou de service qui v\u00e9rifie la pr\u00e9sence des pi\u00e8ces justificatives.<\/p>\n\n\n\n<p>Les personnels d\u00e9tach\u00e9s, affect\u00e9s dans une COM ou qui ne sont pas en position d&rsquo;activit\u00e9 d\u00e9poseront leur dossier directement aupr\u00e8s du recteur de l&rsquo;acad\u00e9mie d&rsquo;origine (bureau des PEGC).<\/p>\n\n\n\n<p>Le chef d\u2019\u00e9tablissement ou de service transmet l\u2019ensemble du dossier de demande de mutation au rectorat au plus tard le <strong>14&nbsp;janvier&nbsp;2025<\/strong> en vue du contr\u00f4le des v\u0153ux et du calcul du bar\u00e8me.<\/p>\n\n\n\n<p>Apr\u00e8s avoir fait l\u2019objet de v\u00e9rifications sur les v\u0153ux et bar\u00e8mes, toutes les confirmations de demande sur support papier, avec les pi\u00e8ces justificatives, accompagn\u00e9es d&rsquo;une fiche de renseignements avec le calcul du bar\u00e8me (annexe&nbsp;3) et d&rsquo;un \u00e9tat des services sont adress\u00e9es ensuite par le recteur de l\u2019acad\u00e9mie d\u2019origine au(x) recteur(s) de(s) l&rsquo;acad\u00e9mie(s) demand\u00e9(es) pour le <strong>27&nbsp;janvier&nbsp;2025.<\/strong><\/p>\n\n\n\n<p>Une liaison informatique permet de transf\u00e9rer les demandes avec le calcul du bar\u00e8me vers l\u2019administration centrale.<\/p>\n\n\n\n<h3 class=\"wp-block-heading\" id=\"edugouv-summary-item-5\">2) Traitement et d\u00e9roul\u00e9 du mouvement<\/h3>\n\n\n\n<p>Les recteurs examinent les demandes de changement d&rsquo;acad\u00e9mie portant sur leur acad\u00e9mie. La totalit\u00e9 des candidatures est envoy\u00e9e \u00e0 l&rsquo;administration centrale sous forme de listes, dress\u00e9es section par section et par ordre d\u00e9croissant de bar\u00e8me (annexe&nbsp;4) pour le <strong>5&nbsp;f\u00e9vrier&nbsp;2025.<\/strong><\/p>\n\n\n\n<p>Les recteurs transmettent au bureau DGRH B1-3 pour le <strong>5&nbsp;f\u00e9vrier&nbsp;2025<\/strong> les tableaux recensant leurs capacit\u00e9s d\u2019accueil \u00e0 partir desquelles sont \u00e9valu\u00e9es les possibilit\u00e9s d&rsquo;accueil par acad\u00e9mie et par section.<\/p>\n\n\n\n<p>La liste des PEGC b\u00e9n\u00e9ficiaires d&rsquo;un changement d&rsquo;acad\u00e9mie est \u00e9tablie en prenant en compte ces vacances initiales et celles r\u00e9sultant de ce mouvement, la capacit\u00e9 lib\u00e9r\u00e9e par la satisfaction d&rsquo;une demande permettant une entr\u00e9e suppl\u00e9mentaire \u00e9ventuelle dans l&rsquo;acad\u00e9mie et la section correspondante.<\/p>\n\n\n\n<p>\u00c0 l&rsquo;issue de ces op\u00e9rations, les professeurs d&rsquo;enseignement g\u00e9n\u00e9ral des coll\u00e8ges participent au mouvement intra-acad\u00e9mique de l\u2019acad\u00e9mie obtenue. Le mouvement intra-acad\u00e9mique est trait\u00e9 selon les modalit\u00e9s de la note de service n\u00b0&nbsp;97-228 du 19&nbsp;novembre&nbsp;1997 publi\u00e9e au BOEN n\u00b0&nbsp;8 du 20&nbsp;novembre&nbsp;1997. Il s&rsquo;effectue ant\u00e9rieurement au mouvement intra-acad\u00e9mique des personnels des corps nationaux du second degr\u00e9.<\/p>\n\n\n\n<p>Fait le 22 octobre 2024,<\/p>\n\n\n\n<p>Pour la ministre de l\u2019\u00c9ducation nationale, et par d\u00e9l\u00e9gation,<br>Le directeur g\u00e9n\u00e9ral des ressources humaines,<br>Boris Melmoux-Eude<\/p>\n\n\n\n<h2 class=\"wp-block-heading\">Annexe(s)<\/h2>\n\n\n\n<p><a href=\"https:\/\/www.education.gouv.fr\/sites\/default\/files\/spe580_annexe1.pdf\" target=\"_blank\" rel=\"noreferrer noopener\">Annexe 1 \u2014 Table d\u2019extension<\/a><a href=\"https:\/\/www.education.gouv.fr\/sites\/default\/files\/spe580_annexe2.pdf\" target=\"_blank\" rel=\"noreferrer noopener\">Annexe 2 \u2014 Liste des CSTS<\/a><a href=\"https:\/\/www.education.gouv.fr\/sites\/default\/files\/spe580_annexe3.pdf\" target=\"_blank\" rel=\"noreferrer noopener\">Annexe 3 \u2014 Candidature PEGC<\/a><a href=\"https:\/\/www.education.gouv.fr\/sites\/default\/files\/spe580_annexe4.pdf\" target=\"_blank\" rel=\"noreferrer noopener\">Annexe 4 \u2014 Candidatures PEGC (Tableau)<\/a><\/p>\n","protected":false},"excerpt":{"rendered":"<p>NOR : MENH2423580N Note de service du 22-10-2024 MEN \u2013 DGRH B1-3 Texte adress\u00e9 aux recteurs et rectrices d&rsquo;acad\u00e9mie ; aux vice-recteurs de la Polyn\u00e9sie fran\u00e7aise et de la Nouvelle-Cal\u00e9donie [&hellip;]<\/p>\n","protected":false},"author":1,"featured_media":0,"comment_status":"closed","ping_status":"closed","sticky":false,"template":"","format":"standard","meta":{"_lmt_disableupdate":"","_lmt_disable":"","site-sidebar-layout":"default","site-content-layout":"","ast-site-content-layout":"default","site-content-style":"default","site-sidebar-style":"default","ast-global-header-display":"","ast-banner-title-visibility":"","ast-main-header-display":"","ast-hfb-above-header-display":"","ast-hfb-below-header-display":"","ast-hfb-mobile-header-display":"","site-post-title":"","ast-breadcrumbs-content":"","ast-featured-img":"","footer-sml-layout":"","ast-disable-related-posts":"","theme-transparent-header-meta":"","adv-header-id-meta":"","stick-header-meta":"","header-above-stick-meta":"","header-main-stick-meta":"","header-below-stick-meta":"","astra-migrate-meta-layouts":"set","ast-page-background-enabled":"default","ast-page-background-meta":{"desktop":{"background-color":"var(--ast-global-color-4)","background-image":"","background-repeat":"repeat","background-position":"center center","background-size":"auto","background-attachment":"scroll","background-type":"","background-media":"","overlay-type":"","overlay-color":"","overlay-opacity":"","overlay-gradient":""},"tablet":{"background-color":"","background-image":"","background-repeat":"repeat","background-position":"center center","background-size":"auto","background-attachment":"scroll","background-type":"","background-media":"","overlay-type":"","overlay-color":"","overlay-opacity":"","overlay-gradient":""},"mobile":{"background-color":"","background-image":"","background-repeat":"repeat","background-position":"center center","background-size":"auto","background-attachment":"scroll","background-type":"","background-media":"","overlay-type":"","overlay-color":"","overlay-opacity":"","overlay-gradient":""}},"ast-content-background-meta":{"desktop":{"background-color":"var(--ast-global-color-5)","background-image":"","background-repeat":"repeat","background-position":"center center","background-size":"auto","background-attachment":"scroll","background-type":"","background-media":"","overlay-type":"","overlay-color":"","overlay-opacity":"","overlay-gradient":""},"tablet":{"background-color":"var(--ast-global-color-5)","background-image":"","background-repeat":"repeat","background-position":"center center","background-size":"auto","background-attachment":"scroll","background-type":"","background-media":"","overlay-type":"","overlay-color":"","overlay-opacity":"","overlay-gradient":""},"mobile":{"background-color":"var(--ast-global-color-5)","background-image":"","background-repeat":"repeat","background-position":"center center","background-size":"auto","background-attachment":"scroll","background-type":"","background-media":"","overlay-type":"","overlay-color":"","overlay-opacity":"","overlay-gradient":""}},"footnotes":""},"categories":[41,8,7],"tags":[],"class_list":["post-3713","post","type-post","status-publish","format-standard","hentry","category-actualites-2024-2025","category-inter-academique","category-mutation"],"modified_by":"slecourtier","_links":{"self":[{"href":"https:\/\/snalc.org\/snalc2023\/index.php?rest_route=\/wp\/v2\/posts\/3713","targetHints":{"allow":["GET"]}}],"collection":[{"href":"https:\/\/snalc.org\/snalc2023\/index.php?rest_route=\/wp\/v2\/posts"}],"about":[{"href":"https:\/\/snalc.org\/snalc2023\/index.php?rest_route=\/wp\/v2\/types\/post"}],"author":[{"embeddable":true,"href":"https:\/\/snalc.org\/snalc2023\/index.php?rest_route=\/wp\/v2\/users\/1"}],"replies":[{"embeddable":true,"href":"https:\/\/snalc.org\/snalc2023\/index.php?rest_route=%2Fwp%2Fv2%2Fcomments&post=3713"}],"version-history":[{"count":1,"href":"https:\/\/snalc.org\/snalc2023\/index.php?rest_route=\/wp\/v2\/posts\/3713\/revisions"}],"predecessor-version":[{"id":3714,"href":"https:\/\/snalc.org\/snalc2023\/index.php?rest_route=\/wp\/v2\/posts\/3713\/revisions\/3714"}],"wp:attachment":[{"href":"https:\/\/snalc.org\/snalc2023\/index.php?rest_route=%2Fwp%2Fv2%2Fmedia&parent=3713"}],"wp:term":[{"taxonomy":"category","embeddable":true,"href":"https:\/\/snalc.org\/snalc2023\/index.php?rest_route=%2Fwp%2Fv2%2Fcategories&post=3713"},{"taxonomy":"post_tag","embeddable":true,"href":"https:\/\/snalc.org\/snalc2023\/index.php?rest_route=%2Fwp%2Fv2%2Ftags&post=3713"}],"curies":[{"name":"wp","href":"https:\/\/api.w.org\/{rel}","templated":true}]}}