{"id":3715,"date":"2024-11-01T14:13:12","date_gmt":"2024-11-01T13:13:12","guid":{"rendered":"https:\/\/snalc.org\/snalc2023\/?p=3715"},"modified":"2024-11-01T14:13:14","modified_gmt":"2024-11-01T13:13:14","slug":"lignes-directrices-de-gestion-ministerielles-relatives-a-la-mobilite-des-personnels-des-ministeres-de-leducation-nationale-de-la-jeunesse-et-des-sports","status":"publish","type":"post","link":"https:\/\/snalc.org\/snalc2023\/?p=3715","title":{"rendered":"Lignes directrices de gestion minist\u00e9rielles relatives \u00e0 la mobilit\u00e9 des personnels des minist\u00e8res de l\u2019\u00c9ducation nationale, de la Jeunesse et des Sports"},"content":{"rendered":"\n<p>NOR : MENH2428666X<\/p>\n\n\n\n<p>Lignes directrices de gestion du 22-10-2024<\/p>\n\n\n\n<p>MEN \u2013 MSJVA \u2013 DGRH<\/p>\n\n\n\n<p><strong>L\u2019article L.&nbsp;413-2 du Code g\u00e9n\u00e9ral de la fonction publique (CGFP) pr\u00e9voit<\/strong> l\u2019\u00e9laboration de lignes directrices de gestion par les administrations en mati\u00e8re de mobilit\u00e9 des personnels.<\/p>\n\n\n\n<p>Conform\u00e9ment aux dispositions de <strong>l\u2019article 8 du d\u00e9cret n\u00b0&nbsp;2019-1265 du 29 novembre 2019<\/strong> relatif aux lignes directrices de gestion et \u00e0 l\u2019\u00e9volution des attributions des commissions administratives paritaires, le pr\u00e9sent document formalise les lignes directrices de gestion des minist\u00e8res de l\u2019\u00c9ducation nationale, de la Jeunesse et des Sports en mati\u00e8re de mobilit\u00e9, applicables&nbsp;aux :<\/p>\n\n\n\n<ul class=\"wp-block-list\">\n<li>personnels enseignants des premier et second degr\u00e9s, d&rsquo;\u00e9ducation et aux psychologues de l&rsquo;\u00e9ducation nationale ;<\/li>\n\n\n\n<li>personnels administratifs, sociaux et de sant\u00e9 et adjoints techniques de recherche et formation affect\u00e9s dans ces minist\u00e8res<\/li>\n\n\n\n<li>personnels d\u2019encadrement\u00a0: personnels de direction d\u2019\u00e9tablissement d\u2019enseignement ou de formation, personnels d\u2019inspection ;<\/li>\n\n\n\n<li>personnels techniques et p\u00e9dagogiques<a href=\"https:\/\/www.education.gouv.fr\/bo\/2024\/Special5\/MENH2428666X#_ftn1\">[1]<\/a> des fili\u00e8res jeunesse et sports.<\/li>\n<\/ul>\n\n\n\n<h4 class=\"wp-block-heading\">Les lignes directrices de gestion d\u00e9terminent de mani\u00e8re pluriannuelle les orientations g\u00e9n\u00e9rales de la politique de mobilit\u00e9 des minist\u00e8res de l\u2019\u00c9ducation nationale, de la Jeunesse et des Sports (MENJS).<\/h4>\n\n\n\n<p>Les minist\u00e8res favorisent la mobilit\u00e9 g\u00e9ographique et fonctionnelle de l\u2019ensemble de leurs personnels en leur offrant la <strong>possibilit\u00e9 de parcours diversifi\u00e9s<\/strong> tout en veillant au respect des <strong>enjeux de continuit\u00e9 et de qualit\u00e9 du service public de l\u2019enseignement en France et \u00e0 l\u2019\u00e9tranger.<\/strong><\/p>\n\n\n\n<p>Les minist\u00e8res attribuent les capacit\u00e9s d\u2019accueil \u00e0 l\u2019ensemble des acad\u00e9mies en fonction des moyens qui leur sont octroy\u00e9s et des besoins exprim\u00e9s par les services d\u00e9concentr\u00e9s. Il veille \u00e0 assurer, dans ce cadre, une <strong>r\u00e9partition \u00e9quilibr\u00e9e<\/strong> des personnels entre les acad\u00e9mies et d\u00e9partements.<\/p>\n\n\n\n<p>Les minist\u00e8res portent \u00e9galement une attention particuli\u00e8re sur les zones ou territoires connaissant des difficult\u00e9s particuli\u00e8res de recrutement (\u00e9ducation prioritaire, rural isol\u00e9, montagne, territoires \u00e0 forte activit\u00e9 dans les champs de la jeunesse et des sports, etc.)<\/p>\n\n\n\n<p>Cette politique de mobilit\u00e9 contribue notamment \u00e0 mettre en \u0153uvre le plan d\u2019action minist\u00e9riel relatif \u00e0 l\u2019\u00e9galit\u00e9 professionnelle entre les femmes et les hommes, la diversit\u00e9 et la lutte contre les discriminations.<\/p>\n\n\n\n<h4 class=\"wp-block-heading\">Les lignes directrices de gestion des MENJS d\u00e9finissent les proc\u00e9dures de gestion des demandes individuelles de mobilit\u00e9.<\/h4>\n\n\n\n<p>Les diff\u00e9rents processus de mobilit\u00e9 s\u2019articulent, pour l\u2019ensemble des corps des minist\u00e8res, autour de principes communs&nbsp;: transparence des proc\u00e9dures, traitement \u00e9quitable des candidatures, prise en compte des priorit\u00e9s l\u00e9gales de mutation, recherche de l\u2019ad\u00e9quation entre les exigences des postes et les profils et comp\u00e9tences des candidats.<\/p>\n\n\n\n<p><strong>Les minist\u00e8res accompagnent tous leurs personnels dans leurs mobilit\u00e9s et projets d\u2019\u00e9volution professionnelle et s\u2019attachent \u00e0 garantir leur meilleure information tout au long des proc\u00e9dures.<\/strong><\/p>\n\n\n\n<p>Afin de prendre en compte notamment les particularit\u00e9s de chaque territoire, les recteurs d\u2019acad\u00e9mie \u00e9dictent, en tant que de besoin, leurs propres lignes directrices de gestion qui doivent \u00eatre <strong>rendues compatibles avec les lignes directrices de gestion minist\u00e9rielles.<\/strong><\/p>\n\n\n\n<p>Les lignes directrices de gestion minist\u00e9rielles et acad\u00e9miques sont \u00e9tablies pour 3&nbsp;ans et peuvent faire l\u2019objet, en tout ou partie, d\u2019une r\u00e9vision au cours de cette p\u00e9riode.<\/p>\n\n\n\n<p>Les lignes directrices de gestion minist\u00e9rielles sont soumises, pour avis, aux comit\u00e9s sociaux d\u2019administration minist\u00e9riels. Les lignes de gestion acad\u00e9miques sont soumises, pour avis, aux comit\u00e9s sociaux d\u2019administration acad\u00e9miques. Elles peuvent \u00eatre \u00e9galement pr\u00e9sent\u00e9es, pour information, aux comit\u00e9s sociaux d\u2019administration sp\u00e9ciaux concern\u00e9s.<\/p>\n\n\n\n<p>Les lignes directrices de gestion minist\u00e9rielles sont applicables \u00e0 compter de leur publication au Bulletin officiel de l\u2019\u00e9ducation nationale, de la jeunesse et des sports (BOENJS).<\/p>\n\n\n\n<p>Un bilan de la mise en \u0153uvre de ces lignes directrices de gestion est pr\u00e9sent\u00e9 chaque ann\u00e9e devant les comit\u00e9s sociaux d\u2019administration comp\u00e9tents.<\/p>\n\n\n\n<h2 class=\"wp-block-heading\" id=\"edugouv-summary-item-0\">I. Une politique visant \u00e0 favoriser la mobilit\u00e9 des personnels tout en garantissant la continuit\u00e9 du service<\/h2>\n\n\n\n<p>Les minist\u00e8res offrent \u00e0 leurs agents une grande diversit\u00e9 de postes en mati\u00e8re g\u00e9ographique et fonctionnelle.<\/p>\n\n\n\n<p>La politique de mobilit\u00e9 des MENJS a pour objectif de favoriser la <strong>construction de parcours professionnels<\/strong> tout en r\u00e9pondant \u00e0 la <strong>n\u00e9cessit\u00e9 de pourvoir les postes vacants<\/strong> afin d\u2019obtenir la meilleure ad\u00e9quation possible entre les souhaits de mobilit\u00e9 des agents et les <strong>besoins des services<\/strong>.<\/p>\n\n\n\n<p>Elle s\u2019inscrit en outre dans le respect des dispositions des articles L.&nbsp;511-3 et L.&nbsp;511-4 du CGFP selon lesquels la mobilit\u00e9 est <strong>un droit reconnu \u00e0 chaque fonctionnaire<\/strong>.<\/p>\n\n\n\n<p>Pour tenir compte de difficult\u00e9s particuli\u00e8res de recrutement, d\u2019imp\u00e9ratifs de continuit\u00e9 du service et de maintien des comp\u00e9tences, des dur\u00e9es minimales d&rsquo;occupation sont institu\u00e9es pour certains emplois par arr\u00eat\u00e9 minist\u00e9riel. Chacune des annexes des pr\u00e9sentes lignes directrices de gestion rappelle, le cas \u00e9ch\u00e9ant, les emplois concern\u00e9s.<\/p>\n\n\n\n<p>Pour tenir compte d\u2019objectifs de diversification des parcours de carri\u00e8res, d\u2019enjeux de pr\u00e9vention des risques d&rsquo;usure professionnelle et de pr\u00e9vention de risques d\u00e9ontologiques, des dur\u00e9es maximales d&rsquo;occupation sont institu\u00e9es pour certains emplois par arr\u00eat\u00e9 minist\u00e9riel. Chacune des annexes des pr\u00e9sentes lignes directrices de gestion rappelle, le cas \u00e9ch\u00e9ant, les emplois concern\u00e9s.<\/p>\n\n\n\n<p>Il peut \u00eatre d\u00e9rog\u00e9&nbsp;:<\/p>\n\n\n\n<ul class=\"wp-block-list\">\n<li>aux dur\u00e9es maximales, dans l&rsquo;int\u00e9r\u00eat du service\u00a0;<\/li>\n\n\n\n<li>aux dur\u00e9es minimales, dans l\u2019int\u00e9r\u00eat du service ou pour tenir compte de la situation personnelle ou familiale de l\u2019agent.<\/li>\n<\/ul>\n\n\n\n<h3 class=\"wp-block-heading\" id=\"edugouv-summary-item-1\">I.1 Les mobilit\u00e9s au sein des MENJS<\/h3>\n\n\n\n<p>Les minist\u00e8res organisent diff\u00e9rents processus de mobilit\u00e9 en France et \u00e0 l\u2019\u00e9tranger afin d\u2019aider leurs personnels \u00e0 construire, enrichir, diversifier et valoriser leur parcours de carri\u00e8re.<\/p>\n\n\n\n<h4 class=\"wp-block-heading\">I.1.1 Les mouvements<\/h4>\n\n\n\n<p>Les <strong>campagnes annuelles<\/strong> de mutations \u00ab&nbsp;\u00e0 date&nbsp;\u00bb permettent de g\u00e9rer le volume important des demandes, de garantir aux agents de r\u00e9elles possibilit\u00e9s d\u2019entr\u00e9e dans les services et \u00e9tablissements des MENJS et du MESRI, en m\u00e9tropole et dans les territoires d\u2019outre-mer et de satisfaire, autant que faire se peut, les demandes formul\u00e9es au titre des priorit\u00e9s l\u00e9gales.<\/p>\n\n\n\n<p>Pour les personnels ASS et les PTP, les mutations au <strong>fil de l\u2019eau <\/strong>permettent, au moyen des postes publi\u00e9s sur Choisir le service public (CSP) de r\u00e9pondre au besoin de recrutements sur des profils particuliers et\/ou urgents.<\/p>\n\n\n\n<h4 class=\"wp-block-heading\">I.1.2 Les d\u00e9tachements au sein d\u2019un corps relevant des MENJS<\/h4>\n\n\n\n<p>L&rsquo;accueil en d\u00e9tachement a pour objectif <strong>de favoriser la mobilit\u00e9 des fonctionnaires et la construction de nouveaux parcours professionnels.<\/strong> Il est un des leviers de la gestion des ressources humaines pour r\u00e9pondre aux besoins du service et garantir la qualit\u00e9 et la continuit\u00e9 du service public de l&rsquo;\u00e9ducation, de la jeunesse et des sports.<\/p>\n\n\n\n<p>Les d\u00e9tachements entrantspermettent aux personnels des MENJS de <strong>diversifier leur parcours<\/strong> professionnel par l\u2019exercice de fonctions nouvelles au sein d\u2019un autre corps des minist\u00e8res.<\/p>\n\n\n\n<p>Une attention particuli\u00e8re est port\u00e9e aux demandes de d\u00e9tachement qui s\u2019inscrivent dans le cadre du <strong>reclassement <\/strong>dans un autre corps des fonctionnaires reconnus inaptes \u00e0 l&rsquo;exercice de leurs fonctions.<\/p>\n\n\n\n<p>Ils permettent \u00e9galement d\u2019accueillir des fonctionnaires d\u2019autres fonctions publiques dont les parcours professionnels et les <strong>profils diversifi\u00e9s<\/strong> sont susceptibles de r\u00e9pondre \u00e0 des besoins des services et d\u2019enrichir ainsi les missions d\u00e9volues aux corps des MENJS. Certains d\u2019entre eux sont engag\u00e9s dans une <strong>reconversion professionnelle<\/strong> pouvant les conduire \u00e0 une int\u00e9gration dans le corps d\u2019accueil.<\/p>\n\n\n\n<p>Les MENJS accueillent dans leurs diff\u00e9rents corps par la voie du d\u00e9tachement des personnels&nbsp;des fonctionnaires titulaires&nbsp;de l&rsquo;\u00c9tat, de la fonction publique territoriale ou hospitali\u00e8re, ou des \u00e9tablissements publics qui en d\u00e9pendent.<\/p>\n\n\n\n<p><strong>Deux conditions&nbsp;cumulatives<\/strong>&nbsp;sont requises pour pouvoir \u00eatre candidat&nbsp;:<\/p>\n\n\n\n<ul class=\"wp-block-list\">\n<li>les <strong>corps<\/strong> d&rsquo;accueil et d&rsquo;origine doivent \u00eatre de <strong>cat\u00e9gorie et de niveau comparable<\/strong>, le niveau de comparabilit\u00e9 s&rsquo;appr\u00e9ciant au regard des conditions de recrutement dans le corps, notamment des titres et dipl\u00f4mes requis, ou du niveau des missions d\u00e9finies par les statuts particuliers\u00a0;<\/li>\n\n\n\n<li>les candidats au d\u00e9tachement doivent par ailleurs <strong>justifier de la d\u00e9tention du dipl\u00f4me exig\u00e9 par les statuts particuliers du corps d\u2019accueil<\/strong>.<\/li>\n<\/ul>\n\n\n\n<p>Les personnels en position de disponibilit\u00e9 ou de d\u00e9tachement&nbsp;sont r\u00e9int\u00e9gr\u00e9s dans leurs fonctions ou dans leur corps d&rsquo;origine avant d&rsquo;\u00eatre accueillis en d\u00e9tachement dans leur corps d\u2019accueil.&nbsp;<\/p>\n\n\n\n<p>Les MENJS accueillent \u00e9galement des fonctionnaires d&rsquo;un \u00c9tat membre de l&rsquo;Union europ\u00e9enne ou d&rsquo;un autre \u00c9tat partie \u00e0 l&rsquo;accord sur l&rsquo;espace \u00e9conomique europ\u00e9en.<\/p>\n\n\n\n<p>Les candidats au d\u00e9tachement doivent&nbsp;:<\/p>\n\n\n\n<ul class=\"wp-block-list\">\n<li>soit avoir la qualit\u00e9 de fonctionnaire dans leur \u00c9tat d&rsquo;origine\u00a0;<\/li>\n\n\n\n<li>soit occuper ou avoir occup\u00e9 un emploi dans une administration, un organisme ou un \u00e9tablissement de leur \u00c9tat membre d&rsquo;origine dont les missions sont comparables \u00e0 celles des administrations, des collectivit\u00e9s territoriales ou des \u00e9tablissements publics fran\u00e7ais.<\/li>\n<\/ul>\n\n\n\n<p>Les missions des fonctions d\u00e9volues aux corps d&rsquo;accueil auxquels ils peuvent acc\u00e9der par la voie de d\u00e9tachement doivent correspondre aux fonctions pr\u00e9c\u00e9demment occup\u00e9es par les int\u00e9ress\u00e9s.<\/p>\n\n\n\n<p>Le niveau de dipl\u00f4me exig\u00e9 des candidats ressortissants de l&rsquo;Union europ\u00e9enne, et remplissant les conditions pour \u00eatre d\u00e9tach\u00e9s, est le m\u00eame que celui demand\u00e9&nbsp;aux autres fonctionnaires titulaires selon le corps d&rsquo;accueil vis\u00e9.<\/p>\n\n\n\n<p>Situation particuli\u00e8re des militaires&nbsp;:<\/p>\n\n\n\n<p>L\u2019accueil de ces personnels s&rsquo;effectue dans le cadre du <strong>dispositif particulier du d\u00e9tachement<\/strong> <strong>sur<\/strong> <strong>emplois contingent\u00e9s<\/strong>, fix\u00e9 par l&rsquo;<a href=\"https:\/\/www.legifrance.gouv.fr\/affichCodeArticle.do?cidTexte=LEGITEXT000006071307&amp;idArticle=LEGIARTI000006540325&amp;dateTexte=&amp;categorieLien=cid\" target=\"_blank\" rel=\"noreferrer noopener\">article L.&nbsp;4139-2 du Code de la d\u00e9fense<\/a>. La commission nationale d&rsquo;orientation et d&rsquo;int\u00e9gration (CNOI) est charg\u00e9e de la mise en \u0153uvre de cette proc\u00e9dure de recrutement conjointement avec la DGRH des MENJS.<\/p>\n\n\n\n<h3 class=\"wp-block-heading\" id=\"edugouv-summary-item-2\">I.2 Les mobilit\u00e9s hors des MENJS<\/h3>\n\n\n\n<h4 class=\"wp-block-heading\">I.2.1 Les d\u00e9tachements sortants en France<\/h4>\n\n\n\n<p>Des possibilit\u00e9s de mobilit\u00e9 par la voie du d\u00e9tachement existent \u00e9galement vers les administrations et \u00e9tablissements publics relevant d&rsquo;autres minist\u00e8res, les collectivit\u00e9s territoriales, et \u00e9tablissements publics territoriaux, ainsi qu&rsquo;aupr\u00e8s d&rsquo;organismes priv\u00e9s dans le cadre d&rsquo;une mission d&rsquo;int\u00e9r\u00eat g\u00e9n\u00e9ral ou de recherche, du secteur associatif, etc.<\/p>\n\n\n\n<h4 class=\"wp-block-heading\">I.2.2 Les mobilit\u00e9s \u00e0 l\u2019\u00e9tranger<\/h4>\n\n\n\n<h5 class=\"wp-block-heading\">Les d\u00e9tachements sortants<\/h5>\n\n\n\n<p>Les d\u00e9tachements sortants, notamment dans le r\u00e9seau de l\u2019enseignement fran\u00e7ais \u00e0 l\u2019\u00e9tranger constitu\u00e9 d\u2019\u00e9coles ou \u00e9tablissements homologu\u00e9s par le MEN, d\u2019\u00e9tablissements relevant d\u2019un op\u00e9rateur ou d\u2019une association tels que l&rsquo;Agence pour l&rsquo;enseignement fran\u00e7ais \u00e0 l&rsquo;\u00e9tranger, la Mission la\u00efque fran\u00e7aise, l&rsquo;Association franco-libanaise pour l&rsquo;\u00e9ducation et la culture ou \u00e9tablissements partenaires, ou dans le r\u00e9seau culturel fran\u00e7ais \u00e0 l\u2019\u00e9tranger ou dans d\u2019autres institutions constituent un <strong>autre <\/strong>levier de la mobilit\u00e9 \u00e0 disposition des agents, et contribuent au rayonnement des minist\u00e8res.<\/p>\n\n\n\n<p>Une dur\u00e9e minimale d\u2019exp\u00e9rience professionnelle sur le territoire fran\u00e7ais en qualit\u00e9 de titulaire dans le corps, est appr\u00e9ci\u00e9e dans l\u2019examen des candidatures. Cette dur\u00e9e permet aux agents de b\u00e9n\u00e9ficier d\u2019un continuum de formation, d\u2019appr\u00e9hender les diff\u00e9rentes comp\u00e9tences propres aux m\u00e9tiers et d\u2019avoir une bonne connaissance du syst\u00e8me \u00e9ducatif fran\u00e7ais.<\/p>\n\n\n\n<p>La <strong>dur\u00e9e d\u2019un d\u00e9tachement<\/strong> <strong>\u00e0 l\u2019\u00e9tranger<\/strong> est encadr\u00e9e pour permettre \u00e0 un nombre plus important d\u2019agents de pouvoir b\u00e9n\u00e9ficier d\u2019une telle exp\u00e9rience.<\/p>\n\n\n\n<p>Les agents peuvent demander un nouveau d\u00e9tachement \u00e0 l\u2019\u00e9tranger apr\u00e8s <strong>une dur\u00e9e minimale <\/strong>leur permettant de<strong> valoriser en France l\u2019exp\u00e9rience <\/strong>d\u00e9velopp\u00e9e \u00e0 l\u2019\u00e9tranger.&nbsp;<\/p>\n\n\n\n<p>Les personnels des MENJS peuvent \u00eatre \u00e9galement d\u00e9tach\u00e9s pour exercer leurs fonctions aupr\u00e8s de la <strong>principaut\u00e9 de Monaco<\/strong>.<\/p>\n\n\n\n<p>Les personnels peuvent b\u00e9n\u00e9ficier d\u2019un accompagnement personnalis\u00e9 en amont, pendant et apr\u00e8s une mobilit\u00e9 \u00e0 l\u2019\u00e9tranger. Des entretiens leur sont propos\u00e9s \u00e0 chacune de ces \u00e9tapes afin de leur permettre de valoriser leurs comp\u00e9tences et d\u2019examiner les meilleures conditions pour r\u00e9aliser une mobilit\u00e9 ou pr\u00e9parer le retour.<\/p>\n\n\n\n<h5 class=\"wp-block-heading\">Les affectations<\/h5>\n\n\n\n<p>Conform\u00e9ment \u00e0 la <strong>convention du 11 juillet 2013<\/strong> entre le gouvernement de la R\u00e9publique fran\u00e7aise et le gouvernement de la principaut\u00e9 d&rsquo;Andorre, les personnels des MENJS peuvent \u00eatre affect\u00e9s dans les \u00e9tablissements d&rsquo;enseignement fran\u00e7ais en <strong>principaut\u00e9 d&rsquo;Andorre,<\/strong> plac\u00e9s sous la responsabilit\u00e9 du d\u00e9l\u00e9gu\u00e9 \u00e0 l&rsquo;enseignement repr\u00e9sentant le ministre fran\u00e7ais charg\u00e9 de l&rsquo;\u00e9ducation nationale.<\/p>\n\n\n\n<p>Des personnels des MENJS peuvent \u00eatre \u00e9galement affect\u00e9s au sein des <strong>\u00e9coles europ\u00e9ennes<\/strong>, cr\u00e9\u00e9es conjointement par l\u2019Union europ\u00e9enne et les gouvernements des \u00c9tats membres et implant\u00e9es en Belgique, Allemagne, Italie, Espagne, au Luxembourg et aux Pays-Bas.<\/p>\n\n\n\n<p>Enfin, les personnels des MENJS peuvent \u00eatre mis \u00e0 disposition, dans le cadre de conventions, aupr\u00e8s de diff\u00e9rents organismes en France ou \u00e0 l\u2019\u00e9tranger.<\/p>\n\n\n\n<h2 class=\"wp-block-heading\" id=\"edugouv-summary-item-3\">II. Des proc\u00e9dures transparentes de mobilit\u00e9 visant \u00e0 garantir un traitement \u00e9quitable des candidatures et favorisant l\u2019ad\u00e9quation profil\/poste<\/h2>\n\n\n\n<p>Les lignes directrices de gestion minist\u00e9rielles pr\u00e9sentent les <strong>principes applicables en mati\u00e8re de gestion des demandes individuelles de mobilit\u00e9<\/strong> afin de garantir un <strong>traitement \u00e9quitable de l\u2019ensemble des candidatures.<\/strong><\/p>\n\n\n\n<p>Les proc\u00e9dures de recrutement sont organis\u00e9es dans le respect des principes \u00e9nonc\u00e9s dans <strong>le guide des bonnes pratiques <em>Recruter, accueillir et int\u00e9grer sans discriminer<\/em>&nbsp;<\/strong><br>(<a href=\"https:\/\/www.education.gouv.fr\/le-ministere-s-engage-pour-l-egalite-professionnelle-9284\">https:\/\/www.education.gouv.fr\/le-ministere-s-engage-pour-l-egalite-professionnelle-9284<\/a>).<\/p>\n\n\n\n<p>Le calendrier sp\u00e9cifique des proc\u00e9dures concern\u00e9es, les modalit\u00e9s de d\u00e9p\u00f4t et de traitement des candidatures ainsi que les outils utilis\u00e9s pour les diff\u00e9rentes proc\u00e9dures concern\u00e9es sont pr\u00e9cis\u00e9s dans les <strong>notes de services publi\u00e9es au BOENJS<\/strong>.<\/p>\n\n\n\n<h3 class=\"wp-block-heading\" id=\"edugouv-summary-item-4\">II.1 Les modalit\u00e9s de mise en \u0153uvre de la mutation&nbsp;<\/h3>\n\n\n\n<p>Dans toute la mesure du possible et en fonction de l&rsquo;int\u00e9r\u00eat du service, les <strong>priorit\u00e9s de traitement des demandes de mobilit\u00e9 d\u00e9finies par les articles L.&nbsp;512-18, 19, 21 et 22 du CGFP <\/strong>seront satisfaites.<\/p>\n\n\n\n<p><strong>Les priorit\u00e9s l\u00e9gales<\/strong> pr\u00e9vues aux articles L.&nbsp;512-18, 19, 21 et 22 du CGFP et L.&nbsp;442-1 et suivants du CGFP sont les suivantes :<\/p>\n\n\n\n<ul class=\"wp-block-list\">\n<li>le rapprochement de conjoints ou de partenaires li\u00e9s par un Pacs\u00a0;<\/li>\n\n\n\n<li>la prise en compte du handicap\u00a0;<\/li>\n\n\n\n<li>l\u2019exercice dans un quartier urbain o\u00f9 se posent des probl\u00e8mes sociaux et de s\u00e9curit\u00e9 particuli\u00e8rement difficiles\u00a0;<\/li>\n\n\n\n<li>la prise en compte du centre des int\u00e9r\u00eats mat\u00e9riels et moraux (Cimm)\u00a0;<\/li>\n\n\n\n<li>la prise en compte de la situation du fonctionnaire, y compris d\u2019une autre administration, dont l\u2019emploi est supprim\u00e9 et qui ne peut \u00eatre r\u00e9affect\u00e9 sur un emploi correspondant \u00e0 son grade dans son service\u00a0;<\/li>\n\n\n\n<li>la prise en compte de la situation du fonctionnaire dont l\u2019emploi est supprim\u00e9 dans le cadre d\u2019une <strong>restructuration de service<\/strong>. Cette priorit\u00e9 l\u00e9gale, pr\u00e9vue par les articles L.\u00a0441 et suivants du CGFP prime sur les autres priorit\u00e9s l\u00e9gales pr\u00e9cit\u00e9es. Sa mise en \u0153uvre est pr\u00e9vue par le <strong>d\u00e9cret n\u00b0\u00a02019-1441 du<\/strong><strong>23<\/strong><strong>d\u00e9cembre<\/strong><strong>2019<\/strong><strong>relatif aux mesures d&rsquo;accompagnement de la restructuration d&rsquo;un service de l&rsquo;<\/strong><strong>\u00c9tat<\/strong><strong> ou de l&rsquo;un de ses \u00e9tablissements publics.<\/strong><\/li>\n<\/ul>\n\n\n\n<p>Un agent candidat \u00e0 mutation peut relever d\u2019une seule ou de plusieurs priorit\u00e9s l\u00e9gales.<\/p>\n\n\n\n<p>Pour pouvoir g\u00e9rer l\u2019importante <strong>volum\u00e9trie des demandes<\/strong> et garantir le <strong>respect des priorit\u00e9s l\u00e9gales<\/strong> de mutation, l\u2019examen de ces demandes dans le cadre de la <strong>campagne annuelle de mutation<\/strong>, s\u2019effectue, selon les fili\u00e8res, soit au moyen d\u2019un<strong> bar\u00e8me<\/strong> (personnels enseignants des premier et second degr\u00e9s), soit au moyen d\u2019une <strong>proc\u00e9dure de d\u00e9partage<\/strong> (personnels de la fili\u00e8re ASS, d\u2019encadrement et personnels techniques et p\u00e9dagogiques).<\/p>\n\n\n\n<p>N\u00e9anmoins, ces \u00e9l\u00e9ments n\u2019ont qu\u2019un caract\u00e8re indicatif. <strong>L\u2019administration conserve son pouvoir<\/strong> <strong>d\u2019appr\u00e9ciation<\/strong> en fonction des situations individuelles, des besoins du service ou de tout autre motif d\u2019int\u00e9r\u00eat g\u00e9n\u00e9ral.<\/p>\n\n\n\n<p><strong>Les postes \u00e0 profil\/postes sp\u00e9cifiques&nbsp;: <\/strong>les particularit\u00e9s de certains postes n\u00e9cessitent des <strong>proc\u00e9dures sp\u00e9cifiques de s\u00e9lection<\/strong> des personnels pour prendre en compte les <strong>comp\u00e9tences et\/ou aptitudes et\/ou qualifications requises<\/strong> et favoriser ainsi la bonne ad\u00e9quation entre les exigences du poste et les capacit\u00e9s du candidat. Parmi les <strong>profils en ad\u00e9quation avec le poste offert, les demandes des agents relevant d\u2019une priorit\u00e9 l\u00e9gale seront jug\u00e9es prioritaires<\/strong>.<\/p>\n\n\n\n<p>Selon les fili\u00e8res, ces mobilit\u00e9s peuvent intervenir dans le cadre de la campagne annuelle et\/ou en cours d\u2019ann\u00e9e au fil de l\u2019eau. Lors du bilan des lignes directrices de gestion, il sera port\u00e9 une attention sp\u00e9cifique aux diff\u00e9rentes voies de mutation.<\/p>\n\n\n\n<h3 class=\"wp-block-heading\" id=\"edugouv-summary-item-5\">II.2 Les modalit\u00e9s de mise en \u0153uvre des d\u00e9tachements&nbsp;<\/h3>\n\n\n\n<h4 class=\"wp-block-heading\">II.2.1 Les d\u00e9tachements au sein d\u2019un corps des MENJS<\/h4>\n\n\n\n<p>Les MENJS veillent \u00e0 ce que ces accueils interviennent au regard des <strong>besoins des services et des \u00e9tablissements d\u00e9termin\u00e9s en fonction des capacit\u00e9s offertes<\/strong>, notamment \u00e0 l\u2019issue des concours et des op\u00e9rations de mutation des personnels titulaires.<\/p>\n\n\n\n<p>Il s&rsquo;assure que les <strong>comp\u00e9tences et les connaissances des candidats sont en ad\u00e9quation avec les fonctions postul\u00e9es<\/strong>. La proc\u00e9dure d&rsquo;examen des candidatures permet de v\u00e9rifier que les candidats pr\u00e9sentent, outre les conditions r\u00e9glementaires requises, les garanties suffisantes en termes de formation initiale et continue et une r\u00e9flexion m\u00fbrie sur leur projet d&rsquo;\u00e9volution professionnelle. Un projet m\u00fbri se caract\u00e9rise par une forte motivation et une bonne connaissance des comp\u00e9tences attendues.<\/p>\n\n\n\n<p>Le <strong>d\u00e9tachement est prononc\u00e9&nbsp;par d\u00e9cision de l\u2019autorit\u00e9 comp\u00e9tente<\/strong> des MENJS et de l&rsquo;administration d&rsquo;origine.<\/p>\n\n\n\n<p>Les personnels d\u00e9tach\u00e9s sont affect\u00e9s en fonction des besoins du service. Ils b\u00e9n\u00e9ficient d&rsquo;un <strong>parcours de formation adapt\u00e9<\/strong> visant \u00e0 faciliter l&rsquo;acquisition des comp\u00e9tences n\u00e9cessaires \u00e0 l&rsquo;exercice de leur m\u00e9tier.<\/p>\n\n\n\n<p>Le d\u00e9tachement est <strong>r\u00e9vocable avant le terme<\/strong> fix\u00e9 par l&rsquo;arr\u00eat\u00e9 de d\u00e9tachement, soit \u00e0 la demande de l&rsquo;administration d&rsquo;accueil, soit \u00e0 la demande de l&rsquo;administration d&rsquo;origine, soit \u00e0 la demande du fonctionnaire d\u00e9tach\u00e9.<\/p>\n\n\n\n<p><strong>Trois mois<\/strong> au moins avant&nbsp;la&nbsp;fin de son d\u00e9tachement,&nbsp;l&rsquo;agent formule aupr\u00e8s de l\u2019autorit\u00e9 dont il d\u00e9pend, soit une demande de <strong>renouvellement de d\u00e9tachement<\/strong>, soit une <strong>demande d\u2019int\u00e9gration<\/strong> dans le corps d\u2019accueil, soit une <strong>demande de r\u00e9int\u00e9gration<\/strong> dans son corps d&rsquo;origine.<\/p>\n\n\n\n<p><strong>Deux mois<\/strong> au moins avant le terme de la m\u00eame p\u00e9riode,&nbsp;l\u2019autorit\u00e9 comp\u00e9tente des MENJS fait conna\u00eetre au fonctionnaire concern\u00e9 et \u00e0 son administration d&rsquo;origine <strong>sa d\u00e9cision de renouveler ou non le d\u00e9tachement ou, le cas \u00e9ch\u00e9ant,&nbsp;sa proposition d&rsquo;int\u00e9gration dans<\/strong> le corps d&rsquo;accueil.<\/p>\n\n\n\n<h4 class=\"wp-block-heading\">II.2.2 Les d\u00e9tachements sortants&nbsp;<\/h4>\n\n\n\n<p>L&rsquo;importance, pr\u00e9pond\u00e9rante pour la France, de l&rsquo;action conduite par le <strong>r\u00e9seau des \u00e9tablissements d&rsquo;enseignement fran\u00e7ais \u00e0 l&rsquo;\u00e9tranger<\/strong>, impose un <strong>objectif de qualit\u00e9 du recrutement<\/strong> des personnels appel\u00e9s \u00e0 y exercer. Un d\u00e9part \u00e0 l&rsquo;\u00e9tranger doit \u00eatre r\u00e9fl\u00e9chi et m\u00fbri sur les plans professionnel, personnel et familial.<\/p>\n\n\n\n<p><strong>Cette exp\u00e9rience \u00e0 l&rsquo;\u00e9tranger doit s&rsquo;inscrire dans un parcours professionnel<\/strong> qui leur permettra de capitaliser de nouvelles comp\u00e9tences et \u00eatre, dans toute la mesure du possible, valoris\u00e9e lors de leur r\u00e9int\u00e9gration en France.&nbsp;<\/p>\n\n\n\n<p>Les d\u00e9tachements sont prononc\u00e9s sur le fondement des articles&nbsp;14-6 et 14-7 du <strong>d\u00e9cret n\u00b0&nbsp;85-986 du 16&nbsp;septembre&nbsp;1985.<\/strong><\/p>\n\n\n\n<p>Les personnels qui ont \u00e9t\u00e9 retenus pour exercer dans un \u00e9tablissement de l&rsquo;EFE sont plac\u00e9s en position de d\u00e9tachement et r\u00e9mun\u00e9r\u00e9s par l&rsquo;op\u00e9rateur, l&rsquo;association ou l&rsquo;\u00e9tablissement recruteur.<\/p>\n\n\n\n<p><strong>Le d\u00e9tachement n&rsquo;est pas de droit et reste soumis \u00e0 l&rsquo;accord des MENJS <\/strong>en raison des n\u00e9cessit\u00e9s du service ou, le cas \u00e9ch\u00e9ant, d&rsquo;un avis rendu par la Haute Autorit\u00e9 pour la transparence de la vie publique.<\/p>\n\n\n\n<p>Le <strong>d\u00e9tachement <\/strong>est accord\u00e9 au fonctionnaire, par <strong>arr\u00eat\u00e9 minist\u00e9riel ou acad\u00e9mique selon les corps concern\u00e9s<\/strong>, pour une, deux ou trois&nbsp;ann\u00e9es scolaires. La dur\u00e9e co\u00efncide avec la p\u00e9riode d&rsquo;engagement \u2013 \u00e9galement fix\u00e9e en ann\u00e9es scolaires \u2013 mentionn\u00e9e dans le contrat de travail propos\u00e9 par l&rsquo;op\u00e9rateur, l&rsquo;association ou l&rsquo;\u00e9tablissement. Les contrats de travail ne peuvent proposer une dur\u00e9e d&rsquo;engagement inf\u00e9rieure \u00e0 une ann\u00e9e scolaire.<\/p>\n\n\n\n<p>Le d\u00e9tachement est <strong>renouvelable<\/strong>. Toutefois, afin de favoriser la mobilit\u00e9 des personnels, les agents, autres que les personnels d\u2019encadrement, nouvellement d\u00e9tach\u00e9s \u00e0 l&rsquo;\u00e9tranger ne peuvent \u00eatre maintenus dans cette position de d\u00e9tachement au-del\u00e0 de&nbsp;<strong>six&nbsp;ann\u00e9es scolaires cons\u00e9cutives.<\/strong>&nbsp;Par d\u00e9rogation, cette dur\u00e9e peut \u00eatre port\u00e9e \u00e0 neuf&nbsp;ann\u00e9es scolaires cons\u00e9cutives lorsque des circonstances exceptionnelles le justifient.<\/p>\n\n\n\n<p>\u00c0 l&rsquo;issue de cette p\u00e9riode, les agents doivent accomplir trois ann\u00e9es de services effectifs en position d\u2019activit\u00e9 dans les missions de leur corps avant de solliciter \u00e0 nouveau un d\u00e9tachement. Ce dispositif, qui s&rsquo;applique depuis le 1<sup>er<\/sup>&nbsp;septembre&nbsp;2019, concerne les personnels obtenant un premier d\u00e9tachement ou un d\u00e9tachement pour un nouveau poste \u00e0 l&rsquo;\u00e9tranger.<\/p>\n\n\n\n<p>Les personnels recrut\u00e9s par l&rsquo;AEFE en qualit\u00e9 d&rsquo;expatri\u00e9s restent soumis \u00e0 la dur\u00e9e du d\u00e9tachement d\u00e9finie dans le cadre de leurs missions.<\/p>\n\n\n\n<h4 class=\"wp-block-heading\">II.2.3 Le principe de la double carri\u00e8re des agents d\u00e9tach\u00e9s<\/h4>\n\n\n\n<p>Le fonctionnaire en position de d\u00e9tachement b\u00e9n\u00e9ficie du principe dit de la <strong>double carri\u00e8re<\/strong>&nbsp;:<\/p>\n\n\n\n<ul class=\"wp-block-list\">\n<li>il b\u00e9n\u00e9ficie des m\u00eames droits \u00e0 l&rsquo;avancement et \u00e0 la promotion que les membres du corps d&rsquo;accueil\u00a0;<\/li>\n\n\n\n<li>il est tenu compte, lors de sa r\u00e9int\u00e9gration dans son corps d&rsquo;origine, du grade et de l&rsquo;\u00e9chelon qu&rsquo;il a atteints ou auxquels il peut pr\u00e9tendre \u00e0 la suite de la r\u00e9ussite \u00e0 un concours ou \u00e0 un examen professionnel ou de l&rsquo;inscription sur un tableau d&rsquo;avancement au titre de la promotion au choix dans son corps de d\u00e9tachement, sous r\u00e9serve qu&rsquo;ils lui soient plus favorables\u00a0;<\/li>\n\n\n\n<li>il est tenu compte imm\u00e9diatement dans le corps de d\u00e9tachement du changement de grade ou de promotion \u00e0 l&rsquo;\u00e9chelon sp\u00e9cial obtenu dans son corps ou cadre d&#8217;emplois d&rsquo;origine, sous r\u00e9serve qu&rsquo;ils lui soient plus favorables\u00a0;<\/li>\n\n\n\n<li>il est tenu compte, lors du renouvellement de son d\u00e9tachement ou de son int\u00e9gration dans le corps de d\u00e9tachement, de son avancement d&rsquo;\u00e9chelon (hormis l&rsquo;\u00e9chelon sp\u00e9cial) obtenu dans son corps d&rsquo;origine.<\/li>\n<\/ul>\n\n\n\n<h2 class=\"wp-block-heading\" id=\"edugouv-summary-item-6\">III. Les MENJS informent leurs personnels et les accompagnent dans leurs d\u00e9marches de mobilit\u00e9<\/h2>\n\n\n\n<p>Les minist\u00e8res <strong>accompagnent les personnels<\/strong> dans leurs projets individuels de mobilit\u00e9 et d\u2019\u00e9volution professionnelle ou dans le cadre de leur reconversion.<\/p>\n\n\n\n<h5 class=\"wp-block-heading\">Mobilisation de l\u2019ensemble des acteurs RH et de proximit\u00e9<\/h5>\n\n\n\n<p>Les minist\u00e8res sont engag\u00e9s dans une d\u00e9marche d\u2019am\u00e9lioration constante de sa politique d\u2019accompagnement RH et de la qualit\u00e9 de son offre de service avec notamment la mobilisation des acteurs RH et de proximit\u00e9.<\/p>\n\n\n\n<p>Cette offre personnalis\u00e9e peut \u00eatre mobilis\u00e9e pour une information, un accompagnement ou un conseil. Tout personnel qui le souhaite, quel que soit son statut, doit pouvoir b\u00e9n\u00e9ficier de cet appui qui mobilise l\u2019ensemble des acteurs RH et de l\u2019accompagnement des personnels de l\u2019acad\u00e9mie, des DRH aux conseillers RH de proximit\u00e9 r\u00e9partis sur les territoires, les encadrants de proximit\u00e9 que sont les chefs d\u2019\u00e9tablissement et les inspecteurs, ainsi que les personnels sociaux et de sant\u00e9, les r\u00e9f\u00e9rents \u00e9galit\u00e9, handicap etc., au plus pr\u00e8s de son lieu d\u2019exercice, dans un lieu d\u00e9di\u00e9 et dans le respect des r\u00e8gles de confidentialit\u00e9.<\/p>\n\n\n\n<p>Par ailleurs, cet accompagnement personnalis\u00e9 permet de recueillir les besoins de formation des personnels pour mieux y r\u00e9pondre dans le cadre de l\u2019\u00e9laboration de l\u2019offre acad\u00e9mique de formation.<\/p>\n\n\n\n<p>Cette gestion des ressources humaines de proximit\u00e9 peut \u00eatre mobilis\u00e9e pour un projet de mobilit\u00e9 notamment \u00e0 l\u2019international, dans le cadre d\u2019un accompagnement mobilisable, si l\u2019agent le souhaite tout au long du d\u00e9tachement.<\/p>\n\n\n\n<h5 class=\"wp-block-heading\">Une information tout au long du processus<\/h5>\n\n\n\n<p>Les minist\u00e8res organisent la mobilit\u00e9 de ses personnels dans le cadre de campagnes et veille \u00e0 garantir, tout au long de ces proc\u00e9dures, la meilleure information de ses personnels.<\/p>\n\n\n\n<p><strong>En amont&nbsp;et pendant les processus de mobilit\u00e9<\/strong><\/p>\n\n\n\n<p>Les personnels acc\u00e8dent \u00e0 des informations relatives aux diff\u00e9rents processus de mobilit\u00e9 sur le site education.gouv.fr.<\/p>\n\n\n\n<p>La DGRH s\u2019attache notamment \u00e0 d\u00e9velopper des outils facilitant la prise de d\u00e9cision des personnels et l\u2019anticipation de leur strat\u00e9gie de mutation. Ainsi, un portail des territoires d\u00e9di\u00e9 \u00e0 la mobilit\u00e9 est accessible \u00e0 tout agent. Pour les personnels enseignants, d\u2019\u00e9ducation et psychologues de l\u2019\u00e9ducation nationale qui mutent au bar\u00e8me, un simulateur et comparateur de mobilit\u00e9 interacad\u00e9mique et interd\u00e9partementale est mis \u00e0 leur disposition ainsi qu\u2019un explorateur des mobilit\u00e9s intra-d\u00e9partementale et intra-acad\u00e9miques.<\/p>\n\n\n\n<p>L\u2019administration accompagne les personnels, dans les diff\u00e9rents outils d\u00e9di\u00e9s, tout au long des diff\u00e9rentes \u00e9tapes des processus de mobilit\u00e9&nbsp;: confirmation des demandes de mutation et transmission des pi\u00e8ces justificatives&nbsp;; demandes tardives, modification de demande de mutation, corrections d\u2019\u00e9l\u00e9ments relatifs \u00e0 la situation personnelle de l\u2019agent, demandes d\u2019annulation et pour les ASS, avis \u00e9mis sur la demande de mutation.<\/p>\n\n\n\n<p>L\u2019administration communique aux agents, selon les corps, leurs bar\u00e8mes pour la mutation et les caract\u00e9ristiques retenues pour le d\u00e9partage. Un d\u00e9lai de quinze jours leur est accord\u00e9 pour leur permettre de compl\u00e9ter ou rectifier les pi\u00e8ces n\u00e9cessaires \u00e0 l\u2019\u00e9valuation de leur situation.<\/p>\n\n\n\n<p>L\u2019administration communique aux personnels les r\u00e9sultats des mutations dans les diff\u00e9rents outils d\u00e9di\u00e9s ainsi que les r\u00e9sultats des d\u00e9tachements.<\/p>\n\n\n\n<p>Par ailleurs, les acad\u00e9mies communiquent aux organisations syndicales repr\u00e9sent\u00e9es \u00e0 leurs comit\u00e9s sociaux d\u2019administration acad\u00e9miques ou aux comit\u00e9s sociaux d\u2019administration minist\u00e9riels, annuellement, au plus tard au mois de novembre, les listes nominatives de l\u2019ensemble de leurs personnels comportant leur corps, grade, \u00e9chelon, statut (stagiaire ou titulaire), fonction, affectation et, le cas \u00e9ch\u00e9ant, discipline, avec une date d\u2019observation au 1<sup>er<\/sup> septembre pour les titulaires et au 1<sup>er<\/sup> octobre pour les contractuels.<\/p>\n\n\n\n<p><strong>Apr\u00e8s les processus de mobilit\u00e9&nbsp;<\/strong><\/p>\n\n\n\n<p>Les personnels peuvent former <strong>un recours administratif contre les d\u00e9cisions individuelles d\u00e9favorables <\/strong>lorsqu\u2019ils n\u2019obtiennent pas de mutation ou lorsque devant recevoir une affectation, ils sont mut\u00e9s dans une acad\u00e9mie ou un d\u00e9partement ou une zone ou sur un poste qu\u2019ils n\u2019avaient pas demand\u00e9(e).<\/p>\n\n\n\n<p>Dans ce cadre, ils <strong>peuvent choisir un repr\u00e9sentant d\u00e9sign\u00e9 par une organisation syndicale <\/strong>de leur choix pour les assister.&nbsp;<\/p>\n\n\n\n<p>\u00c0 l\u2019issue des affectations, les minist\u00e8res s\u2019attachent \u00e0 d\u00e9velopper l\u2019adaptation \u00e0 l\u2019emploi&nbsp;de ses personnels afin de favoriser la prise de fonctions des agents mut\u00e9s ou en primo affectation. Des <strong>formations et accompagnement des personnels<\/strong> sont ainsi organis\u00e9s pour faciliter l\u2019adaptation de leurs comp\u00e9tences aux exigences de leurs postes.<\/p>\n\n\n\n<p>Afin de prendre en compte les sp\u00e9cificit\u00e9s des diff\u00e9rents corps, les pr\u00e9sentes lignes directrices de gestion sont compl\u00e9t\u00e9es par 4 annexes d\u00e9clinant les orientations g\u00e9n\u00e9rales et les principes r\u00e9gissant les proc\u00e9dures de mutation aux&nbsp;:<\/p>\n\n\n\n<ul class=\"wp-block-list\">\n<li>personnels enseignants des premier et second degr\u00e9s, d&rsquo;\u00e9ducation et aux psychologues de l&rsquo;\u00e9ducation nationale ;<\/li>\n\n\n\n<li>personnels administratifs, techniques, sociaux et de sant\u00e9 ;<\/li>\n\n\n\n<li>personnels d\u2019encadrement\u00a0: personnels de direction d\u2019\u00e9tablissement d\u2019enseignement ou de formation, personnels d\u2019inspection ;<\/li>\n\n\n\n<li>personnels techniques et p\u00e9dagogiques des fili\u00e8res jeunesse et sports.<\/li>\n<\/ul>\n\n\n\n<p>Pour la ministre de l&rsquo;\u00c9ducation nationale, et par d\u00e9l\u00e9gation,<br>Pour le ministre des Sports, de la Jeunesse et de la Vie associative, et par d\u00e9l\u00e9gation,<br>Le directeur g\u00e9n\u00e9ral des ressources humaines,<br>Boris Melmoux-Eude<\/p>\n\n\n\n<p>Notes Contenus<\/p>\n\n\n\n<p><a href=\"https:\/\/www.education.gouv.fr\/bo\/2024\/Special5\/MENH2428666X#_ftnref1\">[1]<\/a> Professeurs de sport, conseillers d\u2019\u00e9ducation populaire et de jeunesse (CEPJ), conseillers techniques et p\u00e9dagogiques sup\u00e9rieurs (CTPS).<\/p>\n\n\n\n<h2 class=\"wp-block-heading\">Annexe(s)<\/h2>\n\n\n\n<p><a href=\"https:\/\/www.education.gouv.fr\/sites\/default\/files\/spe666_annexe1-v2.pdf\" target=\"_blank\" rel=\"noreferrer noopener\">Annexe 1 \u2013 Mobilit\u00e9 des personnels enseignants des premier et second degr\u00e9s, d&rsquo;\u00e9ducation et des psychologues de l&rsquo;\u00e9ducation nationale<\/a><a href=\"https:\/\/www.education.gouv.fr\/sites\/default\/files\/spe666_annexe2-v2.pdf\" target=\"_blank\" rel=\"noreferrer noopener\">Annexe 2 \u2013 Mobilit\u00e9 des personnels administratifs, sociaux et de sant\u00e9 (ASS) des minist\u00e8res de l\u2019\u00c9ducation nationale, de la Jeunesse et des Sports et des adjoints techniques de recherche et formation (ATRF) affect\u00e9s dans ces minist\u00e8res et dans les EPLE<\/a><a href=\"https:\/\/www.education.gouv.fr\/sites\/default\/files\/spe666_annexe3.pdf\" target=\"_blank\" rel=\"noreferrer noopener\">Annexe 3 \u2013 Mobilit\u00e9 des personnels d\u2019encadrement des minist\u00e8res de l\u2019\u00c9ducation nationale, de la Jeunesse et des Sports<\/a><a href=\"https:\/\/www.education.gouv.fr\/sites\/default\/files\/spe666_annexe4.pdf\" target=\"_blank\" rel=\"noreferrer noopener\">Annexe 4 \u2013 Mobilit\u00e9 des personnels techniques et p\u00e9dagogiques (PTP) des minist\u00e8res de l\u2019\u00c9ducation nationale, de la Jeunesse et des Sports<\/a><\/p>\n","protected":false},"excerpt":{"rendered":"<p>NOR : MENH2428666X Lignes directrices de gestion du 22-10-2024 MEN \u2013 MSJVA \u2013 DGRH L\u2019article L.&nbsp;413-2 du Code g\u00e9n\u00e9ral de la fonction publique (CGFP) pr\u00e9voit l\u2019\u00e9laboration de lignes directrices de [&hellip;]<\/p>\n","protected":false},"author":1,"featured_media":0,"comment_status":"closed","ping_status":"closed","sticky":false,"template":"","format":"standard","meta":{"_lmt_disableupdate":"","_lmt_disable":"","site-sidebar-layout":"default","site-content-layout":"","ast-site-content-layout":"default","site-content-style":"default","site-sidebar-style":"default","ast-global-header-display":"","ast-banner-title-visibility":"","ast-main-header-display":"","ast-hfb-above-header-display":"","ast-hfb-below-header-display":"","ast-hfb-mobile-header-display":"","site-post-title":"","ast-breadcrumbs-content":"","ast-featured-img":"","footer-sml-layout":"","ast-disable-related-posts":"","theme-transparent-header-meta":"","adv-header-id-meta":"","stick-header-meta":"","header-above-stick-meta":"","header-main-stick-meta":"","header-below-stick-meta":"","astra-migrate-meta-layouts":"set","ast-page-background-enabled":"default","ast-page-background-meta":{"desktop":{"background-color":"var(--ast-global-color-4)","background-image":"","background-repeat":"repeat","background-position":"center center","background-size":"auto","background-attachment":"scroll","background-type":"","background-media":"","overlay-type":"","overlay-color":"","overlay-opacity":"","overlay-gradient":""},"tablet":{"background-color":"","background-image":"","background-repeat":"repeat","background-position":"center center","background-size":"auto","background-attachment":"scroll","background-type":"","background-media":"","overlay-type":"","overlay-color":"","overlay-opacity":"","overlay-gradient":""},"mobile":{"background-color":"","background-image":"","background-repeat":"repeat","background-position":"center center","background-size":"auto","background-attachment":"scroll","background-type":"","background-media":"","overlay-type":"","overlay-color":"","overlay-opacity":"","overlay-gradient":""}},"ast-content-background-meta":{"desktop":{"background-color":"var(--ast-global-color-5)","background-image":"","background-repeat":"repeat","background-position":"center center","background-size":"auto","background-attachment":"scroll","background-type":"","background-media":"","overlay-type":"","overlay-color":"","overlay-opacity":"","overlay-gradient":""},"tablet":{"background-color":"var(--ast-global-color-5)","background-image":"","background-repeat":"repeat","background-position":"center center","background-size":"auto","background-attachment":"scroll","background-type":"","background-media":"","overlay-type":"","overlay-color":"","overlay-opacity":"","overlay-gradient":""},"mobile":{"background-color":"var(--ast-global-color-5)","background-image":"","background-repeat":"repeat","background-position":"center center","background-size":"auto","background-attachment":"scroll","background-type":"","background-media":"","overlay-type":"","overlay-color":"","overlay-opacity":"","overlay-gradient":""}},"footnotes":""},"categories":[41,8,7],"tags":[],"class_list":["post-3715","post","type-post","status-publish","format-standard","hentry","category-actualites-2024-2025","category-inter-academique","category-mutation"],"modified_by":"slecourtier","_links":{"self":[{"href":"https:\/\/snalc.org\/snalc2023\/index.php?rest_route=\/wp\/v2\/posts\/3715","targetHints":{"allow":["GET"]}}],"collection":[{"href":"https:\/\/snalc.org\/snalc2023\/index.php?rest_route=\/wp\/v2\/posts"}],"about":[{"href":"https:\/\/snalc.org\/snalc2023\/index.php?rest_route=\/wp\/v2\/types\/post"}],"author":[{"embeddable":true,"href":"https:\/\/snalc.org\/snalc2023\/index.php?rest_route=\/wp\/v2\/users\/1"}],"replies":[{"embeddable":true,"href":"https:\/\/snalc.org\/snalc2023\/index.php?rest_route=%2Fwp%2Fv2%2Fcomments&post=3715"}],"version-history":[{"count":1,"href":"https:\/\/snalc.org\/snalc2023\/index.php?rest_route=\/wp\/v2\/posts\/3715\/revisions"}],"predecessor-version":[{"id":3716,"href":"https:\/\/snalc.org\/snalc2023\/index.php?rest_route=\/wp\/v2\/posts\/3715\/revisions\/3716"}],"wp:attachment":[{"href":"https:\/\/snalc.org\/snalc2023\/index.php?rest_route=%2Fwp%2Fv2%2Fmedia&parent=3715"}],"wp:term":[{"taxonomy":"category","embeddable":true,"href":"https:\/\/snalc.org\/snalc2023\/index.php?rest_route=%2Fwp%2Fv2%2Fcategories&post=3715"},{"taxonomy":"post_tag","embeddable":true,"href":"https:\/\/snalc.org\/snalc2023\/index.php?rest_route=%2Fwp%2Fv2%2Ftags&post=3715"}],"curies":[{"name":"wp","href":"https:\/\/api.w.org\/{rel}","templated":true}]}}