{"id":3736,"date":"2024-11-04T20:07:43","date_gmt":"2024-11-04T19:07:43","guid":{"rendered":"https:\/\/snalc.org\/snalc2023\/?p=3736"},"modified":"2024-11-04T20:07:45","modified_gmt":"2024-11-04T19:07:45","slug":"quinzaine-universitaire-n1494","status":"publish","type":"post","link":"https:\/\/snalc.org\/snalc2023\/?p=3736","title":{"rendered":"QUINZAINE UNIVERSITAIRE n\u00b01494"},"content":{"rendered":"\n<ul class=\"wp-block-list\">\n<li><img fetchpriority=\"high\" decoding=\"async\" width=\"985\" height=\"1399\" srcset=\"https:\/\/snalc.fr\/wp-content\/uploads\/QU1494.jpg 985w, https:\/\/snalc.fr\/wp-content\/uploads\/QU1494-211x300.jpg 211w, https:\/\/snalc.fr\/wp-content\/uploads\/QU1494-721x1024.jpg 721w, https:\/\/snalc.fr\/wp-content\/uploads\/QU1494-768x1091.jpg 768w\" src=\"https:\/\/snalc.fr\/wp-content\/uploads\/QU1494.jpg\" alt=\"\"><br><strong>\u00c9DITO :\u00a0<a href=\"https:\/\/snalc.fr\/menteurs-menteurs-menteurs\/\">MENTEURS, MENTEURS, MENTEURS<\/a><\/strong><br><img decoding=\"async\" src=\"https:\/\/snalc.fr\/wp-content\/uploads\/elementor\/thumbs\/SNALC-congres-Strasbourg-mai-2023-Photo-Philippe-Sautier-3-e1686317689865-qfu77nw4qlxwj5dktm23kiay8chujy1r6wng15ek0o.jpg\" alt=\"SNALC congres Strasbourg mai 2023 - Photo Philippe Sautier (3)\"><br>Jean-R\u00e9mi Girard<br>Pr\u00e9sident du SNALC<br>Les suppressions de postes pr\u00e9vues au budget\u00a0? C\u2019est \u00ab\u00a0salutaire\u00a0\u00bb de suivre la d\u00e9mographie, selon le ministre de la fonction publique. Les conditions de travail en Seine-Saint-Denis\u00a0? C\u2019est \u00ab\u00a0une expertise suppl\u00e9mentaire que l\u2019on donne \u00e0 nos enseignants\u00a0\u00bb, d\u2019apr\u00e8s la ministre de l\u2019\u00c9ducation nationale. Fabuleux, non\u00a0?<br>Il faut dire que la post-v\u00e9rit\u00e9 tourne \u00e0 plein r\u00e9gime en ce moment au minist\u00e8re. On \u00ab\u00a0dialogue\u00a0\u00bb alors que tout est d\u00e9j\u00e0 d\u00e9cid\u00e9 avant le dialogue\u00a0; on vous dit que vous avez des id\u00e9es int\u00e9ressantes juste avant d\u2019affirmer tout le contraire de ce sur quoi vous venez d\u2019argumenter\u00a0; on fait des promesses la veille qui sont rompues d\u00e8s le lendemain. [<a href=\"https:\/\/snalc.fr\/menteurs-menteurs-menteurs\/\"><strong>Lire la suite<\/strong><\/a>]<br><strong>DOSSIER DU MOIS :\u00a0<a href=\"https:\/\/snalc.fr\/osons-la-laicite\/\">OSONS LA LA\u00cfCIT\u00c9<\/a><\/strong><br><em>Osons la la\u00efcit\u00e9<\/em><br><em>La la\u00efcit\u00e9 dans les nouveaux programmes d\u2019EMC<\/em><br><em>Les DDEN, forces vives au service de l\u2019\u00e9cole la\u00efque<\/em><br><em>Le r\u00e8glement int\u00e9rieur : un outil essentiel<\/em><br><em>Abayas : le Conseil d\u2019\u00c9tat confirme la l\u00e9galit\u00e9 de l\u2019interdiction<\/em><br><em>Les prochains congr\u00e8s la\u00efcit\u00e9 du SNALC<\/em><br><em>\u00c9largissement de la protection des personnels et des enseignements<\/em><br><em>Le coll\u00e8ge de Samuel Paty portera d\u00e9sormais son nom<\/em><br><em>Cr\u00e9ation d\u2019un prix Dominique Bernard<\/em><br><strong>LES PERSONNELS<\/strong><br><a href=\"https:\/\/snalc.fr\/rapport-de-la-cour-des-comptes-les-aesh-toujours-a-la-traine\/\">Rapport de la Cour des comptes : les AESH \u00e0 la tra\u00eene !<\/a><br><a href=\"https:\/\/snalc.fr\/coordination-eps-attention-a-vos-imp\/\">Coordination EPS : attention \u00e0 vos IMP !<\/a><br><a href=\"https:\/\/snalc.fr\/100-000-professeurs-revalorises-vraiment\/\">100 000 professeurs revaloris\u00e9s, vraiment ?<\/a><br><a href=\"https:\/\/snalc.fr\/de-nouvelles-attaques-contre-les-retraites\/\">De nouvelles attaques contre les retrait\u00e9s<\/a><br><a href=\"https:\/\/snalc.fr\/ingenieurs-detudes-nouvelle-voie-dacces-a-la-hors-classe\/\">Ing\u00e9nieurs d\u2019\u00e9tudes : nouvelle voie d\u2019acc\u00e8s \u00e0 la hors classe<\/a><br><a href=\"https:\/\/snalc.fr\/prives-de-gipa\/\">Priv\u00e9s de GIPA<\/a><br><a href=\"https:\/\/snalc.fr\/wp-content\/uploads\/QU1494_NLOP.jpg\">Ne l\u2019oubliez pas !<\/a><br><strong>SYST\u00c8ME \u00c9DUCATIF<\/strong><br><a href=\"https:\/\/snalc.fr\/mesures-pedagogiques-rentree-2025-cr-29-10-24\/\">Mesures p\u00e9dagogiques de la rentr\u00e9e 2025 : o\u00f9 sont les priorit\u00e9s ?<\/a><br><a href=\"https:\/\/snalc.fr\/83e-cop-du-clemi-apres-la-reflexion-laction\/\">83<sup>e<\/sup> COP du CLEMI : apr\u00e8s la r\u00e9flexion, l\u2019action !<\/a><br><strong>CONDITIONS DE TRAVAIL<\/strong><br><a href=\"https:\/\/snalc.fr\/logement-perdir-resultats\/\">Logement de fonction des PERDIR : entre mythe et r\u00e9alit\u00e9\u2026<\/a><br><a href=\"https:\/\/snalc.fr\/recueil-des-idees-recues-sur-lenseignement-prive-sous-contrat\/\">En finir avec les id\u00e9es re\u00e7ues sur l\u2019enseignement priv\u00e9<\/a><br><a href=\"https:\/\/snalc.fr\/y-a-t-il-encore-un-professeur-principal-dans-la-classe\/\">Y a-t-il encore un professeur principal dans la classe ?<\/a><br><br><a href=\"https:\/\/snalc.fr\/wp-content\/uploads\/QU1494.pdf\">T\u00e9l\u00e9charger la revue en PDF<\/a><br><br><br><img decoding=\"async\" width=\"723\" height=\"1024\" srcset=\"https:\/\/snalc.fr\/wp-content\/uploads\/QU1494-1D-723x1024.jpg 723w, https:\/\/snalc.fr\/wp-content\/uploads\/QU1494-1D-212x300.jpg 212w, https:\/\/snalc.fr\/wp-content\/uploads\/QU1494-1D-768x1088.jpg 768w, https:\/\/snalc.fr\/wp-content\/uploads\/QU1494-1D.jpg 985w\" src=\"https:\/\/snalc.fr\/wp-content\/uploads\/QU1494-1D-723x1024.jpg\" alt=\"\"><br><em><strong>Afin d\u2019\u00eatre au plus pr\u00e8s de vos attentes et de vous informer au mieux, la revue du SNALC a \u00e9volu\u00e9 d\u00e8s cette rentr\u00e9e, avec d\u00e9sormais deux num\u00e9ros mensuels au lieu d\u2019un : l\u2019un centr\u00e9 sur le second degr\u00e9 et le sup\u00e9rieur, et le second sur les probl\u00e9matiques sp\u00e9cifiques de l\u2019\u00e9cole primaire.<\/strong><\/em><br><a href=\"https:\/\/snalc.fr\/quinzaine-universitaire-n1494-1d\/\">D\u00e9couvrir la revue Premier degr\u00e9<\/a><br><img decoding=\"async\" width=\"778\" height=\"1024\" srcset=\"https:\/\/snalc.fr\/wp-content\/uploads\/SNALC-E.Meunier-Crise-du-recrutement-778x1024.png 778w, https:\/\/snalc.fr\/wp-content\/uploads\/SNALC-E.Meunier-Crise-du-recrutement-228x300.png 228w, https:\/\/snalc.fr\/wp-content\/uploads\/SNALC-E.Meunier-Crise-du-recrutement-768x1011.png 768w, https:\/\/snalc.fr\/wp-content\/uploads\/SNALC-E.Meunier-Crise-du-recrutement-1167x1536.png 1167w, https:\/\/snalc.fr\/wp-content\/uploads\/SNALC-E.Meunier-Crise-du-recrutement.png 1336w\" src=\"https:\/\/snalc.fr\/wp-content\/uploads\/SNALC-E.Meunier-Crise-du-recrutement-778x1024.png\" alt=\"\"><br><\/li>\n<\/ul>\n","protected":false},"excerpt":{"rendered":"","protected":false},"author":1,"featured_media":0,"comment_status":"closed","ping_status":"closed","sticky":false,"template":"","format":"standard","meta":{"_lmt_disableupdate":"","_lmt_disable":"","site-sidebar-layout":"default","site-content-layout":"","ast-site-content-layout":"default","site-content-style":"default","site-sidebar-style":"default","ast-global-header-display":"","ast-banner-title-visibility":"","ast-main-header-display":"","ast-hfb-above-header-display":"","ast-hfb-below-header-display":"","ast-hfb-mobile-header-display":"","site-post-title":"","ast-breadcrumbs-content":"","ast-featured-img":"","footer-sml-layout":"","ast-disable-related-posts":"","theme-transparent-header-meta":"","adv-header-id-meta":"","stick-header-meta":"","header-above-stick-meta":"","header-main-stick-meta":"","header-below-stick-meta":"","astra-migrate-meta-layouts":"set","ast-page-background-enabled":"default","ast-page-background-meta":{"desktop":{"background-color":"var(--ast-global-color-4)","background-image":"","background-repeat":"repeat","background-position":"center center","background-size":"auto","background-attachment":"scroll","background-type":"","background-media":"","overlay-type":"","overlay-color":"","overlay-opacity":"","overlay-gradient":""},"tablet":{"background-color":"","background-image":"","background-repeat":"repeat","background-position":"center center","background-size":"auto","background-attachment":"scroll","background-type":"","background-media":"","overlay-type":"","overlay-color":"","overlay-opacity":"","overlay-gradient":""},"mobile":{"background-color":"","background-image":"","background-repeat":"repeat","background-position":"center center","background-size":"auto","background-attachment":"scroll","background-type":"","background-media":"","overlay-type":"","overlay-color":"","overlay-opacity":"","overlay-gradient":""}},"ast-content-background-meta":{"desktop":{"background-color":"var(--ast-global-color-5)","background-image":"","background-repeat":"repeat","background-position":"center center","background-size":"auto","background-attachment":"scroll","background-type":"","background-media":"","overlay-type":"","overlay-color":"","overlay-opacity":"","overlay-gradient":""},"tablet":{"background-color":"var(--ast-global-color-5)","background-image":"","background-repeat":"repeat","background-position":"center center","background-size":"auto","background-attachment":"scroll","background-type":"","background-media":"","overlay-type":"","overlay-color":"","overlay-opacity":"","overlay-gradient":""},"mobile":{"background-color":"var(--ast-global-color-5)","background-image":"","background-repeat":"repeat","background-position":"center center","background-size":"auto","background-attachment":"scroll","background-type":"","background-media":"","overlay-type":"","overlay-color":"","overlay-opacity":"","overlay-gradient":""}},"footnotes":""},"categories":[41,37],"tags":[],"class_list":["post-3736","post","type-post","status-publish","format-standard","hentry","category-actualites-2024-2025","category-qu"],"modified_by":"slecourtier","_links":{"self":[{"href":"https:\/\/snalc.org\/snalc2023\/index.php?rest_route=\/wp\/v2\/posts\/3736","targetHints":{"allow":["GET"]}}],"collection":[{"href":"https:\/\/snalc.org\/snalc2023\/index.php?rest_route=\/wp\/v2\/posts"}],"about":[{"href":"https:\/\/snalc.org\/snalc2023\/index.php?rest_route=\/wp\/v2\/types\/post"}],"author":[{"embeddable":true,"href":"https:\/\/snalc.org\/snalc2023\/index.php?rest_route=\/wp\/v2\/users\/1"}],"replies":[{"embeddable":true,"href":"https:\/\/snalc.org\/snalc2023\/index.php?rest_route=%2Fwp%2Fv2%2Fcomments&post=3736"}],"version-history":[{"count":1,"href":"https:\/\/snalc.org\/snalc2023\/index.php?rest_route=\/wp\/v2\/posts\/3736\/revisions"}],"predecessor-version":[{"id":3737,"href":"https:\/\/snalc.org\/snalc2023\/index.php?rest_route=\/wp\/v2\/posts\/3736\/revisions\/3737"}],"wp:attachment":[{"href":"https:\/\/snalc.org\/snalc2023\/index.php?rest_route=%2Fwp%2Fv2%2Fmedia&parent=3736"}],"wp:term":[{"taxonomy":"category","embeddable":true,"href":"https:\/\/snalc.org\/snalc2023\/index.php?rest_route=%2Fwp%2Fv2%2Fcategories&post=3736"},{"taxonomy":"post_tag","embeddable":true,"href":"https:\/\/snalc.org\/snalc2023\/index.php?rest_route=%2Fwp%2Fv2%2Ftags&post=3736"}],"curies":[{"name":"wp","href":"https:\/\/api.w.org\/{rel}","templated":true}]}}