{"id":3752,"date":"2024-11-08T20:25:16","date_gmt":"2024-11-08T19:25:16","guid":{"rendered":"https:\/\/snalc.org\/snalc2023\/?p=3752"},"modified":"2024-11-08T20:25:18","modified_gmt":"2024-11-08T19:25:18","slug":"groupes-au-college-enquete-du-snalc","status":"publish","type":"post","link":"https:\/\/snalc.org\/snalc2023\/?p=3752","title":{"rendered":"Groupes au coll\u00e8ge : enqu\u00eate du SNALC"},"content":{"rendered":"\n<ul class=\"wp-block-list\">\n<li><a href=\"https:\/\/snalc.fr\/category\/actualites\/\"><\/a><\/li>\n<\/ul>\n\n\n\n<figure class=\"wp-block-image\"><img decoding=\"async\" src=\"https:\/\/snalc.fr\/wp-content\/uploads\/confusion_istockphoto_anyaberkut-2153928533.jpg\" alt=\"\" class=\"wp-image-47260\"\/><figcaption class=\"wp-element-caption\">\u00a9 istockphoto_anyaberkut-2153928533<\/figcaption><\/figure>\n\n\n\n<p><strong>L\u2019actualit\u00e9 syndicale est marqu\u00e9e par des d\u00e9cisions budg\u00e9taires n\u00e9fastes : des suppressions de postes inacceptables, des id\u00e9es \u00e9mises par le ministre de la fonction publique concernant le soi-disant \u201cabsent\u00e9isme\u201d, la n\u00e9cessit\u00e9 de passer \u00e0 trois jours de carence\u2026<\/strong><\/p>\n\n\n\n<p>Dans ce contexte, le SNALC entend lutter sur ces fronts dans le cadre de&nbsp;<a href=\"https:\/\/snalc.fr\/lintersyndicale-depose-une-alerte-sociale\/\">l\u2019intersyndicale<\/a>, mais aussi \u00e0 travers le&nbsp;pr\u00e9avis de gr\u00e8ve&nbsp;qu\u2019il a d\u00e9pos\u00e9 concernant notre r\u00e9mun\u00e9ration et nos conditions de travail.<\/p>\n\n\n\n<p>Ces conditions de travail, au coll\u00e8ge, sont li\u00e9es \u00e0 la mise en place des derni\u00e8res r\u00e9formes comme celle des groupes.<\/p>\n\n\n\n<p>Le SNALC souhaite donc pouvoir porter votre parole dans ses \u00e9changes avec le Minist\u00e8re, d\u2019autant que, m\u00eame si rien n\u2019est encore pleinement act\u00e9, les d\u00e9clarations de notre ministre laissent clairement penser qu\u2019elle entend les maintenir en sixi\u00e8me et en cinqui\u00e8me, et n\u2019exclut pas d\u2019\u00e9tendre en quatri\u00e8me et troisi\u00e8me.<\/p>\n\n\n\n<p>Pour le SNALC, elle ne peut pas le faire uniquement sur la base des retours des encadrants. Votre parole doit compter. C\u2019est pourquoi, nous vous remercions de nous accorder quelques minutes pour r\u00e9pondre \u00e0 ce questionnaire.<\/p>\n\n\n\n<p><strong>Date limite de r\u00e9ponse :&nbsp;1<sup>er<\/sup>&nbsp;d\u00e9cembre 2024<\/strong><\/p>\n\n\n\n<p>Choisissez l\u2019enqu\u00eate selon votre discipline :<\/p>\n\n\n\n<p>Professeurs de fran\u00e7ais<br>Professeurs de math\u00e9matiques<\/p>\n\n\n\n<figure class=\"wp-block-image\"><img decoding=\"async\" src=\"https:\/\/snalc.fr\/wp-content\/uploads\/elementor\/thumbs\/prof_istockphoto_SDI-Productions-1370735973-1-qm969azmffc8lit0gzswxxf542s89oc0r4wjeho3cw.jpg\" alt=\"istockphoto_SDI Productions-1370735973\" title=\"prof_istockphoto_SDI Productions-1370735973\"\/><\/figure>\n\n\n\n<p><a href=\"https:\/\/oxiforms.com\/?WrW95\"><\/a><\/p>\n\n\n\n<p><a href=\"https:\/\/oxiforms.com\/?WrW95\"><\/a><\/p>\n\n\n\n<p><a href=\"https:\/\/oxiforms.com\/?WrW95\">R\u00e9pondre \u00e0 l&rsquo;enqu\u00eate<\/a><\/p>\n\n\n\n<p>Professeurs de coll\u00e8ge<br>autres disciplines<\/p>\n\n\n\n<figure class=\"wp-block-image\"><img decoding=\"async\" src=\"https:\/\/snalc.fr\/wp-content\/uploads\/elementor\/thumbs\/prof_istockphoto_Ridofranz-1278974019-qqwih65d7mkofibk3jutvkgrnyyoinluv7ialtlbsw.jpg\" alt=\"Secondary student being helped by professor during class. Mature man lecturer helping young woman during class test. High school girl in a lecture asking for explanations to helpful teacher.\" title=\"prof_istockphoto_Ridofranz-1278974019\"\/><\/figure>\n\n\n\n<p><a href=\"https:\/\/oxiforms.com\/?rNupP\"><\/a><\/p>\n\n\n\n<p><a href=\"https:\/\/oxiforms.com\/?rNupP\"><\/a><\/p>\n\n\n\n<p><a href=\"https:\/\/oxiforms.com\/?rNupP\">R\u00e9pondre \u00e0 l&rsquo;enqu\u00eate<\/a><\/p>\n\n\n\n<p><a href=\"mailto:pedagogie@snalc.fr\">Contact secteur SNALC P\u00e9dagogie<\/a><\/p>\n","protected":false},"excerpt":{"rendered":"<p>L\u2019actualit\u00e9 syndicale est marqu\u00e9e par des d\u00e9cisions budg\u00e9taires n\u00e9fastes : des suppressions de postes inacceptables, des id\u00e9es \u00e9mises par le ministre de la fonction publique concernant le soi-disant \u201cabsent\u00e9isme\u201d, la [&hellip;]<\/p>\n","protected":false},"author":1,"featured_media":0,"comment_status":"closed","ping_status":"closed","sticky":false,"template":"","format":"standard","meta":{"_lmt_disableupdate":"","_lmt_disable":"","site-sidebar-layout":"default","site-content-layout":"","ast-site-content-layout":"default","site-content-style":"default","site-sidebar-style":"default","ast-global-header-display":"","ast-banner-title-visibility":"","ast-main-header-display":"","ast-hfb-above-header-display":"","ast-hfb-below-header-display":"","ast-hfb-mobile-header-display":"","site-post-title":"","ast-breadcrumbs-content":"","ast-featured-img":"","footer-sml-layout":"","ast-disable-related-posts":"","theme-transparent-header-meta":"","adv-header-id-meta":"","stick-header-meta":"","header-above-stick-meta":"","header-main-stick-meta":"","header-below-stick-meta":"","astra-migrate-meta-layouts":"set","ast-page-background-enabled":"default","ast-page-background-meta":{"desktop":{"background-color":"var(--ast-global-color-4)","background-image":"","background-repeat":"repeat","background-position":"center center","background-size":"auto","background-attachment":"scroll","background-type":"","background-media":"","overlay-type":"","overlay-color":"","overlay-opacity":"","overlay-gradient":""},"tablet":{"background-color":"","background-image":"","background-repeat":"repeat","background-position":"center center","background-size":"auto","background-attachment":"scroll","background-type":"","background-media":"","overlay-type":"","overlay-color":"","overlay-opacity":"","overlay-gradient":""},"mobile":{"background-color":"","background-image":"","background-repeat":"repeat","background-position":"center center","background-size":"auto","background-attachment":"scroll","background-type":"","background-media":"","overlay-type":"","overlay-color":"","overlay-opacity":"","overlay-gradient":""}},"ast-content-background-meta":{"desktop":{"background-color":"var(--ast-global-color-5)","background-image":"","background-repeat":"repeat","background-position":"center center","background-size":"auto","background-attachment":"scroll","background-type":"","background-media":"","overlay-type":"","overlay-color":"","overlay-opacity":"","overlay-gradient":""},"tablet":{"background-color":"var(--ast-global-color-5)","background-image":"","background-repeat":"repeat","background-position":"center center","background-size":"auto","background-attachment":"scroll","background-type":"","background-media":"","overlay-type":"","overlay-color":"","overlay-opacity":"","overlay-gradient":""},"mobile":{"background-color":"var(--ast-global-color-5)","background-image":"","background-repeat":"repeat","background-position":"center center","background-size":"auto","background-attachment":"scroll","background-type":"","background-media":"","overlay-type":"","overlay-color":"","overlay-opacity":"","overlay-gradient":""}},"footnotes":""},"categories":[41],"tags":[],"class_list":["post-3752","post","type-post","status-publish","format-standard","hentry","category-actualites-2024-2025"],"modified_by":"slecourtier","_links":{"self":[{"href":"https:\/\/snalc.org\/snalc2023\/index.php?rest_route=\/wp\/v2\/posts\/3752","targetHints":{"allow":["GET"]}}],"collection":[{"href":"https:\/\/snalc.org\/snalc2023\/index.php?rest_route=\/wp\/v2\/posts"}],"about":[{"href":"https:\/\/snalc.org\/snalc2023\/index.php?rest_route=\/wp\/v2\/types\/post"}],"author":[{"embeddable":true,"href":"https:\/\/snalc.org\/snalc2023\/index.php?rest_route=\/wp\/v2\/users\/1"}],"replies":[{"embeddable":true,"href":"https:\/\/snalc.org\/snalc2023\/index.php?rest_route=%2Fwp%2Fv2%2Fcomments&post=3752"}],"version-history":[{"count":1,"href":"https:\/\/snalc.org\/snalc2023\/index.php?rest_route=\/wp\/v2\/posts\/3752\/revisions"}],"predecessor-version":[{"id":3753,"href":"https:\/\/snalc.org\/snalc2023\/index.php?rest_route=\/wp\/v2\/posts\/3752\/revisions\/3753"}],"wp:attachment":[{"href":"https:\/\/snalc.org\/snalc2023\/index.php?rest_route=%2Fwp%2Fv2%2Fmedia&parent=3752"}],"wp:term":[{"taxonomy":"category","embeddable":true,"href":"https:\/\/snalc.org\/snalc2023\/index.php?rest_route=%2Fwp%2Fv2%2Fcategories&post=3752"},{"taxonomy":"post_tag","embeddable":true,"href":"https:\/\/snalc.org\/snalc2023\/index.php?rest_route=%2Fwp%2Fv2%2Ftags&post=3752"}],"curies":[{"name":"wp","href":"https:\/\/api.w.org\/{rel}","templated":true}]}}