{"id":3763,"date":"2024-11-10T09:47:21","date_gmt":"2024-11-10T08:47:21","guid":{"rendered":"https:\/\/snalc.org\/snalc2023\/?p=3763"},"modified":"2024-11-10T09:57:55","modified_gmt":"2024-11-10T08:57:55","slug":"le-mouvement-postes-a-profil-pop","status":"publish","type":"post","link":"https:\/\/snalc.org\/snalc2023\/?p=3763","title":{"rendered":"Le mouvement \u00ab\u00a0postes \u00e0 profil\u00a0\u00bb (PoP)"},"content":{"rendered":"\n<p><a href=\"https:\/\/www.education.gouv.fr\/le-mouvement-postes-profil-pop-325592\">https:\/\/www.education.gouv.fr\/le-mouvement-postes-profil-pop-325592<\/a><\/p>\n\n\n\n<p>Dans le cadre des op\u00e9rations de mobilit\u00e9 2025, le mouvement sur postes \u00e0 profil (mouvement PoP) est reconduit, au niveau national, pour le premier degr\u00e9 et le second degr\u00e9. Pour le second degr\u00e9, il compl\u00e8te les mouvements sp\u00e9cifiques nationaux (postes de CPGE, BTS, etc.). Le mouvement PoP permet d\u2019obtenir une mobilit\u00e9 sur postes \u00e0 profil hors bar\u00e8me.<\/p>\n\n\n\n<p><div class=\"dialog-off-canvas-main-canvas\" data-off-canvas-main-canvas=\"\"><div class=\"page-wrapper\"><div id=\"main-content\"><div><div id=\"block-edugouv-theme-content\"><div role=\"article\" class=\"article article--full\"><div class=\"article__main\"><div class=\"container container--flex with-progress-bar--enabled\"><div class=\"column--flex column--flex--main show-progress\"><div class=\"column--flex column--flex--content ckeditor-text\"><div><div class=\"field--node--body\"><h3 class=\"title\" id=\"edugouv-summary-item-2\">1er degr\u00e9<\/h3><ul><li><strong>6 novembre 2024<\/strong> <strong>(midi heure de Paris<\/strong>) : consultation des fiches de postes publi\u00e9es sur Colibris (acc\u00e8s via SIAM i-prof)<\/li><li><strong>6 novembre 2024 (midi heure de Paris)\u00a0&#8211; 27 novembre 2024 (midi heure de Paris) <\/strong>: saisie des candidatures sur la plateforme num\u00e9rique Colibris.<\/li><\/ul><\/div><\/div><\/div><\/div><\/div><\/div><\/div><\/div><\/div><\/div><\/div><\/div><br><br><\/p>\n\n\n\n<h3 class=\"wp-block-heading\" id=\"edugouv-summary-item-3\">2nd degr\u00e9<\/h3>\n\n\n\n<ul class=\"wp-block-list\">\n<li><strong>6 novembre 2024<\/strong> : consultation des fiches de postes publi\u00e9es sur SIAM et sur cette page<\/li>\n\n\n\n<li><strong>6 novembre 2024 (midi <\/strong>heure de Paris<strong>) &#8211; 27 novembre 2024 (midi <\/strong>heure de Paris<strong>) <\/strong>: saisie des candidatures sur SIAM<\/li>\n\n\n\n<li><strong>28 novembre&nbsp;2024 &#8211; 23 janvier 2025<\/strong> : phase d\u2019instruction des candidatures et d\u2019organisation des entretiens de recrutement<\/li>\n\n\n\n<li><strong>12 mars 2025 <\/strong>: publication des r\u00e9sultats des candidats retenus SIAM I-Prof\/SMS. Les enseignants seront retenus au regard des v\u0153ux exprim\u00e9s au moment de la saisine des candidatures et du classement r\u00e9alis\u00e9 par l\u2019acad\u00e9mie<\/li>\n<\/ul>\n\n\n\n<p>Fiches des postes 1er et 2nd degr\u00e9 dans l&rsquo;acad\u00e9mie:<\/p>\n\n\n\n<h2 class=\"wp-block-heading\"><strong>Consulter les fiches de postes pour le second degr\u00e9<\/strong><\/h2>\n\n\n\n<div data-wp-interactive=\"core\/file\" class=\"wp-block-file\"><object data-wp-bind--hidden=\"!state.hasPdfPreview\" hidden class=\"wp-block-file__embed\" data=\"https:\/\/snalc.org\/snalc2023\/wp-content\/uploads\/2024\/11\/mouvement-pop-2025-2nd-degr-aix-marseille-197900.pdf\" type=\"application\/pdf\" style=\"width:100%;height:600px\" aria-label=\"Contenu embarqu\u00e9 mouvement-pop-2025-2nd-degr---aix-marseille-197900.\"><\/object><a id=\"wp-block-file--media-16aa6fa1-621f-4a91-9f08-dabd025cf447\" href=\"https:\/\/snalc.org\/snalc2023\/wp-content\/uploads\/2024\/11\/mouvement-pop-2025-2nd-degr-aix-marseille-197900.pdf\">mouvement-pop-2025-2nd-degr&#8212;aix-marseille-197900<\/a><a href=\"https:\/\/snalc.org\/snalc2023\/wp-content\/uploads\/2024\/11\/mouvement-pop-2025-2nd-degr-aix-marseille-197900.pdf\" class=\"wp-block-file__button wp-element-button\" download aria-describedby=\"wp-block-file--media-16aa6fa1-621f-4a91-9f08-dabd025cf447\">T\u00e9l\u00e9charger<\/a><\/div>\n\n\n\n<h2 class=\"wp-block-heading\" id=\"edugouv-summary-item-8\">Consulter les fiches de postes pour le premier degr\u00e9<\/h2>\n\n\n\n<p>Les fiches de postes sont disponibles sur Colibris du 6 novembre (midi heure de Paris) au 27 novembre 2024 (midi heure de Paris).<\/p>\n\n\n\n<p><a href=\"https:\/\/portail.colibris.education.gouv.fr\/\" target=\"_blank\" rel=\"noreferrer noopener\">Acc\u00e9der au portail Colibris<\/a><\/p>\n\n\n\n<p><\/p>\n","protected":false},"excerpt":{"rendered":"<p>https:\/\/www.education.gouv.fr\/le-mouvement-postes-profil-pop-325592 Dans le cadre des op\u00e9rations de mobilit\u00e9 2025, le mouvement sur postes \u00e0 profil (mouvement PoP) est reconduit, au niveau national, pour le premier degr\u00e9 et le second degr\u00e9. [&hellip;]<\/p>\n","protected":false},"author":1,"featured_media":0,"comment_status":"closed","ping_status":"closed","sticky":false,"template":"","format":"standard","meta":{"_lmt_disableupdate":"","_lmt_disable":"","site-sidebar-layout":"default","site-content-layout":"","ast-site-content-layout":"default","site-content-style":"default","site-sidebar-style":"default","ast-global-header-display":"","ast-banner-title-visibility":"","ast-main-header-display":"","ast-hfb-above-header-display":"","ast-hfb-below-header-display":"","ast-hfb-mobile-header-display":"","site-post-title":"","ast-breadcrumbs-content":"","ast-featured-img":"","footer-sml-layout":"","ast-disable-related-posts":"","theme-transparent-header-meta":"","adv-header-id-meta":"","stick-header-meta":"","header-above-stick-meta":"","header-main-stick-meta":"","header-below-stick-meta":"","astra-migrate-meta-layouts":"set","ast-page-background-enabled":"default","ast-page-background-meta":{"desktop":{"background-color":"var(--ast-global-color-4)","background-image":"","background-repeat":"repeat","background-position":"center center","background-size":"auto","background-attachment":"scroll","background-type":"","background-media":"","overlay-type":"","overlay-color":"","overlay-opacity":"","overlay-gradient":""},"tablet":{"background-color":"","background-image":"","background-repeat":"repeat","background-position":"center center","background-size":"auto","background-attachment":"scroll","background-type":"","background-media":"","overlay-type":"","overlay-color":"","overlay-opacity":"","overlay-gradient":""},"mobile":{"background-color":"","background-image":"","background-repeat":"repeat","background-position":"center center","background-size":"auto","background-attachment":"scroll","background-type":"","background-media":"","overlay-type":"","overlay-color":"","overlay-opacity":"","overlay-gradient":""}},"ast-content-background-meta":{"desktop":{"background-color":"var(--ast-global-color-5)","background-image":"","background-repeat":"repeat","background-position":"center center","background-size":"auto","background-attachment":"scroll","background-type":"","background-media":"","overlay-type":"","overlay-color":"","overlay-opacity":"","overlay-gradient":""},"tablet":{"background-color":"var(--ast-global-color-5)","background-image":"","background-repeat":"repeat","background-position":"center center","background-size":"auto","background-attachment":"scroll","background-type":"","background-media":"","overlay-type":"","overlay-color":"","overlay-opacity":"","overlay-gradient":""},"mobile":{"background-color":"var(--ast-global-color-5)","background-image":"","background-repeat":"repeat","background-position":"center center","background-size":"auto","background-attachment":"scroll","background-type":"","background-media":"","overlay-type":"","overlay-color":"","overlay-opacity":"","overlay-gradient":""}},"footnotes":""},"categories":[41,8,7],"tags":[],"class_list":["post-3763","post","type-post","status-publish","format-standard","hentry","category-actualites-2024-2025","category-inter-academique","category-mutation"],"modified_by":"slecourtier","_links":{"self":[{"href":"https:\/\/snalc.org\/snalc2023\/index.php?rest_route=\/wp\/v2\/posts\/3763","targetHints":{"allow":["GET"]}}],"collection":[{"href":"https:\/\/snalc.org\/snalc2023\/index.php?rest_route=\/wp\/v2\/posts"}],"about":[{"href":"https:\/\/snalc.org\/snalc2023\/index.php?rest_route=\/wp\/v2\/types\/post"}],"author":[{"embeddable":true,"href":"https:\/\/snalc.org\/snalc2023\/index.php?rest_route=\/wp\/v2\/users\/1"}],"replies":[{"embeddable":true,"href":"https:\/\/snalc.org\/snalc2023\/index.php?rest_route=%2Fwp%2Fv2%2Fcomments&post=3763"}],"version-history":[{"count":3,"href":"https:\/\/snalc.org\/snalc2023\/index.php?rest_route=\/wp\/v2\/posts\/3763\/revisions"}],"predecessor-version":[{"id":3793,"href":"https:\/\/snalc.org\/snalc2023\/index.php?rest_route=\/wp\/v2\/posts\/3763\/revisions\/3793"}],"wp:attachment":[{"href":"https:\/\/snalc.org\/snalc2023\/index.php?rest_route=%2Fwp%2Fv2%2Fmedia&parent=3763"}],"wp:term":[{"taxonomy":"category","embeddable":true,"href":"https:\/\/snalc.org\/snalc2023\/index.php?rest_route=%2Fwp%2Fv2%2Fcategories&post=3763"},{"taxonomy":"post_tag","embeddable":true,"href":"https:\/\/snalc.org\/snalc2023\/index.php?rest_route=%2Fwp%2Fv2%2Ftags&post=3763"}],"curies":[{"name":"wp","href":"https:\/\/api.w.org\/{rel}","templated":true}]}}